{"id":128061,"date":"2025-05-02T16:02:56","date_gmt":"2025-05-02T20:02:56","guid":{"rendered":"https:\/\/interamerica.org\/?p=128061"},"modified":"2025-05-05T08:50:51","modified_gmt":"2025-05-05T12:50:51","slug":"la-retraite-virtuelle-organisee-en-inter-amerique-met-en-contact-les-adventistes-oeuvrant-aupres-des-personnes-en-situation-de-handicap","status":"publish","type":"post","link":"https:\/\/interamerica.org\/fr\/2025\/05\/la-retraite-virtuelle-organisee-en-inter-amerique-met-en-contact-les-adventistes-oeuvrant-aupres-des-personnes-en-situation-de-handicap\/","title":{"rendered":"La retraite virtuelle organis\u00e9e en Inter-Am\u00e9rique met en contact les adventistes \u0153uvrant aupr\u00e8s des personnes en situation de handicap"},"content":{"rendered":"<p><em>Le programme des Minist\u00e8res Adventistes des Possibilit\u00e9s appelle les dirigeants et les membres \u00e0 avoir une plus grande prise de conscience et \u00e0 soutenir davantage.<\/em><\/p>\n<p>2 Mai 2025 | Miami, Floride, \u00c9tats-Unis | \u00c9quipe de presse de la Division Inter Am\u00e9ricaine<\/p>\n<p>La Division Inter Am\u00e9ricaine (DIA) a r\u00e9cemment c\u00e9l\u00e9br\u00e9 le 10\u00e8me anniversaire des Minist\u00e8res Adventistes des Possibilit\u00e9s (MAP), en mettant l\u2019accent sur l\u2019inclusion et la gu\u00e9rison spirituelle, \u00e9motionnelle et physique des personnes en situation de handicap. Organis\u00e9e par Samuel T\u00e9l\u00e9maque, directeur des Minist\u00e8res Adventistes des Possibilit\u00e9s de la DIA, cette retraite virtuelle organis\u00e9e pour l\u2019ensemble de la r\u00e9gion, qui s\u2019est tenue du 9 au 13 avril 2025, a r\u00e9uni plus de 600 dirigeants d\u2019\u00e9glise, des directeurs des MAP et des membres d\u2019\u00e9glise impliqu\u00e9s dans l\u2019accompagnement des personnes en situation de handicap. Ce programme virtuel a \u00e9galement vu la participation d\u2019intervenants qui ont abord\u00e9 des sujets tels que la survie apr\u00e8s un deuil, l\u2019aide aux personnes, la d\u00e9ficience mentale et l\u2019accompagnement des personnes sourdes, et a encourag\u00e9 la participation des \u00e9glises et des communaut\u00e9s locales.<\/p>\n<p><strong>Accepter ses cicatrices<\/strong><\/p>\n<p>Lors d\u2019une m\u00e9ditation pr\u00e9sent\u00e9e \u00e0 l\u2019ouverture, Ernesto \u00ab Douglas \u00bb Venn, actuel assistant du pr\u00e9sident de la Conf\u00e9rence G\u00e9n\u00e9rale pour les Minist\u00e8res Adventistes des Possibilit\u00e9s (MAP), a exhort\u00e9 les participants \u00e0 consid\u00e9rer les cicatrices et les handicaps non comme des sources de honte, mais comme des opportunit\u00e9s pour la gloire de Dieu. \u00ab J\u00e9sus aussi a des cicatrices, \u00bb a rappel\u00e9 Ernesto Venn \u00e0 son auditoire. \u00ab Et vos cicatrices peuvent servir \u00e0 raconter l\u2019histoire de Dieu \u00e0 travers votre vie. \u00bb<\/p>\n<p><div id=\"attachment_128048\" style=\"width: 1010px\" class=\"wp-caption aligncenter\"><img fetchpriority=\"high\" decoding=\"async\" aria-describedby=\"caption-attachment-128048\" class=\"size-full wp-image-128047\" src=\"https:\/\/interamerica.org\/wp-content\/uploads\/2025\/05\/iad-apm-group-photo.png\" alt=\"\" width=\"1000\" height=\"603\" srcset=\"https:\/\/interamerica.org\/wp-content\/uploads\/2025\/05\/iad-apm-group-photo.png 1000w, https:\/\/interamerica.org\/wp-content\/uploads\/2025\/05\/iad-apm-group-photo-300x181.png 300w, https:\/\/interamerica.org\/wp-content\/uploads\/2025\/05\/iad-apm-group-photo-768x463.png 768w\" sizes=\"(max-width: 1000px) 100vw, 1000px\" \/><p id=\"caption-attachment-128048\" class=\"wp-caption-text\">Une partie des plus de 600 personnes qui ont particip\u00e9 au programme de la retraite virtuelle des Minist\u00e8res Adventistes des Possibilit\u00e9s de la Division Inter Am\u00e9ricaine, du 9 au 13 avril 2025. Le programme marquait le 10\u00e8me anniversaire du minist\u00e8re dans tout le territoire de la DIA. [Photo : Capture d\u2019\u00e9cran de la DIA]<\/p><\/div>Il a \u00e9galement mis l\u2019emphase sur le fait que Dieu consid\u00e8re le handicap autrement que ne le fait le monde. Aux yeux de Dieu, \u00ab ce sont des moyens de mettre \u00e0 l\u2019\u00e9preuve et de faire grandir l\u2019amour dans l\u2019\u00c9glise, \u00bb a-t-il soulign\u00e9. Citant 2 Corinthiens 12: 9, Ernesto Venn a encourag\u00e9 les participants \u00e0 consid\u00e9rer leurs propres cicatrices et leurs faiblesses comme des occasions pour la puissance de Dieu de s\u2019accomplir parfaitement. \u00ab Ma force s\u2019accomplit dans la faiblesse, \u00bb a-t-il lu.<\/p>\n<p><strong>Faire face au deuil et \u00e0 la perte<\/strong><\/p>\n<p>Dans le segment suivant, Dr Efra\u00edn Vel\u00e1zquez, pr\u00e9sident du S\u00e9minaire Th\u00e9ologique de la DIA (SETAI), a expliqu\u00e9 comment g\u00e9rer le deuil et la perte. Dr Vel\u00e1zquez a partag\u00e9 son exp\u00e9rience familiale avec Ben, l\u2019un de ses fils, neurodivergent et d\u00e9pressif depuis l\u2019enfance. Ben a grandi et a termin\u00e9 ses \u00e9tudes universitaires, mais n\u2019a finalement pas r\u00e9ussi \u00e0 surmonter sa d\u00e9pression chronique et s\u2019est suicid\u00e9. \u00ab Comment faire face \u00e0 une telle perte ? \u00bb a demand\u00e9 le Dr Vel\u00e1zquez. \u00ab Mon r\u00f4le n\u2019est pas d\u2019expliquer tout ce qui concerne la neurodivergence et la d\u00e9pression, mais de sensibiliser sur le sujet, \u00bb a-t-il dit.<\/p>\n<p>En parlant du deuil, Dr Vel\u00e1zquez a \u00e9galement soulign\u00e9 que les experts s\u2019accordent \u00e0 dire que tout le monde ne vit pas le chagrin et le deuil de la m\u00eame mani\u00e8re. \u00ab Chaque perte est unique et ne doit pas \u00eatre compar\u00e9e, \u00bb a-t-il dit, citant le Dr Carlos Fayard. Il a \u00e9galement expliqu\u00e9 que le deuil est un processus, et non un \u00e9v\u00e9nement, et qu\u2019il est cyclique plut\u00f4t que lin\u00e9aire.<\/p>\n<p>Dr Vel\u00e1zquez a encourag\u00e9 les personnes qui ont perdu un \u00eatre cher \u00e0 demander de l\u2019aide quand et autant que n\u00e9cessaire. \u00ab Le deuil est normal, mais complexe, \u00bb a-t-il rappel\u00e9 aux participants, avant de sugg\u00e9rer : \u00ab prenez au s\u00e9rieux les petites pertes (qui vous pr\u00e9pareront aux plus grandes), prenez le temps de gu\u00e9rir et \u00e9vacuez le stress de mani\u00e8re saine. \u00bb Il a \u00e9galement sugg\u00e9r\u00e9, entre autres choses, de donner du sens \u00e0 une perte, de faire confiance \u00e0 une autre personne \u2013 un ami, par exemple \u2013 et de trouver un renouveau spirituel.<\/p>\n<p><div id=\"attachment_128039\" style=\"width: 1010px\" class=\"wp-caption aligncenter\"><img decoding=\"async\" aria-describedby=\"caption-attachment-128039\" class=\"size-full wp-image-128038\" src=\"https:\/\/interamerica.org\/wp-content\/uploads\/2025\/05\/iad-apm-telemaque.png\" alt=\"\" width=\"1000\" height=\"420\" srcset=\"https:\/\/interamerica.org\/wp-content\/uploads\/2025\/05\/iad-apm-telemaque.png 1000w, https:\/\/interamerica.org\/wp-content\/uploads\/2025\/05\/iad-apm-telemaque-300x126.png 300w, https:\/\/interamerica.org\/wp-content\/uploads\/2025\/05\/iad-apm-telemaque-768x323.png 768w\" sizes=\"(max-width: 1000px) 100vw, 1000px\" \/><p id=\"caption-attachment-128039\" class=\"wp-caption-text\"><em data-start=\"125\" data-end=\"412\">Le pasteur Samuel Telemaque (\u00e0 gauche), directeur des Minist\u00e8res des Possibilit\u00e9s pour la Division Inter Am\u00e9ricaine, intervient lors du programme virtuel aux c\u00f4t\u00e9s du pasteur Jeff Jordan (\u00e0 droite), coordinateur adjoint des Minist\u00e8res des Sourds \u00e0 la Conf\u00e9rence G\u00e9n\u00e9rale, tandis que des interpr\u00e8tes (en haut) transmettent les messages parl\u00e9s. [Photo : Capture d\u2019\u00e9cran de la DIA]<\/em><\/p><\/div><strong>Prendre soin de l\u2019aidant<\/strong><\/p>\n<p>Apr\u00e8s Dr Vel\u00e1zquez, la professeure Linda James a discut\u00e9 de la fa\u00e7on de prendre soin de la personne aidante, c\u2019est-\u00e0-dire de ces personnes qui prodiguent des soins directs \u00e0 une autre personne. Elle a \u00e9galement partag\u00e9 son exp\u00e9rience personnelle au cours de laquelle elle s\u2019occupe d\u2019un fils adulte ayant des besoins particuliers. Dans son cas, prendre soin de cette personne implique d\u2019\u00eatre responsable de sa prise de m\u00e9dicaments, de ses d\u00e9placements et de son soutien \u00e9motionnel.<\/p>\n<p>La professeure James a soulign\u00e9 l\u2019importance du soutien de l\u2019\u00e9glise et la n\u00e9cessit\u00e9 d\u2019avoir davantage de ressources et de compr\u00e9hension pour les personnes ayant des besoins particuliers. Elle a \u00e9galement attir\u00e9 l\u2019attention de son auditoire sur le prix \u00e0 payer au niveau \u00e9motionnel et physique quand on est la personne responsable de prodiguer des soins, elle a fait r\u00e9f\u00e9rence \u00e0 son enfant qui a d\u00e9velopp\u00e9 des tendances \u00e0 l\u2019homicide pendant la pand\u00e9mie de COVID-19.<\/p>\n<p>En m\u00eame temps, et malgr\u00e9 tous les d\u00e9fis auxquels elle est confront\u00e9e en tant qu\u2019aidante, la professeure James s\u2019est dite reconnaissante. \u00ab J\u2019ai refus\u00e9 de croire que je suis maudite ; hormis le fait que je me d\u00e9courage parfois, je suis heureuse de savoir que je suis b\u00e9nie. \u00bb En ce sens, la professeure James a invit\u00e9 chacun, et en particulier les aidants, \u00e0 continuer de faire confiance \u00e0 Dieu. \u00ab Continuez d\u2019avoir confiance dans le plan de Dieu alors que vous prenez soin de vos proches, \u00bb a-t-elle dit, \u00ab car Dieu a un plan pour [notre] vie et aussi pour [nos enfants], et personne ne peut contrecarrer ce plan. \u00bb<\/p>\n<p>\u00c0 la cl\u00f4ture de la session du 9 avril, pasteur T\u00e9l\u00e9maque a encourag\u00e9 les participants \u00e0 inviter les personnes en situation de handicap et les personnes non adventistes \u00e0 entrer en contact avec le minist\u00e8re. Il a soulign\u00e9 l\u2019importance de l\u2019inclusion dans le minist\u00e8re et a encourag\u00e9 les participants \u00e0 inviter des amis au programme.<\/p>\n<p><div id=\"attachment_128045\" style=\"width: 1010px\" class=\"wp-caption aligncenter\"><img decoding=\"async\" aria-describedby=\"caption-attachment-128045\" class=\"size-full wp-image-128044\" src=\"https:\/\/interamerica.org\/wp-content\/uploads\/2025\/05\/iad-apm-seminar.png\" alt=\"\" width=\"1000\" height=\"540\" srcset=\"https:\/\/interamerica.org\/wp-content\/uploads\/2025\/05\/iad-apm-seminar.png 1000w, https:\/\/interamerica.org\/wp-content\/uploads\/2025\/05\/iad-apm-seminar-300x162.png 300w, https:\/\/interamerica.org\/wp-content\/uploads\/2025\/05\/iad-apm-seminar-768x415.png 768w\" sizes=\"(max-width: 1000px) 100vw, 1000px\" \/><p id=\"caption-attachment-128045\" class=\"wp-caption-text\">Pasteur Jeff Jordan (en haut \u00e0 droite), coordinateur adjoint des Minist\u00e8res des Sourds \u00e0 la Conf\u00e9rence G\u00e9n\u00e9rale, intervient lors d\u2019une pr\u00e9sentation pendant le programme virtuel. [Photo : Capture d\u2019\u00e9cran de la DIA]<\/p><\/div><strong>\u00c0 propos des Minist\u00e8res Adventistes des Possibilit\u00e9s<\/strong><\/p>\n<p>Les Minist\u00e8res Adventistes des Possibilit\u00e9s sont bas\u00e9s sur la conviction que \u00ab tous sont dou\u00e9s, qu\u2019on a besoin d\u2019eux et qu\u2019ils sont appr\u00e9ci\u00e9s. \u00bb Ils sont enracin\u00e9s dans la croyance selon laquelle l\u2019\u00e9vangile transforme la fa\u00e7on dont nous nous voyons nous-m\u00eames, dont nous voyons les autres et Dieu.<\/p>\n<p>Selon les responsables du minist\u00e8re, l\u2019action des Minist\u00e8res Adventistes des Possibilit\u00e9s a \u00e9t\u00e9 d\u00e9finie non pas comme un programme, mais comme un mouvement qui nous aide \u00e0 voir, \u00e0 travers le regard d\u2019un Dieu aimant, les forces et les possibilit\u00e9s de sept groupes sp\u00e9cifiques. Il s\u2019agit des sourds, des aveugles, des personnes physiquement immobilis\u00e9es, des personnes souffrant de probl\u00e8mes de sant\u00e9 mentale, des orphelins et des enfants vuln\u00e9rables, des personnes qui sont dans le deuil et du soutien \u00e0 apporter aux aidants.<\/p>\n<p>Dans la DIA, la derni\u00e8re d\u00e9cennie a \u00e9t\u00e9 ax\u00e9e sur la sensibilisation, l\u2019acceptation et l\u2019action. \u00ab L\u2019objectif \u00e9tait d\u2019int\u00e9grer ce minist\u00e8re \u00e0 la culture de chaque \u00e9glise locale, \u00bb ont indiqu\u00e9 les dirigeants. \u00ab Nous sommes heureux de constater les progr\u00e8s r\u00e9alis\u00e9s sur tout le territoire, avec la mise en place de nombreux programmes de mani\u00e8re efficace. \u00bb<\/p>\n<p>Pasteur Telemaque a soulign\u00e9 que chaque personne a de la valeur aux yeux de Dieu. \u00ab Nous sommes tous imparfaits, et nous trouvons la pl\u00e9nitude en aidant les autres \u00e0 gu\u00e9rir de leurs blessures, \u00bb a-t-il d\u00e9clar\u00e9. Identifier les dons spirituels des personnes en situation de handicap et les encourager \u00e0 servir est essentiel \u00e0 la croissance des MAP.<\/p>\n<p>En Jama\u00efque, l\u2019\u00c9glise adventiste des sourds \u00e0 Portmore est en pleine expansion. En R\u00e9publique Dominicaine, un important groupe de jeunes b\u00e9n\u00e9voles exerce son minist\u00e8re chaque semaine aupr\u00e8s des sourds. Au Mexique, des interpr\u00e8tes b\u00e9n\u00e9voles form\u00e9s servent la population des sourds dans tout le pays.<\/p>\n<p><div id=\"attachment_128042\" style=\"width: 1010px\" class=\"wp-caption aligncenter\"><img loading=\"lazy\" decoding=\"async\" aria-describedby=\"caption-attachment-128042\" class=\"size-full wp-image-128041\" src=\"https:\/\/interamerica.org\/wp-content\/uploads\/2025\/05\/iad-amp-2.png\" alt=\"\" width=\"1000\" height=\"536\" srcset=\"https:\/\/interamerica.org\/wp-content\/uploads\/2025\/05\/iad-amp-2.png 1000w, https:\/\/interamerica.org\/wp-content\/uploads\/2025\/05\/iad-amp-2-300x161.png 300w, https:\/\/interamerica.org\/wp-content\/uploads\/2025\/05\/iad-amp-2-768x412.png 768w\" sizes=\"(max-width: 1000px) 100vw, 1000px\" \/><p id=\"caption-attachment-128042\" class=\"wp-caption-text\">Pasteur Jeff Jordan (en haut \u00e0 droite), coordinateur adjoint des Minist\u00e8res des Sourds \u00e0 la Conf\u00e9rence G\u00e9n\u00e9rale, souligne le d\u00e9fi auquel l\u2019\u00c9glise adventiste est confront\u00e9e pour atteindre les 70 millions de personnes sourdes dans le monde. [Photo : Capture d\u2019\u00e9cran de la DIA]<\/p><\/div>Les initiatives des PAM ont besoin de financement, et des opportunit\u00e9s existent gr\u00e2ce aux projets de Mission Globale de la Conf\u00e9rence G\u00e9n\u00e9rale, a d\u00e9clar\u00e9 pasteur Telemaque. Un d\u00e9fi majeur demeure : le besoin de pasteurs sourds. \u00ab Les personnes sourdes pr\u00e9f\u00e8rent communiquer avec d\u2019autres personnes sourdes, \u00bb a-t-il expliqu\u00e9.<\/p>\n<p><strong>Nouvelle strat\u00e9gie pour d\u00e9velopper les PAM<\/strong><\/p>\n<p>Le 10\u00e8me anniversaire a marqu\u00e9 le lancement d\u2019une nouvelle strat\u00e9gie ax\u00e9e sur l\u2019empathie, la pl\u00e9nitude, le lien social et la gu\u00e9rison spirituelle afin de soutenir diff\u00e9rents niveaux de gu\u00e9rison physique.<\/p>\n<p>Les dirigeants ont soulign\u00e9 que le minist\u00e8re exerc\u00e9 aupr\u00e8s des personnes en situation de handicap est, en r\u00e9alit\u00e9, un minist\u00e8re aupr\u00e8s de tous. \u00ab Nous n\u2019avons pas de temps \u00e0 perdre, \u00bb a d\u00e9clar\u00e9 pasteur T\u00e9l\u00e9maque. \u00ab Nous devons reconna\u00eetre les personnes en situation de handicap comme une population sp\u00e9cifique, au m\u00eame titre que les musulmans ou les hindous, et \u00e9tablir des minist\u00e8res au sein des communaut\u00e9s pour montrer \u00e0 la soci\u00e9t\u00e9, y compris aux responsables gouvernementaux, que l\u2019\u00c9glise se soucie d\u2019elles et cherche \u00e0 les accompagner de mani\u00e8re holistique. \u00bb<\/p>\n<p><em>Jeovanny Barrera a apport\u00e9 des informations pour la r\u00e9daction de cet article.<\/em><\/p>\n<p>Traduction: Patrick Luciathe<\/p>\n","protected":false},"excerpt":{"rendered":"<p>Le programme des Minist\u00e8res Adventistes des Possibilit\u00e9s appelle les dirigeants et les membres \u00e0 avoir une plus grande prise de conscience et \u00e0 soutenir davantage. 2 Mai 2025 | Miami,&#8230;<\/p>\n","protected":false},"author":3,"featured_media":128048,"comment_status":"closed","ping_status":"closed","sticky":false,"template":"","format":"standard","meta":{"_acf_changed":false,"footnotes":""},"categories":[20,19],"tags":[],"class_list":["post-128061","post","type-post","status-publish","format-standard","has-post-thumbnail","hentry","category-nouvelles-du-siege-de-la-division","category-rss-francais"],"acf":[],"yoast_head":"<!-- This site is optimized with the Yoast SEO plugin v27.3 - https:\/\/yoast.com\/product\/yoast-seo-wordpress\/ -->\n<title>La retraite virtuelle organis\u00e9e en Inter-Am\u00e9rique met en contact les adventistes \u0153uvrant aupr\u00e8s des personnes en situation de handicap - \u00c9glise Adventiste Du Septieme Jour - Inter Am\u00e9rique Division<\/title>\n<meta name=\"robots\" content=\"index, follow, max-snippet:-1, max-image-preview:large, max-video-preview:-1\" \/>\n<link rel=\"canonical\" href=\"https:\/\/interamerica.org\/fr\/2025\/05\/la-retraite-virtuelle-organisee-en-inter-amerique-met-en-contact-les-adventistes-oeuvrant-aupres-des-personnes-en-situation-de-handicap\/\" \/>\n<meta property=\"og:locale\" content=\"fr_FR\" \/>\n<meta property=\"og:type\" content=\"article\" \/>\n<meta property=\"og:title\" content=\"La retraite virtuelle organis\u00e9e en Inter-Am\u00e9rique met en contact les adventistes \u0153uvrant aupr\u00e8s des personnes en situation de handicap - \u00c9glise Adventiste Du Septieme Jour - Inter Am\u00e9rique Division\" \/>\n<meta property=\"og:description\" content=\"Le programme des Minist\u00e8res Adventistes des Possibilit\u00e9s appelle les dirigeants et les membres \u00e0 avoir une plus grande prise de conscience et \u00e0 soutenir davantage. 2 Mai 2025 | Miami,...\" \/>\n<meta property=\"og:url\" content=\"https:\/\/interamerica.org\/fr\/2025\/05\/la-retraite-virtuelle-organisee-en-inter-amerique-met-en-contact-les-adventistes-oeuvrant-aupres-des-personnes-en-situation-de-handicap\/\" \/>\n<meta property=\"og:site_name\" content=\"\u00c9glise Adventiste Du Septieme Jour - Inter Am\u00e9rique Division\" \/>\n<meta property=\"article:published_time\" content=\"2025-05-02T20:02:56+00:00\" \/>\n<meta property=\"article:modified_time\" content=\"2025-05-05T12:50:51+00:00\" \/>\n<meta property=\"og:image\" content=\"https:\/\/interamerica.org\/wp-content\/uploads\/2025\/05\/iad-apm-group-photo.png\" \/>\n\t<meta property=\"og:image:width\" content=\"1000\" \/>\n\t<meta property=\"og:image:height\" content=\"603\" \/>\n\t<meta property=\"og:image:type\" content=\"image\/png\" \/>\n<meta name=\"author\" content=\"libna\" \/>\n<meta name=\"twitter:card\" content=\"summary_large_image\" \/>\n<meta name=\"twitter:label1\" content=\"\u00c9crit par\" \/>\n\t<meta name=\"twitter:data1\" content=\"libna\" \/>\n\t<meta name=\"twitter:label2\" content=\"Dur\u00e9e de lecture estim\u00e9e\" \/>\n\t<meta name=\"twitter:data2\" content=\"8 minutes\" \/>\n<script type=\"application\/ld+json\" class=\"yoast-schema-graph\">{\"@context\":\"https:\\\/\\\/schema.org\",\"@graph\":[{\"@type\":\"Article\",\"@id\":\"https:\\\/\\\/interamerica.org\\\/fr\\\/2025\\\/05\\\/la-retraite-virtuelle-organisee-en-inter-amerique-met-en-contact-les-adventistes-oeuvrant-aupres-des-personnes-en-situation-de-handicap\\\/#article\",\"isPartOf\":{\"@id\":\"https:\\\/\\\/interamerica.org\\\/fr\\\/2025\\\/05\\\/la-retraite-virtuelle-organisee-en-inter-amerique-met-en-contact-les-adventistes-oeuvrant-aupres-des-personnes-en-situation-de-handicap\\\/\"},\"author\":{\"name\":\"libna\",\"@id\":\"https:\\\/\\\/interamerica.org\\\/fr\\\/#\\\/schema\\\/person\\\/29998f2bc2d8bd0d38662909289b54f1\"},\"headline\":\"La retraite virtuelle organis\u00e9e en Inter-Am\u00e9rique met en contact les adventistes \u0153uvrant aupr\u00e8s des personnes en situation de handicap\",\"datePublished\":\"2025-05-02T20:02:56+00:00\",\"dateModified\":\"2025-05-05T12:50:51+00:00\",\"mainEntityOfPage\":{\"@id\":\"https:\\\/\\\/interamerica.org\\\/fr\\\/2025\\\/05\\\/la-retraite-virtuelle-organisee-en-inter-amerique-met-en-contact-les-adventistes-oeuvrant-aupres-des-personnes-en-situation-de-handicap\\\/\"},\"wordCount\":1810,\"image\":{\"@id\":\"https:\\\/\\\/interamerica.org\\\/fr\\\/2025\\\/05\\\/la-retraite-virtuelle-organisee-en-inter-amerique-met-en-contact-les-adventistes-oeuvrant-aupres-des-personnes-en-situation-de-handicap\\\/#primaryimage\"},\"thumbnailUrl\":\"https:\\\/\\\/interamerica.org\\\/wp-content\\\/uploads\\\/2025\\\/05\\\/iad-apm-group-photo.png\",\"articleSection\":[\"Nouvelles du si\u00e8ge de la division\",\"RSS Fran\u00e7ais\"],\"inLanguage\":\"fr-FR\"},{\"@type\":\"WebPage\",\"@id\":\"https:\\\/\\\/interamerica.org\\\/fr\\\/2025\\\/05\\\/la-retraite-virtuelle-organisee-en-inter-amerique-met-en-contact-les-adventistes-oeuvrant-aupres-des-personnes-en-situation-de-handicap\\\/\",\"url\":\"https:\\\/\\\/interamerica.org\\\/fr\\\/2025\\\/05\\\/la-retraite-virtuelle-organisee-en-inter-amerique-met-en-contact-les-adventistes-oeuvrant-aupres-des-personnes-en-situation-de-handicap\\\/\",\"name\":\"La retraite virtuelle organis\u00e9e en Inter-Am\u00e9rique met en contact les adventistes \u0153uvrant aupr\u00e8s des personnes en situation de handicap - \u00c9glise Adventiste Du Septieme Jour - Inter Am\u00e9rique Division\",\"isPartOf\":{\"@id\":\"https:\\\/\\\/interamerica.org\\\/fr\\\/#website\"},\"primaryImageOfPage\":{\"@id\":\"https:\\\/\\\/interamerica.org\\\/fr\\\/2025\\\/05\\\/la-retraite-virtuelle-organisee-en-inter-amerique-met-en-contact-les-adventistes-oeuvrant-aupres-des-personnes-en-situation-de-handicap\\\/#primaryimage\"},\"image\":{\"@id\":\"https:\\\/\\\/interamerica.org\\\/fr\\\/2025\\\/05\\\/la-retraite-virtuelle-organisee-en-inter-amerique-met-en-contact-les-adventistes-oeuvrant-aupres-des-personnes-en-situation-de-handicap\\\/#primaryimage\"},\"thumbnailUrl\":\"https:\\\/\\\/interamerica.org\\\/wp-content\\\/uploads\\\/2025\\\/05\\\/iad-apm-group-photo.png\",\"datePublished\":\"2025-05-02T20:02:56+00:00\",\"dateModified\":\"2025-05-05T12:50:51+00:00\",\"author\":{\"@id\":\"https:\\\/\\\/interamerica.org\\\/fr\\\/#\\\/schema\\\/person\\\/29998f2bc2d8bd0d38662909289b54f1\"},\"breadcrumb\":{\"@id\":\"https:\\\/\\\/interamerica.org\\\/fr\\\/2025\\\/05\\\/la-retraite-virtuelle-organisee-en-inter-amerique-met-en-contact-les-adventistes-oeuvrant-aupres-des-personnes-en-situation-de-handicap\\\/#breadcrumb\"},\"inLanguage\":\"fr-FR\",\"potentialAction\":[{\"@type\":\"ReadAction\",\"target\":[\"https:\\\/\\\/interamerica.org\\\/fr\\\/2025\\\/05\\\/la-retraite-virtuelle-organisee-en-inter-amerique-met-en-contact-les-adventistes-oeuvrant-aupres-des-personnes-en-situation-de-handicap\\\/\"]}]},{\"@type\":\"ImageObject\",\"inLanguage\":\"fr-FR\",\"@id\":\"https:\\\/\\\/interamerica.org\\\/fr\\\/2025\\\/05\\\/la-retraite-virtuelle-organisee-en-inter-amerique-met-en-contact-les-adventistes-oeuvrant-aupres-des-personnes-en-situation-de-handicap\\\/#primaryimage\",\"url\":\"https:\\\/\\\/interamerica.org\\\/wp-content\\\/uploads\\\/2025\\\/05\\\/iad-apm-group-photo.png\",\"contentUrl\":\"https:\\\/\\\/interamerica.org\\\/wp-content\\\/uploads\\\/2025\\\/05\\\/iad-apm-group-photo.png\",\"width\":1000,\"height\":603,\"caption\":\"[Photo: IAD Screenshot]\"},{\"@type\":\"BreadcrumbList\",\"@id\":\"https:\\\/\\\/interamerica.org\\\/fr\\\/2025\\\/05\\\/la-retraite-virtuelle-organisee-en-inter-amerique-met-en-contact-les-adventistes-oeuvrant-aupres-des-personnes-en-situation-de-handicap\\\/#breadcrumb\",\"itemListElement\":[{\"@type\":\"ListItem\",\"position\":1,\"name\":\"Home\",\"item\":\"https:\\\/\\\/interamerica.org\\\/fr\\\/\"},{\"@type\":\"ListItem\",\"position\":2,\"name\":\"La retraite virtuelle organis\u00e9e en Inter-Am\u00e9rique met en contact les adventistes \u0153uvrant aupr\u00e8s des personnes en situation de handicap\"}]},{\"@type\":\"WebSite\",\"@id\":\"https:\\\/\\\/interamerica.org\\\/fr\\\/#website\",\"url\":\"https:\\\/\\\/interamerica.org\\\/fr\\\/\",\"name\":\"\u00c9glise Adventiste Du Septieme Jour - Inter Am\u00e9rique Division\",\"description\":\"\",\"potentialAction\":[{\"@type\":\"SearchAction\",\"target\":{\"@type\":\"EntryPoint\",\"urlTemplate\":\"https:\\\/\\\/interamerica.org\\\/fr\\\/?s={search_term_string}\"},\"query-input\":{\"@type\":\"PropertyValueSpecification\",\"valueRequired\":true,\"valueName\":\"search_term_string\"}}],\"inLanguage\":\"fr-FR\"},{\"@type\":\"Person\",\"@id\":\"https:\\\/\\\/interamerica.org\\\/fr\\\/#\\\/schema\\\/person\\\/29998f2bc2d8bd0d38662909289b54f1\",\"name\":\"libna\",\"image\":{\"@type\":\"ImageObject\",\"inLanguage\":\"fr-FR\",\"@id\":\"https:\\\/\\\/secure.gravatar.com\\\/avatar\\\/7c5bd30ae4b47a9ba3c856590957fd1d96dc588bf3ac05719d247e126840331f?s=96&d=mm&r=g\",\"url\":\"https:\\\/\\\/secure.gravatar.com\\\/avatar\\\/7c5bd30ae4b47a9ba3c856590957fd1d96dc588bf3ac05719d247e126840331f?s=96&d=mm&r=g\",\"contentUrl\":\"https:\\\/\\\/secure.gravatar.com\\\/avatar\\\/7c5bd30ae4b47a9ba3c856590957fd1d96dc588bf3ac05719d247e126840331f?s=96&d=mm&r=g\",\"caption\":\"libna\"}}]}<\/script>\n<!-- \/ Yoast SEO plugin. -->","yoast_head_json":{"title":"La retraite virtuelle organis\u00e9e en Inter-Am\u00e9rique met en contact les adventistes \u0153uvrant aupr\u00e8s des personnes en situation de handicap - \u00c9glise Adventiste Du Septieme Jour - Inter Am\u00e9rique Division","robots":{"index":"index","follow":"follow","max-snippet":"max-snippet:-1","max-image-preview":"max-image-preview:large","max-video-preview":"max-video-preview:-1"},"canonical":"https:\/\/interamerica.org\/fr\/2025\/05\/la-retraite-virtuelle-organisee-en-inter-amerique-met-en-contact-les-adventistes-oeuvrant-aupres-des-personnes-en-situation-de-handicap\/","og_locale":"fr_FR","og_type":"article","og_title":"La retraite virtuelle organis\u00e9e en Inter-Am\u00e9rique met en contact les adventistes \u0153uvrant aupr\u00e8s des personnes en situation de handicap - \u00c9glise Adventiste Du Septieme Jour - Inter Am\u00e9rique Division","og_description":"Le programme des Minist\u00e8res Adventistes des Possibilit\u00e9s appelle les dirigeants et les membres \u00e0 avoir une plus grande prise de conscience et \u00e0 soutenir davantage. 2 Mai 2025 | Miami,...","og_url":"https:\/\/interamerica.org\/fr\/2025\/05\/la-retraite-virtuelle-organisee-en-inter-amerique-met-en-contact-les-adventistes-oeuvrant-aupres-des-personnes-en-situation-de-handicap\/","og_site_name":"\u00c9glise Adventiste Du Septieme Jour - Inter Am\u00e9rique Division","article_published_time":"2025-05-02T20:02:56+00:00","article_modified_time":"2025-05-05T12:50:51+00:00","og_image":[{"width":1000,"height":603,"url":"https:\/\/interamerica.org\/wp-content\/uploads\/2025\/05\/iad-apm-group-photo.png","type":"image\/png"}],"author":"libna","twitter_card":"summary_large_image","twitter_misc":{"\u00c9crit par":"libna","Dur\u00e9e de lecture estim\u00e9e":"8 minutes"},"schema":{"@context":"https:\/\/schema.org","@graph":[{"@type":"Article","@id":"https:\/\/interamerica.org\/fr\/2025\/05\/la-retraite-virtuelle-organisee-en-inter-amerique-met-en-contact-les-adventistes-oeuvrant-aupres-des-personnes-en-situation-de-handicap\/#article","isPartOf":{"@id":"https:\/\/interamerica.org\/fr\/2025\/05\/la-retraite-virtuelle-organisee-en-inter-amerique-met-en-contact-les-adventistes-oeuvrant-aupres-des-personnes-en-situation-de-handicap\/"},"author":{"name":"libna","@id":"https:\/\/interamerica.org\/fr\/#\/schema\/person\/29998f2bc2d8bd0d38662909289b54f1"},"headline":"La retraite virtuelle organis\u00e9e en Inter-Am\u00e9rique met en contact les adventistes \u0153uvrant aupr\u00e8s des personnes en situation de handicap","datePublished":"2025-05-02T20:02:56+00:00","dateModified":"2025-05-05T12:50:51+00:00","mainEntityOfPage":{"@id":"https:\/\/interamerica.org\/fr\/2025\/05\/la-retraite-virtuelle-organisee-en-inter-amerique-met-en-contact-les-adventistes-oeuvrant-aupres-des-personnes-en-situation-de-handicap\/"},"wordCount":1810,"image":{"@id":"https:\/\/interamerica.org\/fr\/2025\/05\/la-retraite-virtuelle-organisee-en-inter-amerique-met-en-contact-les-adventistes-oeuvrant-aupres-des-personnes-en-situation-de-handicap\/#primaryimage"},"thumbnailUrl":"https:\/\/interamerica.org\/wp-content\/uploads\/2025\/05\/iad-apm-group-photo.png","articleSection":["Nouvelles du si\u00e8ge de la division","RSS Fran\u00e7ais"],"inLanguage":"fr-FR"},{"@type":"WebPage","@id":"https:\/\/interamerica.org\/fr\/2025\/05\/la-retraite-virtuelle-organisee-en-inter-amerique-met-en-contact-les-adventistes-oeuvrant-aupres-des-personnes-en-situation-de-handicap\/","url":"https:\/\/interamerica.org\/fr\/2025\/05\/la-retraite-virtuelle-organisee-en-inter-amerique-met-en-contact-les-adventistes-oeuvrant-aupres-des-personnes-en-situation-de-handicap\/","name":"La retraite virtuelle organis\u00e9e en Inter-Am\u00e9rique met en contact les adventistes \u0153uvrant aupr\u00e8s des personnes en situation de handicap - \u00c9glise Adventiste Du Septieme Jour - Inter Am\u00e9rique Division","isPartOf":{"@id":"https:\/\/interamerica.org\/fr\/#website"},"primaryImageOfPage":{"@id":"https:\/\/interamerica.org\/fr\/2025\/05\/la-retraite-virtuelle-organisee-en-inter-amerique-met-en-contact-les-adventistes-oeuvrant-aupres-des-personnes-en-situation-de-handicap\/#primaryimage"},"image":{"@id":"https:\/\/interamerica.org\/fr\/2025\/05\/la-retraite-virtuelle-organisee-en-inter-amerique-met-en-contact-les-adventistes-oeuvrant-aupres-des-personnes-en-situation-de-handicap\/#primaryimage"},"thumbnailUrl":"https:\/\/interamerica.org\/wp-content\/uploads\/2025\/05\/iad-apm-group-photo.png","datePublished":"2025-05-02T20:02:56+00:00","dateModified":"2025-05-05T12:50:51+00:00","author":{"@id":"https:\/\/interamerica.org\/fr\/#\/schema\/person\/29998f2bc2d8bd0d38662909289b54f1"},"breadcrumb":{"@id":"https:\/\/interamerica.org\/fr\/2025\/05\/la-retraite-virtuelle-organisee-en-inter-amerique-met-en-contact-les-adventistes-oeuvrant-aupres-des-personnes-en-situation-de-handicap\/#breadcrumb"},"inLanguage":"fr-FR","potentialAction":[{"@type":"ReadAction","target":["https:\/\/interamerica.org\/fr\/2025\/05\/la-retraite-virtuelle-organisee-en-inter-amerique-met-en-contact-les-adventistes-oeuvrant-aupres-des-personnes-en-situation-de-handicap\/"]}]},{"@type":"ImageObject","inLanguage":"fr-FR","@id":"https:\/\/interamerica.org\/fr\/2025\/05\/la-retraite-virtuelle-organisee-en-inter-amerique-met-en-contact-les-adventistes-oeuvrant-aupres-des-personnes-en-situation-de-handicap\/#primaryimage","url":"https:\/\/interamerica.org\/wp-content\/uploads\/2025\/05\/iad-apm-group-photo.png","contentUrl":"https:\/\/interamerica.org\/wp-content\/uploads\/2025\/05\/iad-apm-group-photo.png","width":1000,"height":603,"caption":"[Photo: IAD Screenshot]"},{"@type":"BreadcrumbList","@id":"https:\/\/interamerica.org\/fr\/2025\/05\/la-retraite-virtuelle-organisee-en-inter-amerique-met-en-contact-les-adventistes-oeuvrant-aupres-des-personnes-en-situation-de-handicap\/#breadcrumb","itemListElement":[{"@type":"ListItem","position":1,"name":"Home","item":"https:\/\/interamerica.org\/fr\/"},{"@type":"ListItem","position":2,"name":"La retraite virtuelle organis\u00e9e en Inter-Am\u00e9rique met en contact les adventistes \u0153uvrant aupr\u00e8s des personnes en situation de handicap"}]},{"@type":"WebSite","@id":"https:\/\/interamerica.org\/fr\/#website","url":"https:\/\/interamerica.org\/fr\/","name":"\u00c9glise Adventiste Du Septieme Jour - Inter Am\u00e9rique Division","description":"","potentialAction":[{"@type":"SearchAction","target":{"@type":"EntryPoint","urlTemplate":"https:\/\/interamerica.org\/fr\/?s={search_term_string}"},"query-input":{"@type":"PropertyValueSpecification","valueRequired":true,"valueName":"search_term_string"}}],"inLanguage":"fr-FR"},{"@type":"Person","@id":"https:\/\/interamerica.org\/fr\/#\/schema\/person\/29998f2bc2d8bd0d38662909289b54f1","name":"libna","image":{"@type":"ImageObject","inLanguage":"fr-FR","@id":"https:\/\/secure.gravatar.com\/avatar\/7c5bd30ae4b47a9ba3c856590957fd1d96dc588bf3ac05719d247e126840331f?s=96&d=mm&r=g","url":"https:\/\/secure.gravatar.com\/avatar\/7c5bd30ae4b47a9ba3c856590957fd1d96dc588bf3ac05719d247e126840331f?s=96&d=mm&r=g","contentUrl":"https:\/\/secure.gravatar.com\/avatar\/7c5bd30ae4b47a9ba3c856590957fd1d96dc588bf3ac05719d247e126840331f?s=96&d=mm&r=g","caption":"libna"}}]}},"_links":{"self":[{"href":"https:\/\/interamerica.org\/fr\/wp-json\/wp\/v2\/posts\/128061","targetHints":{"allow":["GET"]}}],"collection":[{"href":"https:\/\/interamerica.org\/fr\/wp-json\/wp\/v2\/posts"}],"about":[{"href":"https:\/\/interamerica.org\/fr\/wp-json\/wp\/v2\/types\/post"}],"author":[{"embeddable":true,"href":"https:\/\/interamerica.org\/fr\/wp-json\/wp\/v2\/users\/3"}],"replies":[{"embeddable":true,"href":"https:\/\/interamerica.org\/fr\/wp-json\/wp\/v2\/comments?post=128061"}],"version-history":[{"count":0,"href":"https:\/\/interamerica.org\/fr\/wp-json\/wp\/v2\/posts\/128061\/revisions"}],"wp:featuredmedia":[{"embeddable":true,"href":"https:\/\/interamerica.org\/fr\/wp-json\/wp\/v2\/media\/128048"}],"wp:attachment":[{"href":"https:\/\/interamerica.org\/fr\/wp-json\/wp\/v2\/media?parent=128061"}],"wp:term":[{"taxonomy":"category","embeddable":true,"href":"https:\/\/interamerica.org\/fr\/wp-json\/wp\/v2\/categories?post=128061"},{"taxonomy":"post_tag","embeddable":true,"href":"https:\/\/interamerica.org\/fr\/wp-json\/wp\/v2\/tags?post=128061"}],"curies":[{"name":"wp","href":"https:\/\/api.w.org\/{rel}","templated":true}]}}