{"id":12821,"date":"2007-08-24T00:00:00","date_gmt":"2007-08-24T04:00:00","guid":{"rendered":"http:\/\/192.81.217.108\/interamerica\/2007\/08\/jamaique-dean-cause-des-dommages-considerables-aux-edifices-des-eglises\/"},"modified":"2017-06-02T13:13:36","modified_gmt":"2017-06-02T17:13:36","slug":"jamaique-dean-cause-des-dommages-considerables-aux-edifices-des-eglises","status":"publish","type":"post","link":"https:\/\/interamerica.org\/fr\/2007\/08\/jamaique-dean-cause-des-dommages-considerables-aux-edifices-des-eglises\/","title":{"rendered":"Jama\u00efque:  Dean Cause des Dommages Consid\u00e9rables aux Edifices des Eglises"},"content":{"rendered":"<p>Mandeville, Jama\u00efque&#8230; (Nigel Coke\/Staff de la DIA) <\/p>\n<p>Alors que les vents furieux de l&#39;Ouragan Dean eurent de justesse manqu\u00e9 l&#39;\u00eele de la Jama\u00efque, ils ont quand m\u00eame r\u00e9ussi \u00e0 causer une suite de dommages tout le long de la c\u00f4te sud de l&#39;\u00eele, en tuant quatre personnes.  Les communes les plus affect\u00e9es comprennent Portland, St. Thomas, St. Catherine, Clarendon, Manchester et St. Elizabeth. <\/p>\n<p>Bien qu&#39;aucune perte en vie humaine n&#39;ait \u00e9t\u00e9 rapport\u00e9e chez les membres d&#39;\u00e9glise, plus de 50 structures des \u00e9glises ainsi que celles des maisons des membres ont \u00e9t\u00e9 affect\u00e9es par les puissantes raffales et les pluies torrentielles de Dean le 19 ao\u00fbt 2007. <\/p>\n<p>Le &#39;Northern Caribbean University&#39;, propri\u00e9t\u00e9 de l&#39;\u00e9glise, situ\u00e9 \u00e0 Mandeville a enregistr\u00e9 des dommages dans cinq de ses \u00e9difices, ainsi que dans le dortoire des hommes et dans son \u00e9cole primaire. <\/p>\n<p>Les dirigeants de l&#39;\u00e9glise de la Jama\u00efque qui se rapellent des effets destructeurs de l&#39;Ouragan Ivan en 2004 \u00e9taient \u00e9videmment pr\u00e9occup\u00e9s par les d\u00e9vastations que Dean pourraient entra\u00eener. <\/p>\n<p>\u00ab\u00a0Nous avions \u00e9t\u00e9 en quelque sorte appr\u00e9hensifs au sujet des dommages que nous aurions pu encourir \u00e0 l&#39;annonce de l&#39;ouragan,\u00a0\u00bb a dit Pasteur Patrick Allen, pr\u00e9sident de l&#39;\u00e9glise des Indes Occidentales, mais nous remercions Dieu pour Sa protection et ses soins au cours de cette exp\u00e9rience plut\u00f4t effrayante.\u00a0\u00bb <\/p>\n<p>D&#39;apr\u00e8s Pasteur Allen, Dean a caus\u00e9 des dommages consid\u00e9rables aux biens de beaucoup de membres des communaut\u00e9s rurales, en d\u00e9truisant 90% de leurs r\u00e9coltes. <\/p>\n<p>\u00ab\u00a0Les diff\u00e9rents d\u00e9partements de notre \u00e9glise se sont mobilis\u00e9s et ils ont d\u00e9j\u00e2 fait l&#39;\u00e9valuation de l&#39;impact sur nos membres, la communaut\u00e9 en g\u00e9n\u00e9ral, et nos \u00e9glises,\u00a0\u00bb dit-il. <\/p>\n<p>Le gouvernement de la Jama\u00efque a choisi l&#39;Agence Adventiste de D\u00e9veloppement et de Secours (ADRA) pour aider \u00e0 enregistrer les familles qui sont dans le besoin.  ADRA sera seulement impliqu\u00e9e \u00e0 enregistrer ces familles pour une aide future du gouvernement. <\/p>\n<p>ADRA a distribu\u00e9 et distribue \u00e0 pr\u00e9sent du gourdron et de l&#39;eau aux endroits affect\u00e9s et aussi elle est sur le point de compl\u00e9ter une \u00e9valuation des besoins et de l&#39;ampleur des d\u00e9gats. <\/p>\n<p>\u00ab\u00a0Nous avons acc\u00e9l\u00e9r\u00e9 nos syst\u00e8mes d&#39;intervention et avons \u00e9t\u00e9 en contact avec nos partenaires locaux et internationaux, dont plusieurs d&#39;entre eux ont d\u00e9j\u00e2 pris l&#39;engagement d&#39;envoyer du mat\u00e9riel de secours dans le d\u00e9lai le plus cours, a dit Desmond Robinson, directeur d&#39;ADRA de la Jama\u00efque.  \u00ab\u00a0ADRA s&#39;est encore engag\u00e9e \u00e0 aider notre nation et en particulier ceux qui sont les plus d\u00e9munis par suite de l&#39;ouragan sans distinction de race, de religion, de couleur, de sexe ou d&#39;appartenance politique.\u00a0\u00bb <\/p>\n<p>Avant de s&#39;abattre sur le sud de la Jama\u00efque, la Temp\u00eate Tropicale Dean avait ravag\u00e9 St. Lucie, la Martinique, la Dominique et la Guadeloupe en y d\u00e9versant ses pluies torrentielles.  De retour dans les chaudes eaux de la Cara\u00efbe, elle s&#39;est intensifi\u00e9e et est devenue un ouragan, frappant Haiti et la R\u00e9publique Dominicaine.  Apr\u00e8s la Jama\u00efque, elle s&#39;est dirig\u00e9e sur les Iles Ca\u00efmans, apr\u00e8s quoi elle s&#39;est \u00e0 nouveau intensifi\u00e9e pour devenir une temp\u00eate de cat\u00e9gorie cinq avant de s&#39;\u00e9craser au d\u00e9but de cette semaine sur la c\u00f4te est de la P\u00e9ninsule du Yucatan au Mexique. <\/p>\n<p>L&#39;Eglilse Adventise du Septi\u00e8me jour de la Jama\u00efque a plus de 230.000 membres, 670 \u00e9glises et dirige le &#39;Northern Caribbean University, le &#39;Andrews Memorial Hospital&#39; et le &#39;Book and Nutrition Center. <\/p>\n<p>Pour venir en aide aux victimes de l&#39;Ouragan Dean de la Jama\u00efque et\/ou la Cara\u00efbe, contactez la Division Inter-Am\u00e9ricaine au 305-403-4700 bureau d&#39;ADRA ou visitez le <a  href=\"http:\/\/www.adra.org\/\">www.adra.org<\/a >. <\/p>\n<p>Pour plus d&#39;informations sur l&#39;Eglise Adventiste de la Jama\u00efque, visitez <a  href=\"http:\/\/www.wiunion.org\/\">www.wiunion.org<\/a >. <\/p><\/p>\n","protected":false},"excerpt":{"rendered":"<p>Alors que les vents furieux de l&#39;Ouragan Dean eurent de justesse manqu\u00e9 l&#39;\u00eele de la Jama\u00efque, ils ont quand m\u00eame r\u00e9ussi \u00e0 causer une suite de dommages tout le long de la c\u00f4te sud de l&#39;\u00eele, en<\/p>\n","protected":false},"author":1,"featured_media":0,"comment_status":"closed","ping_status":"closed","sticky":false,"template":"","format":"standard","meta":{"_acf_changed":false,"footnotes":""},"categories":[9],"tags":[],"class_list":["post-12821","post","type-post","status-publish","format-standard","hentry","category-archive-fr"],"acf":[],"yoast_head":"<!-- This site is optimized with the Yoast SEO plugin v27.3 - https:\/\/yoast.com\/product\/yoast-seo-wordpress\/ -->\n<title>Jama\u00efque: Dean Cause des Dommages Consid\u00e9rables aux Edifices des Eglises - \u00c9glise Adventiste Du Septieme Jour - Inter Am\u00e9rique Division<\/title>\n<meta name=\"robots\" content=\"index, follow, max-snippet:-1, max-image-preview:large, max-video-preview:-1\" \/>\n<link rel=\"canonical\" href=\"https:\/\/interamerica.org\/fr\/2007\/08\/jamaique-dean-cause-des-dommages-considerables-aux-edifices-des-eglises\/\" \/>\n<meta property=\"og:locale\" content=\"fr_FR\" \/>\n<meta property=\"og:type\" content=\"article\" \/>\n<meta property=\"og:title\" content=\"Jama\u00efque: Dean Cause des Dommages Consid\u00e9rables aux Edifices des Eglises - \u00c9glise Adventiste Du Septieme Jour - Inter Am\u00e9rique Division\" \/>\n<meta property=\"og:description\" content=\"Alors que les vents furieux de l&#039;Ouragan Dean eurent de justesse manqu\u00e9 l&#039;\u00eele de la Jama\u00efque, ils ont quand m\u00eame r\u00e9ussi \u00e0 causer une suite de dommages tout le long de la c\u00f4te sud de l&#039;\u00eele, en\" \/>\n<meta property=\"og:url\" content=\"https:\/\/interamerica.org\/fr\/2007\/08\/jamaique-dean-cause-des-dommages-considerables-aux-edifices-des-eglises\/\" \/>\n<meta property=\"og:site_name\" content=\"\u00c9glise Adventiste Du Septieme Jour - Inter Am\u00e9rique Division\" \/>\n<meta property=\"article:published_time\" content=\"2007-08-24T04:00:00+00:00\" \/>\n<meta property=\"article:modified_time\" content=\"2017-06-02T17:13:36+00:00\" \/>\n<meta name=\"author\" content=\"Lorenzo Verduzco\" \/>\n<meta name=\"twitter:card\" content=\"summary_large_image\" \/>\n<meta name=\"twitter:label1\" content=\"\u00c9crit par\" \/>\n\t<meta name=\"twitter:data1\" content=\"Lorenzo Verduzco\" \/>\n\t<meta name=\"twitter:label2\" content=\"Dur\u00e9e de lecture estim\u00e9e\" \/>\n\t<meta name=\"twitter:data2\" content=\"3 minutes\" \/>\n<script type=\"application\/ld+json\" class=\"yoast-schema-graph\">{\"@context\":\"https:\\\/\\\/schema.org\",\"@graph\":[{\"@type\":\"Article\",\"@id\":\"https:\\\/\\\/interamerica.org\\\/fr\\\/2007\\\/08\\\/jamaique-dean-cause-des-dommages-considerables-aux-edifices-des-eglises\\\/#article\",\"isPartOf\":{\"@id\":\"https:\\\/\\\/interamerica.org\\\/fr\\\/2007\\\/08\\\/jamaique-dean-cause-des-dommages-considerables-aux-edifices-des-eglises\\\/\"},\"author\":{\"name\":\"Lorenzo Verduzco\",\"@id\":\"https:\\\/\\\/interamerica.org\\\/fr\\\/#\\\/schema\\\/person\\\/68ede8bdc292885bb76c1e3810e73c39\"},\"headline\":\"Jama\u00efque: Dean Cause des Dommages Consid\u00e9rables aux Edifices des Eglises\",\"datePublished\":\"2007-08-24T04:00:00+00:00\",\"dateModified\":\"2017-06-02T17:13:36+00:00\",\"mainEntityOfPage\":{\"@id\":\"https:\\\/\\\/interamerica.org\\\/fr\\\/2007\\\/08\\\/jamaique-dean-cause-des-dommages-considerables-aux-edifices-des-eglises\\\/\"},\"wordCount\":691,\"articleSection\":[\"Archive\"],\"inLanguage\":\"fr-FR\"},{\"@type\":\"WebPage\",\"@id\":\"https:\\\/\\\/interamerica.org\\\/fr\\\/2007\\\/08\\\/jamaique-dean-cause-des-dommages-considerables-aux-edifices-des-eglises\\\/\",\"url\":\"https:\\\/\\\/interamerica.org\\\/fr\\\/2007\\\/08\\\/jamaique-dean-cause-des-dommages-considerables-aux-edifices-des-eglises\\\/\",\"name\":\"Jama\u00efque: Dean Cause des Dommages Consid\u00e9rables aux Edifices des Eglises - \u00c9glise Adventiste Du Septieme Jour - Inter Am\u00e9rique Division\",\"isPartOf\":{\"@id\":\"https:\\\/\\\/interamerica.org\\\/fr\\\/#website\"},\"datePublished\":\"2007-08-24T04:00:00+00:00\",\"dateModified\":\"2017-06-02T17:13:36+00:00\",\"author\":{\"@id\":\"https:\\\/\\\/interamerica.org\\\/fr\\\/#\\\/schema\\\/person\\\/68ede8bdc292885bb76c1e3810e73c39\"},\"breadcrumb\":{\"@id\":\"https:\\\/\\\/interamerica.org\\\/fr\\\/2007\\\/08\\\/jamaique-dean-cause-des-dommages-considerables-aux-edifices-des-eglises\\\/#breadcrumb\"},\"inLanguage\":\"fr-FR\",\"potentialAction\":[{\"@type\":\"ReadAction\",\"target\":[\"https:\\\/\\\/interamerica.org\\\/fr\\\/2007\\\/08\\\/jamaique-dean-cause-des-dommages-considerables-aux-edifices-des-eglises\\\/\"]}]},{\"@type\":\"BreadcrumbList\",\"@id\":\"https:\\\/\\\/interamerica.org\\\/fr\\\/2007\\\/08\\\/jamaique-dean-cause-des-dommages-considerables-aux-edifices-des-eglises\\\/#breadcrumb\",\"itemListElement\":[{\"@type\":\"ListItem\",\"position\":1,\"name\":\"Home\",\"item\":\"https:\\\/\\\/interamerica.org\\\/fr\\\/\"},{\"@type\":\"ListItem\",\"position\":2,\"name\":\"Jama\u00efque: Dean Cause des Dommages Consid\u00e9rables aux Edifices des Eglises\"}]},{\"@type\":\"WebSite\",\"@id\":\"https:\\\/\\\/interamerica.org\\\/fr\\\/#website\",\"url\":\"https:\\\/\\\/interamerica.org\\\/fr\\\/\",\"name\":\"\u00c9glise Adventiste Du Septieme Jour - Inter Am\u00e9rique Division\",\"description\":\"\",\"potentialAction\":[{\"@type\":\"SearchAction\",\"target\":{\"@type\":\"EntryPoint\",\"urlTemplate\":\"https:\\\/\\\/interamerica.org\\\/fr\\\/?s={search_term_string}\"},\"query-input\":{\"@type\":\"PropertyValueSpecification\",\"valueRequired\":true,\"valueName\":\"search_term_string\"}}],\"inLanguage\":\"fr-FR\"},{\"@type\":\"Person\",\"@id\":\"https:\\\/\\\/interamerica.org\\\/fr\\\/#\\\/schema\\\/person\\\/68ede8bdc292885bb76c1e3810e73c39\",\"name\":\"Lorenzo Verduzco\",\"image\":{\"@type\":\"ImageObject\",\"inLanguage\":\"fr-FR\",\"@id\":\"https:\\\/\\\/secure.gravatar.com\\\/avatar\\\/fb81a55b6218459490a9c1dc841a34909185b81904c5337b4b27f7a6fd60c49e?s=96&d=mm&r=g\",\"url\":\"https:\\\/\\\/secure.gravatar.com\\\/avatar\\\/fb81a55b6218459490a9c1dc841a34909185b81904c5337b4b27f7a6fd60c49e?s=96&d=mm&r=g\",\"contentUrl\":\"https:\\\/\\\/secure.gravatar.com\\\/avatar\\\/fb81a55b6218459490a9c1dc841a34909185b81904c5337b4b27f7a6fd60c49e?s=96&d=mm&r=g\",\"caption\":\"Lorenzo Verduzco\"}}]}<\/script>\n<!-- \/ Yoast SEO plugin. -->","yoast_head_json":{"title":"Jama\u00efque: Dean Cause des Dommages Consid\u00e9rables aux Edifices des Eglises - \u00c9glise Adventiste Du Septieme Jour - Inter Am\u00e9rique Division","robots":{"index":"index","follow":"follow","max-snippet":"max-snippet:-1","max-image-preview":"max-image-preview:large","max-video-preview":"max-video-preview:-1"},"canonical":"https:\/\/interamerica.org\/fr\/2007\/08\/jamaique-dean-cause-des-dommages-considerables-aux-edifices-des-eglises\/","og_locale":"fr_FR","og_type":"article","og_title":"Jama\u00efque: Dean Cause des Dommages Consid\u00e9rables aux Edifices des Eglises - \u00c9glise Adventiste Du Septieme Jour - Inter Am\u00e9rique Division","og_description":"Alors que les vents furieux de l&#39;Ouragan Dean eurent de justesse manqu\u00e9 l&#39;\u00eele de la Jama\u00efque, ils ont quand m\u00eame r\u00e9ussi \u00e0 causer une suite de dommages tout le long de la c\u00f4te sud de l&#39;\u00eele, en","og_url":"https:\/\/interamerica.org\/fr\/2007\/08\/jamaique-dean-cause-des-dommages-considerables-aux-edifices-des-eglises\/","og_site_name":"\u00c9glise Adventiste Du Septieme Jour - Inter Am\u00e9rique Division","article_published_time":"2007-08-24T04:00:00+00:00","article_modified_time":"2017-06-02T17:13:36+00:00","author":"Lorenzo Verduzco","twitter_card":"summary_large_image","twitter_misc":{"\u00c9crit par":"Lorenzo Verduzco","Dur\u00e9e de lecture estim\u00e9e":"3 minutes"},"schema":{"@context":"https:\/\/schema.org","@graph":[{"@type":"Article","@id":"https:\/\/interamerica.org\/fr\/2007\/08\/jamaique-dean-cause-des-dommages-considerables-aux-edifices-des-eglises\/#article","isPartOf":{"@id":"https:\/\/interamerica.org\/fr\/2007\/08\/jamaique-dean-cause-des-dommages-considerables-aux-edifices-des-eglises\/"},"author":{"name":"Lorenzo Verduzco","@id":"https:\/\/interamerica.org\/fr\/#\/schema\/person\/68ede8bdc292885bb76c1e3810e73c39"},"headline":"Jama\u00efque: Dean Cause des Dommages Consid\u00e9rables aux Edifices des Eglises","datePublished":"2007-08-24T04:00:00+00:00","dateModified":"2017-06-02T17:13:36+00:00","mainEntityOfPage":{"@id":"https:\/\/interamerica.org\/fr\/2007\/08\/jamaique-dean-cause-des-dommages-considerables-aux-edifices-des-eglises\/"},"wordCount":691,"articleSection":["Archive"],"inLanguage":"fr-FR"},{"@type":"WebPage","@id":"https:\/\/interamerica.org\/fr\/2007\/08\/jamaique-dean-cause-des-dommages-considerables-aux-edifices-des-eglises\/","url":"https:\/\/interamerica.org\/fr\/2007\/08\/jamaique-dean-cause-des-dommages-considerables-aux-edifices-des-eglises\/","name":"Jama\u00efque: Dean Cause des Dommages Consid\u00e9rables aux Edifices des Eglises - \u00c9glise Adventiste Du Septieme Jour - Inter Am\u00e9rique Division","isPartOf":{"@id":"https:\/\/interamerica.org\/fr\/#website"},"datePublished":"2007-08-24T04:00:00+00:00","dateModified":"2017-06-02T17:13:36+00:00","author":{"@id":"https:\/\/interamerica.org\/fr\/#\/schema\/person\/68ede8bdc292885bb76c1e3810e73c39"},"breadcrumb":{"@id":"https:\/\/interamerica.org\/fr\/2007\/08\/jamaique-dean-cause-des-dommages-considerables-aux-edifices-des-eglises\/#breadcrumb"},"inLanguage":"fr-FR","potentialAction":[{"@type":"ReadAction","target":["https:\/\/interamerica.org\/fr\/2007\/08\/jamaique-dean-cause-des-dommages-considerables-aux-edifices-des-eglises\/"]}]},{"@type":"BreadcrumbList","@id":"https:\/\/interamerica.org\/fr\/2007\/08\/jamaique-dean-cause-des-dommages-considerables-aux-edifices-des-eglises\/#breadcrumb","itemListElement":[{"@type":"ListItem","position":1,"name":"Home","item":"https:\/\/interamerica.org\/fr\/"},{"@type":"ListItem","position":2,"name":"Jama\u00efque: Dean Cause des Dommages Consid\u00e9rables aux Edifices des Eglises"}]},{"@type":"WebSite","@id":"https:\/\/interamerica.org\/fr\/#website","url":"https:\/\/interamerica.org\/fr\/","name":"\u00c9glise Adventiste Du Septieme Jour - Inter Am\u00e9rique Division","description":"","potentialAction":[{"@type":"SearchAction","target":{"@type":"EntryPoint","urlTemplate":"https:\/\/interamerica.org\/fr\/?s={search_term_string}"},"query-input":{"@type":"PropertyValueSpecification","valueRequired":true,"valueName":"search_term_string"}}],"inLanguage":"fr-FR"},{"@type":"Person","@id":"https:\/\/interamerica.org\/fr\/#\/schema\/person\/68ede8bdc292885bb76c1e3810e73c39","name":"Lorenzo Verduzco","image":{"@type":"ImageObject","inLanguage":"fr-FR","@id":"https:\/\/secure.gravatar.com\/avatar\/fb81a55b6218459490a9c1dc841a34909185b81904c5337b4b27f7a6fd60c49e?s=96&d=mm&r=g","url":"https:\/\/secure.gravatar.com\/avatar\/fb81a55b6218459490a9c1dc841a34909185b81904c5337b4b27f7a6fd60c49e?s=96&d=mm&r=g","contentUrl":"https:\/\/secure.gravatar.com\/avatar\/fb81a55b6218459490a9c1dc841a34909185b81904c5337b4b27f7a6fd60c49e?s=96&d=mm&r=g","caption":"Lorenzo Verduzco"}}]}},"_links":{"self":[{"href":"https:\/\/interamerica.org\/fr\/wp-json\/wp\/v2\/posts\/12821","targetHints":{"allow":["GET"]}}],"collection":[{"href":"https:\/\/interamerica.org\/fr\/wp-json\/wp\/v2\/posts"}],"about":[{"href":"https:\/\/interamerica.org\/fr\/wp-json\/wp\/v2\/types\/post"}],"author":[{"embeddable":true,"href":"https:\/\/interamerica.org\/fr\/wp-json\/wp\/v2\/users\/1"}],"replies":[{"embeddable":true,"href":"https:\/\/interamerica.org\/fr\/wp-json\/wp\/v2\/comments?post=12821"}],"version-history":[{"count":0,"href":"https:\/\/interamerica.org\/fr\/wp-json\/wp\/v2\/posts\/12821\/revisions"}],"wp:attachment":[{"href":"https:\/\/interamerica.org\/fr\/wp-json\/wp\/v2\/media?parent=12821"}],"wp:term":[{"taxonomy":"category","embeddable":true,"href":"https:\/\/interamerica.org\/fr\/wp-json\/wp\/v2\/categories?post=12821"},{"taxonomy":"post_tag","embeddable":true,"href":"https:\/\/interamerica.org\/fr\/wp-json\/wp\/v2\/tags?post=12821"}],"curies":[{"name":"wp","href":"https:\/\/api.w.org\/{rel}","templated":true}]}}