{"id":128568,"date":"2025-05-13T23:59:14","date_gmt":"2025-05-14T03:59:14","guid":{"rendered":"https:\/\/interamerica.org\/?p=128568"},"modified":"2025-05-16T09:37:21","modified_gmt":"2025-05-16T13:37:21","slug":"une-intervention-durgence-mise-en-place-durant-le-conflit-inde-pakistan","status":"publish","type":"post","link":"https:\/\/interamerica.org\/fr\/2025\/05\/une-intervention-durgence-mise-en-place-durant-le-conflit-inde-pakistan\/","title":{"rendered":"Une intervention d\u2019urgence mise en place durant le conflit Inde-Pakistan"},"content":{"rendered":"<p><i><span style=\"font-weight: 400;\">Le pr\u00e9sident de l\u2019\u00c9glise r\u00e9gionale appelle les membres du monde entier \u00e0 prier pour la paix.<\/span><\/i><\/p>\n<p class=\"c-post-header__subtitle\"><span style=\"font-weight: 400;\">Le 12 mai 2025 | Division du nord de l\u2019Asie et du Pacifique et <\/span><i><span style=\"font-weight: 400;\">Adventist Review<\/span><\/i><\/p>\n<p><span style=\"font-weight: 400;\">Alors que les tensions entre l\u2019Inde et le Pakistan s\u2019intensifient pour devenir un conflit arm\u00e9, la Division du nord de l\u2019Asie et du Pacifique (NSD) et l\u2019Union du Pakistan (PKU) ont mis en place des mesures d\u2019urgence pour prot\u00e9ger les missionnaires, les membres d\u2019\u00e9glise et le personnel des \u00e9tablissements de l\u2019\u00c9glise au Pakistan.<\/span><\/p>\n<p><span style=\"font-weight: 400;\">Les r\u00e9centes attaques de drone \u00e0 Lahore et les black-out g\u00e9n\u00e9ralis\u00e9s dans les villes de Gujranwala, Sialkot et Juridke ont fait augmenter l\u2019anxi\u00e9t\u00e9 de la population. Elles ont demand\u00e9 au gouvernement d\u2019intensifier la surveillance dans la r\u00e9gion du Pendjab \u2014 o\u00f9 se trouvent plusieurs \u00e9tablissements adventistes importants, dont le si\u00e8ge de la PKU ainsi que le S\u00e9minaire et coll\u00e8ge adventiste du Pakistan (PASC).\u00a0 <\/span><\/p>\n<p><div id=\"attachment_128405\" style=\"width: 959px\" class=\"wp-caption aligncenter\"><img fetchpriority=\"high\" decoding=\"async\" aria-describedby=\"caption-attachment-128405\" class=\" wp-image-128404\" src=\"https:\/\/interamerica.org\/wp-content\/uploads\/2025\/05\/nsd-2-2-1024x576.jpg\" alt=\"\" width=\"949\" height=\"534\" srcset=\"https:\/\/interamerica.org\/wp-content\/uploads\/2025\/05\/nsd-2-2-1024x576.jpg 1024w, https:\/\/interamerica.org\/wp-content\/uploads\/2025\/05\/nsd-2-2-300x169.jpg 300w, https:\/\/interamerica.org\/wp-content\/uploads\/2025\/05\/nsd-2-2-768x432.jpg 768w, https:\/\/interamerica.org\/wp-content\/uploads\/2025\/05\/nsd-2-2-1536x864.jpg 1536w, https:\/\/interamerica.org\/wp-content\/uploads\/2025\/05\/nsd-2-2.jpg 1920w\" sizes=\"(max-width: 949px) 100vw, 949px\" \/><p id=\"caption-attachment-128405\" class=\"wp-caption-text\"><span style=\"font-weight: 400;\">Si\u00e8ge de la Division du nord de l\u2019Asie et du Pacifique en Cor\u00e9e du Sud. [Une photo de la Division du nord de l\u2019Asie et du Pacifique]<\/span><\/p><\/div><span style=\"font-weight: 400;\">\u00c0 la lumi\u00e8re de ces d\u00e9veloppements, la PKU a tenu une r\u00e9union d\u2019urgence pour \u00e9valuer les menaces \u00e0 la s\u00e9curit\u00e9 et am\u00e9liorer la pr\u00e9paration face \u00e0 la crise. La r\u00e9union a permis de confirmer que, bien que les d\u00e9placements a\u00e9riens soient encore possibles en passant par Multan et Quetta, les transporteurs internationaux ont limit\u00e9 ou redirig\u00e9 leurs vols, complexifiant ainsi la logistique d\u2019\u00e9vacuation. Inquiets de l\u2019instabilit\u00e9 croissante, les dirigeants de l\u2019\u00e9glise ont renforc\u00e9 les protocoles de s\u00e9curit\u00e9 et mis au point des plans de contingence.<\/span><\/p>\n<p><span style=\"font-weight: 400;\">Chaque campus est en train de former une \u00e9quipe d\u2019intervention d\u2019urgence en temps de guerre compos\u00e9e de quatre ou cinq membres et inspir\u00e9e des groupes de travail mis en place durant la pand\u00e9mie de COVID-19. Le personnel \u00e9tablit un syst\u00e8me de communication d\u2019urgence pour assurer le contact fiable en cas de d\u00e9veloppements critiques. Les \u00e9tablissements ont \u00e9galement pris des mesures pour r\u00e9duire leur visibilit\u00e9 nocturne, renforcer la s\u00e9curit\u00e9 sur leur campus et v\u00e9rifier les routes d\u2019\u00e9vacuation. Les dirigeants r\u00e9visent l\u2019utilisation potentielle d\u2019abris souterrains et d\u2019espaces cach\u00e9s dans des zones foresti\u00e8res comme refuges temporaires si les conditions devaient s\u2019intensifier davantage.<\/span><\/p>\n<p><span style=\"font-weight: 400;\">La PKU a fait des r\u00e9serves de fournitures suffisantes pour 15 \u00e0 30 jours telles que des ressources essentielles comme de la nourriture, de l\u2019eau potable et des m\u00e9dicaments afin de faciliter la r\u00e9silience \u00e0 long terme. Des \u00e9quipes inspectent l\u2019\u00e9quipement d\u2019urgence, y compris les pompes hydrauliques manuelles, les syst\u00e8mes de filtration et les g\u00e9n\u00e9rateurs. Pendant ce temps, les autorit\u00e9s ont identifi\u00e9 des routes d\u2019\u00e9vacuation par les \u00c9mirats arabes unis, Duba\u00ef et Bangkok, et maintiennent un contact r\u00e9gulier avec l\u2019ambassade cor\u00e9enne et les bases a\u00e9riennes locales afin de conna\u00eetre les strat\u00e9gies de sortie.<\/span><\/p>\n<p><span style=\"font-weight: 400;\">Le territoire a offert une protection sp\u00e9ciale aux missionnaires en service dans des zones \u00e0 risque \u00e9lev\u00e9 comme Sialkot, Marine K, Bahawalpur et Rahim Yar Khan. La PKU et les campus du PASC continuent de coordonner le tout \u00e9troitement. La PKU consid\u00e8re aussi de payer \u00e0 l\u2019avance les pasteurs et le personnel pour faciliter les achats d\u2019urgence tout en demandant un soutien financier de la NSD pour l\u2019acquisition d\u2019articles urgemment n\u00e9cessaires.<\/span><\/p>\n<p><div id=\"attachment_128408\" style=\"width: 975px\" class=\"wp-caption aligncenter\"><img decoding=\"async\" aria-describedby=\"caption-attachment-128408\" class=\" wp-image-128407\" src=\"https:\/\/interamerica.org\/wp-content\/uploads\/2025\/05\/dsc01226-2048x1365-1-1024x683.jpg\" alt=\"\" width=\"965\" height=\"644\" srcset=\"https:\/\/interamerica.org\/wp-content\/uploads\/2025\/05\/dsc01226-2048x1365-1-1024x683.jpg 1024w, https:\/\/interamerica.org\/wp-content\/uploads\/2025\/05\/dsc01226-2048x1365-1-300x200.jpg 300w, https:\/\/interamerica.org\/wp-content\/uploads\/2025\/05\/dsc01226-2048x1365-1-768x512.jpg 768w, https:\/\/interamerica.org\/wp-content\/uploads\/2025\/05\/dsc01226-2048x1365-1-1536x1024.jpg 1536w, https:\/\/interamerica.org\/wp-content\/uploads\/2025\/05\/dsc01226-2048x1365-1.jpg 2048w\" sizes=\"(max-width: 965px) 100vw, 965px\" \/><p id=\"caption-attachment-128408\" class=\"wp-caption-text\"><span style=\"font-weight: 400;\">Kim YoHan, pr\u00e9sident de la Division du nord de l\u2019Asie et du Pacifique (\u00e0 droite) a appel\u00e9 les membres d\u2019\u00e9glise du monde entier \u00e0 prier pour la paix durable entre l\u2019Inde et le Pakistan. [Une photo de la Division du nord de l\u2019Asie et du Pacifique]<\/span><\/p><\/div><span style=\"font-weight: 400;\">\u00c0 mesure que les actualit\u00e9s r\u00e9gionales et internationales \u00e9voluent, la NSD et la PKU communiquent activement avec les autorit\u00e9s a\u00e9riennes, assignent des responsabilit\u00e9s aux dirigeants et distribuent des guides de s\u00e9curit\u00e9 parmi les membres et les familles de l\u2019\u00c9glise dans tout le pays. Elles font aussi des v\u00e9rifications r\u00e9guli\u00e8res pour assurer le respect des mesures de s\u00e9curit\u00e9 dans leurs \u00e9tablissements.<\/span><\/p>\n<p><span style=\"font-weight: 400;\">En cette p\u00e9riode critique, la NSD appelle la communaut\u00e9 adventiste mondiale \u00e0 prier pour la paix entre les deux nations, pour la protection des missionnaires et des membres dans la r\u00e9gion et pour la sagesse et la force tandis que l\u2019\u00c9glise poursuit sa mission dans de telles conditions.<\/span><\/p>\n<h3><b>Le pr\u00e9sident de l\u2019\u00c9glise r\u00e9gionale appelle \u00e0 la pri\u00e8re<\/b><\/h3>\n<p><span style=\"font-weight: 400;\">Alors que commence \u00e0 \u00e9merger la nouvelle selon laquelle l\u2019Inde et le Pakistan auraient accept\u00e9 un cessez-le-feu complet et imm\u00e9diat, Kim YoHan, pr\u00e9sident de la NSD, a appel\u00e9 l\u2019\u00c9glise adventiste mondiale \u00e0 prier pour une r\u00e9solution rapide du conflit et pour une paix durable. Dans un appel officiel publi\u00e9 le 10 mai dernier, le pasteur Kim a demand\u00e9 aux croyants de prier Dieu de mettre un terme rapide \u00e0 cette guerre et de restaurer la paix dans le c\u0153ur de tous les habitants du Pakistan et de l\u2019Inde. Il a \u00e9galement incit\u00e9 les membres \u00e0 prier particuli\u00e8rement pour que nos membres adventistes du septi\u00e8me jour vivant dans la r\u00e9gion ne perdent pas leur foi et qu\u2019ils soient prot\u00e9g\u00e9s de tout danger.<\/span><\/p>\n<p><span style=\"font-weight: 400;\">De plus, il a r\u00e9p\u00e9t\u00e9 avec insistance sa demande de pri\u00e8re pour les missionnaires, les pasteurs et les \u00e9tudiants dans les divers \u00e9tablissements de la r\u00e9gion. Le message en entier est le suivant\u00a0:<\/span><\/p>\n<p><i><span style=\"font-weight: 400;\">Chers bien-aim\u00e9s fr\u00e8res et s\u0153urs adventistes du septi\u00e8me jour du monde entier,<\/span><\/i><\/p>\n<p><i><span style=\"font-weight: 400;\">En tant que pr\u00e9sident de la Division du nord de l\u2019Asie et du Pacifique de l\u2019\u00c9glise adventiste du septi\u00e8me jour et responsable du travail missionnaire men\u00e9 dans neuf pays, dont le Pakistan, c\u2019est avec le c\u0153ur lourd et une demande urgente de pri\u00e8re dans l\u2019unit\u00e9 que je vous \u00e9cris.<\/span><\/i><\/p>\n<p><i><span style=\"font-weight: 400;\">Derni\u00e8rement, un conflit arm\u00e9 a \u00e9clat\u00e9 entre le Pakistan et l\u2019Inde, mettant d\u2019innombrables vies en danger et plongeant nos chers membres d\u2019\u00e9glise et nos communaut\u00e9s locales dans une grande crainte et beaucoup de souffrance. La guerre ne profite \u00e0 personne; elle ne produit que destruction, blessures, mort et pleurs.<\/span><\/i><\/p>\n<p><i><span style=\"font-weight: 400;\">En ce grave moment, j\u2019appelle avec insistance tous les croyants adventistes en Cor\u00e9e et autour du monde \u00e0 s\u2019unir en pri\u00e8re pour ce qui suit\u00a0:\u00a0<\/span><\/i><\/p>\n<ol>\n<li><b><i>Priez pour que Dieu mette un terme rapide \u00e0 ce conflit<\/i><\/b><i><span style=\"font-weight: 400;\">, et pour que les habitants du Pakistan et de l\u2019Inde trouvent la paix et le calme dans leur c\u0153ur.<\/span><\/i><\/li>\n<li style=\"font-weight: 400;\" aria-level=\"1\"><b><i>\u00c9levez en pri\u00e8re nos membres adventistes du septi\u00e8me jour de la r\u00e9gion<\/i><\/b><i><span style=\"font-weight: 400;\"> afin qu\u2019ils puissent s\u2019accrocher \u00e0 leur foi et \u00eatre prot\u00e9g\u00e9s du danger. Puisse Dieu les r\u00e9conforter et les entourer de sa divine protection.<\/span><\/i><\/li>\n<li style=\"font-weight: 400;\" aria-level=\"1\"><b><i>N\u2019oubliez pas, dans vos pri\u00e8res, les missionnaires en service dans la r\u00e9gion<\/i><\/b><i><span style=\"font-weight: 400;\">, les pasteurs et les employ\u00e9s dans nos \u00e9tablissements ainsi que les \u00e9l\u00e8ves et \u00e9tudiants dans nos \u00e9coles, afin qu\u2019ils demeurent en s\u00e9curit\u00e9 sous le regard de Dieu.<\/span><\/i><\/li>\n<\/ol>\n<p><i><span style=\"font-weight: 400;\">Le temps est venu pour nous d\u2019\u00e9lever nos pri\u00e8res collectives afin que J\u00e9sus-Christ, le Prince de la paix, touche le c\u0153ur des dirigeants des deux nations et qu\u2019il ouvre la voie vers une r\u00e9elle r\u00e9conciliation et une paix durable.<\/span><\/i><\/p>\n<p><i><span style=\"font-weight: 400;\">De tout mon c\u0153ur, je crois que nos pri\u00e8res unies deviendront un instrument puissant pour l\u2019\u0153uvre miraculeuse de Dieu dans ce pays. Encore une fois, je demande avec insistance \u00e0 la famille adventiste du monde de prier sinc\u00e8rement pour cette grave situation.<\/span><\/i><\/p>\n<p><i><span style=\"font-weight: 400;\">Merci.<\/span><\/i><\/p>\n<p><i><span style=\"font-weight: 400;\">Cordialement,<\/span><\/i><\/p>\n<p><i><span style=\"font-weight: 400;\">Kim YoHan<\/span><\/i><\/p>\n<p><i><span style=\"font-weight: 400;\">Pr\u00e9sident, Division du nord de l\u2019Asie et du Pacifique<\/span><\/i><\/p>\n<p><i><span style=\"font-weight: 400;\">La <\/span><\/i><a href=\"https:\/\/www.nsdadventist.org\/nsd-mobilizes-emergency-response-amid-india-pakistan-conflict\/\"><i><span style=\"font-weight: 400;\">version originale<\/span><\/i><\/a><i><span style=\"font-weight: 400;\"> de cet article a \u00e9t\u00e9 publi\u00e9e sur le <\/span><\/i><a href=\"https:\/\/www.nsdadventist.org\/\"><i><span style=\"font-weight: 400;\">site des actualit\u00e9s<\/span><\/i><\/a><i><span style=\"font-weight: 400;\"> de la Division du nord de l\u2019Asie et du Pacifique.<\/span><\/i><\/p>\n<p><span style=\"font-weight: 400;\">Traduction\u00a0: Marie-Mich\u00e8le Robitaille<\/span><\/p>\n","protected":false},"excerpt":{"rendered":"<p>Le pr\u00e9sident de l\u2019\u00c9glise r\u00e9gionale appelle les membres du monde entier \u00e0 prier pour la paix. Le 12 mai 2025 | Division du nord de l\u2019Asie et du Pacifique et&#8230;<\/p>\n","protected":false},"author":3,"featured_media":128405,"comment_status":"closed","ping_status":"closed","sticky":false,"template":"","format":"standard","meta":{"_acf_changed":false,"footnotes":""},"categories":[18,19],"tags":[],"class_list":["post-128568","post","type-post","status-publish","format-standard","has-post-thumbnail","hentry","category-nouvelles-de-leglise-mondiale","category-rss-francais"],"acf":[],"yoast_head":"<!-- This site is optimized with the Yoast SEO plugin v27.3 - https:\/\/yoast.com\/product\/yoast-seo-wordpress\/ -->\n<title>Une intervention d\u2019urgence mise en place durant le conflit Inde-Pakistan - \u00c9glise Adventiste Du Septieme Jour - Inter Am\u00e9rique Division<\/title>\n<meta name=\"robots\" content=\"index, follow, max-snippet:-1, max-image-preview:large, max-video-preview:-1\" \/>\n<link rel=\"canonical\" href=\"https:\/\/interamerica.org\/fr\/2025\/05\/une-intervention-durgence-mise-en-place-durant-le-conflit-inde-pakistan\/\" \/>\n<meta property=\"og:locale\" content=\"fr_FR\" \/>\n<meta property=\"og:type\" content=\"article\" \/>\n<meta property=\"og:title\" content=\"Une intervention d\u2019urgence mise en place durant le conflit Inde-Pakistan - \u00c9glise Adventiste Du Septieme Jour - Inter Am\u00e9rique Division\" \/>\n<meta property=\"og:description\" content=\"Le pr\u00e9sident de l\u2019\u00c9glise r\u00e9gionale appelle les membres du monde entier \u00e0 prier pour la paix. Le 12 mai 2025 | Division du nord de l\u2019Asie et du Pacifique et...\" \/>\n<meta property=\"og:url\" content=\"https:\/\/interamerica.org\/fr\/2025\/05\/une-intervention-durgence-mise-en-place-durant-le-conflit-inde-pakistan\/\" \/>\n<meta property=\"og:site_name\" content=\"\u00c9glise Adventiste Du Septieme Jour - Inter Am\u00e9rique Division\" \/>\n<meta property=\"article:published_time\" content=\"2025-05-14T03:59:14+00:00\" \/>\n<meta property=\"article:modified_time\" content=\"2025-05-16T13:37:21+00:00\" \/>\n<meta property=\"og:image\" content=\"https:\/\/interamerica.org\/wp-content\/uploads\/2025\/05\/nsd-2-2.jpg\" \/>\n\t<meta property=\"og:image:width\" content=\"1920\" \/>\n\t<meta property=\"og:image:height\" content=\"1080\" \/>\n\t<meta property=\"og:image:type\" content=\"image\/jpeg\" \/>\n<meta name=\"author\" content=\"libna\" \/>\n<meta name=\"twitter:card\" content=\"summary_large_image\" \/>\n<meta name=\"twitter:label1\" content=\"\u00c9crit par\" \/>\n\t<meta name=\"twitter:data1\" content=\"libna\" \/>\n\t<meta name=\"twitter:label2\" content=\"Dur\u00e9e de lecture estim\u00e9e\" \/>\n\t<meta name=\"twitter:data2\" content=\"6 minutes\" \/>\n<script type=\"application\/ld+json\" class=\"yoast-schema-graph\">{\"@context\":\"https:\\\/\\\/schema.org\",\"@graph\":[{\"@type\":\"Article\",\"@id\":\"https:\\\/\\\/interamerica.org\\\/fr\\\/2025\\\/05\\\/une-intervention-durgence-mise-en-place-durant-le-conflit-inde-pakistan\\\/#article\",\"isPartOf\":{\"@id\":\"https:\\\/\\\/interamerica.org\\\/fr\\\/2025\\\/05\\\/une-intervention-durgence-mise-en-place-durant-le-conflit-inde-pakistan\\\/\"},\"author\":{\"name\":\"libna\",\"@id\":\"https:\\\/\\\/interamerica.org\\\/fr\\\/#\\\/schema\\\/person\\\/29998f2bc2d8bd0d38662909289b54f1\"},\"headline\":\"Une intervention d\u2019urgence mise en place durant le conflit Inde-Pakistan\",\"datePublished\":\"2025-05-14T03:59:14+00:00\",\"dateModified\":\"2025-05-16T13:37:21+00:00\",\"mainEntityOfPage\":{\"@id\":\"https:\\\/\\\/interamerica.org\\\/fr\\\/2025\\\/05\\\/une-intervention-durgence-mise-en-place-durant-le-conflit-inde-pakistan\\\/\"},\"wordCount\":1374,\"image\":{\"@id\":\"https:\\\/\\\/interamerica.org\\\/fr\\\/2025\\\/05\\\/une-intervention-durgence-mise-en-place-durant-le-conflit-inde-pakistan\\\/#primaryimage\"},\"thumbnailUrl\":\"https:\\\/\\\/interamerica.org\\\/wp-content\\\/uploads\\\/2025\\\/05\\\/nsd-2-2.jpg\",\"articleSection\":[\"Nouvelles de l'\u00c9glise mondiale\",\"RSS Fran\u00e7ais\"],\"inLanguage\":\"fr-FR\"},{\"@type\":\"WebPage\",\"@id\":\"https:\\\/\\\/interamerica.org\\\/fr\\\/2025\\\/05\\\/une-intervention-durgence-mise-en-place-durant-le-conflit-inde-pakistan\\\/\",\"url\":\"https:\\\/\\\/interamerica.org\\\/fr\\\/2025\\\/05\\\/une-intervention-durgence-mise-en-place-durant-le-conflit-inde-pakistan\\\/\",\"name\":\"Une intervention d\u2019urgence mise en place durant le conflit Inde-Pakistan - \u00c9glise Adventiste Du Septieme Jour - Inter Am\u00e9rique Division\",\"isPartOf\":{\"@id\":\"https:\\\/\\\/interamerica.org\\\/fr\\\/#website\"},\"primaryImageOfPage\":{\"@id\":\"https:\\\/\\\/interamerica.org\\\/fr\\\/2025\\\/05\\\/une-intervention-durgence-mise-en-place-durant-le-conflit-inde-pakistan\\\/#primaryimage\"},\"image\":{\"@id\":\"https:\\\/\\\/interamerica.org\\\/fr\\\/2025\\\/05\\\/une-intervention-durgence-mise-en-place-durant-le-conflit-inde-pakistan\\\/#primaryimage\"},\"thumbnailUrl\":\"https:\\\/\\\/interamerica.org\\\/wp-content\\\/uploads\\\/2025\\\/05\\\/nsd-2-2.jpg\",\"datePublished\":\"2025-05-14T03:59:14+00:00\",\"dateModified\":\"2025-05-16T13:37:21+00:00\",\"author\":{\"@id\":\"https:\\\/\\\/interamerica.org\\\/fr\\\/#\\\/schema\\\/person\\\/29998f2bc2d8bd0d38662909289b54f1\"},\"breadcrumb\":{\"@id\":\"https:\\\/\\\/interamerica.org\\\/fr\\\/2025\\\/05\\\/une-intervention-durgence-mise-en-place-durant-le-conflit-inde-pakistan\\\/#breadcrumb\"},\"inLanguage\":\"fr-FR\",\"potentialAction\":[{\"@type\":\"ReadAction\",\"target\":[\"https:\\\/\\\/interamerica.org\\\/fr\\\/2025\\\/05\\\/une-intervention-durgence-mise-en-place-durant-le-conflit-inde-pakistan\\\/\"]}]},{\"@type\":\"ImageObject\",\"inLanguage\":\"fr-FR\",\"@id\":\"https:\\\/\\\/interamerica.org\\\/fr\\\/2025\\\/05\\\/une-intervention-durgence-mise-en-place-durant-le-conflit-inde-pakistan\\\/#primaryimage\",\"url\":\"https:\\\/\\\/interamerica.org\\\/wp-content\\\/uploads\\\/2025\\\/05\\\/nsd-2-2.jpg\",\"contentUrl\":\"https:\\\/\\\/interamerica.org\\\/wp-content\\\/uploads\\\/2025\\\/05\\\/nsd-2-2.jpg\",\"width\":1920,\"height\":1080,\"caption\":\"Headquarters of the Northern Asia-Pacific Division in South Korea. [Photo: Northern Asia-Pacific Division]\"},{\"@type\":\"BreadcrumbList\",\"@id\":\"https:\\\/\\\/interamerica.org\\\/fr\\\/2025\\\/05\\\/une-intervention-durgence-mise-en-place-durant-le-conflit-inde-pakistan\\\/#breadcrumb\",\"itemListElement\":[{\"@type\":\"ListItem\",\"position\":1,\"name\":\"Home\",\"item\":\"https:\\\/\\\/interamerica.org\\\/fr\\\/\"},{\"@type\":\"ListItem\",\"position\":2,\"name\":\"Une intervention d\u2019urgence mise en place durant le conflit Inde-Pakistan\"}]},{\"@type\":\"WebSite\",\"@id\":\"https:\\\/\\\/interamerica.org\\\/fr\\\/#website\",\"url\":\"https:\\\/\\\/interamerica.org\\\/fr\\\/\",\"name\":\"\u00c9glise Adventiste Du Septieme Jour - Inter Am\u00e9rique Division\",\"description\":\"\",\"potentialAction\":[{\"@type\":\"SearchAction\",\"target\":{\"@type\":\"EntryPoint\",\"urlTemplate\":\"https:\\\/\\\/interamerica.org\\\/fr\\\/?s={search_term_string}\"},\"query-input\":{\"@type\":\"PropertyValueSpecification\",\"valueRequired\":true,\"valueName\":\"search_term_string\"}}],\"inLanguage\":\"fr-FR\"},{\"@type\":\"Person\",\"@id\":\"https:\\\/\\\/interamerica.org\\\/fr\\\/#\\\/schema\\\/person\\\/29998f2bc2d8bd0d38662909289b54f1\",\"name\":\"libna\",\"image\":{\"@type\":\"ImageObject\",\"inLanguage\":\"fr-FR\",\"@id\":\"https:\\\/\\\/secure.gravatar.com\\\/avatar\\\/7c5bd30ae4b47a9ba3c856590957fd1d96dc588bf3ac05719d247e126840331f?s=96&d=mm&r=g\",\"url\":\"https:\\\/\\\/secure.gravatar.com\\\/avatar\\\/7c5bd30ae4b47a9ba3c856590957fd1d96dc588bf3ac05719d247e126840331f?s=96&d=mm&r=g\",\"contentUrl\":\"https:\\\/\\\/secure.gravatar.com\\\/avatar\\\/7c5bd30ae4b47a9ba3c856590957fd1d96dc588bf3ac05719d247e126840331f?s=96&d=mm&r=g\",\"caption\":\"libna\"}}]}<\/script>\n<!-- \/ Yoast SEO plugin. -->","yoast_head_json":{"title":"Une intervention d\u2019urgence mise en place durant le conflit Inde-Pakistan - \u00c9glise Adventiste Du Septieme Jour - Inter Am\u00e9rique Division","robots":{"index":"index","follow":"follow","max-snippet":"max-snippet:-1","max-image-preview":"max-image-preview:large","max-video-preview":"max-video-preview:-1"},"canonical":"https:\/\/interamerica.org\/fr\/2025\/05\/une-intervention-durgence-mise-en-place-durant-le-conflit-inde-pakistan\/","og_locale":"fr_FR","og_type":"article","og_title":"Une intervention d\u2019urgence mise en place durant le conflit Inde-Pakistan - \u00c9glise Adventiste Du Septieme Jour - Inter Am\u00e9rique Division","og_description":"Le pr\u00e9sident de l\u2019\u00c9glise r\u00e9gionale appelle les membres du monde entier \u00e0 prier pour la paix. Le 12 mai 2025 | Division du nord de l\u2019Asie et du Pacifique et...","og_url":"https:\/\/interamerica.org\/fr\/2025\/05\/une-intervention-durgence-mise-en-place-durant-le-conflit-inde-pakistan\/","og_site_name":"\u00c9glise Adventiste Du Septieme Jour - Inter Am\u00e9rique Division","article_published_time":"2025-05-14T03:59:14+00:00","article_modified_time":"2025-05-16T13:37:21+00:00","og_image":[{"width":1920,"height":1080,"url":"https:\/\/interamerica.org\/wp-content\/uploads\/2025\/05\/nsd-2-2.jpg","type":"image\/jpeg"}],"author":"libna","twitter_card":"summary_large_image","twitter_misc":{"\u00c9crit par":"libna","Dur\u00e9e de lecture estim\u00e9e":"6 minutes"},"schema":{"@context":"https:\/\/schema.org","@graph":[{"@type":"Article","@id":"https:\/\/interamerica.org\/fr\/2025\/05\/une-intervention-durgence-mise-en-place-durant-le-conflit-inde-pakistan\/#article","isPartOf":{"@id":"https:\/\/interamerica.org\/fr\/2025\/05\/une-intervention-durgence-mise-en-place-durant-le-conflit-inde-pakistan\/"},"author":{"name":"libna","@id":"https:\/\/interamerica.org\/fr\/#\/schema\/person\/29998f2bc2d8bd0d38662909289b54f1"},"headline":"Une intervention d\u2019urgence mise en place durant le conflit Inde-Pakistan","datePublished":"2025-05-14T03:59:14+00:00","dateModified":"2025-05-16T13:37:21+00:00","mainEntityOfPage":{"@id":"https:\/\/interamerica.org\/fr\/2025\/05\/une-intervention-durgence-mise-en-place-durant-le-conflit-inde-pakistan\/"},"wordCount":1374,"image":{"@id":"https:\/\/interamerica.org\/fr\/2025\/05\/une-intervention-durgence-mise-en-place-durant-le-conflit-inde-pakistan\/#primaryimage"},"thumbnailUrl":"https:\/\/interamerica.org\/wp-content\/uploads\/2025\/05\/nsd-2-2.jpg","articleSection":["Nouvelles de l'\u00c9glise mondiale","RSS Fran\u00e7ais"],"inLanguage":"fr-FR"},{"@type":"WebPage","@id":"https:\/\/interamerica.org\/fr\/2025\/05\/une-intervention-durgence-mise-en-place-durant-le-conflit-inde-pakistan\/","url":"https:\/\/interamerica.org\/fr\/2025\/05\/une-intervention-durgence-mise-en-place-durant-le-conflit-inde-pakistan\/","name":"Une intervention d\u2019urgence mise en place durant le conflit Inde-Pakistan - \u00c9glise Adventiste Du Septieme Jour - Inter Am\u00e9rique Division","isPartOf":{"@id":"https:\/\/interamerica.org\/fr\/#website"},"primaryImageOfPage":{"@id":"https:\/\/interamerica.org\/fr\/2025\/05\/une-intervention-durgence-mise-en-place-durant-le-conflit-inde-pakistan\/#primaryimage"},"image":{"@id":"https:\/\/interamerica.org\/fr\/2025\/05\/une-intervention-durgence-mise-en-place-durant-le-conflit-inde-pakistan\/#primaryimage"},"thumbnailUrl":"https:\/\/interamerica.org\/wp-content\/uploads\/2025\/05\/nsd-2-2.jpg","datePublished":"2025-05-14T03:59:14+00:00","dateModified":"2025-05-16T13:37:21+00:00","author":{"@id":"https:\/\/interamerica.org\/fr\/#\/schema\/person\/29998f2bc2d8bd0d38662909289b54f1"},"breadcrumb":{"@id":"https:\/\/interamerica.org\/fr\/2025\/05\/une-intervention-durgence-mise-en-place-durant-le-conflit-inde-pakistan\/#breadcrumb"},"inLanguage":"fr-FR","potentialAction":[{"@type":"ReadAction","target":["https:\/\/interamerica.org\/fr\/2025\/05\/une-intervention-durgence-mise-en-place-durant-le-conflit-inde-pakistan\/"]}]},{"@type":"ImageObject","inLanguage":"fr-FR","@id":"https:\/\/interamerica.org\/fr\/2025\/05\/une-intervention-durgence-mise-en-place-durant-le-conflit-inde-pakistan\/#primaryimage","url":"https:\/\/interamerica.org\/wp-content\/uploads\/2025\/05\/nsd-2-2.jpg","contentUrl":"https:\/\/interamerica.org\/wp-content\/uploads\/2025\/05\/nsd-2-2.jpg","width":1920,"height":1080,"caption":"Headquarters of the Northern Asia-Pacific Division in South Korea. [Photo: Northern Asia-Pacific Division]"},{"@type":"BreadcrumbList","@id":"https:\/\/interamerica.org\/fr\/2025\/05\/une-intervention-durgence-mise-en-place-durant-le-conflit-inde-pakistan\/#breadcrumb","itemListElement":[{"@type":"ListItem","position":1,"name":"Home","item":"https:\/\/interamerica.org\/fr\/"},{"@type":"ListItem","position":2,"name":"Une intervention d\u2019urgence mise en place durant le conflit Inde-Pakistan"}]},{"@type":"WebSite","@id":"https:\/\/interamerica.org\/fr\/#website","url":"https:\/\/interamerica.org\/fr\/","name":"\u00c9glise Adventiste Du Septieme Jour - Inter Am\u00e9rique Division","description":"","potentialAction":[{"@type":"SearchAction","target":{"@type":"EntryPoint","urlTemplate":"https:\/\/interamerica.org\/fr\/?s={search_term_string}"},"query-input":{"@type":"PropertyValueSpecification","valueRequired":true,"valueName":"search_term_string"}}],"inLanguage":"fr-FR"},{"@type":"Person","@id":"https:\/\/interamerica.org\/fr\/#\/schema\/person\/29998f2bc2d8bd0d38662909289b54f1","name":"libna","image":{"@type":"ImageObject","inLanguage":"fr-FR","@id":"https:\/\/secure.gravatar.com\/avatar\/7c5bd30ae4b47a9ba3c856590957fd1d96dc588bf3ac05719d247e126840331f?s=96&d=mm&r=g","url":"https:\/\/secure.gravatar.com\/avatar\/7c5bd30ae4b47a9ba3c856590957fd1d96dc588bf3ac05719d247e126840331f?s=96&d=mm&r=g","contentUrl":"https:\/\/secure.gravatar.com\/avatar\/7c5bd30ae4b47a9ba3c856590957fd1d96dc588bf3ac05719d247e126840331f?s=96&d=mm&r=g","caption":"libna"}}]}},"_links":{"self":[{"href":"https:\/\/interamerica.org\/fr\/wp-json\/wp\/v2\/posts\/128568","targetHints":{"allow":["GET"]}}],"collection":[{"href":"https:\/\/interamerica.org\/fr\/wp-json\/wp\/v2\/posts"}],"about":[{"href":"https:\/\/interamerica.org\/fr\/wp-json\/wp\/v2\/types\/post"}],"author":[{"embeddable":true,"href":"https:\/\/interamerica.org\/fr\/wp-json\/wp\/v2\/users\/3"}],"replies":[{"embeddable":true,"href":"https:\/\/interamerica.org\/fr\/wp-json\/wp\/v2\/comments?post=128568"}],"version-history":[{"count":0,"href":"https:\/\/interamerica.org\/fr\/wp-json\/wp\/v2\/posts\/128568\/revisions"}],"wp:featuredmedia":[{"embeddable":true,"href":"https:\/\/interamerica.org\/fr\/wp-json\/wp\/v2\/media\/128405"}],"wp:attachment":[{"href":"https:\/\/interamerica.org\/fr\/wp-json\/wp\/v2\/media?parent=128568"}],"wp:term":[{"taxonomy":"category","embeddable":true,"href":"https:\/\/interamerica.org\/fr\/wp-json\/wp\/v2\/categories?post=128568"},{"taxonomy":"post_tag","embeddable":true,"href":"https:\/\/interamerica.org\/fr\/wp-json\/wp\/v2\/tags?post=128568"}],"curies":[{"name":"wp","href":"https:\/\/api.w.org\/{rel}","templated":true}]}}