{"id":12877,"date":"2007-12-11T00:00:00","date_gmt":"2007-12-11T04:00:00","guid":{"rendered":"http:\/\/192.81.217.108\/interamerica\/2007\/12\/linter-amerique-une-offrande-speciale-en-faveur-des-membres-deglise-laisses-sans-foyer-dans-le-sud-du-mexique\/"},"modified":"2017-06-02T13:13:02","modified_gmt":"2017-06-02T17:13:02","slug":"linter-amerique-une-offrande-speciale-en-faveur-des-membres-deglise-laisses-sans-foyer-dans-le-sud-du-mexique","status":"publish","type":"post","link":"https:\/\/interamerica.org\/fr\/2007\/12\/linter-amerique-une-offrande-speciale-en-faveur-des-membres-deglise-laisses-sans-foyer-dans-le-sud-du-mexique\/","title":{"rendered":"L&rsquo;Inter-Am\u00e9rique : Une offrande sp\u00e9ciale en faveur des membres d&rsquo;\u00e9glise laiss\u00e9s sans foyer dans le Sud du Mexique"},"content":{"rendered":"<\/p>\n<p>11 d\u00e9cembre 2007 &#8211; Miami, Floride&#8230; [Libna Stevens\/IAD] <\/p>\n<p>Le 22 d\u00e9cembre, les membres des \u00c9glises Adventistes du Septi\u00e8me Jour du territoire de l&#39;inter-Am\u00e9rique recueilleront une offrande sp\u00e9ciale pour venir en aide \u00e0 ces milliers de membres d&#39;\u00c9glise dans le Mexique Sud, s\u00e9v\u00e8rement affect\u00e9s par la Temp\u00eate Tropicale No\u00ebl et les inondations du mois dernier. La temp\u00eate a durement frapp\u00e9 le Nord du Chiapas et Tabasco, en tuant 18 membres et en laissant 20,000 d&#39;entre eux sans foyer. <\/p>\n<p>\u00ab\u00a0Nos membres d&#39;\u00e9glise n&#39;avaient jamais subi de d\u00e9sastre sur une telle \u00e9chelle,\u00a0\u00bb a dit pasteur Isra\u00ebl Le\u00efto, pr\u00e9sident de l&#39;\u00e9glise en Inter-Am\u00e9rique. \u00ab\u00a0\u00c7\u00e0 a \u00e9t\u00e9 un ravage pour le public en g\u00e9n\u00e9ral, mais sp\u00e9cialement en ce qui concerne nos membres, quelque chose de ce genre ne s&#39;\u00e9tait jamais produit en aucun endroit dans cette division, de m\u00e9moire r\u00e9cente.\u00a0\u00bb <\/p>\n<p>Selon pasteur Le\u00efto, des fonds ont \u00e9t\u00e9 envoy\u00e9s pour aider les membres d&#39;\u00c9glise, \u00ab\u00a0mais ce n&#39;est rien face \u00e0 ce dont l&#39;\u00e9glise a besoin \u00e0 Tabasco,\u00a0\u00bb ajoute-t-il. Cela a incit\u00e9 la direction de l&#39;\u00e9glise \u00e0 faire appel \u00e0 toute l&#39;Inter-Am\u00e9rique et \u00e0 choisir le 22 d\u00e9cembre comme un Jour de Solidarit\u00e9 en Inter-Am\u00e9rique o\u00f9 des milliers de membres pourront venir en aide \u00e0 leurs fr\u00e8res et s\u0153urs de l&#39;autre cot\u00e9 des fronti\u00e8res avec leurs dons mon\u00e9taires. <\/p>\n<p>\u00ab\u00a0Si nous pouvions recueillir au moins un million de dollars ce jour-l\u00e0, ce serait magnifique,\u00a0\u00bb dit pasteur Le\u00efto. En un Sabbat donn\u00e9, les \u00e9glises \u00e0 travers l&#39;Inter-Am\u00e9rique ensemble, recueillent ce montant, selon les statistiques eccl\u00e9siales. Ainsi les dirigeants sont confiants que l&#39;\u00e9glise b\u00e9n\u00e9vole de l&#39;Inter-Am\u00e9rique sera motiv\u00e9e pour venir en aide \u00e0 ceux-l\u00e0 qui ont \u00e9t\u00e9 affect\u00e9s dans le Sud du Mexique. <\/p>\n<p>\u00ab\u00a0Nous sommes tr\u00e8s pr\u00e9occup\u00e9s pour nos membres,\u00a0\u00bb dit pasteur Le\u00efto. \u00ab\u00a0Le gouvernement les a relog\u00e9s avec l&#39;ensemble de la population et ils sont dans des camps de r\u00e9fugi\u00e9s, mais nous voudrions les aider \u00e0 se remettre sur leurs pieds et \u00e0 ne pas devenir des r\u00e9fugi\u00e9s perp\u00e9tuels.\u00a0\u00bb <\/p>\n<p>L&#39;Agence Adventiste d&#39;Aide et de D\u00e9veloppement (ADRA) au Mexique a aid\u00e9 des victimes, tant adventistes que non-adventistes, dans la r\u00e9gion et recherche des fonds gouvernementaux pour fournir de l&#39;aide \u00e0 autant de personnes que possible. Cependant, les dirigeants de l&#39;\u00e9glise veulent r\u00e9server le montant de cette offrande sp\u00e9cialement pour les membres frapp\u00e9s par la temp\u00eate. <\/p>\n<p><object  classid=\"clsid:D27CDB6E-AE6D-11cf-96B8-444553540000\" codebase=\"http:\/\/download.macromedia.com\/pub\/shockwave\/cabs\/flash\/swflash.cab#version=6,0,29,0\" width=\"425\" height=\"355\">\t<\/p>\n<p>\n<p><p>\t<embed  src=\"http:\/\/www.youtube.com\/v\/e-94jBTUR7U&#038;rel=1\" wmode=\"\" quality=\"high\" menu=\"false\" pluginspage=\"http:\/\/www.macromedia.com\/go\/getflashplayer\" type=\"application\/x-shockwave-flash\" width=\"425\" height=\"355\"><\/embed ><\/object ><\/p>\n<p>Si vous voulez aider les membres affect\u00e9s dans cette r\u00e9gion de Tabasco et de Chiapas, contactez votre \u00e9glise locale, votre mission\/f\u00e9d\u00e9ration\/union ou appelez la Tr\u00e9sorerie du bureau de la Division interam\u00e9ricaine au 305.403.4700. <\/p>\n","protected":false},"excerpt":{"rendered":"<p>Le 22 d\u00e9cembre, les membres des \u00c9glises Adventistes du Septi\u00e8me Jour du territoire de l&rsquo;inter-Am\u00e9rique recueilleront une offrande sp\u00e9ciale pour venir en aide \u00e0 ces milliers de membres d&rsquo;\u00c9glise dan<\/p>\n","protected":false},"author":1,"featured_media":0,"comment_status":"closed","ping_status":"closed","sticky":false,"template":"","format":"standard","meta":{"_acf_changed":false,"footnotes":""},"categories":[9],"tags":[],"class_list":["post-12877","post","type-post","status-publish","format-standard","hentry","category-archive-fr"],"acf":[],"yoast_head":"<!-- This site is optimized with the Yoast SEO plugin v27.3 - https:\/\/yoast.com\/product\/yoast-seo-wordpress\/ -->\n<title>L&#039;Inter-Am\u00e9rique : Une offrande sp\u00e9ciale en faveur des membres d&#039;\u00e9glise laiss\u00e9s sans foyer dans le Sud du Mexique - \u00c9glise Adventiste Du Septieme Jour - Inter Am\u00e9rique Division<\/title>\n<meta name=\"robots\" content=\"index, follow, max-snippet:-1, max-image-preview:large, max-video-preview:-1\" \/>\n<link rel=\"canonical\" href=\"https:\/\/interamerica.org\/fr\/2007\/12\/linter-amerique-une-offrande-speciale-en-faveur-des-membres-deglise-laisses-sans-foyer-dans-le-sud-du-mexique\/\" \/>\n<meta property=\"og:locale\" content=\"fr_FR\" \/>\n<meta property=\"og:type\" content=\"article\" \/>\n<meta property=\"og:title\" content=\"L&#039;Inter-Am\u00e9rique : Une offrande sp\u00e9ciale en faveur des membres d&#039;\u00e9glise laiss\u00e9s sans foyer dans le Sud du Mexique - \u00c9glise Adventiste Du Septieme Jour - Inter Am\u00e9rique Division\" \/>\n<meta property=\"og:description\" content=\"Le 22 d\u00e9cembre, les membres des \u00c9glises Adventistes du Septi\u00e8me Jour du territoire de l&#039;inter-Am\u00e9rique recueilleront une offrande sp\u00e9ciale pour venir en aide \u00e0 ces milliers de membres d&#039;\u00c9glise dan\" \/>\n<meta property=\"og:url\" content=\"https:\/\/interamerica.org\/fr\/2007\/12\/linter-amerique-une-offrande-speciale-en-faveur-des-membres-deglise-laisses-sans-foyer-dans-le-sud-du-mexique\/\" \/>\n<meta property=\"og:site_name\" content=\"\u00c9glise Adventiste Du Septieme Jour - Inter Am\u00e9rique Division\" \/>\n<meta property=\"article:published_time\" content=\"2007-12-11T04:00:00+00:00\" \/>\n<meta property=\"article:modified_time\" content=\"2017-06-02T17:13:02+00:00\" \/>\n<meta name=\"author\" content=\"Lorenzo Verduzco\" \/>\n<meta name=\"twitter:card\" content=\"summary_large_image\" \/>\n<meta name=\"twitter:label1\" content=\"\u00c9crit par\" \/>\n\t<meta name=\"twitter:data1\" content=\"Lorenzo Verduzco\" \/>\n\t<meta name=\"twitter:label2\" content=\"Dur\u00e9e de lecture estim\u00e9e\" \/>\n\t<meta name=\"twitter:data2\" content=\"2 minutes\" \/>\n<script type=\"application\/ld+json\" class=\"yoast-schema-graph\">{\"@context\":\"https:\\\/\\\/schema.org\",\"@graph\":[{\"@type\":\"Article\",\"@id\":\"https:\\\/\\\/interamerica.org\\\/fr\\\/2007\\\/12\\\/linter-amerique-une-offrande-speciale-en-faveur-des-membres-deglise-laisses-sans-foyer-dans-le-sud-du-mexique\\\/#article\",\"isPartOf\":{\"@id\":\"https:\\\/\\\/interamerica.org\\\/fr\\\/2007\\\/12\\\/linter-amerique-une-offrande-speciale-en-faveur-des-membres-deglise-laisses-sans-foyer-dans-le-sud-du-mexique\\\/\"},\"author\":{\"name\":\"Lorenzo Verduzco\",\"@id\":\"https:\\\/\\\/interamerica.org\\\/fr\\\/#\\\/schema\\\/person\\\/68ede8bdc292885bb76c1e3810e73c39\"},\"headline\":\"L&rsquo;Inter-Am\u00e9rique : Une offrande sp\u00e9ciale en faveur des membres d&rsquo;\u00e9glise laiss\u00e9s sans foyer dans le Sud du Mexique\",\"datePublished\":\"2007-12-11T04:00:00+00:00\",\"dateModified\":\"2017-06-02T17:13:02+00:00\",\"mainEntityOfPage\":{\"@id\":\"https:\\\/\\\/interamerica.org\\\/fr\\\/2007\\\/12\\\/linter-amerique-une-offrande-speciale-en-faveur-des-membres-deglise-laisses-sans-foyer-dans-le-sud-du-mexique\\\/\"},\"wordCount\":494,\"articleSection\":[\"Archive\"],\"inLanguage\":\"fr-FR\"},{\"@type\":\"WebPage\",\"@id\":\"https:\\\/\\\/interamerica.org\\\/fr\\\/2007\\\/12\\\/linter-amerique-une-offrande-speciale-en-faveur-des-membres-deglise-laisses-sans-foyer-dans-le-sud-du-mexique\\\/\",\"url\":\"https:\\\/\\\/interamerica.org\\\/fr\\\/2007\\\/12\\\/linter-amerique-une-offrande-speciale-en-faveur-des-membres-deglise-laisses-sans-foyer-dans-le-sud-du-mexique\\\/\",\"name\":\"L'Inter-Am\u00e9rique : Une offrande sp\u00e9ciale en faveur des membres d'\u00e9glise laiss\u00e9s sans foyer dans le Sud du Mexique - \u00c9glise Adventiste Du Septieme Jour - Inter Am\u00e9rique Division\",\"isPartOf\":{\"@id\":\"https:\\\/\\\/interamerica.org\\\/fr\\\/#website\"},\"datePublished\":\"2007-12-11T04:00:00+00:00\",\"dateModified\":\"2017-06-02T17:13:02+00:00\",\"author\":{\"@id\":\"https:\\\/\\\/interamerica.org\\\/fr\\\/#\\\/schema\\\/person\\\/68ede8bdc292885bb76c1e3810e73c39\"},\"breadcrumb\":{\"@id\":\"https:\\\/\\\/interamerica.org\\\/fr\\\/2007\\\/12\\\/linter-amerique-une-offrande-speciale-en-faveur-des-membres-deglise-laisses-sans-foyer-dans-le-sud-du-mexique\\\/#breadcrumb\"},\"inLanguage\":\"fr-FR\",\"potentialAction\":[{\"@type\":\"ReadAction\",\"target\":[\"https:\\\/\\\/interamerica.org\\\/fr\\\/2007\\\/12\\\/linter-amerique-une-offrande-speciale-en-faveur-des-membres-deglise-laisses-sans-foyer-dans-le-sud-du-mexique\\\/\"]}]},{\"@type\":\"BreadcrumbList\",\"@id\":\"https:\\\/\\\/interamerica.org\\\/fr\\\/2007\\\/12\\\/linter-amerique-une-offrande-speciale-en-faveur-des-membres-deglise-laisses-sans-foyer-dans-le-sud-du-mexique\\\/#breadcrumb\",\"itemListElement\":[{\"@type\":\"ListItem\",\"position\":1,\"name\":\"Home\",\"item\":\"https:\\\/\\\/interamerica.org\\\/fr\\\/\"},{\"@type\":\"ListItem\",\"position\":2,\"name\":\"L&rsquo;Inter-Am\u00e9rique : Une offrande sp\u00e9ciale en faveur des membres d&rsquo;\u00e9glise laiss\u00e9s sans foyer dans le Sud du Mexique\"}]},{\"@type\":\"WebSite\",\"@id\":\"https:\\\/\\\/interamerica.org\\\/fr\\\/#website\",\"url\":\"https:\\\/\\\/interamerica.org\\\/fr\\\/\",\"name\":\"\u00c9glise Adventiste Du Septieme Jour - Inter Am\u00e9rique Division\",\"description\":\"\",\"potentialAction\":[{\"@type\":\"SearchAction\",\"target\":{\"@type\":\"EntryPoint\",\"urlTemplate\":\"https:\\\/\\\/interamerica.org\\\/fr\\\/?s={search_term_string}\"},\"query-input\":{\"@type\":\"PropertyValueSpecification\",\"valueRequired\":true,\"valueName\":\"search_term_string\"}}],\"inLanguage\":\"fr-FR\"},{\"@type\":\"Person\",\"@id\":\"https:\\\/\\\/interamerica.org\\\/fr\\\/#\\\/schema\\\/person\\\/68ede8bdc292885bb76c1e3810e73c39\",\"name\":\"Lorenzo Verduzco\",\"image\":{\"@type\":\"ImageObject\",\"inLanguage\":\"fr-FR\",\"@id\":\"https:\\\/\\\/secure.gravatar.com\\\/avatar\\\/fb81a55b6218459490a9c1dc841a34909185b81904c5337b4b27f7a6fd60c49e?s=96&d=mm&r=g\",\"url\":\"https:\\\/\\\/secure.gravatar.com\\\/avatar\\\/fb81a55b6218459490a9c1dc841a34909185b81904c5337b4b27f7a6fd60c49e?s=96&d=mm&r=g\",\"contentUrl\":\"https:\\\/\\\/secure.gravatar.com\\\/avatar\\\/fb81a55b6218459490a9c1dc841a34909185b81904c5337b4b27f7a6fd60c49e?s=96&d=mm&r=g\",\"caption\":\"Lorenzo Verduzco\"}}]}<\/script>\n<!-- \/ Yoast SEO plugin. -->","yoast_head_json":{"title":"L'Inter-Am\u00e9rique : Une offrande sp\u00e9ciale en faveur des membres d'\u00e9glise laiss\u00e9s sans foyer dans le Sud du Mexique - \u00c9glise Adventiste Du Septieme Jour - Inter Am\u00e9rique Division","robots":{"index":"index","follow":"follow","max-snippet":"max-snippet:-1","max-image-preview":"max-image-preview:large","max-video-preview":"max-video-preview:-1"},"canonical":"https:\/\/interamerica.org\/fr\/2007\/12\/linter-amerique-une-offrande-speciale-en-faveur-des-membres-deglise-laisses-sans-foyer-dans-le-sud-du-mexique\/","og_locale":"fr_FR","og_type":"article","og_title":"L'Inter-Am\u00e9rique : Une offrande sp\u00e9ciale en faveur des membres d'\u00e9glise laiss\u00e9s sans foyer dans le Sud du Mexique - \u00c9glise Adventiste Du Septieme Jour - Inter Am\u00e9rique Division","og_description":"Le 22 d\u00e9cembre, les membres des \u00c9glises Adventistes du Septi\u00e8me Jour du territoire de l'inter-Am\u00e9rique recueilleront une offrande sp\u00e9ciale pour venir en aide \u00e0 ces milliers de membres d'\u00c9glise dan","og_url":"https:\/\/interamerica.org\/fr\/2007\/12\/linter-amerique-une-offrande-speciale-en-faveur-des-membres-deglise-laisses-sans-foyer-dans-le-sud-du-mexique\/","og_site_name":"\u00c9glise Adventiste Du Septieme Jour - Inter Am\u00e9rique Division","article_published_time":"2007-12-11T04:00:00+00:00","article_modified_time":"2017-06-02T17:13:02+00:00","author":"Lorenzo Verduzco","twitter_card":"summary_large_image","twitter_misc":{"\u00c9crit par":"Lorenzo Verduzco","Dur\u00e9e de lecture estim\u00e9e":"2 minutes"},"schema":{"@context":"https:\/\/schema.org","@graph":[{"@type":"Article","@id":"https:\/\/interamerica.org\/fr\/2007\/12\/linter-amerique-une-offrande-speciale-en-faveur-des-membres-deglise-laisses-sans-foyer-dans-le-sud-du-mexique\/#article","isPartOf":{"@id":"https:\/\/interamerica.org\/fr\/2007\/12\/linter-amerique-une-offrande-speciale-en-faveur-des-membres-deglise-laisses-sans-foyer-dans-le-sud-du-mexique\/"},"author":{"name":"Lorenzo Verduzco","@id":"https:\/\/interamerica.org\/fr\/#\/schema\/person\/68ede8bdc292885bb76c1e3810e73c39"},"headline":"L&rsquo;Inter-Am\u00e9rique : Une offrande sp\u00e9ciale en faveur des membres d&rsquo;\u00e9glise laiss\u00e9s sans foyer dans le Sud du Mexique","datePublished":"2007-12-11T04:00:00+00:00","dateModified":"2017-06-02T17:13:02+00:00","mainEntityOfPage":{"@id":"https:\/\/interamerica.org\/fr\/2007\/12\/linter-amerique-une-offrande-speciale-en-faveur-des-membres-deglise-laisses-sans-foyer-dans-le-sud-du-mexique\/"},"wordCount":494,"articleSection":["Archive"],"inLanguage":"fr-FR"},{"@type":"WebPage","@id":"https:\/\/interamerica.org\/fr\/2007\/12\/linter-amerique-une-offrande-speciale-en-faveur-des-membres-deglise-laisses-sans-foyer-dans-le-sud-du-mexique\/","url":"https:\/\/interamerica.org\/fr\/2007\/12\/linter-amerique-une-offrande-speciale-en-faveur-des-membres-deglise-laisses-sans-foyer-dans-le-sud-du-mexique\/","name":"L'Inter-Am\u00e9rique : Une offrande sp\u00e9ciale en faveur des membres d'\u00e9glise laiss\u00e9s sans foyer dans le Sud du Mexique - \u00c9glise Adventiste Du Septieme Jour - Inter Am\u00e9rique Division","isPartOf":{"@id":"https:\/\/interamerica.org\/fr\/#website"},"datePublished":"2007-12-11T04:00:00+00:00","dateModified":"2017-06-02T17:13:02+00:00","author":{"@id":"https:\/\/interamerica.org\/fr\/#\/schema\/person\/68ede8bdc292885bb76c1e3810e73c39"},"breadcrumb":{"@id":"https:\/\/interamerica.org\/fr\/2007\/12\/linter-amerique-une-offrande-speciale-en-faveur-des-membres-deglise-laisses-sans-foyer-dans-le-sud-du-mexique\/#breadcrumb"},"inLanguage":"fr-FR","potentialAction":[{"@type":"ReadAction","target":["https:\/\/interamerica.org\/fr\/2007\/12\/linter-amerique-une-offrande-speciale-en-faveur-des-membres-deglise-laisses-sans-foyer-dans-le-sud-du-mexique\/"]}]},{"@type":"BreadcrumbList","@id":"https:\/\/interamerica.org\/fr\/2007\/12\/linter-amerique-une-offrande-speciale-en-faveur-des-membres-deglise-laisses-sans-foyer-dans-le-sud-du-mexique\/#breadcrumb","itemListElement":[{"@type":"ListItem","position":1,"name":"Home","item":"https:\/\/interamerica.org\/fr\/"},{"@type":"ListItem","position":2,"name":"L&rsquo;Inter-Am\u00e9rique : Une offrande sp\u00e9ciale en faveur des membres d&rsquo;\u00e9glise laiss\u00e9s sans foyer dans le Sud du Mexique"}]},{"@type":"WebSite","@id":"https:\/\/interamerica.org\/fr\/#website","url":"https:\/\/interamerica.org\/fr\/","name":"\u00c9glise Adventiste Du Septieme Jour - Inter Am\u00e9rique Division","description":"","potentialAction":[{"@type":"SearchAction","target":{"@type":"EntryPoint","urlTemplate":"https:\/\/interamerica.org\/fr\/?s={search_term_string}"},"query-input":{"@type":"PropertyValueSpecification","valueRequired":true,"valueName":"search_term_string"}}],"inLanguage":"fr-FR"},{"@type":"Person","@id":"https:\/\/interamerica.org\/fr\/#\/schema\/person\/68ede8bdc292885bb76c1e3810e73c39","name":"Lorenzo Verduzco","image":{"@type":"ImageObject","inLanguage":"fr-FR","@id":"https:\/\/secure.gravatar.com\/avatar\/fb81a55b6218459490a9c1dc841a34909185b81904c5337b4b27f7a6fd60c49e?s=96&d=mm&r=g","url":"https:\/\/secure.gravatar.com\/avatar\/fb81a55b6218459490a9c1dc841a34909185b81904c5337b4b27f7a6fd60c49e?s=96&d=mm&r=g","contentUrl":"https:\/\/secure.gravatar.com\/avatar\/fb81a55b6218459490a9c1dc841a34909185b81904c5337b4b27f7a6fd60c49e?s=96&d=mm&r=g","caption":"Lorenzo Verduzco"}}]}},"_links":{"self":[{"href":"https:\/\/interamerica.org\/fr\/wp-json\/wp\/v2\/posts\/12877","targetHints":{"allow":["GET"]}}],"collection":[{"href":"https:\/\/interamerica.org\/fr\/wp-json\/wp\/v2\/posts"}],"about":[{"href":"https:\/\/interamerica.org\/fr\/wp-json\/wp\/v2\/types\/post"}],"author":[{"embeddable":true,"href":"https:\/\/interamerica.org\/fr\/wp-json\/wp\/v2\/users\/1"}],"replies":[{"embeddable":true,"href":"https:\/\/interamerica.org\/fr\/wp-json\/wp\/v2\/comments?post=12877"}],"version-history":[{"count":0,"href":"https:\/\/interamerica.org\/fr\/wp-json\/wp\/v2\/posts\/12877\/revisions"}],"wp:attachment":[{"href":"https:\/\/interamerica.org\/fr\/wp-json\/wp\/v2\/media?parent=12877"}],"wp:term":[{"taxonomy":"category","embeddable":true,"href":"https:\/\/interamerica.org\/fr\/wp-json\/wp\/v2\/categories?post=12877"},{"taxonomy":"post_tag","embeddable":true,"href":"https:\/\/interamerica.org\/fr\/wp-json\/wp\/v2\/tags?post=12877"}],"curies":[{"name":"wp","href":"https:\/\/api.w.org\/{rel}","templated":true}]}}