{"id":12883,"date":"2008-01-03T00:00:00","date_gmt":"2008-01-03T04:00:00","guid":{"rendered":"http:\/\/192.81.217.108\/interamerica\/2008\/01\/le-dirigeant-adventiste-fait-appel-au-calme-au-kenya\/"},"modified":"2017-06-02T13:12:58","modified_gmt":"2017-06-02T17:12:58","slug":"le-dirigeant-adventiste-fait-appel-au-calme-au-kenya","status":"publish","type":"post","link":"https:\/\/interamerica.org\/fr\/2008\/01\/le-dirigeant-adventiste-fait-appel-au-calme-au-kenya\/","title":{"rendered":"Le dirigeant Adventiste fait appel au calme au Kenya"},"content":{"rendered":"<p>3 janvier 2008, Nairobi, Kenya&#8230; Ansel Oliver\/Ann <\/p>\n<p>Les Adventistes se sont joints \u00e0 la communaut\u00e9 internationale pour exprimer leur pr\u00e9occupation concernant la violence au Kenya qui d&#39;apr\u00e8s les rapports a occasionn\u00e9 la mort de 300 personnes et de 100.000 d\u00e9plac\u00e9es par suite des disputes concernant les \u00e9lections pr\u00e9sidentielles. <\/p>\n<p>Dans une d\u00e9claration le 3 janvier, le Secr\u00e9taire Ex\u00e9cutif de l&#39;\u00e9glise Adventiste mondiale Matthew A.  Bediako a convi\u00e9 \u00ab\u00a0les dirigeants politiques, les responsables des communaut\u00e9s religieuses, les autorit\u00e9s traditionnelles et les artisans de paix \u00e0 se r\u00e9unir et \u00e0 trouver des moyens pour promouvoir la r\u00e9conciliation.\u00a0\u00bb  Le message sera t\u00e9l\u00e9vis\u00e9 sur la station de l&#39;\u00e9glise &#39;Hope Channel&#39;. <\/p>\n<p>\u00ab\u00a0Le recours \u00e0 la violence ne va occasionner que des victimes, dont la plupart ne sont que des enfants innoncents,\u00a0\u00bb a d\u00e9clar\u00e9 Bediako.  \u00ab\u00a0En tant qu&#39;\u00e9glise Chr\u00e9tienne, nous convions aussi tous les Kenyans \u00e0 placer la solidarit\u00e9 et les principes Bibliques de pacification, de pardon et de r\u00e9conciliation au dessus de leur appartenances ethniques.\u00a0\u00bb <\/p>\n<p>Bediako a aussi demand\u00e9 aux dirigeants et aux membres d&#39;\u00e9glise de faire preuve d&#39;unit\u00e9. <\/p>\n<p>Les dirigeants d&#39;\u00e9glise du Kenya rapportent qu&#39;environ 200 \u00e9tudiants, des membres du personnel et des facult\u00e9s de \u00ab\u00a0University of Eastern Africa\u00a0\u00bb, \u00e0 Baraton, \u00e9tablissement dirig\u00e9 par les Adventites, ont pris refuge dans une station de police toute proche apr\u00e8s que des officiers les eurent escort\u00e9s le 31 d\u00e9cembre en dehors du campus, qui avait \u00e9t\u00e9 encercl\u00e9 par une foule. <\/p>\n<p>Les routes conduisant \u00e0 l&#39;a\u00e9roport ont \u00e9t\u00e9 bloqu\u00e9es par les foules et les ouvriers demeurent \u00e0 la station de police, a dit Geoffrey Mbwana, pr\u00e9sident de la Division Est-Centrale Africaine de l&#39;Eglise Adventiste situ\u00e9e \u00e0 Nairobi.  Des d\u00e9marches sont entreprises pour les conduire \u00e0 Nairobi. <\/p>\n<p>Un officiel Kenyan a dit que la violence a seulement affect\u00e9 3 pour cent des 34 millions de personnes du pays, d&#39;apr\u00e8s USA Today. <\/p>\n<p>\u00ab\u00a0En tant que confession religieuse nous croyons fermement en la pri\u00e8re,\u00a0\u00bb a dit Bediako aux membres d&#39;\u00e9glise.  \u00ab\u00a0Par cons\u00e9quent, nous invitons nos fr\u00e8res et soeurs du monde d&#39;interc\u00e9der aupr\u00e8s du tr\u00f4ne de Dieu en faveur du peuple du Kenya, et des autres r\u00e9gions affect\u00e9es par des crises.  Nous prions pour que le calme soit restaur\u00e9 \u00e0 travers le Kenya, et partout dans le monde.\u00a0\u00bb    <\/p>\n","protected":false},"excerpt":{"rendered":"<p>Les Adventistes se sont joints \u00e0 la communaut\u00e9 internationale pour exprimer leur pr\u00e9occupation concernant la violence au Kenya qui d&#39;apr\u00e8s les rapports a occasionn\u00e9 la mort de 300 personnes et de 100.000 d\u00e9pla<\/p>\n","protected":false},"author":1,"featured_media":0,"comment_status":"closed","ping_status":"closed","sticky":false,"template":"","format":"standard","meta":{"_acf_changed":false,"footnotes":""},"categories":[9],"tags":[],"class_list":["post-12883","post","type-post","status-publish","format-standard","hentry","category-archive-fr"],"acf":[],"yoast_head":"<!-- This site is optimized with the Yoast SEO plugin v27.3 - https:\/\/yoast.com\/product\/yoast-seo-wordpress\/ -->\n<title>Le dirigeant Adventiste fait appel au calme au Kenya - \u00c9glise Adventiste Du Septieme Jour - Inter Am\u00e9rique Division<\/title>\n<meta name=\"robots\" content=\"index, follow, max-snippet:-1, max-image-preview:large, max-video-preview:-1\" \/>\n<link rel=\"canonical\" href=\"https:\/\/interamerica.org\/fr\/2008\/01\/le-dirigeant-adventiste-fait-appel-au-calme-au-kenya\/\" \/>\n<meta property=\"og:locale\" content=\"fr_FR\" \/>\n<meta property=\"og:type\" content=\"article\" \/>\n<meta property=\"og:title\" content=\"Le dirigeant Adventiste fait appel au calme au Kenya - \u00c9glise Adventiste Du Septieme Jour - Inter Am\u00e9rique Division\" \/>\n<meta property=\"og:description\" content=\"Les Adventistes se sont joints \u00e0 la communaut\u00e9 internationale pour exprimer leur pr\u00e9occupation concernant la violence au Kenya qui d&#039;apr\u00e8s les rapports a occasionn\u00e9 la mort de 300 personnes et de 100.000 d\u00e9pla\" \/>\n<meta property=\"og:url\" content=\"https:\/\/interamerica.org\/fr\/2008\/01\/le-dirigeant-adventiste-fait-appel-au-calme-au-kenya\/\" \/>\n<meta property=\"og:site_name\" content=\"\u00c9glise Adventiste Du Septieme Jour - Inter Am\u00e9rique Division\" \/>\n<meta property=\"article:published_time\" content=\"2008-01-03T04:00:00+00:00\" \/>\n<meta property=\"article:modified_time\" content=\"2017-06-02T17:12:58+00:00\" \/>\n<meta name=\"author\" content=\"Lorenzo Verduzco\" \/>\n<meta name=\"twitter:card\" content=\"summary_large_image\" \/>\n<meta name=\"twitter:label1\" content=\"\u00c9crit par\" \/>\n\t<meta name=\"twitter:data1\" content=\"Lorenzo Verduzco\" \/>\n\t<meta name=\"twitter:label2\" content=\"Dur\u00e9e de lecture estim\u00e9e\" \/>\n\t<meta name=\"twitter:data2\" content=\"2 minutes\" \/>\n<script type=\"application\/ld+json\" class=\"yoast-schema-graph\">{\"@context\":\"https:\\\/\\\/schema.org\",\"@graph\":[{\"@type\":\"Article\",\"@id\":\"https:\\\/\\\/interamerica.org\\\/fr\\\/2008\\\/01\\\/le-dirigeant-adventiste-fait-appel-au-calme-au-kenya\\\/#article\",\"isPartOf\":{\"@id\":\"https:\\\/\\\/interamerica.org\\\/fr\\\/2008\\\/01\\\/le-dirigeant-adventiste-fait-appel-au-calme-au-kenya\\\/\"},\"author\":{\"name\":\"Lorenzo Verduzco\",\"@id\":\"https:\\\/\\\/interamerica.org\\\/fr\\\/#\\\/schema\\\/person\\\/68ede8bdc292885bb76c1e3810e73c39\"},\"headline\":\"Le dirigeant Adventiste fait appel au calme au Kenya\",\"datePublished\":\"2008-01-03T04:00:00+00:00\",\"dateModified\":\"2017-06-02T17:12:58+00:00\",\"mainEntityOfPage\":{\"@id\":\"https:\\\/\\\/interamerica.org\\\/fr\\\/2008\\\/01\\\/le-dirigeant-adventiste-fait-appel-au-calme-au-kenya\\\/\"},\"wordCount\":403,\"articleSection\":[\"Archive\"],\"inLanguage\":\"fr-FR\"},{\"@type\":\"WebPage\",\"@id\":\"https:\\\/\\\/interamerica.org\\\/fr\\\/2008\\\/01\\\/le-dirigeant-adventiste-fait-appel-au-calme-au-kenya\\\/\",\"url\":\"https:\\\/\\\/interamerica.org\\\/fr\\\/2008\\\/01\\\/le-dirigeant-adventiste-fait-appel-au-calme-au-kenya\\\/\",\"name\":\"Le dirigeant Adventiste fait appel au calme au Kenya - \u00c9glise Adventiste Du Septieme Jour - Inter Am\u00e9rique Division\",\"isPartOf\":{\"@id\":\"https:\\\/\\\/interamerica.org\\\/fr\\\/#website\"},\"datePublished\":\"2008-01-03T04:00:00+00:00\",\"dateModified\":\"2017-06-02T17:12:58+00:00\",\"author\":{\"@id\":\"https:\\\/\\\/interamerica.org\\\/fr\\\/#\\\/schema\\\/person\\\/68ede8bdc292885bb76c1e3810e73c39\"},\"breadcrumb\":{\"@id\":\"https:\\\/\\\/interamerica.org\\\/fr\\\/2008\\\/01\\\/le-dirigeant-adventiste-fait-appel-au-calme-au-kenya\\\/#breadcrumb\"},\"inLanguage\":\"fr-FR\",\"potentialAction\":[{\"@type\":\"ReadAction\",\"target\":[\"https:\\\/\\\/interamerica.org\\\/fr\\\/2008\\\/01\\\/le-dirigeant-adventiste-fait-appel-au-calme-au-kenya\\\/\"]}]},{\"@type\":\"BreadcrumbList\",\"@id\":\"https:\\\/\\\/interamerica.org\\\/fr\\\/2008\\\/01\\\/le-dirigeant-adventiste-fait-appel-au-calme-au-kenya\\\/#breadcrumb\",\"itemListElement\":[{\"@type\":\"ListItem\",\"position\":1,\"name\":\"Home\",\"item\":\"https:\\\/\\\/interamerica.org\\\/fr\\\/\"},{\"@type\":\"ListItem\",\"position\":2,\"name\":\"Le dirigeant Adventiste fait appel au calme au Kenya\"}]},{\"@type\":\"WebSite\",\"@id\":\"https:\\\/\\\/interamerica.org\\\/fr\\\/#website\",\"url\":\"https:\\\/\\\/interamerica.org\\\/fr\\\/\",\"name\":\"\u00c9glise Adventiste Du Septieme Jour - Inter Am\u00e9rique Division\",\"description\":\"\",\"potentialAction\":[{\"@type\":\"SearchAction\",\"target\":{\"@type\":\"EntryPoint\",\"urlTemplate\":\"https:\\\/\\\/interamerica.org\\\/fr\\\/?s={search_term_string}\"},\"query-input\":{\"@type\":\"PropertyValueSpecification\",\"valueRequired\":true,\"valueName\":\"search_term_string\"}}],\"inLanguage\":\"fr-FR\"},{\"@type\":\"Person\",\"@id\":\"https:\\\/\\\/interamerica.org\\\/fr\\\/#\\\/schema\\\/person\\\/68ede8bdc292885bb76c1e3810e73c39\",\"name\":\"Lorenzo Verduzco\",\"image\":{\"@type\":\"ImageObject\",\"inLanguage\":\"fr-FR\",\"@id\":\"https:\\\/\\\/secure.gravatar.com\\\/avatar\\\/fb81a55b6218459490a9c1dc841a34909185b81904c5337b4b27f7a6fd60c49e?s=96&d=mm&r=g\",\"url\":\"https:\\\/\\\/secure.gravatar.com\\\/avatar\\\/fb81a55b6218459490a9c1dc841a34909185b81904c5337b4b27f7a6fd60c49e?s=96&d=mm&r=g\",\"contentUrl\":\"https:\\\/\\\/secure.gravatar.com\\\/avatar\\\/fb81a55b6218459490a9c1dc841a34909185b81904c5337b4b27f7a6fd60c49e?s=96&d=mm&r=g\",\"caption\":\"Lorenzo Verduzco\"}}]}<\/script>\n<!-- \/ Yoast SEO plugin. -->","yoast_head_json":{"title":"Le dirigeant Adventiste fait appel au calme au Kenya - \u00c9glise Adventiste Du Septieme Jour - Inter Am\u00e9rique Division","robots":{"index":"index","follow":"follow","max-snippet":"max-snippet:-1","max-image-preview":"max-image-preview:large","max-video-preview":"max-video-preview:-1"},"canonical":"https:\/\/interamerica.org\/fr\/2008\/01\/le-dirigeant-adventiste-fait-appel-au-calme-au-kenya\/","og_locale":"fr_FR","og_type":"article","og_title":"Le dirigeant Adventiste fait appel au calme au Kenya - \u00c9glise Adventiste Du Septieme Jour - Inter Am\u00e9rique Division","og_description":"Les Adventistes se sont joints \u00e0 la communaut\u00e9 internationale pour exprimer leur pr\u00e9occupation concernant la violence au Kenya qui d&#39;apr\u00e8s les rapports a occasionn\u00e9 la mort de 300 personnes et de 100.000 d\u00e9pla","og_url":"https:\/\/interamerica.org\/fr\/2008\/01\/le-dirigeant-adventiste-fait-appel-au-calme-au-kenya\/","og_site_name":"\u00c9glise Adventiste Du Septieme Jour - Inter Am\u00e9rique Division","article_published_time":"2008-01-03T04:00:00+00:00","article_modified_time":"2017-06-02T17:12:58+00:00","author":"Lorenzo Verduzco","twitter_card":"summary_large_image","twitter_misc":{"\u00c9crit par":"Lorenzo Verduzco","Dur\u00e9e de lecture estim\u00e9e":"2 minutes"},"schema":{"@context":"https:\/\/schema.org","@graph":[{"@type":"Article","@id":"https:\/\/interamerica.org\/fr\/2008\/01\/le-dirigeant-adventiste-fait-appel-au-calme-au-kenya\/#article","isPartOf":{"@id":"https:\/\/interamerica.org\/fr\/2008\/01\/le-dirigeant-adventiste-fait-appel-au-calme-au-kenya\/"},"author":{"name":"Lorenzo Verduzco","@id":"https:\/\/interamerica.org\/fr\/#\/schema\/person\/68ede8bdc292885bb76c1e3810e73c39"},"headline":"Le dirigeant Adventiste fait appel au calme au Kenya","datePublished":"2008-01-03T04:00:00+00:00","dateModified":"2017-06-02T17:12:58+00:00","mainEntityOfPage":{"@id":"https:\/\/interamerica.org\/fr\/2008\/01\/le-dirigeant-adventiste-fait-appel-au-calme-au-kenya\/"},"wordCount":403,"articleSection":["Archive"],"inLanguage":"fr-FR"},{"@type":"WebPage","@id":"https:\/\/interamerica.org\/fr\/2008\/01\/le-dirigeant-adventiste-fait-appel-au-calme-au-kenya\/","url":"https:\/\/interamerica.org\/fr\/2008\/01\/le-dirigeant-adventiste-fait-appel-au-calme-au-kenya\/","name":"Le dirigeant Adventiste fait appel au calme au Kenya - \u00c9glise Adventiste Du Septieme Jour - Inter Am\u00e9rique Division","isPartOf":{"@id":"https:\/\/interamerica.org\/fr\/#website"},"datePublished":"2008-01-03T04:00:00+00:00","dateModified":"2017-06-02T17:12:58+00:00","author":{"@id":"https:\/\/interamerica.org\/fr\/#\/schema\/person\/68ede8bdc292885bb76c1e3810e73c39"},"breadcrumb":{"@id":"https:\/\/interamerica.org\/fr\/2008\/01\/le-dirigeant-adventiste-fait-appel-au-calme-au-kenya\/#breadcrumb"},"inLanguage":"fr-FR","potentialAction":[{"@type":"ReadAction","target":["https:\/\/interamerica.org\/fr\/2008\/01\/le-dirigeant-adventiste-fait-appel-au-calme-au-kenya\/"]}]},{"@type":"BreadcrumbList","@id":"https:\/\/interamerica.org\/fr\/2008\/01\/le-dirigeant-adventiste-fait-appel-au-calme-au-kenya\/#breadcrumb","itemListElement":[{"@type":"ListItem","position":1,"name":"Home","item":"https:\/\/interamerica.org\/fr\/"},{"@type":"ListItem","position":2,"name":"Le dirigeant Adventiste fait appel au calme au Kenya"}]},{"@type":"WebSite","@id":"https:\/\/interamerica.org\/fr\/#website","url":"https:\/\/interamerica.org\/fr\/","name":"\u00c9glise Adventiste Du Septieme Jour - Inter Am\u00e9rique Division","description":"","potentialAction":[{"@type":"SearchAction","target":{"@type":"EntryPoint","urlTemplate":"https:\/\/interamerica.org\/fr\/?s={search_term_string}"},"query-input":{"@type":"PropertyValueSpecification","valueRequired":true,"valueName":"search_term_string"}}],"inLanguage":"fr-FR"},{"@type":"Person","@id":"https:\/\/interamerica.org\/fr\/#\/schema\/person\/68ede8bdc292885bb76c1e3810e73c39","name":"Lorenzo Verduzco","image":{"@type":"ImageObject","inLanguage":"fr-FR","@id":"https:\/\/secure.gravatar.com\/avatar\/fb81a55b6218459490a9c1dc841a34909185b81904c5337b4b27f7a6fd60c49e?s=96&d=mm&r=g","url":"https:\/\/secure.gravatar.com\/avatar\/fb81a55b6218459490a9c1dc841a34909185b81904c5337b4b27f7a6fd60c49e?s=96&d=mm&r=g","contentUrl":"https:\/\/secure.gravatar.com\/avatar\/fb81a55b6218459490a9c1dc841a34909185b81904c5337b4b27f7a6fd60c49e?s=96&d=mm&r=g","caption":"Lorenzo Verduzco"}}]}},"_links":{"self":[{"href":"https:\/\/interamerica.org\/fr\/wp-json\/wp\/v2\/posts\/12883","targetHints":{"allow":["GET"]}}],"collection":[{"href":"https:\/\/interamerica.org\/fr\/wp-json\/wp\/v2\/posts"}],"about":[{"href":"https:\/\/interamerica.org\/fr\/wp-json\/wp\/v2\/types\/post"}],"author":[{"embeddable":true,"href":"https:\/\/interamerica.org\/fr\/wp-json\/wp\/v2\/users\/1"}],"replies":[{"embeddable":true,"href":"https:\/\/interamerica.org\/fr\/wp-json\/wp\/v2\/comments?post=12883"}],"version-history":[{"count":0,"href":"https:\/\/interamerica.org\/fr\/wp-json\/wp\/v2\/posts\/12883\/revisions"}],"wp:attachment":[{"href":"https:\/\/interamerica.org\/fr\/wp-json\/wp\/v2\/media?parent=12883"}],"wp:term":[{"taxonomy":"category","embeddable":true,"href":"https:\/\/interamerica.org\/fr\/wp-json\/wp\/v2\/categories?post=12883"},{"taxonomy":"post_tag","embeddable":true,"href":"https:\/\/interamerica.org\/fr\/wp-json\/wp\/v2\/tags?post=12883"}],"curies":[{"name":"wp","href":"https:\/\/api.w.org\/{rel}","templated":true}]}}