{"id":12884,"date":"2008-01-03T00:00:00","date_gmt":"2008-01-03T04:00:00","guid":{"rendered":"http:\/\/192.81.217.108\/interamerica\/2008\/01\/un-cambriolage-a-lentrepot-loue-par-maranatha-occasionne-la-mort-du-guardien\/"},"modified":"2017-06-02T13:12:59","modified_gmt":"2017-06-02T17:12:59","slug":"un-cambriolage-a-lentrepot-loue-par-maranatha-occasionne-la-mort-du-guardien","status":"publish","type":"post","link":"https:\/\/interamerica.org\/fr\/2008\/01\/un-cambriolage-a-lentrepot-loue-par-maranatha-occasionne-la-mort-du-guardien\/","title":{"rendered":"Un cambriolage \u00e0 l&#39;entrep\u00f4t lou\u00e9 par Maranatha occasionne la mort du guardien"},"content":{"rendered":"<p>3 janvier 2008, Maputo, Mozambique&#8230; Maranatha Volunteers International\/Staff d&#39;ANN <\/p>\n<p>Un garde de s\u00e9curit\u00e9 Adventiste a \u00e9t\u00e9 tu\u00e9 le 30 d\u00e9cembre quand des voleurs ont p\u00e9n\u00e9tr\u00e9 \u00e0 Maputo, au Mozambique, dans un entrep\u00f4t lou\u00e9 par &#39;Maranatha Volunteers International&#39;, une organisation la\u00efque Chr\u00e9tienne qui construit des \u00e9glises et des \u00e9coles pour l&#39;Eglise Adventiste Mondiale. <\/p>\n<p>Le gardien, Adrian Chissano, un membre de l&#39;Eglise Adventiste de Ximadjane \u00e0 Maputo, laisse une femme et six enfants. <\/p>\n<p>\u00ab\u00a0Nous sommes vraiment pein\u00e9s par cet acte horrible et prions pour la famille de Mr. Chissano,\u00a0\u00bb a dit Don Noble, pr\u00e9sident de Sacramento, en Californie o\u00f9 si\u00e8ge Maranatha. <\/p>\n<p>Les volontaires de Maranatha en Mozambique ont d\u00e9clar\u00e9 que des mat\u00e9riels de construction et un camion ont \u00e9t\u00e9 vol\u00e9s au cours de l&#39;incident.  Les voleurs, dont aucun n&#39;a \u00e9t\u00e9 identifi\u00e9, n&#39;ont pas encore \u00e9t\u00e9 appr\u00e9hend\u00e9s, mais les officiels de Maranatha coop\u00e8rent avec l&#39;investigation en cours de la police. <\/p>\n<p>Le vol ne va nullement ralentir les progr\u00e8s de Maranatha en Mozambique,\u00a0\u00bb a dit Kyle Fiess, vice pr\u00e9sident de Marketing.  \u00ab\u00a0Nous continuerons \u00e0 avancer.\u00a0\u00bb  Fiess a ajout\u00e9 que l&#39;organisation \u00e0 but non lucratif est en train de renforcer ses dispositifs de s\u00e9curit\u00e9 et fera les \u00ab\u00a0changements n\u00e9cessaires,\u00a0\u00bb y compris l&#39;embauchage d&#39;une compagnie de s\u00e9curit\u00e9 externe pour prot\u00e9ger la propri\u00e9t\u00e9 et les volontaires de Maputo. <\/p>\n<p>Maranatha travaille avec l&#39;Eglise Adventiste en vue d&#39;\u00e9tablir des infrastructures vraiment n\u00e9cessaires en Mozambique.  Un projet pour quatre ans, de $30 millions va permettre la construction de 1001 \u00e9glises et huit \u00e9coles \u00e0 travers le pays.  Des plans envisagent aussi le forage d&#39;un puits profond pour alimenter chacune des nouvelles \u00e9glises construites et ainsi que le village avoisinnant. <\/p>\n<p>Paul Ratsara, pr\u00e9sident de l&#39;Eglise Adventiste de la r\u00e9gion Sud Africaine a avanc\u00e9 que le projet apportera des changements durables \u00e0 un pays qui a \u00e9t\u00e9 paralys\u00e9 par 30 ann\u00e9es de guerre.   <\/p>\n","protected":false},"excerpt":{"rendered":"<p>Un garde de s\u00e9curit\u00e9 Adventiste a \u00e9t\u00e9 tu\u00e9 le 30 d\u00e9cembre quand des voleurs ont p\u00e9n\u00e9tr\u00e9 \u00e0 Maputo, au Mozambique, dans un entrep\u00f4t lou\u00e9 par &#39;Maranatha Volunteers Internat<\/p>\n","protected":false},"author":1,"featured_media":0,"comment_status":"closed","ping_status":"closed","sticky":false,"template":"","format":"standard","meta":{"_acf_changed":false,"footnotes":""},"categories":[9],"tags":[],"class_list":["post-12884","post","type-post","status-publish","format-standard","hentry","category-archive-fr"],"acf":[],"yoast_head":"<!-- This site is optimized with the Yoast SEO plugin v27.3 - https:\/\/yoast.com\/product\/yoast-seo-wordpress\/ -->\n<title>Un cambriolage \u00e0 l&#039;entrep\u00f4t lou\u00e9 par Maranatha occasionne la mort du guardien - \u00c9glise Adventiste Du Septieme Jour - Inter Am\u00e9rique Division<\/title>\n<meta name=\"robots\" content=\"index, follow, max-snippet:-1, max-image-preview:large, max-video-preview:-1\" \/>\n<link rel=\"canonical\" href=\"https:\/\/interamerica.org\/fr\/2008\/01\/un-cambriolage-a-lentrepot-loue-par-maranatha-occasionne-la-mort-du-guardien\/\" \/>\n<meta property=\"og:locale\" content=\"fr_FR\" \/>\n<meta property=\"og:type\" content=\"article\" \/>\n<meta property=\"og:title\" content=\"Un cambriolage \u00e0 l&#039;entrep\u00f4t lou\u00e9 par Maranatha occasionne la mort du guardien - \u00c9glise Adventiste Du Septieme Jour - Inter Am\u00e9rique Division\" \/>\n<meta property=\"og:description\" content=\"Un garde de s\u00e9curit\u00e9 Adventiste a \u00e9t\u00e9 tu\u00e9 le 30 d\u00e9cembre quand des voleurs ont p\u00e9n\u00e9tr\u00e9 \u00e0 Maputo, au Mozambique, dans un entrep\u00f4t lou\u00e9 par &#039;Maranatha Volunteers Internat\" \/>\n<meta property=\"og:url\" content=\"https:\/\/interamerica.org\/fr\/2008\/01\/un-cambriolage-a-lentrepot-loue-par-maranatha-occasionne-la-mort-du-guardien\/\" \/>\n<meta property=\"og:site_name\" content=\"\u00c9glise Adventiste Du Septieme Jour - Inter Am\u00e9rique Division\" \/>\n<meta property=\"article:published_time\" content=\"2008-01-03T04:00:00+00:00\" \/>\n<meta property=\"article:modified_time\" content=\"2017-06-02T17:12:59+00:00\" \/>\n<meta name=\"author\" content=\"Lorenzo Verduzco\" \/>\n<meta name=\"twitter:card\" content=\"summary_large_image\" \/>\n<meta name=\"twitter:label1\" content=\"\u00c9crit par\" \/>\n\t<meta name=\"twitter:data1\" content=\"Lorenzo Verduzco\" \/>\n\t<meta name=\"twitter:label2\" content=\"Dur\u00e9e de lecture estim\u00e9e\" \/>\n\t<meta name=\"twitter:data2\" content=\"2 minutes\" \/>\n<script type=\"application\/ld+json\" class=\"yoast-schema-graph\">{\"@context\":\"https:\\\/\\\/schema.org\",\"@graph\":[{\"@type\":\"Article\",\"@id\":\"https:\\\/\\\/interamerica.org\\\/fr\\\/2008\\\/01\\\/un-cambriolage-a-lentrepot-loue-par-maranatha-occasionne-la-mort-du-guardien\\\/#article\",\"isPartOf\":{\"@id\":\"https:\\\/\\\/interamerica.org\\\/fr\\\/2008\\\/01\\\/un-cambriolage-a-lentrepot-loue-par-maranatha-occasionne-la-mort-du-guardien\\\/\"},\"author\":{\"name\":\"Lorenzo Verduzco\",\"@id\":\"https:\\\/\\\/interamerica.org\\\/fr\\\/#\\\/schema\\\/person\\\/68ede8bdc292885bb76c1e3810e73c39\"},\"headline\":\"Un cambriolage \u00e0 l&#39;entrep\u00f4t lou\u00e9 par Maranatha occasionne la mort du guardien\",\"datePublished\":\"2008-01-03T04:00:00+00:00\",\"dateModified\":\"2017-06-02T17:12:59+00:00\",\"mainEntityOfPage\":{\"@id\":\"https:\\\/\\\/interamerica.org\\\/fr\\\/2008\\\/01\\\/un-cambriolage-a-lentrepot-loue-par-maranatha-occasionne-la-mort-du-guardien\\\/\"},\"wordCount\":344,\"articleSection\":[\"Archive\"],\"inLanguage\":\"fr-FR\"},{\"@type\":\"WebPage\",\"@id\":\"https:\\\/\\\/interamerica.org\\\/fr\\\/2008\\\/01\\\/un-cambriolage-a-lentrepot-loue-par-maranatha-occasionne-la-mort-du-guardien\\\/\",\"url\":\"https:\\\/\\\/interamerica.org\\\/fr\\\/2008\\\/01\\\/un-cambriolage-a-lentrepot-loue-par-maranatha-occasionne-la-mort-du-guardien\\\/\",\"name\":\"Un cambriolage \u00e0 l&#39;entrep\u00f4t lou\u00e9 par Maranatha occasionne la mort du guardien - \u00c9glise Adventiste Du Septieme Jour - Inter Am\u00e9rique Division\",\"isPartOf\":{\"@id\":\"https:\\\/\\\/interamerica.org\\\/fr\\\/#website\"},\"datePublished\":\"2008-01-03T04:00:00+00:00\",\"dateModified\":\"2017-06-02T17:12:59+00:00\",\"author\":{\"@id\":\"https:\\\/\\\/interamerica.org\\\/fr\\\/#\\\/schema\\\/person\\\/68ede8bdc292885bb76c1e3810e73c39\"},\"breadcrumb\":{\"@id\":\"https:\\\/\\\/interamerica.org\\\/fr\\\/2008\\\/01\\\/un-cambriolage-a-lentrepot-loue-par-maranatha-occasionne-la-mort-du-guardien\\\/#breadcrumb\"},\"inLanguage\":\"fr-FR\",\"potentialAction\":[{\"@type\":\"ReadAction\",\"target\":[\"https:\\\/\\\/interamerica.org\\\/fr\\\/2008\\\/01\\\/un-cambriolage-a-lentrepot-loue-par-maranatha-occasionne-la-mort-du-guardien\\\/\"]}]},{\"@type\":\"BreadcrumbList\",\"@id\":\"https:\\\/\\\/interamerica.org\\\/fr\\\/2008\\\/01\\\/un-cambriolage-a-lentrepot-loue-par-maranatha-occasionne-la-mort-du-guardien\\\/#breadcrumb\",\"itemListElement\":[{\"@type\":\"ListItem\",\"position\":1,\"name\":\"Home\",\"item\":\"https:\\\/\\\/interamerica.org\\\/fr\\\/\"},{\"@type\":\"ListItem\",\"position\":2,\"name\":\"Un cambriolage \u00e0 l&#39;entrep\u00f4t lou\u00e9 par Maranatha occasionne la mort du guardien\"}]},{\"@type\":\"WebSite\",\"@id\":\"https:\\\/\\\/interamerica.org\\\/fr\\\/#website\",\"url\":\"https:\\\/\\\/interamerica.org\\\/fr\\\/\",\"name\":\"\u00c9glise Adventiste Du Septieme Jour - Inter Am\u00e9rique Division\",\"description\":\"\",\"potentialAction\":[{\"@type\":\"SearchAction\",\"target\":{\"@type\":\"EntryPoint\",\"urlTemplate\":\"https:\\\/\\\/interamerica.org\\\/fr\\\/?s={search_term_string}\"},\"query-input\":{\"@type\":\"PropertyValueSpecification\",\"valueRequired\":true,\"valueName\":\"search_term_string\"}}],\"inLanguage\":\"fr-FR\"},{\"@type\":\"Person\",\"@id\":\"https:\\\/\\\/interamerica.org\\\/fr\\\/#\\\/schema\\\/person\\\/68ede8bdc292885bb76c1e3810e73c39\",\"name\":\"Lorenzo Verduzco\",\"image\":{\"@type\":\"ImageObject\",\"inLanguage\":\"fr-FR\",\"@id\":\"https:\\\/\\\/secure.gravatar.com\\\/avatar\\\/fb81a55b6218459490a9c1dc841a34909185b81904c5337b4b27f7a6fd60c49e?s=96&d=mm&r=g\",\"url\":\"https:\\\/\\\/secure.gravatar.com\\\/avatar\\\/fb81a55b6218459490a9c1dc841a34909185b81904c5337b4b27f7a6fd60c49e?s=96&d=mm&r=g\",\"contentUrl\":\"https:\\\/\\\/secure.gravatar.com\\\/avatar\\\/fb81a55b6218459490a9c1dc841a34909185b81904c5337b4b27f7a6fd60c49e?s=96&d=mm&r=g\",\"caption\":\"Lorenzo Verduzco\"}}]}<\/script>\n<!-- \/ Yoast SEO plugin. -->","yoast_head_json":{"title":"Un cambriolage \u00e0 l&#39;entrep\u00f4t lou\u00e9 par Maranatha occasionne la mort du guardien - \u00c9glise Adventiste Du Septieme Jour - Inter Am\u00e9rique Division","robots":{"index":"index","follow":"follow","max-snippet":"max-snippet:-1","max-image-preview":"max-image-preview:large","max-video-preview":"max-video-preview:-1"},"canonical":"https:\/\/interamerica.org\/fr\/2008\/01\/un-cambriolage-a-lentrepot-loue-par-maranatha-occasionne-la-mort-du-guardien\/","og_locale":"fr_FR","og_type":"article","og_title":"Un cambriolage \u00e0 l&#39;entrep\u00f4t lou\u00e9 par Maranatha occasionne la mort du guardien - \u00c9glise Adventiste Du Septieme Jour - Inter Am\u00e9rique Division","og_description":"Un garde de s\u00e9curit\u00e9 Adventiste a \u00e9t\u00e9 tu\u00e9 le 30 d\u00e9cembre quand des voleurs ont p\u00e9n\u00e9tr\u00e9 \u00e0 Maputo, au Mozambique, dans un entrep\u00f4t lou\u00e9 par &#39;Maranatha Volunteers Internat","og_url":"https:\/\/interamerica.org\/fr\/2008\/01\/un-cambriolage-a-lentrepot-loue-par-maranatha-occasionne-la-mort-du-guardien\/","og_site_name":"\u00c9glise Adventiste Du Septieme Jour - Inter Am\u00e9rique Division","article_published_time":"2008-01-03T04:00:00+00:00","article_modified_time":"2017-06-02T17:12:59+00:00","author":"Lorenzo Verduzco","twitter_card":"summary_large_image","twitter_misc":{"\u00c9crit par":"Lorenzo Verduzco","Dur\u00e9e de lecture estim\u00e9e":"2 minutes"},"schema":{"@context":"https:\/\/schema.org","@graph":[{"@type":"Article","@id":"https:\/\/interamerica.org\/fr\/2008\/01\/un-cambriolage-a-lentrepot-loue-par-maranatha-occasionne-la-mort-du-guardien\/#article","isPartOf":{"@id":"https:\/\/interamerica.org\/fr\/2008\/01\/un-cambriolage-a-lentrepot-loue-par-maranatha-occasionne-la-mort-du-guardien\/"},"author":{"name":"Lorenzo Verduzco","@id":"https:\/\/interamerica.org\/fr\/#\/schema\/person\/68ede8bdc292885bb76c1e3810e73c39"},"headline":"Un cambriolage \u00e0 l&#39;entrep\u00f4t lou\u00e9 par Maranatha occasionne la mort du guardien","datePublished":"2008-01-03T04:00:00+00:00","dateModified":"2017-06-02T17:12:59+00:00","mainEntityOfPage":{"@id":"https:\/\/interamerica.org\/fr\/2008\/01\/un-cambriolage-a-lentrepot-loue-par-maranatha-occasionne-la-mort-du-guardien\/"},"wordCount":344,"articleSection":["Archive"],"inLanguage":"fr-FR"},{"@type":"WebPage","@id":"https:\/\/interamerica.org\/fr\/2008\/01\/un-cambriolage-a-lentrepot-loue-par-maranatha-occasionne-la-mort-du-guardien\/","url":"https:\/\/interamerica.org\/fr\/2008\/01\/un-cambriolage-a-lentrepot-loue-par-maranatha-occasionne-la-mort-du-guardien\/","name":"Un cambriolage \u00e0 l&#39;entrep\u00f4t lou\u00e9 par Maranatha occasionne la mort du guardien - \u00c9glise Adventiste Du Septieme Jour - Inter Am\u00e9rique Division","isPartOf":{"@id":"https:\/\/interamerica.org\/fr\/#website"},"datePublished":"2008-01-03T04:00:00+00:00","dateModified":"2017-06-02T17:12:59+00:00","author":{"@id":"https:\/\/interamerica.org\/fr\/#\/schema\/person\/68ede8bdc292885bb76c1e3810e73c39"},"breadcrumb":{"@id":"https:\/\/interamerica.org\/fr\/2008\/01\/un-cambriolage-a-lentrepot-loue-par-maranatha-occasionne-la-mort-du-guardien\/#breadcrumb"},"inLanguage":"fr-FR","potentialAction":[{"@type":"ReadAction","target":["https:\/\/interamerica.org\/fr\/2008\/01\/un-cambriolage-a-lentrepot-loue-par-maranatha-occasionne-la-mort-du-guardien\/"]}]},{"@type":"BreadcrumbList","@id":"https:\/\/interamerica.org\/fr\/2008\/01\/un-cambriolage-a-lentrepot-loue-par-maranatha-occasionne-la-mort-du-guardien\/#breadcrumb","itemListElement":[{"@type":"ListItem","position":1,"name":"Home","item":"https:\/\/interamerica.org\/fr\/"},{"@type":"ListItem","position":2,"name":"Un cambriolage \u00e0 l&#39;entrep\u00f4t lou\u00e9 par Maranatha occasionne la mort du guardien"}]},{"@type":"WebSite","@id":"https:\/\/interamerica.org\/fr\/#website","url":"https:\/\/interamerica.org\/fr\/","name":"\u00c9glise Adventiste Du Septieme Jour - Inter Am\u00e9rique Division","description":"","potentialAction":[{"@type":"SearchAction","target":{"@type":"EntryPoint","urlTemplate":"https:\/\/interamerica.org\/fr\/?s={search_term_string}"},"query-input":{"@type":"PropertyValueSpecification","valueRequired":true,"valueName":"search_term_string"}}],"inLanguage":"fr-FR"},{"@type":"Person","@id":"https:\/\/interamerica.org\/fr\/#\/schema\/person\/68ede8bdc292885bb76c1e3810e73c39","name":"Lorenzo Verduzco","image":{"@type":"ImageObject","inLanguage":"fr-FR","@id":"https:\/\/secure.gravatar.com\/avatar\/fb81a55b6218459490a9c1dc841a34909185b81904c5337b4b27f7a6fd60c49e?s=96&d=mm&r=g","url":"https:\/\/secure.gravatar.com\/avatar\/fb81a55b6218459490a9c1dc841a34909185b81904c5337b4b27f7a6fd60c49e?s=96&d=mm&r=g","contentUrl":"https:\/\/secure.gravatar.com\/avatar\/fb81a55b6218459490a9c1dc841a34909185b81904c5337b4b27f7a6fd60c49e?s=96&d=mm&r=g","caption":"Lorenzo Verduzco"}}]}},"_links":{"self":[{"href":"https:\/\/interamerica.org\/fr\/wp-json\/wp\/v2\/posts\/12884","targetHints":{"allow":["GET"]}}],"collection":[{"href":"https:\/\/interamerica.org\/fr\/wp-json\/wp\/v2\/posts"}],"about":[{"href":"https:\/\/interamerica.org\/fr\/wp-json\/wp\/v2\/types\/post"}],"author":[{"embeddable":true,"href":"https:\/\/interamerica.org\/fr\/wp-json\/wp\/v2\/users\/1"}],"replies":[{"embeddable":true,"href":"https:\/\/interamerica.org\/fr\/wp-json\/wp\/v2\/comments?post=12884"}],"version-history":[{"count":0,"href":"https:\/\/interamerica.org\/fr\/wp-json\/wp\/v2\/posts\/12884\/revisions"}],"wp:attachment":[{"href":"https:\/\/interamerica.org\/fr\/wp-json\/wp\/v2\/media?parent=12884"}],"wp:term":[{"taxonomy":"category","embeddable":true,"href":"https:\/\/interamerica.org\/fr\/wp-json\/wp\/v2\/categories?post=12884"},{"taxonomy":"post_tag","embeddable":true,"href":"https:\/\/interamerica.org\/fr\/wp-json\/wp\/v2\/tags?post=12884"}],"curies":[{"name":"wp","href":"https:\/\/api.w.org\/{rel}","templated":true}]}}