{"id":12885,"date":"2008-01-06T00:00:00","date_gmt":"2008-01-06T04:00:00","guid":{"rendered":"http:\/\/192.81.217.108\/interamerica\/2008\/01\/trinidad-luniversite-adventiste-doit-recevoir-une-subvension-de-us15-millions-du-gouvernement\/"},"modified":"2017-06-02T13:12:57","modified_gmt":"2017-06-02T17:12:57","slug":"trinidad-luniversite-adventiste-doit-recevoir-une-subvension-de-us15-millions-du-gouvernement","status":"publish","type":"post","link":"https:\/\/interamerica.org\/fr\/2008\/01\/trinidad-luniversite-adventiste-doit-recevoir-une-subvension-de-us15-millions-du-gouvernement\/","title":{"rendered":"Trinidad:  L&#39;universit\u00e9 Adventiste doit recevoir une subvension de US$15 millions du gouvernement"},"content":{"rendered":"<p>Trinidad et Tobago&#8230; (Del Charles\/Staff de DIA) <\/p>\n<p>Dans la poursuite de leur Plan de Vision 2020 afin de donner un statut mondial de premi\u00e8re classe aux niveaux pr\u00e9-universitaires, le gouvernement de Trinidad et Tobago a annonc\u00e9 \u00e0 la fin de l&#39;ann\u00e9e derni\u00e8re qu&#39;il offirirait une contribution s&#39;\u00e9levant \u00e0 USD$15millions \u00e0 &#39;University of Southern Caribbean (USC)&#39;, une institution dirig\u00e9e par les Adventistes. <\/p>\n<p>L&#39;annonce de la subvention a \u00e9t\u00e9 faite au cours du discours du Premier Ministre \u00e0 la nation concernant le budget.  Dans son allocution, l&#39;Honorable Patrick Manning a soulign\u00e9 la d\u00e9termination du gouvernement \u00e0 renforcer et poursuivre la r\u00e9forme \u00e9ducative aux niveaux primaire, secondaire et sup\u00e9rieur dans le but de donner un satut mondial de classe \u00e0 Trinidad et Tobago.  Ceci s&#39;applique \u00e0 toutes les institutions accr\u00e9dit\u00e9es publiques et priv\u00e9es du pays, dont USC fait partie. <\/p>\n<p>USC est la premi\u00e8re institution priv\u00e9e de Trinidad et Tobago \u00e0 recevoir une aide financi\u00e8re de ce genre du gouvernement, ont avanc\u00e9 les officiels de l&#39;universit\u00e9. <\/p>\n<p>Pendant les deux derni\u00e8res ann\u00e9es et demi, l&#39;administration de USC a travaill\u00e9 avec le gouvernement en vue d&#39;obtenir un support financier pour ses programmes et \u00e0 cette occasion des ouvertures ont \u00e9t\u00e9 faites.  C&#39;est dans ce contexte qu&#39;une subvention de plus de $15 millions a \u00e9t\u00e9 accord\u00e9e \u00e0 l&#39;universit\u00e9, subvention qui sera vers\u00e9e sur une p\u00e9riode de quatre ans. <\/p>\n<p>L&#39;allocation pr\u00e9voit des fonds pour les mat\u00e9riels d&#39;enseignement et le d\u00e9veloppement infra structurelle de l&#39;universit\u00e9.  Une portion a \u00e9t\u00e9 consacr\u00e9e \u00e0 la construction de b\u00e2timents et aux activit\u00e9s sociales. <\/p>\n<p>Les fonds seront utilis\u00e9s pour la construction de nouveaux dortoires, une \u00e9cole de commerce, un centre d&#39;\u00e9ducation pr\u00e9scolaire, une \u00e9cole de sciences sociales et une \u00e9cole de formation. <\/p>\n<p>Dr. Tr\u00e9vor Gardner, pr\u00e9sident de USC, a dit dans une d\u00e9claration qu&#39;il est honor\u00e9 du fait que l&#39;institution Adventiste ait \u00e9t\u00e9 reconnue par le gouvernement comme l&#39;une des institutions sup\u00e9rieures qui soient en mesure d&#39;accompagner la r\u00e9alisation de son Plan de Vision 20\/20.  Le Pr\u00e9sident Gardner est tout aussi heureux que le gouvernement ait accept\u00e9 la participation de l&#39;\u00e9glise Adventiste \u00e0 la construction de la nation et ait d\u00e9cid\u00e9 d&#39;apporter son soutien \u00e0 une \u00e9ducation Chr\u00e9tienne de qualit\u00e9 en accordant des fonds tant n\u00e9cessaires pour poursuivre le travail \u00e0 l&#39;USC. <\/p>\n<p>University of Southern Caribbean est une institution accr\u00e9dit\u00e9e par le Conseil d&#39;Accr\u00e9ditation de Trinidad et Tobago, et offre un grand nombre de dipl\u00f4mes au niveau pr\u00e9-universitaire et universitaires sur son campus de Trinidad.  L&#39;instituion a \u00e9t\u00e9 \u00e9tablie en 1927 et \u00e9lev\u00e9e au rang d&#39;universit\u00e9 en 2006.  Pour plus d&#39;informations concernant USC et ses programmes, visitez <a  href=\"http:\/\/www.usc.edu.tt\/\">www.usc.edu.tt<\/a >   <\/p>\n","protected":false},"excerpt":{"rendered":"<p>Dans la poursuite de leur Plan de Vision 2020 afin de donner un statut mondial de premi\u00e8re classe aux niveaux pr\u00e9-universitaires, le gouvernement de Trinidad et Tobago a annonc\u00e9 \u00e0 la fin de l&#39;ann\u00e9e derni\u00e8re<\/p>\n","protected":false},"author":1,"featured_media":0,"comment_status":"closed","ping_status":"closed","sticky":false,"template":"","format":"standard","meta":{"_acf_changed":false,"footnotes":""},"categories":[9],"tags":[],"class_list":["post-12885","post","type-post","status-publish","format-standard","hentry","category-archive-fr"],"acf":[],"yoast_head":"<!-- This site is optimized with the Yoast SEO plugin v27.3 - https:\/\/yoast.com\/product\/yoast-seo-wordpress\/ -->\n<title>Trinidad: L&#039;universit\u00e9 Adventiste doit recevoir une subvension de US$15 millions du gouvernement - \u00c9glise Adventiste Du Septieme Jour - Inter Am\u00e9rique Division<\/title>\n<meta name=\"robots\" content=\"index, follow, max-snippet:-1, max-image-preview:large, max-video-preview:-1\" \/>\n<link rel=\"canonical\" href=\"https:\/\/interamerica.org\/fr\/2008\/01\/trinidad-luniversite-adventiste-doit-recevoir-une-subvension-de-us15-millions-du-gouvernement\/\" \/>\n<meta property=\"og:locale\" content=\"fr_FR\" \/>\n<meta property=\"og:type\" content=\"article\" \/>\n<meta property=\"og:title\" content=\"Trinidad: L&#039;universit\u00e9 Adventiste doit recevoir une subvension de US$15 millions du gouvernement - \u00c9glise Adventiste Du Septieme Jour - Inter Am\u00e9rique Division\" \/>\n<meta property=\"og:description\" content=\"Dans la poursuite de leur Plan de Vision 2020 afin de donner un statut mondial de premi\u00e8re classe aux niveaux pr\u00e9-universitaires, le gouvernement de Trinidad et Tobago a annonc\u00e9 \u00e0 la fin de l&#039;ann\u00e9e derni\u00e8re\" \/>\n<meta property=\"og:url\" content=\"https:\/\/interamerica.org\/fr\/2008\/01\/trinidad-luniversite-adventiste-doit-recevoir-une-subvension-de-us15-millions-du-gouvernement\/\" \/>\n<meta property=\"og:site_name\" content=\"\u00c9glise Adventiste Du Septieme Jour - Inter Am\u00e9rique Division\" \/>\n<meta property=\"article:published_time\" content=\"2008-01-06T04:00:00+00:00\" \/>\n<meta property=\"article:modified_time\" content=\"2017-06-02T17:12:57+00:00\" \/>\n<meta name=\"author\" content=\"Lorenzo Verduzco\" \/>\n<meta name=\"twitter:card\" content=\"summary_large_image\" \/>\n<meta name=\"twitter:label1\" content=\"\u00c9crit par\" \/>\n\t<meta name=\"twitter:data1\" content=\"Lorenzo Verduzco\" \/>\n\t<meta name=\"twitter:label2\" content=\"Dur\u00e9e de lecture estim\u00e9e\" \/>\n\t<meta name=\"twitter:data2\" content=\"2 minutes\" \/>\n<script type=\"application\/ld+json\" class=\"yoast-schema-graph\">{\"@context\":\"https:\\\/\\\/schema.org\",\"@graph\":[{\"@type\":\"Article\",\"@id\":\"https:\\\/\\\/interamerica.org\\\/fr\\\/2008\\\/01\\\/trinidad-luniversite-adventiste-doit-recevoir-une-subvension-de-us15-millions-du-gouvernement\\\/#article\",\"isPartOf\":{\"@id\":\"https:\\\/\\\/interamerica.org\\\/fr\\\/2008\\\/01\\\/trinidad-luniversite-adventiste-doit-recevoir-une-subvension-de-us15-millions-du-gouvernement\\\/\"},\"author\":{\"name\":\"Lorenzo Verduzco\",\"@id\":\"https:\\\/\\\/interamerica.org\\\/fr\\\/#\\\/schema\\\/person\\\/68ede8bdc292885bb76c1e3810e73c39\"},\"headline\":\"Trinidad: L&#39;universit\u00e9 Adventiste doit recevoir une subvension de US$15 millions du gouvernement\",\"datePublished\":\"2008-01-06T04:00:00+00:00\",\"dateModified\":\"2017-06-02T17:12:57+00:00\",\"mainEntityOfPage\":{\"@id\":\"https:\\\/\\\/interamerica.org\\\/fr\\\/2008\\\/01\\\/trinidad-luniversite-adventiste-doit-recevoir-une-subvension-de-us15-millions-du-gouvernement\\\/\"},\"wordCount\":492,\"articleSection\":[\"Archive\"],\"inLanguage\":\"fr-FR\"},{\"@type\":\"WebPage\",\"@id\":\"https:\\\/\\\/interamerica.org\\\/fr\\\/2008\\\/01\\\/trinidad-luniversite-adventiste-doit-recevoir-une-subvension-de-us15-millions-du-gouvernement\\\/\",\"url\":\"https:\\\/\\\/interamerica.org\\\/fr\\\/2008\\\/01\\\/trinidad-luniversite-adventiste-doit-recevoir-une-subvension-de-us15-millions-du-gouvernement\\\/\",\"name\":\"Trinidad: L&#39;universit\u00e9 Adventiste doit recevoir une subvension de US$15 millions du gouvernement - \u00c9glise Adventiste Du Septieme Jour - Inter Am\u00e9rique Division\",\"isPartOf\":{\"@id\":\"https:\\\/\\\/interamerica.org\\\/fr\\\/#website\"},\"datePublished\":\"2008-01-06T04:00:00+00:00\",\"dateModified\":\"2017-06-02T17:12:57+00:00\",\"author\":{\"@id\":\"https:\\\/\\\/interamerica.org\\\/fr\\\/#\\\/schema\\\/person\\\/68ede8bdc292885bb76c1e3810e73c39\"},\"breadcrumb\":{\"@id\":\"https:\\\/\\\/interamerica.org\\\/fr\\\/2008\\\/01\\\/trinidad-luniversite-adventiste-doit-recevoir-une-subvension-de-us15-millions-du-gouvernement\\\/#breadcrumb\"},\"inLanguage\":\"fr-FR\",\"potentialAction\":[{\"@type\":\"ReadAction\",\"target\":[\"https:\\\/\\\/interamerica.org\\\/fr\\\/2008\\\/01\\\/trinidad-luniversite-adventiste-doit-recevoir-une-subvension-de-us15-millions-du-gouvernement\\\/\"]}]},{\"@type\":\"BreadcrumbList\",\"@id\":\"https:\\\/\\\/interamerica.org\\\/fr\\\/2008\\\/01\\\/trinidad-luniversite-adventiste-doit-recevoir-une-subvension-de-us15-millions-du-gouvernement\\\/#breadcrumb\",\"itemListElement\":[{\"@type\":\"ListItem\",\"position\":1,\"name\":\"Home\",\"item\":\"https:\\\/\\\/interamerica.org\\\/fr\\\/\"},{\"@type\":\"ListItem\",\"position\":2,\"name\":\"Trinidad: L&#39;universit\u00e9 Adventiste doit recevoir une subvension de US$15 millions du gouvernement\"}]},{\"@type\":\"WebSite\",\"@id\":\"https:\\\/\\\/interamerica.org\\\/fr\\\/#website\",\"url\":\"https:\\\/\\\/interamerica.org\\\/fr\\\/\",\"name\":\"\u00c9glise Adventiste Du Septieme Jour - Inter Am\u00e9rique Division\",\"description\":\"\",\"potentialAction\":[{\"@type\":\"SearchAction\",\"target\":{\"@type\":\"EntryPoint\",\"urlTemplate\":\"https:\\\/\\\/interamerica.org\\\/fr\\\/?s={search_term_string}\"},\"query-input\":{\"@type\":\"PropertyValueSpecification\",\"valueRequired\":true,\"valueName\":\"search_term_string\"}}],\"inLanguage\":\"fr-FR\"},{\"@type\":\"Person\",\"@id\":\"https:\\\/\\\/interamerica.org\\\/fr\\\/#\\\/schema\\\/person\\\/68ede8bdc292885bb76c1e3810e73c39\",\"name\":\"Lorenzo Verduzco\",\"image\":{\"@type\":\"ImageObject\",\"inLanguage\":\"fr-FR\",\"@id\":\"https:\\\/\\\/secure.gravatar.com\\\/avatar\\\/fb81a55b6218459490a9c1dc841a34909185b81904c5337b4b27f7a6fd60c49e?s=96&d=mm&r=g\",\"url\":\"https:\\\/\\\/secure.gravatar.com\\\/avatar\\\/fb81a55b6218459490a9c1dc841a34909185b81904c5337b4b27f7a6fd60c49e?s=96&d=mm&r=g\",\"contentUrl\":\"https:\\\/\\\/secure.gravatar.com\\\/avatar\\\/fb81a55b6218459490a9c1dc841a34909185b81904c5337b4b27f7a6fd60c49e?s=96&d=mm&r=g\",\"caption\":\"Lorenzo Verduzco\"}}]}<\/script>\n<!-- \/ Yoast SEO plugin. -->","yoast_head_json":{"title":"Trinidad: L&#39;universit\u00e9 Adventiste doit recevoir une subvension de US$15 millions du gouvernement - \u00c9glise Adventiste Du Septieme Jour - Inter Am\u00e9rique Division","robots":{"index":"index","follow":"follow","max-snippet":"max-snippet:-1","max-image-preview":"max-image-preview:large","max-video-preview":"max-video-preview:-1"},"canonical":"https:\/\/interamerica.org\/fr\/2008\/01\/trinidad-luniversite-adventiste-doit-recevoir-une-subvension-de-us15-millions-du-gouvernement\/","og_locale":"fr_FR","og_type":"article","og_title":"Trinidad: L&#39;universit\u00e9 Adventiste doit recevoir une subvension de US$15 millions du gouvernement - \u00c9glise Adventiste Du Septieme Jour - Inter Am\u00e9rique Division","og_description":"Dans la poursuite de leur Plan de Vision 2020 afin de donner un statut mondial de premi\u00e8re classe aux niveaux pr\u00e9-universitaires, le gouvernement de Trinidad et Tobago a annonc\u00e9 \u00e0 la fin de l&#39;ann\u00e9e derni\u00e8re","og_url":"https:\/\/interamerica.org\/fr\/2008\/01\/trinidad-luniversite-adventiste-doit-recevoir-une-subvension-de-us15-millions-du-gouvernement\/","og_site_name":"\u00c9glise Adventiste Du Septieme Jour - Inter Am\u00e9rique Division","article_published_time":"2008-01-06T04:00:00+00:00","article_modified_time":"2017-06-02T17:12:57+00:00","author":"Lorenzo Verduzco","twitter_card":"summary_large_image","twitter_misc":{"\u00c9crit par":"Lorenzo Verduzco","Dur\u00e9e de lecture estim\u00e9e":"2 minutes"},"schema":{"@context":"https:\/\/schema.org","@graph":[{"@type":"Article","@id":"https:\/\/interamerica.org\/fr\/2008\/01\/trinidad-luniversite-adventiste-doit-recevoir-une-subvension-de-us15-millions-du-gouvernement\/#article","isPartOf":{"@id":"https:\/\/interamerica.org\/fr\/2008\/01\/trinidad-luniversite-adventiste-doit-recevoir-une-subvension-de-us15-millions-du-gouvernement\/"},"author":{"name":"Lorenzo Verduzco","@id":"https:\/\/interamerica.org\/fr\/#\/schema\/person\/68ede8bdc292885bb76c1e3810e73c39"},"headline":"Trinidad: L&#39;universit\u00e9 Adventiste doit recevoir une subvension de US$15 millions du gouvernement","datePublished":"2008-01-06T04:00:00+00:00","dateModified":"2017-06-02T17:12:57+00:00","mainEntityOfPage":{"@id":"https:\/\/interamerica.org\/fr\/2008\/01\/trinidad-luniversite-adventiste-doit-recevoir-une-subvension-de-us15-millions-du-gouvernement\/"},"wordCount":492,"articleSection":["Archive"],"inLanguage":"fr-FR"},{"@type":"WebPage","@id":"https:\/\/interamerica.org\/fr\/2008\/01\/trinidad-luniversite-adventiste-doit-recevoir-une-subvension-de-us15-millions-du-gouvernement\/","url":"https:\/\/interamerica.org\/fr\/2008\/01\/trinidad-luniversite-adventiste-doit-recevoir-une-subvension-de-us15-millions-du-gouvernement\/","name":"Trinidad: L&#39;universit\u00e9 Adventiste doit recevoir une subvension de US$15 millions du gouvernement - \u00c9glise Adventiste Du Septieme Jour - Inter Am\u00e9rique Division","isPartOf":{"@id":"https:\/\/interamerica.org\/fr\/#website"},"datePublished":"2008-01-06T04:00:00+00:00","dateModified":"2017-06-02T17:12:57+00:00","author":{"@id":"https:\/\/interamerica.org\/fr\/#\/schema\/person\/68ede8bdc292885bb76c1e3810e73c39"},"breadcrumb":{"@id":"https:\/\/interamerica.org\/fr\/2008\/01\/trinidad-luniversite-adventiste-doit-recevoir-une-subvension-de-us15-millions-du-gouvernement\/#breadcrumb"},"inLanguage":"fr-FR","potentialAction":[{"@type":"ReadAction","target":["https:\/\/interamerica.org\/fr\/2008\/01\/trinidad-luniversite-adventiste-doit-recevoir-une-subvension-de-us15-millions-du-gouvernement\/"]}]},{"@type":"BreadcrumbList","@id":"https:\/\/interamerica.org\/fr\/2008\/01\/trinidad-luniversite-adventiste-doit-recevoir-une-subvension-de-us15-millions-du-gouvernement\/#breadcrumb","itemListElement":[{"@type":"ListItem","position":1,"name":"Home","item":"https:\/\/interamerica.org\/fr\/"},{"@type":"ListItem","position":2,"name":"Trinidad: L&#39;universit\u00e9 Adventiste doit recevoir une subvension de US$15 millions du gouvernement"}]},{"@type":"WebSite","@id":"https:\/\/interamerica.org\/fr\/#website","url":"https:\/\/interamerica.org\/fr\/","name":"\u00c9glise Adventiste Du Septieme Jour - Inter Am\u00e9rique Division","description":"","potentialAction":[{"@type":"SearchAction","target":{"@type":"EntryPoint","urlTemplate":"https:\/\/interamerica.org\/fr\/?s={search_term_string}"},"query-input":{"@type":"PropertyValueSpecification","valueRequired":true,"valueName":"search_term_string"}}],"inLanguage":"fr-FR"},{"@type":"Person","@id":"https:\/\/interamerica.org\/fr\/#\/schema\/person\/68ede8bdc292885bb76c1e3810e73c39","name":"Lorenzo Verduzco","image":{"@type":"ImageObject","inLanguage":"fr-FR","@id":"https:\/\/secure.gravatar.com\/avatar\/fb81a55b6218459490a9c1dc841a34909185b81904c5337b4b27f7a6fd60c49e?s=96&d=mm&r=g","url":"https:\/\/secure.gravatar.com\/avatar\/fb81a55b6218459490a9c1dc841a34909185b81904c5337b4b27f7a6fd60c49e?s=96&d=mm&r=g","contentUrl":"https:\/\/secure.gravatar.com\/avatar\/fb81a55b6218459490a9c1dc841a34909185b81904c5337b4b27f7a6fd60c49e?s=96&d=mm&r=g","caption":"Lorenzo Verduzco"}}]}},"_links":{"self":[{"href":"https:\/\/interamerica.org\/fr\/wp-json\/wp\/v2\/posts\/12885","targetHints":{"allow":["GET"]}}],"collection":[{"href":"https:\/\/interamerica.org\/fr\/wp-json\/wp\/v2\/posts"}],"about":[{"href":"https:\/\/interamerica.org\/fr\/wp-json\/wp\/v2\/types\/post"}],"author":[{"embeddable":true,"href":"https:\/\/interamerica.org\/fr\/wp-json\/wp\/v2\/users\/1"}],"replies":[{"embeddable":true,"href":"https:\/\/interamerica.org\/fr\/wp-json\/wp\/v2\/comments?post=12885"}],"version-history":[{"count":0,"href":"https:\/\/interamerica.org\/fr\/wp-json\/wp\/v2\/posts\/12885\/revisions"}],"wp:attachment":[{"href":"https:\/\/interamerica.org\/fr\/wp-json\/wp\/v2\/media?parent=12885"}],"wp:term":[{"taxonomy":"category","embeddable":true,"href":"https:\/\/interamerica.org\/fr\/wp-json\/wp\/v2\/categories?post=12885"},{"taxonomy":"post_tag","embeddable":true,"href":"https:\/\/interamerica.org\/fr\/wp-json\/wp\/v2\/tags?post=12885"}],"curies":[{"name":"wp","href":"https:\/\/api.w.org\/{rel}","templated":true}]}}