{"id":12886,"date":"2008-01-06T00:00:00","date_gmt":"2008-01-06T04:00:00","guid":{"rendered":"http:\/\/192.81.217.108\/interamerica\/2008\/01\/venezuela-plus-de-21-300-membres-deglise-recoivent-une-formation-speciale\/"},"modified":"2017-06-02T13:12:58","modified_gmt":"2017-06-02T17:12:58","slug":"venezuela-plus-de-21-300-membres-deglise-recoivent-une-formation-speciale","status":"publish","type":"post","link":"https:\/\/interamerica.org\/fr\/2008\/01\/venezuela-plus-de-21-300-membres-deglise-recoivent-une-formation-speciale\/","title":{"rendered":"V\u00e9n\u00e9zuela:  Plus de 21.300 membres d&#39;\u00e9glise re\u00e7oivent une formation sp\u00e9ciale"},"content":{"rendered":"<p>Caracas, V\u00e9n\u00e9zuela&#8230; (Rodolfo Escobar\/Libna Stevens) <\/p>\n<p>L&#39;Eglise Adventiste du Septi\u00e8me jour de la r\u00e9gion des Antilles du V\u00e9n\u00e9zuela s&#39;est engag\u00e9e \u00e0 former des milliers de membres et des la\u00efques de son \u00e9glise en vue de leur permettre de remplir leurs t\u00e2ches alors qu&#39;ils servent et pr\u00e9parent de nouveaux membres de l&#39;\u00e9glise. <\/p>\n<p>Plus de 21.300 membres ont re\u00e7u leurs certificats au cours de r\u00e9centes c\u00e9r\u00e9monies sp\u00e9ciales tenues \u00e0 travers la r\u00e9gion.  C&#39;est une approche qui a eu de grands r\u00e9sultats, ont d\u00e9clar\u00e9 les dirigeants d&#39;\u00e9glise de cette r\u00e9gion. <\/p>\n<p>Pasteur Fernando Toala, directeur du minist\u00e8re personnel de l&#39;\u00e9glise des Antilles du V\u00e9n\u00e9zuela rapporte que l&#39;\u00e9glise utilise trois phases pour les efforts d&#39;\u00e9vang\u00e9lisation depuis l&#39;\u00e9t\u00e9 dernier. <\/p>\n<p>\u00ab\u00a0Nous divisons l&#39;ann\u00e9e en trois phases,\u00a0\u00bb dit Pasteur Toala.  \u00ab\u00a0D&#39;abord commence la phase de consolidation qui a lieu de juin \u00e0 septembre, puis l&#39;organisation qui a lieu entre octobre et janvier et enfin la r\u00e9colte qui va de f\u00e9vrier \u00e0 mai.\u00a0\u00bb <\/p>\n<p>C&#39;est durant la p\u00e9riode de consolidation que des membres et des la\u00efques actifs de l&#39;\u00e9glise sont form\u00e9s en vue de remplir leurs responsabilit\u00e9s alors qu&#39;ils s&#39;offrent volontairement pour une fonction au sein de l&#39;\u00e9glise, en recevant  des cours sur le minist\u00e8re Chr\u00e9tien, les dons spirituels, le leadership Chr\u00e9tien, la pr\u00e9dication et la pr\u00e9sentation des \u00e9tudes bibliques, le fontionnement de l&#39;\u00e9glise et ses origines, l&#39;organisation des petits groupes, parmi tant d&#39;autres sujets. <\/p>\n<p>C&#39;est au cours de la phase de consolidation que des milliers de membres d&#39;\u00e9glise ont renouvel\u00e9 leur engagement \u00e0 l&#39;\u00e9glise, avance Toala, qui a voyag\u00e9 d&#39;\u00e9glise en \u00e9glise pour t\u00e9moigner et se r\u00e9jouir avec les nouveaux membres bien entrain\u00e9s. <\/p>\n<p>\u00ab\u00a0Nous avons remarqu\u00e9 que l&#39;\u00e9glise a entam\u00e9 une nouvelle exp\u00e9rience ici avec la p\u00e9riode de consolidation,\u00a0\u00bb dit Toala.  \u00ab\u00a0Nous avons transform\u00e9 les \u00e9glises en \u00e9coles de proph\u00e8tes o\u00f9 les membres n&#39;\u00e9coutent pas seulement un sermon mais sont form\u00e9s.\u00a0\u00bb <\/p>\n<p>\u00ab\u00a0C&#39;est vraiment encourageant de constater que l&#39;\u00e9glise connait un r\u00e9veil sur le plan du leadership, ajoute-t-il. <\/p>\n<p>Pasteur Carlyle Bayne, directeur du minist\u00e8re personnel de l&#39;\u00e9glise de l&#39;Inter-Am\u00e9rique, a visit\u00e9 les \u00e9glises et assur\u00e9 une formation pendant les c\u00e9r\u00e9monies de certification.  Il dit que pareille formation de membre est vitale pour obtenir un grand impact. <\/p>\n<p>\u00ab\u00a0Quand vous pensez \u00e0 la port\u00e9e de l&#39;\u00e9vang\u00e9lisation de nos jours, nous avons des milliers de membres d&#39;une tranche d&#39;\u00e2ge entre 17-30 ans, dont certains n&#39;ont pas grandi au sein de l&#39;Eglise Adventiste,\u00a0\u00bb avance Pasteur Bayne. \u00ab\u00a0Ils n&#39;ont pas partiticip\u00e9 \u00e0 des visites en donnant des \u00e9tudes Bibliques, ou appris \u00e0 gagner des \u00e2mes.  Certains d&#39;entre eux ont eu probablement une formation d&#39;autres \u00e9glises d&#39;o\u00f9 ils viennent mais nous devons les exposer aux modes de vie Adventiste et pour cela la Division Inter-Am\u00e9ricaine insiste sur la n\u00e9cessit\u00e9 d&#39;\u00eatre des gagneurs d&#39;\u00e2mes, donc nous devons leur fournir ces genres de programmes de formation.\u00a0\u00bb <\/p>\n<p>Les programmes de certification de ce genre sont d&#39;une grande importance \u00e0 travers l&#39;\u00e9glise, dit Pasteur Bayne, qui voyagent souvent \u00e0 l&#39;int\u00e9rieur du territoire pour superviser les programmes de certification \u00e0 l&#39;intention des la\u00efques et des membres d&#39;\u00e9glise actifs. <\/p>\n<p>\u00ab\u00a0Je peux constater l&#39;enthousiasme suscit\u00e9 chez la plupart des membres qui ont particip\u00e9,\u00a0\u00bb dit Pasteur Bayne.  \u00ab\u00a0Vous avez des fermiers, des enseignants, des m\u00e9decins, toutes les couches sociales de l&#39;\u00e9glise sont repr\u00e9sent\u00e9es.\u00a0\u00bb <\/p>\n<p>Ceci ne contribue pas seulement \u00e0 la bonne marche de l&#39;\u00e9glise mais Pasteur Bayne avance qu&#39;il pr\u00e9voit un programme concert\u00e9 qui aura des effets durables. <\/p>\n<p>Ces effets durables sont les r\u00e9sultats auxquels s&#39;attendent les dirigeants du V\u00e9n\u00e9zuela qui sont assur\u00e9s d&#39;avoir une \u00e9glise forte alors que la phase de l&#39;organisation engage les membres aux \u00e9tudes Bibliques, la distribution de feuillet, la pr\u00e9sentation des conf\u00e9rences sur la sant\u00e9 au sein des communaut\u00e9s et d&#39;autres activit\u00e9s pendant la phase de la r\u00e9colte dit Pasteur Toala.  Durant la phase de la r\u00e9colte, les membres seront attel\u00e9s \u00e0 l&#39;organisation des campagnes d&#39;\u00e9vang\u00e9lisation dans leurs communaut\u00e9s. <\/p>\n<p>\u00ab\u00a0Il ne s&#39;agit pas seulement d&#39;avoir des bapt\u00eames et des bapt\u00eames, nous d\u00e9sirons chaque ann\u00e9e consolider les nouveaux membres, d\u00e9clare-t-il. <\/p>\n<p>C&#39;est un programme continu que l&#39;\u00e9glise des Antilles du V\u00e9n\u00e9zuela et d&#39;autres r\u00e9gions de l&#39;Inter-Am\u00e9rique ont planifi\u00e9, d&#39;apr\u00e8s Pasteur Bayne. <\/p>\n<p>Pour plus d&#39;informations concernant l&#39;\u00e9glise de l&#39;Union des Antilles du V\u00e9n\u00e9zuela, visitez <a  href=\"http:\/\/www.unionvenezolana.com\/\">www.unionvenezolana.com<\/a > <\/p><\/p>\n","protected":false},"excerpt":{"rendered":"<p>L&#39;Eglise Adventiste du Septi\u00e8me jour de la r\u00e9gion des Antilles du V\u00e9n\u00e9zuela s&#39;est engag\u00e9e \u00e0 former des milliers de membres et des la\u00efques de son \u00e9glise en vue de leur permettre de remplir leu<\/p>\n","protected":false},"author":1,"featured_media":0,"comment_status":"closed","ping_status":"closed","sticky":false,"template":"","format":"standard","meta":{"_acf_changed":false,"footnotes":""},"categories":[9],"tags":[],"class_list":["post-12886","post","type-post","status-publish","format-standard","hentry","category-archive-fr"],"acf":[],"yoast_head":"<!-- This site is optimized with the Yoast SEO plugin v27.3 - https:\/\/yoast.com\/product\/yoast-seo-wordpress\/ -->\n<title>V\u00e9n\u00e9zuela: Plus de 21.300 membres d&#039;\u00e9glise re\u00e7oivent une formation sp\u00e9ciale - \u00c9glise Adventiste Du Septieme Jour - Inter Am\u00e9rique Division<\/title>\n<meta name=\"robots\" content=\"index, follow, max-snippet:-1, max-image-preview:large, max-video-preview:-1\" \/>\n<link rel=\"canonical\" href=\"https:\/\/interamerica.org\/fr\/2008\/01\/venezuela-plus-de-21-300-membres-deglise-recoivent-une-formation-speciale\/\" \/>\n<meta property=\"og:locale\" content=\"fr_FR\" \/>\n<meta property=\"og:type\" content=\"article\" \/>\n<meta property=\"og:title\" content=\"V\u00e9n\u00e9zuela: Plus de 21.300 membres d&#039;\u00e9glise re\u00e7oivent une formation sp\u00e9ciale - \u00c9glise Adventiste Du Septieme Jour - Inter Am\u00e9rique Division\" \/>\n<meta property=\"og:description\" content=\"L&#039;Eglise Adventiste du Septi\u00e8me jour de la r\u00e9gion des Antilles du V\u00e9n\u00e9zuela s&#039;est engag\u00e9e \u00e0 former des milliers de membres et des la\u00efques de son \u00e9glise en vue de leur permettre de remplir leu\" \/>\n<meta property=\"og:url\" content=\"https:\/\/interamerica.org\/fr\/2008\/01\/venezuela-plus-de-21-300-membres-deglise-recoivent-une-formation-speciale\/\" \/>\n<meta property=\"og:site_name\" content=\"\u00c9glise Adventiste Du Septieme Jour - Inter Am\u00e9rique Division\" \/>\n<meta property=\"article:published_time\" content=\"2008-01-06T04:00:00+00:00\" \/>\n<meta property=\"article:modified_time\" content=\"2017-06-02T17:12:58+00:00\" \/>\n<meta name=\"author\" content=\"Lorenzo Verduzco\" \/>\n<meta name=\"twitter:card\" content=\"summary_large_image\" \/>\n<meta name=\"twitter:label1\" content=\"\u00c9crit par\" \/>\n\t<meta name=\"twitter:data1\" content=\"Lorenzo Verduzco\" \/>\n\t<meta name=\"twitter:label2\" content=\"Dur\u00e9e de lecture estim\u00e9e\" \/>\n\t<meta name=\"twitter:data2\" content=\"4 minutes\" \/>\n<script type=\"application\/ld+json\" class=\"yoast-schema-graph\">{\"@context\":\"https:\\\/\\\/schema.org\",\"@graph\":[{\"@type\":\"Article\",\"@id\":\"https:\\\/\\\/interamerica.org\\\/fr\\\/2008\\\/01\\\/venezuela-plus-de-21-300-membres-deglise-recoivent-une-formation-speciale\\\/#article\",\"isPartOf\":{\"@id\":\"https:\\\/\\\/interamerica.org\\\/fr\\\/2008\\\/01\\\/venezuela-plus-de-21-300-membres-deglise-recoivent-une-formation-speciale\\\/\"},\"author\":{\"name\":\"Lorenzo Verduzco\",\"@id\":\"https:\\\/\\\/interamerica.org\\\/fr\\\/#\\\/schema\\\/person\\\/68ede8bdc292885bb76c1e3810e73c39\"},\"headline\":\"V\u00e9n\u00e9zuela: Plus de 21.300 membres d&#39;\u00e9glise re\u00e7oivent une formation sp\u00e9ciale\",\"datePublished\":\"2008-01-06T04:00:00+00:00\",\"dateModified\":\"2017-06-02T17:12:58+00:00\",\"mainEntityOfPage\":{\"@id\":\"https:\\\/\\\/interamerica.org\\\/fr\\\/2008\\\/01\\\/venezuela-plus-de-21-300-membres-deglise-recoivent-une-formation-speciale\\\/\"},\"wordCount\":834,\"articleSection\":[\"Archive\"],\"inLanguage\":\"fr-FR\"},{\"@type\":\"WebPage\",\"@id\":\"https:\\\/\\\/interamerica.org\\\/fr\\\/2008\\\/01\\\/venezuela-plus-de-21-300-membres-deglise-recoivent-une-formation-speciale\\\/\",\"url\":\"https:\\\/\\\/interamerica.org\\\/fr\\\/2008\\\/01\\\/venezuela-plus-de-21-300-membres-deglise-recoivent-une-formation-speciale\\\/\",\"name\":\"V\u00e9n\u00e9zuela: Plus de 21.300 membres d&#39;\u00e9glise re\u00e7oivent une formation sp\u00e9ciale - \u00c9glise Adventiste Du Septieme Jour - Inter Am\u00e9rique Division\",\"isPartOf\":{\"@id\":\"https:\\\/\\\/interamerica.org\\\/fr\\\/#website\"},\"datePublished\":\"2008-01-06T04:00:00+00:00\",\"dateModified\":\"2017-06-02T17:12:58+00:00\",\"author\":{\"@id\":\"https:\\\/\\\/interamerica.org\\\/fr\\\/#\\\/schema\\\/person\\\/68ede8bdc292885bb76c1e3810e73c39\"},\"breadcrumb\":{\"@id\":\"https:\\\/\\\/interamerica.org\\\/fr\\\/2008\\\/01\\\/venezuela-plus-de-21-300-membres-deglise-recoivent-une-formation-speciale\\\/#breadcrumb\"},\"inLanguage\":\"fr-FR\",\"potentialAction\":[{\"@type\":\"ReadAction\",\"target\":[\"https:\\\/\\\/interamerica.org\\\/fr\\\/2008\\\/01\\\/venezuela-plus-de-21-300-membres-deglise-recoivent-une-formation-speciale\\\/\"]}]},{\"@type\":\"BreadcrumbList\",\"@id\":\"https:\\\/\\\/interamerica.org\\\/fr\\\/2008\\\/01\\\/venezuela-plus-de-21-300-membres-deglise-recoivent-une-formation-speciale\\\/#breadcrumb\",\"itemListElement\":[{\"@type\":\"ListItem\",\"position\":1,\"name\":\"Home\",\"item\":\"https:\\\/\\\/interamerica.org\\\/fr\\\/\"},{\"@type\":\"ListItem\",\"position\":2,\"name\":\"V\u00e9n\u00e9zuela: Plus de 21.300 membres d&#39;\u00e9glise re\u00e7oivent une formation sp\u00e9ciale\"}]},{\"@type\":\"WebSite\",\"@id\":\"https:\\\/\\\/interamerica.org\\\/fr\\\/#website\",\"url\":\"https:\\\/\\\/interamerica.org\\\/fr\\\/\",\"name\":\"\u00c9glise Adventiste Du Septieme Jour - Inter Am\u00e9rique Division\",\"description\":\"\",\"potentialAction\":[{\"@type\":\"SearchAction\",\"target\":{\"@type\":\"EntryPoint\",\"urlTemplate\":\"https:\\\/\\\/interamerica.org\\\/fr\\\/?s={search_term_string}\"},\"query-input\":{\"@type\":\"PropertyValueSpecification\",\"valueRequired\":true,\"valueName\":\"search_term_string\"}}],\"inLanguage\":\"fr-FR\"},{\"@type\":\"Person\",\"@id\":\"https:\\\/\\\/interamerica.org\\\/fr\\\/#\\\/schema\\\/person\\\/68ede8bdc292885bb76c1e3810e73c39\",\"name\":\"Lorenzo Verduzco\",\"image\":{\"@type\":\"ImageObject\",\"inLanguage\":\"fr-FR\",\"@id\":\"https:\\\/\\\/secure.gravatar.com\\\/avatar\\\/fb81a55b6218459490a9c1dc841a34909185b81904c5337b4b27f7a6fd60c49e?s=96&d=mm&r=g\",\"url\":\"https:\\\/\\\/secure.gravatar.com\\\/avatar\\\/fb81a55b6218459490a9c1dc841a34909185b81904c5337b4b27f7a6fd60c49e?s=96&d=mm&r=g\",\"contentUrl\":\"https:\\\/\\\/secure.gravatar.com\\\/avatar\\\/fb81a55b6218459490a9c1dc841a34909185b81904c5337b4b27f7a6fd60c49e?s=96&d=mm&r=g\",\"caption\":\"Lorenzo Verduzco\"}}]}<\/script>\n<!-- \/ Yoast SEO plugin. -->","yoast_head_json":{"title":"V\u00e9n\u00e9zuela: Plus de 21.300 membres d&#39;\u00e9glise re\u00e7oivent une formation sp\u00e9ciale - \u00c9glise Adventiste Du Septieme Jour - Inter Am\u00e9rique Division","robots":{"index":"index","follow":"follow","max-snippet":"max-snippet:-1","max-image-preview":"max-image-preview:large","max-video-preview":"max-video-preview:-1"},"canonical":"https:\/\/interamerica.org\/fr\/2008\/01\/venezuela-plus-de-21-300-membres-deglise-recoivent-une-formation-speciale\/","og_locale":"fr_FR","og_type":"article","og_title":"V\u00e9n\u00e9zuela: Plus de 21.300 membres d&#39;\u00e9glise re\u00e7oivent une formation sp\u00e9ciale - \u00c9glise Adventiste Du Septieme Jour - Inter Am\u00e9rique Division","og_description":"L&#39;Eglise Adventiste du Septi\u00e8me jour de la r\u00e9gion des Antilles du V\u00e9n\u00e9zuela s&#39;est engag\u00e9e \u00e0 former des milliers de membres et des la\u00efques de son \u00e9glise en vue de leur permettre de remplir leu","og_url":"https:\/\/interamerica.org\/fr\/2008\/01\/venezuela-plus-de-21-300-membres-deglise-recoivent-une-formation-speciale\/","og_site_name":"\u00c9glise Adventiste Du Septieme Jour - Inter Am\u00e9rique Division","article_published_time":"2008-01-06T04:00:00+00:00","article_modified_time":"2017-06-02T17:12:58+00:00","author":"Lorenzo Verduzco","twitter_card":"summary_large_image","twitter_misc":{"\u00c9crit par":"Lorenzo Verduzco","Dur\u00e9e de lecture estim\u00e9e":"4 minutes"},"schema":{"@context":"https:\/\/schema.org","@graph":[{"@type":"Article","@id":"https:\/\/interamerica.org\/fr\/2008\/01\/venezuela-plus-de-21-300-membres-deglise-recoivent-une-formation-speciale\/#article","isPartOf":{"@id":"https:\/\/interamerica.org\/fr\/2008\/01\/venezuela-plus-de-21-300-membres-deglise-recoivent-une-formation-speciale\/"},"author":{"name":"Lorenzo Verduzco","@id":"https:\/\/interamerica.org\/fr\/#\/schema\/person\/68ede8bdc292885bb76c1e3810e73c39"},"headline":"V\u00e9n\u00e9zuela: Plus de 21.300 membres d&#39;\u00e9glise re\u00e7oivent une formation sp\u00e9ciale","datePublished":"2008-01-06T04:00:00+00:00","dateModified":"2017-06-02T17:12:58+00:00","mainEntityOfPage":{"@id":"https:\/\/interamerica.org\/fr\/2008\/01\/venezuela-plus-de-21-300-membres-deglise-recoivent-une-formation-speciale\/"},"wordCount":834,"articleSection":["Archive"],"inLanguage":"fr-FR"},{"@type":"WebPage","@id":"https:\/\/interamerica.org\/fr\/2008\/01\/venezuela-plus-de-21-300-membres-deglise-recoivent-une-formation-speciale\/","url":"https:\/\/interamerica.org\/fr\/2008\/01\/venezuela-plus-de-21-300-membres-deglise-recoivent-une-formation-speciale\/","name":"V\u00e9n\u00e9zuela: Plus de 21.300 membres d&#39;\u00e9glise re\u00e7oivent une formation sp\u00e9ciale - \u00c9glise Adventiste Du Septieme Jour - Inter Am\u00e9rique Division","isPartOf":{"@id":"https:\/\/interamerica.org\/fr\/#website"},"datePublished":"2008-01-06T04:00:00+00:00","dateModified":"2017-06-02T17:12:58+00:00","author":{"@id":"https:\/\/interamerica.org\/fr\/#\/schema\/person\/68ede8bdc292885bb76c1e3810e73c39"},"breadcrumb":{"@id":"https:\/\/interamerica.org\/fr\/2008\/01\/venezuela-plus-de-21-300-membres-deglise-recoivent-une-formation-speciale\/#breadcrumb"},"inLanguage":"fr-FR","potentialAction":[{"@type":"ReadAction","target":["https:\/\/interamerica.org\/fr\/2008\/01\/venezuela-plus-de-21-300-membres-deglise-recoivent-une-formation-speciale\/"]}]},{"@type":"BreadcrumbList","@id":"https:\/\/interamerica.org\/fr\/2008\/01\/venezuela-plus-de-21-300-membres-deglise-recoivent-une-formation-speciale\/#breadcrumb","itemListElement":[{"@type":"ListItem","position":1,"name":"Home","item":"https:\/\/interamerica.org\/fr\/"},{"@type":"ListItem","position":2,"name":"V\u00e9n\u00e9zuela: Plus de 21.300 membres d&#39;\u00e9glise re\u00e7oivent une formation sp\u00e9ciale"}]},{"@type":"WebSite","@id":"https:\/\/interamerica.org\/fr\/#website","url":"https:\/\/interamerica.org\/fr\/","name":"\u00c9glise Adventiste Du Septieme Jour - Inter Am\u00e9rique Division","description":"","potentialAction":[{"@type":"SearchAction","target":{"@type":"EntryPoint","urlTemplate":"https:\/\/interamerica.org\/fr\/?s={search_term_string}"},"query-input":{"@type":"PropertyValueSpecification","valueRequired":true,"valueName":"search_term_string"}}],"inLanguage":"fr-FR"},{"@type":"Person","@id":"https:\/\/interamerica.org\/fr\/#\/schema\/person\/68ede8bdc292885bb76c1e3810e73c39","name":"Lorenzo Verduzco","image":{"@type":"ImageObject","inLanguage":"fr-FR","@id":"https:\/\/secure.gravatar.com\/avatar\/fb81a55b6218459490a9c1dc841a34909185b81904c5337b4b27f7a6fd60c49e?s=96&d=mm&r=g","url":"https:\/\/secure.gravatar.com\/avatar\/fb81a55b6218459490a9c1dc841a34909185b81904c5337b4b27f7a6fd60c49e?s=96&d=mm&r=g","contentUrl":"https:\/\/secure.gravatar.com\/avatar\/fb81a55b6218459490a9c1dc841a34909185b81904c5337b4b27f7a6fd60c49e?s=96&d=mm&r=g","caption":"Lorenzo Verduzco"}}]}},"_links":{"self":[{"href":"https:\/\/interamerica.org\/fr\/wp-json\/wp\/v2\/posts\/12886","targetHints":{"allow":["GET"]}}],"collection":[{"href":"https:\/\/interamerica.org\/fr\/wp-json\/wp\/v2\/posts"}],"about":[{"href":"https:\/\/interamerica.org\/fr\/wp-json\/wp\/v2\/types\/post"}],"author":[{"embeddable":true,"href":"https:\/\/interamerica.org\/fr\/wp-json\/wp\/v2\/users\/1"}],"replies":[{"embeddable":true,"href":"https:\/\/interamerica.org\/fr\/wp-json\/wp\/v2\/comments?post=12886"}],"version-history":[{"count":0,"href":"https:\/\/interamerica.org\/fr\/wp-json\/wp\/v2\/posts\/12886\/revisions"}],"wp:attachment":[{"href":"https:\/\/interamerica.org\/fr\/wp-json\/wp\/v2\/media?parent=12886"}],"wp:term":[{"taxonomy":"category","embeddable":true,"href":"https:\/\/interamerica.org\/fr\/wp-json\/wp\/v2\/categories?post=12886"},{"taxonomy":"post_tag","embeddable":true,"href":"https:\/\/interamerica.org\/fr\/wp-json\/wp\/v2\/tags?post=12886"}],"curies":[{"name":"wp","href":"https:\/\/api.w.org\/{rel}","templated":true}]}}