{"id":12888,"date":"2008-01-13T00:00:00","date_gmt":"2008-01-13T04:00:00","guid":{"rendered":"http:\/\/192.81.217.108\/interamerica\/2008\/01\/leglise-adventiste-planifie-detablir-un-systeme-internet-sur-les-marches-aficains-en-pleine-expansion\/"},"modified":"2017-06-02T13:12:55","modified_gmt":"2017-06-02T17:12:55","slug":"leglise-adventiste-planifie-detablir-un-systeme-internet-sur-les-marches-aficains-en-pleine-expansion","status":"publish","type":"post","link":"https:\/\/interamerica.org\/fr\/2008\/01\/leglise-adventiste-planifie-detablir-un-systeme-internet-sur-les-marches-aficains-en-pleine-expansion\/","title":{"rendered":"L&#39;Eglise Adventiste Planifie d&#39;\u00e9tablir un syst\u00e8me Internet sur les march\u00e9s Aficains en pleine expansion"},"content":{"rendered":"<p>10 janvier, 2008, Silver Spring, Maryland, Etats-Unis&#8230; Ansel Oliver\/ANN <\/p>\n<p>L&#39;Eglise Adventiste du Septi\u00e8me jour est en train d&#39;examiner les meilleurs moyens de communication \u00e0 employer en Afrique, une r\u00e9gion o\u00f9 l&#39;\u00e9glise doit pr\u00e9sentement compter sur les services de l&#39;Internet mobile. <\/p>\n<p>Les responsables des communications de l&#39;Eglise, les techniciens et les pr\u00e9sentateurs des m\u00e9dias se rencontreront pour une conf\u00e9rence se d\u00e9roulant sur le service Internet au Cap, en Afrique du Sud, du 28 f\u00e9vrier au 2 mars, en vue de consid\u00e9rer les moyens de consolider la pr\u00e9sence de l&#39;\u00e9glise sur le Web en Afrique. <\/p>\n<p>La conf\u00e9rence est un prolongement r\u00e9gional de la conf\u00e9rence du R\u00e9seau Global d&#39;Evang\u00e9silation par Internet (GIEN) tenue annuellement depuis 2004. <\/p>\n<p>\u00ab\u00a0Nous voulons vraiment commencer par la base,\u00a0\u00bb a dit Andr\u00e9 Brink, directeur de communication de l&#39;Eglise Adventiste d&#39;Afrique du Sud.  \u00ab\u00a0Notre \u00e9glise n&#39;a pas fait grand chose \u00e0 travers l&#39;Internet en Afrique et nous voulons que les gens comprennent ce qu&#39;ils  peuvent accomplir.\u00a0\u00bb <\/p>\n<p>Brink a dit qu&#39;il y a environ 200 millions de t\u00e9l\u00e9phones portables en Afrique et encore moins d&#39;ordinateurs personnels.  \u00ab\u00a0Nous devons consid\u00e9rer les moyens pour permettre \u00e0 davantage et plus de personnes \u00e0 avoir acc\u00e8s \u00e0 l&#39;Internet par le moyen de leurs t\u00e9l\u00e9phones cellulaires.\u00a0\u00bb   La conf\u00e9rence d\u00e9butera avec une pr\u00e9sentation d&#39;un repr\u00e9sentant d&#39;une compagnie de t\u00e9l\u00e9phone mobile sur les prochains plans et technologies pr\u00e9vus pour le continent. <\/p>\n<p>Les dirigeants ont aussi reconnu le probl\u00e8me de violations de droits de propri\u00e9t\u00e9 intellectuelle dans cette r\u00e9gion du monde, a dit Brink.  \u00a0\u00bb Certaines personnes de l&#39;\u00e9glise pensent qu&#39;elles peuvent copier quelque chose car c&#39;est pour la cause du Seigneur.\u00a0\u00bb <\/p>\n<p>La conf\u00e9rence organisera un panel de discussion autour des droits de propri\u00e9t\u00e9 et publiera une d\u00e9claration concernant l&#39;engagement de l&#39;Eglise Adventiste sur les lois qui ont rapport \u00e0 la propri\u00e9t\u00e9 intellectuelle, a avanc\u00e9 Brink. <\/p>\n<p>D&#39;autres ateliers mettront l&#39;accent sur la gestion du mat\u00e9riel des m\u00e9dia, les tendances de l&#39;Internet et l&#39;optimisation des sites Web et des podcasts. <\/p>\n<p>Plusieurs pr\u00e9sentateurs apporteront de nouvelle id\u00e9es recueillies au cours des conventions technologiques internationales. <\/p>\n<p>\u00ab\u00a0Nous voulons retransmettre les choses que nous avons apprises \u00e0 nos coll\u00e8gues du minist\u00e8re,\u00a0\u00bb a dit Marvin King, administrateur du Web pour la Radio Adventiste Mondiale, qui conduira plusieurs ateliers au cours de la conf\u00e9rence.  Il esp\u00e8re aussi cr\u00e9er le forum GIEN sur le site du r\u00e9seau social de la Page d&#39;Accueil en vue d&#39;\u00e9tablir une liaison entre les utilisateurs de la technologie de l&#39;\u00e9glise. <\/p>\n<p>\u00ab\u00a0GIEN est un forum o\u00f9 les gens peuvent partager et apprendre ce qui peut ou ne peut \u00eatre fait dans cette r\u00e9gion du monde, a dit Williams Costa Jr., directeur adjoint de communication de l&#39;Eglise Adventiste mondiale.  \u00ab\u00a0Nous d\u00e9sirons que chacun soit au courant des nouvelles technologies afin d&#39;atteindre les lieux qu&#39;il avaient cru \u00eatre inaccessibles.\u00a0\u00bb <\/p>\n<p>La conf\u00e9rence internationale GIEN de 2008 est pr\u00e9vue pour le mois de juillet du 9 au 13 \u00e0 Denver, Colorado, aux Etats-Unis. <\/p>\n<p>Pour plus d&#39;informations, visitez gien.adventist.org. <\/p>\n<\/p><\/p>\n","protected":false},"excerpt":{"rendered":"<p>L&#39;Eglise Adventiste du Septi\u00e8me jour est en train d&#39;examiner les meilleurs moyens de communication \u00e0 employer en Afrique, une r\u00e9gion o\u00f9 l&#39;\u00e9glise doit pr\u00e9sentement compter sur les services de l&#39;In<\/p>\n","protected":false},"author":1,"featured_media":0,"comment_status":"closed","ping_status":"closed","sticky":false,"template":"","format":"standard","meta":{"_acf_changed":false,"footnotes":""},"categories":[9],"tags":[],"class_list":["post-12888","post","type-post","status-publish","format-standard","hentry","category-archive-fr"],"acf":[],"yoast_head":"<!-- This site is optimized with the Yoast SEO plugin v27.3 - https:\/\/yoast.com\/product\/yoast-seo-wordpress\/ -->\n<title>L&#039;Eglise Adventiste Planifie d&#039;\u00e9tablir un syst\u00e8me Internet sur les march\u00e9s Aficains en pleine expansion - \u00c9glise Adventiste Du Septieme Jour - Inter Am\u00e9rique Division<\/title>\n<meta name=\"robots\" content=\"index, follow, max-snippet:-1, max-image-preview:large, max-video-preview:-1\" \/>\n<link rel=\"canonical\" href=\"https:\/\/interamerica.org\/fr\/2008\/01\/leglise-adventiste-planifie-detablir-un-systeme-internet-sur-les-marches-aficains-en-pleine-expansion\/\" \/>\n<meta property=\"og:locale\" content=\"fr_FR\" \/>\n<meta property=\"og:type\" content=\"article\" \/>\n<meta property=\"og:title\" content=\"L&#039;Eglise Adventiste Planifie d&#039;\u00e9tablir un syst\u00e8me Internet sur les march\u00e9s Aficains en pleine expansion - \u00c9glise Adventiste Du Septieme Jour - Inter Am\u00e9rique Division\" \/>\n<meta property=\"og:description\" content=\"L&#039;Eglise Adventiste du Septi\u00e8me jour est en train d&#039;examiner les meilleurs moyens de communication \u00e0 employer en Afrique, une r\u00e9gion o\u00f9 l&#039;\u00e9glise doit pr\u00e9sentement compter sur les services de l&#039;In\" \/>\n<meta property=\"og:url\" content=\"https:\/\/interamerica.org\/fr\/2008\/01\/leglise-adventiste-planifie-detablir-un-systeme-internet-sur-les-marches-aficains-en-pleine-expansion\/\" \/>\n<meta property=\"og:site_name\" content=\"\u00c9glise Adventiste Du Septieme Jour - Inter Am\u00e9rique Division\" \/>\n<meta property=\"article:published_time\" content=\"2008-01-13T04:00:00+00:00\" \/>\n<meta property=\"article:modified_time\" content=\"2017-06-02T17:12:55+00:00\" \/>\n<meta name=\"author\" content=\"Lorenzo Verduzco\" \/>\n<meta name=\"twitter:card\" content=\"summary_large_image\" \/>\n<meta name=\"twitter:label1\" content=\"\u00c9crit par\" \/>\n\t<meta name=\"twitter:data1\" content=\"Lorenzo Verduzco\" \/>\n\t<meta name=\"twitter:label2\" content=\"Dur\u00e9e de lecture estim\u00e9e\" \/>\n\t<meta name=\"twitter:data2\" content=\"3 minutes\" \/>\n<script type=\"application\/ld+json\" class=\"yoast-schema-graph\">{\"@context\":\"https:\\\/\\\/schema.org\",\"@graph\":[{\"@type\":\"Article\",\"@id\":\"https:\\\/\\\/interamerica.org\\\/fr\\\/2008\\\/01\\\/leglise-adventiste-planifie-detablir-un-systeme-internet-sur-les-marches-aficains-en-pleine-expansion\\\/#article\",\"isPartOf\":{\"@id\":\"https:\\\/\\\/interamerica.org\\\/fr\\\/2008\\\/01\\\/leglise-adventiste-planifie-detablir-un-systeme-internet-sur-les-marches-aficains-en-pleine-expansion\\\/\"},\"author\":{\"name\":\"Lorenzo Verduzco\",\"@id\":\"https:\\\/\\\/interamerica.org\\\/fr\\\/#\\\/schema\\\/person\\\/68ede8bdc292885bb76c1e3810e73c39\"},\"headline\":\"L&#39;Eglise Adventiste Planifie d&#39;\u00e9tablir un syst\u00e8me Internet sur les march\u00e9s Aficains en pleine expansion\",\"datePublished\":\"2008-01-13T04:00:00+00:00\",\"dateModified\":\"2017-06-02T17:12:55+00:00\",\"mainEntityOfPage\":{\"@id\":\"https:\\\/\\\/interamerica.org\\\/fr\\\/2008\\\/01\\\/leglise-adventiste-planifie-detablir-un-systeme-internet-sur-les-marches-aficains-en-pleine-expansion\\\/\"},\"wordCount\":566,\"articleSection\":[\"Archive\"],\"inLanguage\":\"fr-FR\"},{\"@type\":\"WebPage\",\"@id\":\"https:\\\/\\\/interamerica.org\\\/fr\\\/2008\\\/01\\\/leglise-adventiste-planifie-detablir-un-systeme-internet-sur-les-marches-aficains-en-pleine-expansion\\\/\",\"url\":\"https:\\\/\\\/interamerica.org\\\/fr\\\/2008\\\/01\\\/leglise-adventiste-planifie-detablir-un-systeme-internet-sur-les-marches-aficains-en-pleine-expansion\\\/\",\"name\":\"L&#39;Eglise Adventiste Planifie d&#39;\u00e9tablir un syst\u00e8me Internet sur les march\u00e9s Aficains en pleine expansion - \u00c9glise Adventiste Du Septieme Jour - Inter Am\u00e9rique Division\",\"isPartOf\":{\"@id\":\"https:\\\/\\\/interamerica.org\\\/fr\\\/#website\"},\"datePublished\":\"2008-01-13T04:00:00+00:00\",\"dateModified\":\"2017-06-02T17:12:55+00:00\",\"author\":{\"@id\":\"https:\\\/\\\/interamerica.org\\\/fr\\\/#\\\/schema\\\/person\\\/68ede8bdc292885bb76c1e3810e73c39\"},\"breadcrumb\":{\"@id\":\"https:\\\/\\\/interamerica.org\\\/fr\\\/2008\\\/01\\\/leglise-adventiste-planifie-detablir-un-systeme-internet-sur-les-marches-aficains-en-pleine-expansion\\\/#breadcrumb\"},\"inLanguage\":\"fr-FR\",\"potentialAction\":[{\"@type\":\"ReadAction\",\"target\":[\"https:\\\/\\\/interamerica.org\\\/fr\\\/2008\\\/01\\\/leglise-adventiste-planifie-detablir-un-systeme-internet-sur-les-marches-aficains-en-pleine-expansion\\\/\"]}]},{\"@type\":\"BreadcrumbList\",\"@id\":\"https:\\\/\\\/interamerica.org\\\/fr\\\/2008\\\/01\\\/leglise-adventiste-planifie-detablir-un-systeme-internet-sur-les-marches-aficains-en-pleine-expansion\\\/#breadcrumb\",\"itemListElement\":[{\"@type\":\"ListItem\",\"position\":1,\"name\":\"Home\",\"item\":\"https:\\\/\\\/interamerica.org\\\/fr\\\/\"},{\"@type\":\"ListItem\",\"position\":2,\"name\":\"L&#39;Eglise Adventiste Planifie d&#39;\u00e9tablir un syst\u00e8me Internet sur les march\u00e9s Aficains en pleine expansion\"}]},{\"@type\":\"WebSite\",\"@id\":\"https:\\\/\\\/interamerica.org\\\/fr\\\/#website\",\"url\":\"https:\\\/\\\/interamerica.org\\\/fr\\\/\",\"name\":\"\u00c9glise Adventiste Du Septieme Jour - Inter Am\u00e9rique Division\",\"description\":\"\",\"potentialAction\":[{\"@type\":\"SearchAction\",\"target\":{\"@type\":\"EntryPoint\",\"urlTemplate\":\"https:\\\/\\\/interamerica.org\\\/fr\\\/?s={search_term_string}\"},\"query-input\":{\"@type\":\"PropertyValueSpecification\",\"valueRequired\":true,\"valueName\":\"search_term_string\"}}],\"inLanguage\":\"fr-FR\"},{\"@type\":\"Person\",\"@id\":\"https:\\\/\\\/interamerica.org\\\/fr\\\/#\\\/schema\\\/person\\\/68ede8bdc292885bb76c1e3810e73c39\",\"name\":\"Lorenzo Verduzco\",\"image\":{\"@type\":\"ImageObject\",\"inLanguage\":\"fr-FR\",\"@id\":\"https:\\\/\\\/secure.gravatar.com\\\/avatar\\\/fb81a55b6218459490a9c1dc841a34909185b81904c5337b4b27f7a6fd60c49e?s=96&d=mm&r=g\",\"url\":\"https:\\\/\\\/secure.gravatar.com\\\/avatar\\\/fb81a55b6218459490a9c1dc841a34909185b81904c5337b4b27f7a6fd60c49e?s=96&d=mm&r=g\",\"contentUrl\":\"https:\\\/\\\/secure.gravatar.com\\\/avatar\\\/fb81a55b6218459490a9c1dc841a34909185b81904c5337b4b27f7a6fd60c49e?s=96&d=mm&r=g\",\"caption\":\"Lorenzo Verduzco\"}}]}<\/script>\n<!-- \/ Yoast SEO plugin. -->","yoast_head_json":{"title":"L&#39;Eglise Adventiste Planifie d&#39;\u00e9tablir un syst\u00e8me Internet sur les march\u00e9s Aficains en pleine expansion - \u00c9glise Adventiste Du Septieme Jour - Inter Am\u00e9rique Division","robots":{"index":"index","follow":"follow","max-snippet":"max-snippet:-1","max-image-preview":"max-image-preview:large","max-video-preview":"max-video-preview:-1"},"canonical":"https:\/\/interamerica.org\/fr\/2008\/01\/leglise-adventiste-planifie-detablir-un-systeme-internet-sur-les-marches-aficains-en-pleine-expansion\/","og_locale":"fr_FR","og_type":"article","og_title":"L&#39;Eglise Adventiste Planifie d&#39;\u00e9tablir un syst\u00e8me Internet sur les march\u00e9s Aficains en pleine expansion - \u00c9glise Adventiste Du Septieme Jour - Inter Am\u00e9rique Division","og_description":"L&#39;Eglise Adventiste du Septi\u00e8me jour est en train d&#39;examiner les meilleurs moyens de communication \u00e0 employer en Afrique, une r\u00e9gion o\u00f9 l&#39;\u00e9glise doit pr\u00e9sentement compter sur les services de l&#39;In","og_url":"https:\/\/interamerica.org\/fr\/2008\/01\/leglise-adventiste-planifie-detablir-un-systeme-internet-sur-les-marches-aficains-en-pleine-expansion\/","og_site_name":"\u00c9glise Adventiste Du Septieme Jour - Inter Am\u00e9rique Division","article_published_time":"2008-01-13T04:00:00+00:00","article_modified_time":"2017-06-02T17:12:55+00:00","author":"Lorenzo Verduzco","twitter_card":"summary_large_image","twitter_misc":{"\u00c9crit par":"Lorenzo Verduzco","Dur\u00e9e de lecture estim\u00e9e":"3 minutes"},"schema":{"@context":"https:\/\/schema.org","@graph":[{"@type":"Article","@id":"https:\/\/interamerica.org\/fr\/2008\/01\/leglise-adventiste-planifie-detablir-un-systeme-internet-sur-les-marches-aficains-en-pleine-expansion\/#article","isPartOf":{"@id":"https:\/\/interamerica.org\/fr\/2008\/01\/leglise-adventiste-planifie-detablir-un-systeme-internet-sur-les-marches-aficains-en-pleine-expansion\/"},"author":{"name":"Lorenzo Verduzco","@id":"https:\/\/interamerica.org\/fr\/#\/schema\/person\/68ede8bdc292885bb76c1e3810e73c39"},"headline":"L&#39;Eglise Adventiste Planifie d&#39;\u00e9tablir un syst\u00e8me Internet sur les march\u00e9s Aficains en pleine expansion","datePublished":"2008-01-13T04:00:00+00:00","dateModified":"2017-06-02T17:12:55+00:00","mainEntityOfPage":{"@id":"https:\/\/interamerica.org\/fr\/2008\/01\/leglise-adventiste-planifie-detablir-un-systeme-internet-sur-les-marches-aficains-en-pleine-expansion\/"},"wordCount":566,"articleSection":["Archive"],"inLanguage":"fr-FR"},{"@type":"WebPage","@id":"https:\/\/interamerica.org\/fr\/2008\/01\/leglise-adventiste-planifie-detablir-un-systeme-internet-sur-les-marches-aficains-en-pleine-expansion\/","url":"https:\/\/interamerica.org\/fr\/2008\/01\/leglise-adventiste-planifie-detablir-un-systeme-internet-sur-les-marches-aficains-en-pleine-expansion\/","name":"L&#39;Eglise Adventiste Planifie d&#39;\u00e9tablir un syst\u00e8me Internet sur les march\u00e9s Aficains en pleine expansion - \u00c9glise Adventiste Du Septieme Jour - Inter Am\u00e9rique Division","isPartOf":{"@id":"https:\/\/interamerica.org\/fr\/#website"},"datePublished":"2008-01-13T04:00:00+00:00","dateModified":"2017-06-02T17:12:55+00:00","author":{"@id":"https:\/\/interamerica.org\/fr\/#\/schema\/person\/68ede8bdc292885bb76c1e3810e73c39"},"breadcrumb":{"@id":"https:\/\/interamerica.org\/fr\/2008\/01\/leglise-adventiste-planifie-detablir-un-systeme-internet-sur-les-marches-aficains-en-pleine-expansion\/#breadcrumb"},"inLanguage":"fr-FR","potentialAction":[{"@type":"ReadAction","target":["https:\/\/interamerica.org\/fr\/2008\/01\/leglise-adventiste-planifie-detablir-un-systeme-internet-sur-les-marches-aficains-en-pleine-expansion\/"]}]},{"@type":"BreadcrumbList","@id":"https:\/\/interamerica.org\/fr\/2008\/01\/leglise-adventiste-planifie-detablir-un-systeme-internet-sur-les-marches-aficains-en-pleine-expansion\/#breadcrumb","itemListElement":[{"@type":"ListItem","position":1,"name":"Home","item":"https:\/\/interamerica.org\/fr\/"},{"@type":"ListItem","position":2,"name":"L&#39;Eglise Adventiste Planifie d&#39;\u00e9tablir un syst\u00e8me Internet sur les march\u00e9s Aficains en pleine expansion"}]},{"@type":"WebSite","@id":"https:\/\/interamerica.org\/fr\/#website","url":"https:\/\/interamerica.org\/fr\/","name":"\u00c9glise Adventiste Du Septieme Jour - Inter Am\u00e9rique Division","description":"","potentialAction":[{"@type":"SearchAction","target":{"@type":"EntryPoint","urlTemplate":"https:\/\/interamerica.org\/fr\/?s={search_term_string}"},"query-input":{"@type":"PropertyValueSpecification","valueRequired":true,"valueName":"search_term_string"}}],"inLanguage":"fr-FR"},{"@type":"Person","@id":"https:\/\/interamerica.org\/fr\/#\/schema\/person\/68ede8bdc292885bb76c1e3810e73c39","name":"Lorenzo Verduzco","image":{"@type":"ImageObject","inLanguage":"fr-FR","@id":"https:\/\/secure.gravatar.com\/avatar\/fb81a55b6218459490a9c1dc841a34909185b81904c5337b4b27f7a6fd60c49e?s=96&d=mm&r=g","url":"https:\/\/secure.gravatar.com\/avatar\/fb81a55b6218459490a9c1dc841a34909185b81904c5337b4b27f7a6fd60c49e?s=96&d=mm&r=g","contentUrl":"https:\/\/secure.gravatar.com\/avatar\/fb81a55b6218459490a9c1dc841a34909185b81904c5337b4b27f7a6fd60c49e?s=96&d=mm&r=g","caption":"Lorenzo Verduzco"}}]}},"_links":{"self":[{"href":"https:\/\/interamerica.org\/fr\/wp-json\/wp\/v2\/posts\/12888","targetHints":{"allow":["GET"]}}],"collection":[{"href":"https:\/\/interamerica.org\/fr\/wp-json\/wp\/v2\/posts"}],"about":[{"href":"https:\/\/interamerica.org\/fr\/wp-json\/wp\/v2\/types\/post"}],"author":[{"embeddable":true,"href":"https:\/\/interamerica.org\/fr\/wp-json\/wp\/v2\/users\/1"}],"replies":[{"embeddable":true,"href":"https:\/\/interamerica.org\/fr\/wp-json\/wp\/v2\/comments?post=12888"}],"version-history":[{"count":0,"href":"https:\/\/interamerica.org\/fr\/wp-json\/wp\/v2\/posts\/12888\/revisions"}],"wp:attachment":[{"href":"https:\/\/interamerica.org\/fr\/wp-json\/wp\/v2\/media?parent=12888"}],"wp:term":[{"taxonomy":"category","embeddable":true,"href":"https:\/\/interamerica.org\/fr\/wp-json\/wp\/v2\/categories?post=12888"},{"taxonomy":"post_tag","embeddable":true,"href":"https:\/\/interamerica.org\/fr\/wp-json\/wp\/v2\/tags?post=12888"}],"curies":[{"name":"wp","href":"https:\/\/api.w.org\/{rel}","templated":true}]}}