{"id":12889,"date":"2008-01-08T00:00:00","date_gmt":"2008-01-08T04:00:00","guid":{"rendered":"http:\/\/192.81.217.108\/interamerica\/2008\/01\/inter-amerique-le-bureau-du-quartier-general-commence-lannee-sur-un-ton-de-ferveur-spirituelle\/"},"modified":"2017-06-02T13:12:56","modified_gmt":"2017-06-02T17:12:56","slug":"inter-amerique-le-bureau-du-quartier-general-commence-lannee-sur-un-ton-de-ferveur-spirituelle","status":"publish","type":"post","link":"https:\/\/interamerica.org\/fr\/2008\/01\/inter-amerique-le-bureau-du-quartier-general-commence-lannee-sur-un-ton-de-ferveur-spirituelle\/","title":{"rendered":"Inter-Am\u00e9rique:  le bureau du Quartier G\u00e9n\u00e9ral commence l&#39;ann\u00e9e sur un ton de ferveur spirituelle"},"content":{"rendered":"<p>Miami, Florida&#8230; (Libna Stevens\/DIA) <\/p>\n<p>Au d\u00e9but de 2008, le personnel de la Division Inter-Am\u00e9ricaine (DIA) a salu\u00e9 l&#39;ann\u00e9e 2008 avec un service de culte sp\u00e9cial organis\u00e9 le 2 janvier, en son bureau de Miami en Floride.  Le personnel, compos\u00e9 de plus de 50 dirigeants d&#39;\u00e9glise et d&#39;employ\u00e9s se sont rem\u00e9mor\u00e9s les bienfaits de l&#39;ann\u00e9e pass\u00e9e et ont reconsacr\u00e9 leurs vies \u00e0 Dieu. <\/p>\n<p>Le pasteur Israel Leito, pr\u00e9sident de l&#39;\u00e9glise de l&#39;Inter-Am\u00e9rique, a salu\u00e9 tous les assistants et s&#39;est enorgueilli des bienfaits que Dieu a d\u00e9vers\u00e9 sur l&#39;\u00e9glise de l&#39;Inter-Am\u00e9rique au cours de 2007.  \u00ab\u00a0Par la gr\u00e2ce de Dieu, nous aurons une bonne ann\u00e9e cette ann\u00e9e,\u00a0\u00bb a-t-il dit. <\/p>\n<p>Pasteur Leito \u00e9tait heureux d&#39;introduire l&#39;orateur invit\u00e9 de la matin\u00e9e, Jorge Bravo, qui a \u00e9t\u00e9 sp\u00e9cialement invit\u00e9 pour repr\u00e9senter les millions de la\u00efques qui travaillent au sein des \u00e9glises de l&#39;Inter-Am\u00e9rique. <\/p>\n<p>Bravo, qui est l&#39;administrateur g\u00e9n\u00e9ral de la DHL \u00e0 Costa Rica, a partag\u00e9 avec les dirigeants et le personnel la n\u00e9cessit\u00e9 joindre leurs efforts en vue de servir l&#39;\u00e9glise. <\/p>\n<p>\u00ab\u00a0Nous avons \u00e9t\u00e9 convi\u00e9s \u00e0 remplir une grande mission,\u00a0\u00bb dit-il.  \u00ab\u00a0Nous devons nous consacrer au Seigneur.  Autrement, nous ne pourons accomplir la mission que Dieu nous a confi\u00e9.\u00a0\u00bb <\/p>\n<p>Bravo a rappel\u00e9 aux dirigeants de l&#39;\u00e9glise et aux employ\u00e9s qu&#39;ils doivent  accomplir le travail de Dieu avec humilit\u00e9 et s&#39;unir en vue d&#39;achever la t\u00e2che qui leur est d\u00e9volue au cours de la nouvelle ann\u00e9e. <\/p>\n<p>Le programme du culte a \u00e9galement comport\u00e9 un concert par Cenaida Pannefleck, qui a voyag\u00e9 de Cura\u00e7ao pour jouer tout un ensemble de clochettes.  Panefleck, qui est vice-pr\u00e9sidente pour les affaires financi\u00e8res de l&#39;Hopital Adventiste de Cura\u00e7o \u00ab\u00a0Adventist Antillean Hospital\u00a0\u00bb, a partag\u00e9 avec l&#39;assistance son amour pour Dieu et le jeu des clochettes. <\/p>\n<p>Le programme a aussi inclu une session de pri\u00e8res pour r\u00e9clamer la direction de Dieu, des t\u00e9moignages relatant les b\u00e9n\u00e9dictions de Dieu, ainsi que des voeux pour la nouvelle ann\u00e9e du personnel, parmi tant d&#39;autres points. <\/p>\n<p>Le Quartier G\u00e9n\u00e9ral de la Division Inter-Am\u00e9ricaine supervise le travail de l&#39;Eglise Adventiste des quinzes r\u00e9gions de son territoire, qui s&#39;enorgueillit de son effectif de plus de trois millions de membres adorant dans 9.224 \u00e9glises.  <\/p>\n","protected":false},"excerpt":{"rendered":"<p>Au d\u00e9but de 2008, le personnel de la Division Inter-Am\u00e9ricaine (DIA) a salu\u00e9 l&#39;ann\u00e9e 2008 avec un service de culte sp\u00e9cial organis\u00e9 le 2 janvier, en son bureau de Miami en Floride.  Le personnel, compos&#038;eacu<\/p>\n","protected":false},"author":1,"featured_media":0,"comment_status":"closed","ping_status":"closed","sticky":false,"template":"","format":"standard","meta":{"_acf_changed":false,"footnotes":""},"categories":[9],"tags":[],"class_list":["post-12889","post","type-post","status-publish","format-standard","hentry","category-archive-fr"],"acf":[],"yoast_head":"<!-- This site is optimized with the Yoast SEO plugin v27.3 - https:\/\/yoast.com\/product\/yoast-seo-wordpress\/ -->\n<title>Inter-Am\u00e9rique: le bureau du Quartier G\u00e9n\u00e9ral commence l&#039;ann\u00e9e sur un ton de ferveur spirituelle - \u00c9glise Adventiste Du Septieme Jour - Inter Am\u00e9rique Division<\/title>\n<meta name=\"robots\" content=\"index, follow, max-snippet:-1, max-image-preview:large, max-video-preview:-1\" \/>\n<link rel=\"canonical\" href=\"https:\/\/interamerica.org\/fr\/2008\/01\/inter-amerique-le-bureau-du-quartier-general-commence-lannee-sur-un-ton-de-ferveur-spirituelle\/\" \/>\n<meta property=\"og:locale\" content=\"fr_FR\" \/>\n<meta property=\"og:type\" content=\"article\" \/>\n<meta property=\"og:title\" content=\"Inter-Am\u00e9rique: le bureau du Quartier G\u00e9n\u00e9ral commence l&#039;ann\u00e9e sur un ton de ferveur spirituelle - \u00c9glise Adventiste Du Septieme Jour - Inter Am\u00e9rique Division\" \/>\n<meta property=\"og:description\" content=\"Au d\u00e9but de 2008, le personnel de la Division Inter-Am\u00e9ricaine (DIA) a salu\u00e9 l&#039;ann\u00e9e 2008 avec un service de culte sp\u00e9cial organis\u00e9 le 2 janvier, en son bureau de Miami en Floride. Le personnel, compos&amp;eacu\" \/>\n<meta property=\"og:url\" content=\"https:\/\/interamerica.org\/fr\/2008\/01\/inter-amerique-le-bureau-du-quartier-general-commence-lannee-sur-un-ton-de-ferveur-spirituelle\/\" \/>\n<meta property=\"og:site_name\" content=\"\u00c9glise Adventiste Du Septieme Jour - Inter Am\u00e9rique Division\" \/>\n<meta property=\"article:published_time\" content=\"2008-01-08T04:00:00+00:00\" \/>\n<meta property=\"article:modified_time\" content=\"2017-06-02T17:12:56+00:00\" \/>\n<meta name=\"author\" content=\"Lorenzo Verduzco\" \/>\n<meta name=\"twitter:card\" content=\"summary_large_image\" \/>\n<meta name=\"twitter:label1\" content=\"\u00c9crit par\" \/>\n\t<meta name=\"twitter:data1\" content=\"Lorenzo Verduzco\" \/>\n\t<meta name=\"twitter:label2\" content=\"Dur\u00e9e de lecture estim\u00e9e\" \/>\n\t<meta name=\"twitter:data2\" content=\"2 minutes\" \/>\n<script type=\"application\/ld+json\" class=\"yoast-schema-graph\">{\"@context\":\"https:\\\/\\\/schema.org\",\"@graph\":[{\"@type\":\"Article\",\"@id\":\"https:\\\/\\\/interamerica.org\\\/fr\\\/2008\\\/01\\\/inter-amerique-le-bureau-du-quartier-general-commence-lannee-sur-un-ton-de-ferveur-spirituelle\\\/#article\",\"isPartOf\":{\"@id\":\"https:\\\/\\\/interamerica.org\\\/fr\\\/2008\\\/01\\\/inter-amerique-le-bureau-du-quartier-general-commence-lannee-sur-un-ton-de-ferveur-spirituelle\\\/\"},\"author\":{\"name\":\"Lorenzo Verduzco\",\"@id\":\"https:\\\/\\\/interamerica.org\\\/fr\\\/#\\\/schema\\\/person\\\/68ede8bdc292885bb76c1e3810e73c39\"},\"headline\":\"Inter-Am\u00e9rique: le bureau du Quartier G\u00e9n\u00e9ral commence l&#39;ann\u00e9e sur un ton de ferveur spirituelle\",\"datePublished\":\"2008-01-08T04:00:00+00:00\",\"dateModified\":\"2017-06-02T17:12:56+00:00\",\"mainEntityOfPage\":{\"@id\":\"https:\\\/\\\/interamerica.org\\\/fr\\\/2008\\\/01\\\/inter-amerique-le-bureau-du-quartier-general-commence-lannee-sur-un-ton-de-ferveur-spirituelle\\\/\"},\"wordCount\":432,\"articleSection\":[\"Archive\"],\"inLanguage\":\"fr-FR\"},{\"@type\":\"WebPage\",\"@id\":\"https:\\\/\\\/interamerica.org\\\/fr\\\/2008\\\/01\\\/inter-amerique-le-bureau-du-quartier-general-commence-lannee-sur-un-ton-de-ferveur-spirituelle\\\/\",\"url\":\"https:\\\/\\\/interamerica.org\\\/fr\\\/2008\\\/01\\\/inter-amerique-le-bureau-du-quartier-general-commence-lannee-sur-un-ton-de-ferveur-spirituelle\\\/\",\"name\":\"Inter-Am\u00e9rique: le bureau du Quartier G\u00e9n\u00e9ral commence l&#39;ann\u00e9e sur un ton de ferveur spirituelle - \u00c9glise Adventiste Du Septieme Jour - Inter Am\u00e9rique Division\",\"isPartOf\":{\"@id\":\"https:\\\/\\\/interamerica.org\\\/fr\\\/#website\"},\"datePublished\":\"2008-01-08T04:00:00+00:00\",\"dateModified\":\"2017-06-02T17:12:56+00:00\",\"author\":{\"@id\":\"https:\\\/\\\/interamerica.org\\\/fr\\\/#\\\/schema\\\/person\\\/68ede8bdc292885bb76c1e3810e73c39\"},\"breadcrumb\":{\"@id\":\"https:\\\/\\\/interamerica.org\\\/fr\\\/2008\\\/01\\\/inter-amerique-le-bureau-du-quartier-general-commence-lannee-sur-un-ton-de-ferveur-spirituelle\\\/#breadcrumb\"},\"inLanguage\":\"fr-FR\",\"potentialAction\":[{\"@type\":\"ReadAction\",\"target\":[\"https:\\\/\\\/interamerica.org\\\/fr\\\/2008\\\/01\\\/inter-amerique-le-bureau-du-quartier-general-commence-lannee-sur-un-ton-de-ferveur-spirituelle\\\/\"]}]},{\"@type\":\"BreadcrumbList\",\"@id\":\"https:\\\/\\\/interamerica.org\\\/fr\\\/2008\\\/01\\\/inter-amerique-le-bureau-du-quartier-general-commence-lannee-sur-un-ton-de-ferveur-spirituelle\\\/#breadcrumb\",\"itemListElement\":[{\"@type\":\"ListItem\",\"position\":1,\"name\":\"Home\",\"item\":\"https:\\\/\\\/interamerica.org\\\/fr\\\/\"},{\"@type\":\"ListItem\",\"position\":2,\"name\":\"Inter-Am\u00e9rique: le bureau du Quartier G\u00e9n\u00e9ral commence l&#39;ann\u00e9e sur un ton de ferveur spirituelle\"}]},{\"@type\":\"WebSite\",\"@id\":\"https:\\\/\\\/interamerica.org\\\/fr\\\/#website\",\"url\":\"https:\\\/\\\/interamerica.org\\\/fr\\\/\",\"name\":\"\u00c9glise Adventiste Du Septieme Jour - Inter Am\u00e9rique Division\",\"description\":\"\",\"potentialAction\":[{\"@type\":\"SearchAction\",\"target\":{\"@type\":\"EntryPoint\",\"urlTemplate\":\"https:\\\/\\\/interamerica.org\\\/fr\\\/?s={search_term_string}\"},\"query-input\":{\"@type\":\"PropertyValueSpecification\",\"valueRequired\":true,\"valueName\":\"search_term_string\"}}],\"inLanguage\":\"fr-FR\"},{\"@type\":\"Person\",\"@id\":\"https:\\\/\\\/interamerica.org\\\/fr\\\/#\\\/schema\\\/person\\\/68ede8bdc292885bb76c1e3810e73c39\",\"name\":\"Lorenzo Verduzco\",\"image\":{\"@type\":\"ImageObject\",\"inLanguage\":\"fr-FR\",\"@id\":\"https:\\\/\\\/secure.gravatar.com\\\/avatar\\\/fb81a55b6218459490a9c1dc841a34909185b81904c5337b4b27f7a6fd60c49e?s=96&d=mm&r=g\",\"url\":\"https:\\\/\\\/secure.gravatar.com\\\/avatar\\\/fb81a55b6218459490a9c1dc841a34909185b81904c5337b4b27f7a6fd60c49e?s=96&d=mm&r=g\",\"contentUrl\":\"https:\\\/\\\/secure.gravatar.com\\\/avatar\\\/fb81a55b6218459490a9c1dc841a34909185b81904c5337b4b27f7a6fd60c49e?s=96&d=mm&r=g\",\"caption\":\"Lorenzo Verduzco\"}}]}<\/script>\n<!-- \/ Yoast SEO plugin. -->","yoast_head_json":{"title":"Inter-Am\u00e9rique: le bureau du Quartier G\u00e9n\u00e9ral commence l&#39;ann\u00e9e sur un ton de ferveur spirituelle - \u00c9glise Adventiste Du Septieme Jour - Inter Am\u00e9rique Division","robots":{"index":"index","follow":"follow","max-snippet":"max-snippet:-1","max-image-preview":"max-image-preview:large","max-video-preview":"max-video-preview:-1"},"canonical":"https:\/\/interamerica.org\/fr\/2008\/01\/inter-amerique-le-bureau-du-quartier-general-commence-lannee-sur-un-ton-de-ferveur-spirituelle\/","og_locale":"fr_FR","og_type":"article","og_title":"Inter-Am\u00e9rique: le bureau du Quartier G\u00e9n\u00e9ral commence l&#39;ann\u00e9e sur un ton de ferveur spirituelle - \u00c9glise Adventiste Du Septieme Jour - Inter Am\u00e9rique Division","og_description":"Au d\u00e9but de 2008, le personnel de la Division Inter-Am\u00e9ricaine (DIA) a salu\u00e9 l&#39;ann\u00e9e 2008 avec un service de culte sp\u00e9cial organis\u00e9 le 2 janvier, en son bureau de Miami en Floride. Le personnel, compos&eacu","og_url":"https:\/\/interamerica.org\/fr\/2008\/01\/inter-amerique-le-bureau-du-quartier-general-commence-lannee-sur-un-ton-de-ferveur-spirituelle\/","og_site_name":"\u00c9glise Adventiste Du Septieme Jour - Inter Am\u00e9rique Division","article_published_time":"2008-01-08T04:00:00+00:00","article_modified_time":"2017-06-02T17:12:56+00:00","author":"Lorenzo Verduzco","twitter_card":"summary_large_image","twitter_misc":{"\u00c9crit par":"Lorenzo Verduzco","Dur\u00e9e de lecture estim\u00e9e":"2 minutes"},"schema":{"@context":"https:\/\/schema.org","@graph":[{"@type":"Article","@id":"https:\/\/interamerica.org\/fr\/2008\/01\/inter-amerique-le-bureau-du-quartier-general-commence-lannee-sur-un-ton-de-ferveur-spirituelle\/#article","isPartOf":{"@id":"https:\/\/interamerica.org\/fr\/2008\/01\/inter-amerique-le-bureau-du-quartier-general-commence-lannee-sur-un-ton-de-ferveur-spirituelle\/"},"author":{"name":"Lorenzo Verduzco","@id":"https:\/\/interamerica.org\/fr\/#\/schema\/person\/68ede8bdc292885bb76c1e3810e73c39"},"headline":"Inter-Am\u00e9rique: le bureau du Quartier G\u00e9n\u00e9ral commence l&#39;ann\u00e9e sur un ton de ferveur spirituelle","datePublished":"2008-01-08T04:00:00+00:00","dateModified":"2017-06-02T17:12:56+00:00","mainEntityOfPage":{"@id":"https:\/\/interamerica.org\/fr\/2008\/01\/inter-amerique-le-bureau-du-quartier-general-commence-lannee-sur-un-ton-de-ferveur-spirituelle\/"},"wordCount":432,"articleSection":["Archive"],"inLanguage":"fr-FR"},{"@type":"WebPage","@id":"https:\/\/interamerica.org\/fr\/2008\/01\/inter-amerique-le-bureau-du-quartier-general-commence-lannee-sur-un-ton-de-ferveur-spirituelle\/","url":"https:\/\/interamerica.org\/fr\/2008\/01\/inter-amerique-le-bureau-du-quartier-general-commence-lannee-sur-un-ton-de-ferveur-spirituelle\/","name":"Inter-Am\u00e9rique: le bureau du Quartier G\u00e9n\u00e9ral commence l&#39;ann\u00e9e sur un ton de ferveur spirituelle - \u00c9glise Adventiste Du Septieme Jour - Inter Am\u00e9rique Division","isPartOf":{"@id":"https:\/\/interamerica.org\/fr\/#website"},"datePublished":"2008-01-08T04:00:00+00:00","dateModified":"2017-06-02T17:12:56+00:00","author":{"@id":"https:\/\/interamerica.org\/fr\/#\/schema\/person\/68ede8bdc292885bb76c1e3810e73c39"},"breadcrumb":{"@id":"https:\/\/interamerica.org\/fr\/2008\/01\/inter-amerique-le-bureau-du-quartier-general-commence-lannee-sur-un-ton-de-ferveur-spirituelle\/#breadcrumb"},"inLanguage":"fr-FR","potentialAction":[{"@type":"ReadAction","target":["https:\/\/interamerica.org\/fr\/2008\/01\/inter-amerique-le-bureau-du-quartier-general-commence-lannee-sur-un-ton-de-ferveur-spirituelle\/"]}]},{"@type":"BreadcrumbList","@id":"https:\/\/interamerica.org\/fr\/2008\/01\/inter-amerique-le-bureau-du-quartier-general-commence-lannee-sur-un-ton-de-ferveur-spirituelle\/#breadcrumb","itemListElement":[{"@type":"ListItem","position":1,"name":"Home","item":"https:\/\/interamerica.org\/fr\/"},{"@type":"ListItem","position":2,"name":"Inter-Am\u00e9rique: le bureau du Quartier G\u00e9n\u00e9ral commence l&#39;ann\u00e9e sur un ton de ferveur spirituelle"}]},{"@type":"WebSite","@id":"https:\/\/interamerica.org\/fr\/#website","url":"https:\/\/interamerica.org\/fr\/","name":"\u00c9glise Adventiste Du Septieme Jour - Inter Am\u00e9rique Division","description":"","potentialAction":[{"@type":"SearchAction","target":{"@type":"EntryPoint","urlTemplate":"https:\/\/interamerica.org\/fr\/?s={search_term_string}"},"query-input":{"@type":"PropertyValueSpecification","valueRequired":true,"valueName":"search_term_string"}}],"inLanguage":"fr-FR"},{"@type":"Person","@id":"https:\/\/interamerica.org\/fr\/#\/schema\/person\/68ede8bdc292885bb76c1e3810e73c39","name":"Lorenzo Verduzco","image":{"@type":"ImageObject","inLanguage":"fr-FR","@id":"https:\/\/secure.gravatar.com\/avatar\/fb81a55b6218459490a9c1dc841a34909185b81904c5337b4b27f7a6fd60c49e?s=96&d=mm&r=g","url":"https:\/\/secure.gravatar.com\/avatar\/fb81a55b6218459490a9c1dc841a34909185b81904c5337b4b27f7a6fd60c49e?s=96&d=mm&r=g","contentUrl":"https:\/\/secure.gravatar.com\/avatar\/fb81a55b6218459490a9c1dc841a34909185b81904c5337b4b27f7a6fd60c49e?s=96&d=mm&r=g","caption":"Lorenzo Verduzco"}}]}},"_links":{"self":[{"href":"https:\/\/interamerica.org\/fr\/wp-json\/wp\/v2\/posts\/12889","targetHints":{"allow":["GET"]}}],"collection":[{"href":"https:\/\/interamerica.org\/fr\/wp-json\/wp\/v2\/posts"}],"about":[{"href":"https:\/\/interamerica.org\/fr\/wp-json\/wp\/v2\/types\/post"}],"author":[{"embeddable":true,"href":"https:\/\/interamerica.org\/fr\/wp-json\/wp\/v2\/users\/1"}],"replies":[{"embeddable":true,"href":"https:\/\/interamerica.org\/fr\/wp-json\/wp\/v2\/comments?post=12889"}],"version-history":[{"count":0,"href":"https:\/\/interamerica.org\/fr\/wp-json\/wp\/v2\/posts\/12889\/revisions"}],"wp:attachment":[{"href":"https:\/\/interamerica.org\/fr\/wp-json\/wp\/v2\/media?parent=12889"}],"wp:term":[{"taxonomy":"category","embeddable":true,"href":"https:\/\/interamerica.org\/fr\/wp-json\/wp\/v2\/categories?post=12889"},{"taxonomy":"post_tag","embeddable":true,"href":"https:\/\/interamerica.org\/fr\/wp-json\/wp\/v2\/tags?post=12889"}],"curies":[{"name":"wp","href":"https:\/\/api.w.org\/{rel}","templated":true}]}}