{"id":129004,"date":"2025-05-28T22:12:46","date_gmt":"2025-05-29T02:12:46","guid":{"rendered":"https:\/\/interamerica.org\/?p=129004"},"modified":"2025-06-04T15:02:14","modified_gmt":"2025-06-04T19:02:14","slug":"un-service-met-en-lumiere-lheritage-de-leducation-adventiste-en-dominique-en-amont-de-la-visite-du-president-de-la-conference-generale","status":"publish","type":"post","link":"https:\/\/interamerica.org\/fr\/2025\/05\/un-service-met-en-lumiere-lheritage-de-leducation-adventiste-en-dominique-en-amont-de-la-visite-du-president-de-la-conference-generale\/","title":{"rendered":"Un service met en lumi\u00e8re l\u2019h\u00e9ritage de l\u2019\u00e9ducation adventiste en Dominique"},"content":{"rendered":"<p><div id=\"attachment_128895\" style=\"width: 1010px\" class=\"wp-caption aligncenter\"><img fetchpriority=\"high\" decoding=\"async\" aria-describedby=\"caption-attachment-128895\" class=\"size-full wp-image-128894\" src=\"https:\/\/interamerica.org\/wp-content\/uploads\/2025\/05\/ebenezer-school-kids-dominica.jpg\" alt=\"\" width=\"1000\" height=\"672\" srcset=\"https:\/\/interamerica.org\/wp-content\/uploads\/2025\/05\/ebenezer-school-kids-dominica.jpg 1000w, https:\/\/interamerica.org\/wp-content\/uploads\/2025\/05\/ebenezer-school-kids-dominica-300x202.jpg 300w, https:\/\/interamerica.org\/wp-content\/uploads\/2025\/05\/ebenezer-school-kids-dominica-768x516.jpg 768w\" sizes=\"(max-width: 1000px) 100vw, 1000px\" \/><p id=\"caption-attachment-128895\" class=\"wp-caption-text\">Des \u00e9l\u00e8ves de l\u2019\u00e9cole adventiste du septi\u00e8me jour Ebenezer pr\u00e9sentent une sc\u00e8ne bas\u00e9e sur une histoire biblique lors d\u2019un programme sp\u00e9cial organis\u00e9 le 23 mai 2025 \u00e0 l\u2019\u00e9glise adventiste de Roseau, en Dominique, \u00e0 l\u2019intention des dirigeants et des \u00e9ducateurs de l\u2019\u00c9glise de passage, en amont de la visite du pr\u00e9sident de la Conf\u00e9rence G\u00e9n\u00e9rale. [Photo : M\u00e9dia de la F\u00e9d\u00e9ration de l\u2019Est de la Cara\u00efbe]<\/p><\/div><em>Les dirigeants r\u00e9gionaux de l\u2019\u00c9glise r\u00e9fl\u00e9chissent au r\u00f4le de l\u2019\u00e9ducation dans la formation de disciples et dans l\u2019\u00e9dification de la nation.<\/em><\/p>\n<p>28 Mai 2025 | Roseau, Dominique | Jeannette Barry et \u00c9quipe de presse de la Division Inter Am\u00e9ricaine<\/p>\n<p>Quelques heures seulement avant l\u2019arriv\u00e9e du pasteur Ted N.C. Wilson, pr\u00e9sident de la Conf\u00e9rence G\u00e9n\u00e9rale, \u00e0 la Dominique, le 23 mai 2025, Dr Faye Patterson, directrice de l\u2019\u00e9ducation de la Division Inter Am\u00e9ricaine (DIA), a rencontr\u00e9 les enseignants et les \u00e9l\u00e8ves de l\u2019\u00e9cole primaire adventiste du septi\u00e8me jour Ebenezer. Ensemble, ils ont tenu un service d\u2019adoration et de cons\u00e9cration \u00e0 l\u2019\u00e9glise adventiste du septi\u00e8me jour de Roseau.<\/p>\n<p>Cette rencontre le matin a servi de prologue spirituel \u00e0 un week-end de programmes ax\u00e9s sur la mission qui mettrait l\u2019accent sur le r\u00f4le de l\u2019\u00e9ducation adventiste dans la formation de disciples et dans l\u2019\u00e9dification de la nation, ont d\u00e9clar\u00e9 les dirigeants locaux de l\u2019\u00e9glise. Autour du th\u00e8me \u00ab Le Discipulat en Action : Faire Avancer la Mission par l\u2019\u00c9ducation, \u00bb les dirigeants de l\u2019\u00e9glise ont soulign\u00e9 \u00e0 quel point il est important de commencer par la pri\u00e8re, la louange et un objectif renouvel\u00e9.<\/p>\n<p><div id=\"attachment_128901\" style=\"width: 1003px\" class=\"wp-caption aligncenter\"><img decoding=\"async\" aria-describedby=\"caption-attachment-128901\" class=\" wp-image-128900\" src=\"https:\/\/interamerica.org\/wp-content\/uploads\/2025\/05\/faye-patterson-dominica.jpg\" alt=\"\" width=\"993\" height=\"662\" srcset=\"https:\/\/interamerica.org\/wp-content\/uploads\/2025\/05\/faye-patterson-dominica.jpg 1000w, https:\/\/interamerica.org\/wp-content\/uploads\/2025\/05\/faye-patterson-dominica-300x200.jpg 300w, https:\/\/interamerica.org\/wp-content\/uploads\/2025\/05\/faye-patterson-dominica-768x512.jpg 768w\" sizes=\"(max-width: 993px) 100vw, 993px\" \/><p id=\"caption-attachment-128901\" class=\"wp-caption-text\">Dr Faye Patterson, directrice de l\u2019\u00e9ducation de la Division Inter Am\u00e9ricaine, souligne le r\u00f4le des \u00e9coles adventistes \u00e0 la Dominique en tant que centres essentiels pour la mission, la formation de disciples et l\u2019\u00e9panouissement communautaire, lors de son discours aux dirigeants d\u2019\u00e9glise, aux enseignants et aux \u00e9l\u00e8ves \u00e0 Roseau, en Dominique, le 23 mai 2025. [Photo : M\u00e9dia de la F\u00e9d\u00e9ration de l\u2019Est de la Cara\u00efbe]<\/p><\/div>\u00ab Nos \u00e9coles ont \u00e9t\u00e9 confront\u00e9es \u00e0 de nombreux d\u00e9fis, et, en partie, ce que nous vivons en Dominique r\u00e9v\u00e8le un besoin plus profond, \u00bb a d\u00e9clar\u00e9 Faye Patterson aux personnes r\u00e9unies \u00e0 l\u2019\u00e9cole au d\u00e9but du service. \u00ab Nous devons veiller \u00e0 ce que notre \u00e9cole devienne un centre de mission et de formation de disciples. \u00bb<\/p>\n<p>A part Faye Patterson, d\u2019autres responsables r\u00e9gionaux de l\u2019\u00e9glise ont assist\u00e9 au service, y compris Dr Samuel Telemaque, directeur de l\u2019\u00c9cole du Sabbat de la DIA, lui-m\u00eame originaire de la Dominique, Dr Kern Tobias, pr\u00e9sident de l\u2019Union de F\u00e9d\u00e9rations de la Cara\u00efbe, ainsi que d\u2019autres repr\u00e9sentants d\u2019unions, de f\u00e9d\u00e9rations et d\u2019\u00e9glises locales.<\/p>\n<p><strong>Un phare sur l\u2019\u00eele <\/strong><\/p>\n<p>Selon les statistiques gouvernementales, le Commonwealth de la Dominique g\u00e8re 53 \u00e9coles primaires, dont cinq financ\u00e9es par l\u2019\u00e9tat et cinq priv\u00e9es. Parmi celles-ci figurent trois \u00e9coles primaires adventistes et une \u00e9cole secondaire adventiste, qui accueillent ensemble plus de 600 \u00e9l\u00e8ves. Avec une augmentation constante des inscriptions, cette croissance refl\u00e8te un d\u00e9sir croissant d\u2019\u00e9ducation confessionnelle sur l\u2019\u00eele, ont d\u00e9clar\u00e9 les dirigeants de l\u2019\u00c9glise.<\/p>\n<p><div id=\"attachment_128905\" style=\"width: 1010px\" class=\"wp-caption aligncenter\"><img decoding=\"async\" aria-describedby=\"caption-attachment-128905\" class=\"size-full wp-image-128904\" src=\"https:\/\/interamerica.org\/wp-content\/uploads\/2025\/05\/kerntobias-dominica-school.jpg\" alt=\"\" width=\"1000\" height=\"667\" srcset=\"https:\/\/interamerica.org\/wp-content\/uploads\/2025\/05\/kerntobias-dominica-school.jpg 1000w, https:\/\/interamerica.org\/wp-content\/uploads\/2025\/05\/kerntobias-dominica-school-300x200.jpg 300w, https:\/\/interamerica.org\/wp-content\/uploads\/2025\/05\/kerntobias-dominica-school-768x512.jpg 768w\" sizes=\"(max-width: 1000px) 100vw, 1000px\" \/><p id=\"caption-attachment-128905\" class=\"wp-caption-text\">Dr Kern Tobias, pr\u00e9sident de l\u2019Union de F\u00e9d\u00e9rations de la Cara\u00efbe, s\u2019adresse aux \u00e9l\u00e8ves lors d\u2019un programme sp\u00e9cial le 23 mai 2025 \u00e0 Roseau, en Dominique. [Photo : M\u00e9dia de la F\u00e9d\u00e9ration de l\u2019Est de la Cara\u00efbe]<\/p><\/div>L\u2019\u00e9cole primaire adventiste du septi\u00e8me jour Ebenezer a ouvert ses portes en 1976. Depuis sa cr\u00e9ation, elle est install\u00e9e au sous-sol de l\u2019\u00e9glise adventiste du septi\u00e8me jour de Roseau, et dispense un enseignement aux \u00e9l\u00e8ves de la maternelle \u00e0 la sixi\u00e8me. Avec un effectif de 228 \u00e9l\u00e8ves, l\u2019\u00e9cole a d\u00fb louer des salles de classe suppl\u00e9mentaires pour r\u00e9pondre \u00e0 la demande. Aujourd\u2019hui, gr\u00e2ce au soutien de l\u2019offrande missionnaire du 13\u00e8me sabbat de l\u2019\u00c9glise mondiale et \u00e0 d\u2019autres donateurs, des plans sont en cours pour la construction d\u2019un nouveau b\u00e2timent scolaire qui permettrait d\u2019accueillir tous les \u00e9l\u00e8ves au m\u00eame endroit, ont indiqu\u00e9 les dirigeants de l\u2019\u00c9glise. \u00ab Le nouveau b\u00e2timent vise \u00e0 proposer des ressources de pointe, refl\u00e9tant l\u2019engagement de l\u2019\u00e9cole \u00e0 offrir une \u00e9ducation chr\u00e9tienne de qualit\u00e9 \u00e0 la Dominique, \u00bb ont-ils dit.<\/p>\n<p><strong>Pr\u00e9paration de la visite du pr\u00e9sident<\/strong><\/p>\n<p>La directrice de l\u2019\u00e9cole, Ursula Leslie, a exprim\u00e9 sa gratitude et sa d\u00e9termination alors qu\u2019ils attendaient l\u2019arriv\u00e9e du pasteur Wilson. \u00ab Il s\u2019agit de bien plus qu\u2019un projet de construction ; c\u2019est une r\u00e9ponse missionnaire \u00e0 un besoin croissant, \u00bb a-t-elle d\u00e9clar\u00e9 aux participants au service du matin. \u00ab Nous nous pr\u00e9parons dans la pri\u00e8re \u00e0 accueillir le dirigeant de l\u2019\u00c9glise mondiale et \u00e0 d\u00e9montrer notre engagement ind\u00e9fectible envers l\u2019\u00e9ducation adventiste. \u00bb<\/p>\n<p><div id=\"attachment_128892\" style=\"width: 1010px\" class=\"wp-caption aligncenter\"><img loading=\"lazy\" decoding=\"async\" aria-describedby=\"caption-attachment-128892\" class=\"size-full wp-image-128891\" src=\"https:\/\/interamerica.org\/wp-content\/uploads\/2025\/05\/dominica-school-ebenezer.jpg\" alt=\"\" width=\"1000\" height=\"674\" srcset=\"https:\/\/interamerica.org\/wp-content\/uploads\/2025\/05\/dominica-school-ebenezer.jpg 1000w, https:\/\/interamerica.org\/wp-content\/uploads\/2025\/05\/dominica-school-ebenezer-300x202.jpg 300w, https:\/\/interamerica.org\/wp-content\/uploads\/2025\/05\/dominica-school-ebenezer-768x518.jpg 768w\" sizes=\"(max-width: 1000px) 100vw, 1000px\" \/><p id=\"caption-attachment-128892\" class=\"wp-caption-text\">La principale de l\u2019\u00e9cole, Ursula Leslie (cinqui\u00e8me \u00e0 partir de la gauche), se tient aux c\u00f4t\u00e9s des enseignants et du personnel de l\u2019\u00e9cole primaire adventiste Ebenezer, lors du programme sp\u00e9cial du 23 mai 2025. [Photo : M\u00e9dia de la F\u00e9d\u00e9ration de l\u2019Est de la Cara\u00efbe]<\/p><\/div>La vision de l\u2019\u00e9ducation adventiste en Dominique a commenc\u00e9 avec des pionniers comme Arthur Waldron, qui ont reconnu l\u2019importance de soutenir le d\u00e9veloppement spirituel et scolaire des jeunes. Inspir\u00e9s par la foi et par une passion pour le d\u00e9veloppement de la communaut\u00e9, Arthur Waldron et d\u2019autres dirigeants de la premi\u00e8re heure ont pos\u00e9 les fondations de ce qui allait devenir un pilier essentiel de la mission de l\u2019\u00c9glise en Dominique.<\/p>\n<p>Les responsables locaux de l\u2019\u00c9glise et de l\u2019\u00e9ducation sont convaincus que la vision des pionniers perdure. \u00ab Aujourd\u2019hui, l\u2019\u00c9glise adventiste continue de d\u00e9fendre un syst\u00e8me \u00e9ducatif dynamique qui fa\u00e7onne des g\u00e9n\u00e9rations d\u2019\u00e9tudiants gr\u00e2ce \u00e0 un enseignement fond\u00e9 sur des valeurs et une forte emphase sur le service, \u00bb ont-ils d\u00e9clar\u00e9.<\/p>\n<p><div id=\"attachment_128898\" style=\"width: 1034px\" class=\"wp-caption aligncenter\"><img loading=\"lazy\" decoding=\"async\" aria-describedby=\"caption-attachment-128898\" class=\"size-large wp-image-128897\" src=\"https:\/\/interamerica.org\/wp-content\/uploads\/2025\/05\/rosea-church-ebenezer-1024x576.jpg\" alt=\"\" width=\"1024\" height=\"576\" srcset=\"https:\/\/interamerica.org\/wp-content\/uploads\/2025\/05\/rosea-church-ebenezer-1024x576.jpg 1024w, https:\/\/interamerica.org\/wp-content\/uploads\/2025\/05\/rosea-church-ebenezer-300x169.jpg 300w, https:\/\/interamerica.org\/wp-content\/uploads\/2025\/05\/rosea-church-ebenezer-768x432.jpg 768w, https:\/\/interamerica.org\/wp-content\/uploads\/2025\/05\/rosea-church-ebenezer.jpg 1200w\" sizes=\"(max-width: 1024px) 100vw, 1024px\" \/><p id=\"caption-attachment-128898\" class=\"wp-caption-text\">L\u2019\u00e9glise adventiste de Roseau, \u00e0 Roseau \u00e0 la Dominique, qui abrite l\u2019\u00e9cole primaire adventiste du septi\u00e8me jour Ebenezer. [M\u00e9dia de la F\u00e9d\u00e9ration de l\u2019Est de la Cara\u00efbe]<\/p><\/div><strong>Un h\u00e9ritage spirituel et scolaire<\/strong><\/p>\n<p>Bien que la plupart des \u00e9l\u00e8ves inscrits \u00e0 l\u2019\u00e9cole adventiste du septi\u00e8me jour Ebenezer ne soient pas membres de l\u2019\u00c9glise adventiste, l\u2019institution reste ancr\u00e9e dans sa mission spirituelle, ont indiqu\u00e9 les responsables de l\u2019\u00e9cole. \u00ab Des programmes tels que la Semaine de Pri\u00e8re, les concerts anim\u00e9s par les \u00e9l\u00e8ves et la Journ\u00e9e des Personnages Bibliques illustrent l\u2019engagement de l\u2019\u00e9cole \u00e0 encourager une relation personnelle entre chaque \u00e9l\u00e8ve et Dieu, \u00bb ont-ils d\u00e9clar\u00e9.<\/p>\n<p>L\u2019\u00e9cole s\u2019est forg\u00e9e une r\u00e9putation d\u2019excellence acad\u00e9mique caract\u00e9ris\u00e9e par une d\u00e9marche spirituelle, ont indiqu\u00e9 les responsables. \u00ab Chaque ann\u00e9e, lorsque les \u00e9l\u00e8ves les plus performants sont honor\u00e9s dans les m\u00e9dias locaux, cela devient un moment partag\u00e9 de gratitude et de t\u00e9moignage, une reconnaissance de la main divine qui guide leur r\u00e9ussite, \u00bb ont-ils d\u00e9clar\u00e9.<\/p>\n<p>Traduction: Patrick Luciathe<\/p>\n","protected":false},"excerpt":{"rendered":"<p>Les dirigeants r\u00e9gionaux de l\u2019\u00c9glise r\u00e9fl\u00e9chissent au r\u00f4le de l\u2019\u00e9ducation dans la formation de disciples et dans l\u2019\u00e9dification de la nation. 28 Mai 2025 | Roseau, Dominique | Jeannette Barry&#8230;<\/p>\n","protected":false},"author":3,"featured_media":128895,"comment_status":"closed","ping_status":"closed","sticky":false,"template":"","format":"standard","meta":{"_acf_changed":false,"footnotes":""},"categories":[21,19],"tags":[],"class_list":["post-129004","post","type-post","status-publish","format-standard","has-post-thumbnail","hentry","category-nouvelles-du-territoire","category-rss-francais"],"acf":[],"yoast_head":"<!-- This site is optimized with the Yoast SEO plugin v27.3 - https:\/\/yoast.com\/product\/yoast-seo-wordpress\/ -->\n<title>Un service met en lumi\u00e8re l\u2019h\u00e9ritage de l\u2019\u00e9ducation adventiste en Dominique - \u00c9glise Adventiste Du Septieme Jour - Inter Am\u00e9rique Division<\/title>\n<meta name=\"robots\" content=\"index, follow, max-snippet:-1, max-image-preview:large, max-video-preview:-1\" \/>\n<link rel=\"canonical\" href=\"https:\/\/interamerica.org\/fr\/2025\/05\/un-service-met-en-lumiere-lheritage-de-leducation-adventiste-en-dominique-en-amont-de-la-visite-du-president-de-la-conference-generale\/\" \/>\n<meta property=\"og:locale\" content=\"fr_FR\" \/>\n<meta property=\"og:type\" content=\"article\" \/>\n<meta property=\"og:title\" content=\"Un service met en lumi\u00e8re l\u2019h\u00e9ritage de l\u2019\u00e9ducation adventiste en Dominique - \u00c9glise Adventiste Du Septieme Jour - Inter Am\u00e9rique Division\" \/>\n<meta property=\"og:description\" content=\"Les dirigeants r\u00e9gionaux de l\u2019\u00c9glise r\u00e9fl\u00e9chissent au r\u00f4le de l\u2019\u00e9ducation dans la formation de disciples et dans l\u2019\u00e9dification de la nation. 28 Mai 2025 | Roseau, Dominique | Jeannette Barry...\" \/>\n<meta property=\"og:url\" content=\"https:\/\/interamerica.org\/fr\/2025\/05\/un-service-met-en-lumiere-lheritage-de-leducation-adventiste-en-dominique-en-amont-de-la-visite-du-president-de-la-conference-generale\/\" \/>\n<meta property=\"og:site_name\" content=\"\u00c9glise Adventiste Du Septieme Jour - Inter Am\u00e9rique Division\" \/>\n<meta property=\"article:published_time\" content=\"2025-05-29T02:12:46+00:00\" \/>\n<meta property=\"article:modified_time\" content=\"2025-06-04T19:02:14+00:00\" \/>\n<meta property=\"og:image\" content=\"https:\/\/interamerica.org\/wp-content\/uploads\/2025\/05\/ebenezer-school-kids-dominica.jpg\" \/>\n\t<meta property=\"og:image:width\" content=\"1000\" \/>\n\t<meta property=\"og:image:height\" content=\"672\" \/>\n\t<meta property=\"og:image:type\" content=\"image\/jpeg\" \/>\n<meta name=\"author\" content=\"libna\" \/>\n<meta name=\"twitter:card\" content=\"summary_large_image\" \/>\n<meta name=\"twitter:label1\" content=\"\u00c9crit par\" \/>\n\t<meta name=\"twitter:data1\" content=\"libna\" \/>\n\t<meta name=\"twitter:label2\" content=\"Dur\u00e9e de lecture estim\u00e9e\" \/>\n\t<meta name=\"twitter:data2\" content=\"6 minutes\" \/>\n<script type=\"application\/ld+json\" class=\"yoast-schema-graph\">{\"@context\":\"https:\\\/\\\/schema.org\",\"@graph\":[{\"@type\":\"Article\",\"@id\":\"https:\\\/\\\/interamerica.org\\\/fr\\\/2025\\\/05\\\/un-service-met-en-lumiere-lheritage-de-leducation-adventiste-en-dominique-en-amont-de-la-visite-du-president-de-la-conference-generale\\\/#article\",\"isPartOf\":{\"@id\":\"https:\\\/\\\/interamerica.org\\\/fr\\\/2025\\\/05\\\/un-service-met-en-lumiere-lheritage-de-leducation-adventiste-en-dominique-en-amont-de-la-visite-du-president-de-la-conference-generale\\\/\"},\"author\":{\"name\":\"libna\",\"@id\":\"https:\\\/\\\/interamerica.org\\\/fr\\\/#\\\/schema\\\/person\\\/29998f2bc2d8bd0d38662909289b54f1\"},\"headline\":\"Un service met en lumi\u00e8re l\u2019h\u00e9ritage de l\u2019\u00e9ducation adventiste en Dominique\",\"datePublished\":\"2025-05-29T02:12:46+00:00\",\"dateModified\":\"2025-06-04T19:02:14+00:00\",\"mainEntityOfPage\":{\"@id\":\"https:\\\/\\\/interamerica.org\\\/fr\\\/2025\\\/05\\\/un-service-met-en-lumiere-lheritage-de-leducation-adventiste-en-dominique-en-amont-de-la-visite-du-president-de-la-conference-generale\\\/\"},\"wordCount\":1286,\"image\":{\"@id\":\"https:\\\/\\\/interamerica.org\\\/fr\\\/2025\\\/05\\\/un-service-met-en-lumiere-lheritage-de-leducation-adventiste-en-dominique-en-amont-de-la-visite-du-president-de-la-conference-generale\\\/#primaryimage\"},\"thumbnailUrl\":\"https:\\\/\\\/interamerica.org\\\/wp-content\\\/uploads\\\/2025\\\/05\\\/ebenezer-school-kids-dominica.jpg\",\"articleSection\":[\"Nouvelles du territoire\",\"RSS Fran\u00e7ais\"],\"inLanguage\":\"fr-FR\"},{\"@type\":\"WebPage\",\"@id\":\"https:\\\/\\\/interamerica.org\\\/fr\\\/2025\\\/05\\\/un-service-met-en-lumiere-lheritage-de-leducation-adventiste-en-dominique-en-amont-de-la-visite-du-president-de-la-conference-generale\\\/\",\"url\":\"https:\\\/\\\/interamerica.org\\\/fr\\\/2025\\\/05\\\/un-service-met-en-lumiere-lheritage-de-leducation-adventiste-en-dominique-en-amont-de-la-visite-du-president-de-la-conference-generale\\\/\",\"name\":\"Un service met en lumi\u00e8re l\u2019h\u00e9ritage de l\u2019\u00e9ducation adventiste en Dominique - \u00c9glise Adventiste Du Septieme Jour - Inter Am\u00e9rique Division\",\"isPartOf\":{\"@id\":\"https:\\\/\\\/interamerica.org\\\/fr\\\/#website\"},\"primaryImageOfPage\":{\"@id\":\"https:\\\/\\\/interamerica.org\\\/fr\\\/2025\\\/05\\\/un-service-met-en-lumiere-lheritage-de-leducation-adventiste-en-dominique-en-amont-de-la-visite-du-president-de-la-conference-generale\\\/#primaryimage\"},\"image\":{\"@id\":\"https:\\\/\\\/interamerica.org\\\/fr\\\/2025\\\/05\\\/un-service-met-en-lumiere-lheritage-de-leducation-adventiste-en-dominique-en-amont-de-la-visite-du-president-de-la-conference-generale\\\/#primaryimage\"},\"thumbnailUrl\":\"https:\\\/\\\/interamerica.org\\\/wp-content\\\/uploads\\\/2025\\\/05\\\/ebenezer-school-kids-dominica.jpg\",\"datePublished\":\"2025-05-29T02:12:46+00:00\",\"dateModified\":\"2025-06-04T19:02:14+00:00\",\"author\":{\"@id\":\"https:\\\/\\\/interamerica.org\\\/fr\\\/#\\\/schema\\\/person\\\/29998f2bc2d8bd0d38662909289b54f1\"},\"breadcrumb\":{\"@id\":\"https:\\\/\\\/interamerica.org\\\/fr\\\/2025\\\/05\\\/un-service-met-en-lumiere-lheritage-de-leducation-adventiste-en-dominique-en-amont-de-la-visite-du-president-de-la-conference-generale\\\/#breadcrumb\"},\"inLanguage\":\"fr-FR\",\"potentialAction\":[{\"@type\":\"ReadAction\",\"target\":[\"https:\\\/\\\/interamerica.org\\\/fr\\\/2025\\\/05\\\/un-service-met-en-lumiere-lheritage-de-leducation-adventiste-en-dominique-en-amont-de-la-visite-du-president-de-la-conference-generale\\\/\"]}]},{\"@type\":\"ImageObject\",\"inLanguage\":\"fr-FR\",\"@id\":\"https:\\\/\\\/interamerica.org\\\/fr\\\/2025\\\/05\\\/un-service-met-en-lumiere-lheritage-de-leducation-adventiste-en-dominique-en-amont-de-la-visite-du-president-de-la-conference-generale\\\/#primaryimage\",\"url\":\"https:\\\/\\\/interamerica.org\\\/wp-content\\\/uploads\\\/2025\\\/05\\\/ebenezer-school-kids-dominica.jpg\",\"contentUrl\":\"https:\\\/\\\/interamerica.org\\\/wp-content\\\/uploads\\\/2025\\\/05\\\/ebenezer-school-kids-dominica.jpg\",\"width\":1000,\"height\":672,\"caption\":\"[Photo: East Caribbean Conference]\"},{\"@type\":\"BreadcrumbList\",\"@id\":\"https:\\\/\\\/interamerica.org\\\/fr\\\/2025\\\/05\\\/un-service-met-en-lumiere-lheritage-de-leducation-adventiste-en-dominique-en-amont-de-la-visite-du-president-de-la-conference-generale\\\/#breadcrumb\",\"itemListElement\":[{\"@type\":\"ListItem\",\"position\":1,\"name\":\"Home\",\"item\":\"https:\\\/\\\/interamerica.org\\\/fr\\\/\"},{\"@type\":\"ListItem\",\"position\":2,\"name\":\"Un service met en lumi\u00e8re l\u2019h\u00e9ritage de l\u2019\u00e9ducation adventiste en Dominique\"}]},{\"@type\":\"WebSite\",\"@id\":\"https:\\\/\\\/interamerica.org\\\/fr\\\/#website\",\"url\":\"https:\\\/\\\/interamerica.org\\\/fr\\\/\",\"name\":\"\u00c9glise Adventiste Du Septieme Jour - Inter Am\u00e9rique Division\",\"description\":\"\",\"potentialAction\":[{\"@type\":\"SearchAction\",\"target\":{\"@type\":\"EntryPoint\",\"urlTemplate\":\"https:\\\/\\\/interamerica.org\\\/fr\\\/?s={search_term_string}\"},\"query-input\":{\"@type\":\"PropertyValueSpecification\",\"valueRequired\":true,\"valueName\":\"search_term_string\"}}],\"inLanguage\":\"fr-FR\"},{\"@type\":\"Person\",\"@id\":\"https:\\\/\\\/interamerica.org\\\/fr\\\/#\\\/schema\\\/person\\\/29998f2bc2d8bd0d38662909289b54f1\",\"name\":\"libna\",\"image\":{\"@type\":\"ImageObject\",\"inLanguage\":\"fr-FR\",\"@id\":\"https:\\\/\\\/secure.gravatar.com\\\/avatar\\\/7c5bd30ae4b47a9ba3c856590957fd1d96dc588bf3ac05719d247e126840331f?s=96&d=mm&r=g\",\"url\":\"https:\\\/\\\/secure.gravatar.com\\\/avatar\\\/7c5bd30ae4b47a9ba3c856590957fd1d96dc588bf3ac05719d247e126840331f?s=96&d=mm&r=g\",\"contentUrl\":\"https:\\\/\\\/secure.gravatar.com\\\/avatar\\\/7c5bd30ae4b47a9ba3c856590957fd1d96dc588bf3ac05719d247e126840331f?s=96&d=mm&r=g\",\"caption\":\"libna\"}}]}<\/script>\n<!-- \/ Yoast SEO plugin. -->","yoast_head_json":{"title":"Un service met en lumi\u00e8re l\u2019h\u00e9ritage de l\u2019\u00e9ducation adventiste en Dominique - \u00c9glise Adventiste Du Septieme Jour - Inter Am\u00e9rique Division","robots":{"index":"index","follow":"follow","max-snippet":"max-snippet:-1","max-image-preview":"max-image-preview:large","max-video-preview":"max-video-preview:-1"},"canonical":"https:\/\/interamerica.org\/fr\/2025\/05\/un-service-met-en-lumiere-lheritage-de-leducation-adventiste-en-dominique-en-amont-de-la-visite-du-president-de-la-conference-generale\/","og_locale":"fr_FR","og_type":"article","og_title":"Un service met en lumi\u00e8re l\u2019h\u00e9ritage de l\u2019\u00e9ducation adventiste en Dominique - \u00c9glise Adventiste Du Septieme Jour - Inter Am\u00e9rique Division","og_description":"Les dirigeants r\u00e9gionaux de l\u2019\u00c9glise r\u00e9fl\u00e9chissent au r\u00f4le de l\u2019\u00e9ducation dans la formation de disciples et dans l\u2019\u00e9dification de la nation. 28 Mai 2025 | Roseau, Dominique | Jeannette Barry...","og_url":"https:\/\/interamerica.org\/fr\/2025\/05\/un-service-met-en-lumiere-lheritage-de-leducation-adventiste-en-dominique-en-amont-de-la-visite-du-president-de-la-conference-generale\/","og_site_name":"\u00c9glise Adventiste Du Septieme Jour - Inter Am\u00e9rique Division","article_published_time":"2025-05-29T02:12:46+00:00","article_modified_time":"2025-06-04T19:02:14+00:00","og_image":[{"width":1000,"height":672,"url":"https:\/\/interamerica.org\/wp-content\/uploads\/2025\/05\/ebenezer-school-kids-dominica.jpg","type":"image\/jpeg"}],"author":"libna","twitter_card":"summary_large_image","twitter_misc":{"\u00c9crit par":"libna","Dur\u00e9e de lecture estim\u00e9e":"6 minutes"},"schema":{"@context":"https:\/\/schema.org","@graph":[{"@type":"Article","@id":"https:\/\/interamerica.org\/fr\/2025\/05\/un-service-met-en-lumiere-lheritage-de-leducation-adventiste-en-dominique-en-amont-de-la-visite-du-president-de-la-conference-generale\/#article","isPartOf":{"@id":"https:\/\/interamerica.org\/fr\/2025\/05\/un-service-met-en-lumiere-lheritage-de-leducation-adventiste-en-dominique-en-amont-de-la-visite-du-president-de-la-conference-generale\/"},"author":{"name":"libna","@id":"https:\/\/interamerica.org\/fr\/#\/schema\/person\/29998f2bc2d8bd0d38662909289b54f1"},"headline":"Un service met en lumi\u00e8re l\u2019h\u00e9ritage de l\u2019\u00e9ducation adventiste en Dominique","datePublished":"2025-05-29T02:12:46+00:00","dateModified":"2025-06-04T19:02:14+00:00","mainEntityOfPage":{"@id":"https:\/\/interamerica.org\/fr\/2025\/05\/un-service-met-en-lumiere-lheritage-de-leducation-adventiste-en-dominique-en-amont-de-la-visite-du-president-de-la-conference-generale\/"},"wordCount":1286,"image":{"@id":"https:\/\/interamerica.org\/fr\/2025\/05\/un-service-met-en-lumiere-lheritage-de-leducation-adventiste-en-dominique-en-amont-de-la-visite-du-president-de-la-conference-generale\/#primaryimage"},"thumbnailUrl":"https:\/\/interamerica.org\/wp-content\/uploads\/2025\/05\/ebenezer-school-kids-dominica.jpg","articleSection":["Nouvelles du territoire","RSS Fran\u00e7ais"],"inLanguage":"fr-FR"},{"@type":"WebPage","@id":"https:\/\/interamerica.org\/fr\/2025\/05\/un-service-met-en-lumiere-lheritage-de-leducation-adventiste-en-dominique-en-amont-de-la-visite-du-president-de-la-conference-generale\/","url":"https:\/\/interamerica.org\/fr\/2025\/05\/un-service-met-en-lumiere-lheritage-de-leducation-adventiste-en-dominique-en-amont-de-la-visite-du-president-de-la-conference-generale\/","name":"Un service met en lumi\u00e8re l\u2019h\u00e9ritage de l\u2019\u00e9ducation adventiste en Dominique - \u00c9glise Adventiste Du Septieme Jour - Inter Am\u00e9rique Division","isPartOf":{"@id":"https:\/\/interamerica.org\/fr\/#website"},"primaryImageOfPage":{"@id":"https:\/\/interamerica.org\/fr\/2025\/05\/un-service-met-en-lumiere-lheritage-de-leducation-adventiste-en-dominique-en-amont-de-la-visite-du-president-de-la-conference-generale\/#primaryimage"},"image":{"@id":"https:\/\/interamerica.org\/fr\/2025\/05\/un-service-met-en-lumiere-lheritage-de-leducation-adventiste-en-dominique-en-amont-de-la-visite-du-president-de-la-conference-generale\/#primaryimage"},"thumbnailUrl":"https:\/\/interamerica.org\/wp-content\/uploads\/2025\/05\/ebenezer-school-kids-dominica.jpg","datePublished":"2025-05-29T02:12:46+00:00","dateModified":"2025-06-04T19:02:14+00:00","author":{"@id":"https:\/\/interamerica.org\/fr\/#\/schema\/person\/29998f2bc2d8bd0d38662909289b54f1"},"breadcrumb":{"@id":"https:\/\/interamerica.org\/fr\/2025\/05\/un-service-met-en-lumiere-lheritage-de-leducation-adventiste-en-dominique-en-amont-de-la-visite-du-president-de-la-conference-generale\/#breadcrumb"},"inLanguage":"fr-FR","potentialAction":[{"@type":"ReadAction","target":["https:\/\/interamerica.org\/fr\/2025\/05\/un-service-met-en-lumiere-lheritage-de-leducation-adventiste-en-dominique-en-amont-de-la-visite-du-president-de-la-conference-generale\/"]}]},{"@type":"ImageObject","inLanguage":"fr-FR","@id":"https:\/\/interamerica.org\/fr\/2025\/05\/un-service-met-en-lumiere-lheritage-de-leducation-adventiste-en-dominique-en-amont-de-la-visite-du-president-de-la-conference-generale\/#primaryimage","url":"https:\/\/interamerica.org\/wp-content\/uploads\/2025\/05\/ebenezer-school-kids-dominica.jpg","contentUrl":"https:\/\/interamerica.org\/wp-content\/uploads\/2025\/05\/ebenezer-school-kids-dominica.jpg","width":1000,"height":672,"caption":"[Photo: East Caribbean Conference]"},{"@type":"BreadcrumbList","@id":"https:\/\/interamerica.org\/fr\/2025\/05\/un-service-met-en-lumiere-lheritage-de-leducation-adventiste-en-dominique-en-amont-de-la-visite-du-president-de-la-conference-generale\/#breadcrumb","itemListElement":[{"@type":"ListItem","position":1,"name":"Home","item":"https:\/\/interamerica.org\/fr\/"},{"@type":"ListItem","position":2,"name":"Un service met en lumi\u00e8re l\u2019h\u00e9ritage de l\u2019\u00e9ducation adventiste en Dominique"}]},{"@type":"WebSite","@id":"https:\/\/interamerica.org\/fr\/#website","url":"https:\/\/interamerica.org\/fr\/","name":"\u00c9glise Adventiste Du Septieme Jour - Inter Am\u00e9rique Division","description":"","potentialAction":[{"@type":"SearchAction","target":{"@type":"EntryPoint","urlTemplate":"https:\/\/interamerica.org\/fr\/?s={search_term_string}"},"query-input":{"@type":"PropertyValueSpecification","valueRequired":true,"valueName":"search_term_string"}}],"inLanguage":"fr-FR"},{"@type":"Person","@id":"https:\/\/interamerica.org\/fr\/#\/schema\/person\/29998f2bc2d8bd0d38662909289b54f1","name":"libna","image":{"@type":"ImageObject","inLanguage":"fr-FR","@id":"https:\/\/secure.gravatar.com\/avatar\/7c5bd30ae4b47a9ba3c856590957fd1d96dc588bf3ac05719d247e126840331f?s=96&d=mm&r=g","url":"https:\/\/secure.gravatar.com\/avatar\/7c5bd30ae4b47a9ba3c856590957fd1d96dc588bf3ac05719d247e126840331f?s=96&d=mm&r=g","contentUrl":"https:\/\/secure.gravatar.com\/avatar\/7c5bd30ae4b47a9ba3c856590957fd1d96dc588bf3ac05719d247e126840331f?s=96&d=mm&r=g","caption":"libna"}}]}},"_links":{"self":[{"href":"https:\/\/interamerica.org\/fr\/wp-json\/wp\/v2\/posts\/129004","targetHints":{"allow":["GET"]}}],"collection":[{"href":"https:\/\/interamerica.org\/fr\/wp-json\/wp\/v2\/posts"}],"about":[{"href":"https:\/\/interamerica.org\/fr\/wp-json\/wp\/v2\/types\/post"}],"author":[{"embeddable":true,"href":"https:\/\/interamerica.org\/fr\/wp-json\/wp\/v2\/users\/3"}],"replies":[{"embeddable":true,"href":"https:\/\/interamerica.org\/fr\/wp-json\/wp\/v2\/comments?post=129004"}],"version-history":[{"count":0,"href":"https:\/\/interamerica.org\/fr\/wp-json\/wp\/v2\/posts\/129004\/revisions"}],"wp:featuredmedia":[{"embeddable":true,"href":"https:\/\/interamerica.org\/fr\/wp-json\/wp\/v2\/media\/128895"}],"wp:attachment":[{"href":"https:\/\/interamerica.org\/fr\/wp-json\/wp\/v2\/media?parent=129004"}],"wp:term":[{"taxonomy":"category","embeddable":true,"href":"https:\/\/interamerica.org\/fr\/wp-json\/wp\/v2\/categories?post=129004"},{"taxonomy":"post_tag","embeddable":true,"href":"https:\/\/interamerica.org\/fr\/wp-json\/wp\/v2\/tags?post=129004"}],"curies":[{"name":"wp","href":"https:\/\/api.w.org\/{rel}","templated":true}]}}