{"id":129509,"date":"2025-06-20T09:56:10","date_gmt":"2025-06-20T13:56:10","guid":{"rendered":"https:\/\/interamerica.org\/?p=129509"},"modified":"2025-06-20T22:36:33","modified_gmt":"2025-06-21T02:36:33","slug":"vivre-le-message-une-bouchee-a-la-fois","status":"publish","type":"post","link":"https:\/\/interamerica.org\/fr\/2025\/06\/vivre-le-message-une-bouchee-a-la-fois\/","title":{"rendered":"Vivre le message, une bouch\u00e9e \u00e0 la fois"},"content":{"rendered":"<p>20 Juin 2025 | Silver Spring, Maryland, \u00c9tats-Unis | Naiyah Van Why pour Adventist Review<\/p>\n<p>Il y a quelques ann\u00e9es, j\u2019ai eu la conviction qu\u2019il fallait que je lance un groupe sur la sant\u00e9 dans mon \u00e9glise \u00e0 Albuquerque, dans le Nouveau-Mexique. Alors que je commen\u00e7ais \u00e0 apprendre davantage au sujet de la nutrition, j\u2019ai \u00e9t\u00e9 d\u00e9courag\u00e9e par l\u2019apparent manque d\u2019int\u00e9r\u00eat de la part de mon \u00e9glise. Je me souviens m\u2019\u00eatre dit \u00e0 moi-m\u00eame :\u00a0<em>Il faut que l\u2019\u00e9glise soit au courant de ces choses !<\/em>\u00a0J\u2019ai r\u00e9alis\u00e9 que notre \u00e9glise avait re\u00e7u un message sur la sant\u00e9 \u00e0 partager, mais j\u2019avais l\u2019impression que personne ne mettait en pratique ces principes qui peuvent sauver des vies. J\u2019aurais souhait\u00e9 que quelqu\u2019un se lance et cr\u00e9e un minist\u00e8re sur la sant\u00e9. Puis j\u2019ai r\u00e9alis\u00e9 que je pouvais \u00eatre cette personne ! Je ne sais peut-\u00eatre pas tout, mais j\u2019avais la volont\u00e9 et les capacit\u00e9s, et c\u2019est tout ce que Dieu demande.<\/p>\n<p>J\u2019\u00e9tais absolument terrifi\u00e9e \u00e0 l\u2019id\u00e9e de commencer ; je ne savais pas par o\u00f9 commencer ni quoi faire, alors j\u2019ai demand\u00e9 \u00e0 notre \u00e9glise ce qu\u2019elle souhaitait. J\u2019ai \u00e9labor\u00e9 un sondage sur papier pour d\u00e9terminer les besoins des membres en mati\u00e8re de sant\u00e9 et le type de conseils sur la sant\u00e9 qui, selon eux, seraient le plus adapt\u00e9 \u00e0 notre \u00e9glise locale. La r\u00e9ponse a \u00e9t\u00e9 claire et massive : un cours de cuisine v\u00e9g\u00e9tarienne ! C\u2019est donc la premi\u00e8re chose que nous avons faite.<\/p>\n<p>J\u2019ai commenc\u00e9 par une pr\u00e9sentation sur la nutrition v\u00e9g\u00e9tarienne, et nous avons appris \u00e0 cuisiner plusieurs plats bons pour la sant\u00e9, dont du pain de ma\u00efs et des p\u00e2tes \u00e0 la courge butternut. Apr\u00e8s cette rencontre, j\u2019ai d\u00e9but\u00e9 une s\u00e9rie sur les huit lois de la sant\u00e9 dans laquelle j\u2019abordais les principes de sant\u00e9 individuels avec ensuite un moment de communion fraternelle et de partage de nourriture nutritive.<\/p>\n<p>Mon objectif pour ce groupe \u00e9tait d\u2019inspirer les gens \u00e0 prendre soin des \u00ab temples \u00bb que Dieu nous a donn\u00e9s afin que nous soyons pr\u00eats et capables d\u2019accomplir son \u0153uvre. Bien que ce fut une petite classe, son impact a \u00e9t\u00e9 r\u00e9el. Plusieurs membres d\u2019\u00e9glise ont commenc\u00e9 \u00e0 apporter des changements \u00e0 leur mode de vie, \u00e0 mettre en pratique ce qu\u2019ils avaient appris et \u00e0 obtenir une grande satisfaction en le faisant. Ce qui avait commenc\u00e9 comme un petit minist\u00e8re est devenu une opportunit\u00e9 permanente de servir les autres par le biais de la sant\u00e9 et de l\u2019\u00e9ducation.<\/p>\n<p>Si vous n\u2019y avez pas encore pens\u00e9, je vous encourage \u00e0 cr\u00e9er votre propre minist\u00e8re de la sant\u00e9 dans votre ville ! Nous devons partager le message sur la sant\u00e9 avec le monde, mais comment pouvons-nous y parvenir si notre propre \u00e9glise ne le connait pas ? vous n\u2019\u00eates pas oblig\u00e9 d\u2019avoir certaines qualifications ou comp\u00e9tences. Je n\u2019en avais certainement pas. Dieu est pr\u00eat \u00e0 utiliser n\u2019importe qui ! Si vous avez des questions ou des inqui\u00e9tudes, demandez \u00e0 Dieu. Il est plus que dispos\u00e9 \u00e0 entendre vos pri\u00e8res et vos pr\u00e9occupations.<\/p>\n<p>Naiyah Van Why a \u00e9tudi\u00e9 la nutrition et la di\u00e9t\u00e9tique \u00e0 l\u2019Universit\u00e9 du Nouveau-Mexique. Elle travaille actuellement \u00e0 l\u2019\u00c9cole de Castle Valley, pr\u00e8s de Moab, dans l\u2019Utah, aux \u00c9tats-Unis.<\/p>\n<p>Traduction: Patrick Luciathe<\/p>\n","protected":false},"excerpt":{"rendered":"<p>20 Juin 2025 | Silver Spring, Maryland, \u00c9tats-Unis | Naiyah Van Why pour Adventist Review Il y a quelques ann\u00e9es, j\u2019ai eu la conviction qu\u2019il fallait que je lance un&#8230;<\/p>\n","protected":false},"author":3,"featured_media":129505,"comment_status":"closed","ping_status":"closed","sticky":false,"template":"","format":"standard","meta":{"_acf_changed":false,"footnotes":""},"categories":[18,19],"tags":[],"class_list":["post-129509","post","type-post","status-publish","format-standard","has-post-thumbnail","hentry","category-nouvelles-de-leglise-mondiale","category-rss-francais"],"acf":[],"yoast_head":"<!-- This site is optimized with the Yoast SEO plugin v27.3 - https:\/\/yoast.com\/product\/yoast-seo-wordpress\/ -->\n<title>Vivre le message, une bouch\u00e9e \u00e0 la fois - \u00c9glise Adventiste Du Septieme Jour - Inter Am\u00e9rique Division<\/title>\n<meta name=\"robots\" content=\"index, follow, max-snippet:-1, max-image-preview:large, max-video-preview:-1\" \/>\n<link rel=\"canonical\" href=\"https:\/\/interamerica.org\/fr\/2025\/06\/vivre-le-message-une-bouchee-a-la-fois\/\" \/>\n<meta property=\"og:locale\" content=\"fr_FR\" \/>\n<meta property=\"og:type\" content=\"article\" \/>\n<meta property=\"og:title\" content=\"Vivre le message, une bouch\u00e9e \u00e0 la fois - \u00c9glise Adventiste Du Septieme Jour - Inter Am\u00e9rique Division\" \/>\n<meta property=\"og:description\" content=\"20 Juin 2025 | Silver Spring, Maryland, \u00c9tats-Unis | Naiyah Van Why pour Adventist Review Il y a quelques ann\u00e9es, j\u2019ai eu la conviction qu\u2019il fallait que je lance un...\" \/>\n<meta property=\"og:url\" content=\"https:\/\/interamerica.org\/fr\/2025\/06\/vivre-le-message-une-bouchee-a-la-fois\/\" \/>\n<meta property=\"og:site_name\" content=\"\u00c9glise Adventiste Du Septieme Jour - Inter Am\u00e9rique Division\" \/>\n<meta property=\"article:published_time\" content=\"2025-06-20T13:56:10+00:00\" \/>\n<meta property=\"article:modified_time\" content=\"2025-06-21T02:36:33+00:00\" \/>\n<meta property=\"og:image\" content=\"https:\/\/interamerica.org\/wp-content\/uploads\/2025\/06\/brooke-lark-08boynh-r-e-unsplash.jpg\" \/>\n\t<meta property=\"og:image:width\" content=\"1280\" \/>\n\t<meta property=\"og:image:height\" content=\"800\" \/>\n\t<meta property=\"og:image:type\" content=\"image\/jpeg\" \/>\n<meta name=\"author\" content=\"libna\" \/>\n<meta name=\"twitter:card\" content=\"summary_large_image\" \/>\n<meta name=\"twitter:label1\" content=\"\u00c9crit par\" \/>\n\t<meta name=\"twitter:data1\" content=\"libna\" \/>\n\t<meta name=\"twitter:label2\" content=\"Dur\u00e9e de lecture estim\u00e9e\" \/>\n\t<meta name=\"twitter:data2\" content=\"3 minutes\" \/>\n<script type=\"application\/ld+json\" class=\"yoast-schema-graph\">{\"@context\":\"https:\\\/\\\/schema.org\",\"@graph\":[{\"@type\":\"Article\",\"@id\":\"https:\\\/\\\/interamerica.org\\\/fr\\\/2025\\\/06\\\/vivre-le-message-une-bouchee-a-la-fois\\\/#article\",\"isPartOf\":{\"@id\":\"https:\\\/\\\/interamerica.org\\\/fr\\\/2025\\\/06\\\/vivre-le-message-une-bouchee-a-la-fois\\\/\"},\"author\":{\"name\":\"libna\",\"@id\":\"https:\\\/\\\/interamerica.org\\\/fr\\\/#\\\/schema\\\/person\\\/29998f2bc2d8bd0d38662909289b54f1\"},\"headline\":\"Vivre le message, une bouch\u00e9e \u00e0 la fois\",\"datePublished\":\"2025-06-20T13:56:10+00:00\",\"dateModified\":\"2025-06-21T02:36:33+00:00\",\"mainEntityOfPage\":{\"@id\":\"https:\\\/\\\/interamerica.org\\\/fr\\\/2025\\\/06\\\/vivre-le-message-une-bouchee-a-la-fois\\\/\"},\"wordCount\":590,\"image\":{\"@id\":\"https:\\\/\\\/interamerica.org\\\/fr\\\/2025\\\/06\\\/vivre-le-message-une-bouchee-a-la-fois\\\/#primaryimage\"},\"thumbnailUrl\":\"https:\\\/\\\/interamerica.org\\\/wp-content\\\/uploads\\\/2025\\\/06\\\/brooke-lark-08boynh-r-e-unsplash.jpg\",\"articleSection\":[\"Nouvelles de l'\u00c9glise mondiale\",\"RSS Fran\u00e7ais\"],\"inLanguage\":\"fr-FR\"},{\"@type\":\"WebPage\",\"@id\":\"https:\\\/\\\/interamerica.org\\\/fr\\\/2025\\\/06\\\/vivre-le-message-une-bouchee-a-la-fois\\\/\",\"url\":\"https:\\\/\\\/interamerica.org\\\/fr\\\/2025\\\/06\\\/vivre-le-message-une-bouchee-a-la-fois\\\/\",\"name\":\"Vivre le message, une bouch\u00e9e \u00e0 la fois - \u00c9glise Adventiste Du Septieme Jour - Inter Am\u00e9rique Division\",\"isPartOf\":{\"@id\":\"https:\\\/\\\/interamerica.org\\\/fr\\\/#website\"},\"primaryImageOfPage\":{\"@id\":\"https:\\\/\\\/interamerica.org\\\/fr\\\/2025\\\/06\\\/vivre-le-message-une-bouchee-a-la-fois\\\/#primaryimage\"},\"image\":{\"@id\":\"https:\\\/\\\/interamerica.org\\\/fr\\\/2025\\\/06\\\/vivre-le-message-une-bouchee-a-la-fois\\\/#primaryimage\"},\"thumbnailUrl\":\"https:\\\/\\\/interamerica.org\\\/wp-content\\\/uploads\\\/2025\\\/06\\\/brooke-lark-08boynh-r-e-unsplash.jpg\",\"datePublished\":\"2025-06-20T13:56:10+00:00\",\"dateModified\":\"2025-06-21T02:36:33+00:00\",\"author\":{\"@id\":\"https:\\\/\\\/interamerica.org\\\/fr\\\/#\\\/schema\\\/person\\\/29998f2bc2d8bd0d38662909289b54f1\"},\"breadcrumb\":{\"@id\":\"https:\\\/\\\/interamerica.org\\\/fr\\\/2025\\\/06\\\/vivre-le-message-une-bouchee-a-la-fois\\\/#breadcrumb\"},\"inLanguage\":\"fr-FR\",\"potentialAction\":[{\"@type\":\"ReadAction\",\"target\":[\"https:\\\/\\\/interamerica.org\\\/fr\\\/2025\\\/06\\\/vivre-le-message-une-bouchee-a-la-fois\\\/\"]}]},{\"@type\":\"ImageObject\",\"inLanguage\":\"fr-FR\",\"@id\":\"https:\\\/\\\/interamerica.org\\\/fr\\\/2025\\\/06\\\/vivre-le-message-une-bouchee-a-la-fois\\\/#primaryimage\",\"url\":\"https:\\\/\\\/interamerica.org\\\/wp-content\\\/uploads\\\/2025\\\/06\\\/brooke-lark-08boynh-r-e-unsplash.jpg\",\"contentUrl\":\"https:\\\/\\\/interamerica.org\\\/wp-content\\\/uploads\\\/2025\\\/06\\\/brooke-lark-08boynh-r-e-unsplash.jpg\",\"width\":1280,\"height\":800,\"caption\":\"[Photo: Brooke Lark \\\/ Unsplash]\"},{\"@type\":\"BreadcrumbList\",\"@id\":\"https:\\\/\\\/interamerica.org\\\/fr\\\/2025\\\/06\\\/vivre-le-message-une-bouchee-a-la-fois\\\/#breadcrumb\",\"itemListElement\":[{\"@type\":\"ListItem\",\"position\":1,\"name\":\"Home\",\"item\":\"https:\\\/\\\/interamerica.org\\\/fr\\\/\"},{\"@type\":\"ListItem\",\"position\":2,\"name\":\"Vivre le message, une bouch\u00e9e \u00e0 la fois\"}]},{\"@type\":\"WebSite\",\"@id\":\"https:\\\/\\\/interamerica.org\\\/fr\\\/#website\",\"url\":\"https:\\\/\\\/interamerica.org\\\/fr\\\/\",\"name\":\"\u00c9glise Adventiste Du Septieme Jour - Inter Am\u00e9rique Division\",\"description\":\"\",\"potentialAction\":[{\"@type\":\"SearchAction\",\"target\":{\"@type\":\"EntryPoint\",\"urlTemplate\":\"https:\\\/\\\/interamerica.org\\\/fr\\\/?s={search_term_string}\"},\"query-input\":{\"@type\":\"PropertyValueSpecification\",\"valueRequired\":true,\"valueName\":\"search_term_string\"}}],\"inLanguage\":\"fr-FR\"},{\"@type\":\"Person\",\"@id\":\"https:\\\/\\\/interamerica.org\\\/fr\\\/#\\\/schema\\\/person\\\/29998f2bc2d8bd0d38662909289b54f1\",\"name\":\"libna\",\"image\":{\"@type\":\"ImageObject\",\"inLanguage\":\"fr-FR\",\"@id\":\"https:\\\/\\\/secure.gravatar.com\\\/avatar\\\/7c5bd30ae4b47a9ba3c856590957fd1d96dc588bf3ac05719d247e126840331f?s=96&d=mm&r=g\",\"url\":\"https:\\\/\\\/secure.gravatar.com\\\/avatar\\\/7c5bd30ae4b47a9ba3c856590957fd1d96dc588bf3ac05719d247e126840331f?s=96&d=mm&r=g\",\"contentUrl\":\"https:\\\/\\\/secure.gravatar.com\\\/avatar\\\/7c5bd30ae4b47a9ba3c856590957fd1d96dc588bf3ac05719d247e126840331f?s=96&d=mm&r=g\",\"caption\":\"libna\"}}]}<\/script>\n<!-- \/ Yoast SEO plugin. -->","yoast_head_json":{"title":"Vivre le message, une bouch\u00e9e \u00e0 la fois - \u00c9glise Adventiste Du Septieme Jour - Inter Am\u00e9rique Division","robots":{"index":"index","follow":"follow","max-snippet":"max-snippet:-1","max-image-preview":"max-image-preview:large","max-video-preview":"max-video-preview:-1"},"canonical":"https:\/\/interamerica.org\/fr\/2025\/06\/vivre-le-message-une-bouchee-a-la-fois\/","og_locale":"fr_FR","og_type":"article","og_title":"Vivre le message, une bouch\u00e9e \u00e0 la fois - \u00c9glise Adventiste Du Septieme Jour - Inter Am\u00e9rique Division","og_description":"20 Juin 2025 | Silver Spring, Maryland, \u00c9tats-Unis | Naiyah Van Why pour Adventist Review Il y a quelques ann\u00e9es, j\u2019ai eu la conviction qu\u2019il fallait que je lance un...","og_url":"https:\/\/interamerica.org\/fr\/2025\/06\/vivre-le-message-une-bouchee-a-la-fois\/","og_site_name":"\u00c9glise Adventiste Du Septieme Jour - Inter Am\u00e9rique Division","article_published_time":"2025-06-20T13:56:10+00:00","article_modified_time":"2025-06-21T02:36:33+00:00","og_image":[{"width":1280,"height":800,"url":"https:\/\/interamerica.org\/wp-content\/uploads\/2025\/06\/brooke-lark-08boynh-r-e-unsplash.jpg","type":"image\/jpeg"}],"author":"libna","twitter_card":"summary_large_image","twitter_misc":{"\u00c9crit par":"libna","Dur\u00e9e de lecture estim\u00e9e":"3 minutes"},"schema":{"@context":"https:\/\/schema.org","@graph":[{"@type":"Article","@id":"https:\/\/interamerica.org\/fr\/2025\/06\/vivre-le-message-une-bouchee-a-la-fois\/#article","isPartOf":{"@id":"https:\/\/interamerica.org\/fr\/2025\/06\/vivre-le-message-une-bouchee-a-la-fois\/"},"author":{"name":"libna","@id":"https:\/\/interamerica.org\/fr\/#\/schema\/person\/29998f2bc2d8bd0d38662909289b54f1"},"headline":"Vivre le message, une bouch\u00e9e \u00e0 la fois","datePublished":"2025-06-20T13:56:10+00:00","dateModified":"2025-06-21T02:36:33+00:00","mainEntityOfPage":{"@id":"https:\/\/interamerica.org\/fr\/2025\/06\/vivre-le-message-une-bouchee-a-la-fois\/"},"wordCount":590,"image":{"@id":"https:\/\/interamerica.org\/fr\/2025\/06\/vivre-le-message-une-bouchee-a-la-fois\/#primaryimage"},"thumbnailUrl":"https:\/\/interamerica.org\/wp-content\/uploads\/2025\/06\/brooke-lark-08boynh-r-e-unsplash.jpg","articleSection":["Nouvelles de l'\u00c9glise mondiale","RSS Fran\u00e7ais"],"inLanguage":"fr-FR"},{"@type":"WebPage","@id":"https:\/\/interamerica.org\/fr\/2025\/06\/vivre-le-message-une-bouchee-a-la-fois\/","url":"https:\/\/interamerica.org\/fr\/2025\/06\/vivre-le-message-une-bouchee-a-la-fois\/","name":"Vivre le message, une bouch\u00e9e \u00e0 la fois - \u00c9glise Adventiste Du Septieme Jour - Inter Am\u00e9rique Division","isPartOf":{"@id":"https:\/\/interamerica.org\/fr\/#website"},"primaryImageOfPage":{"@id":"https:\/\/interamerica.org\/fr\/2025\/06\/vivre-le-message-une-bouchee-a-la-fois\/#primaryimage"},"image":{"@id":"https:\/\/interamerica.org\/fr\/2025\/06\/vivre-le-message-une-bouchee-a-la-fois\/#primaryimage"},"thumbnailUrl":"https:\/\/interamerica.org\/wp-content\/uploads\/2025\/06\/brooke-lark-08boynh-r-e-unsplash.jpg","datePublished":"2025-06-20T13:56:10+00:00","dateModified":"2025-06-21T02:36:33+00:00","author":{"@id":"https:\/\/interamerica.org\/fr\/#\/schema\/person\/29998f2bc2d8bd0d38662909289b54f1"},"breadcrumb":{"@id":"https:\/\/interamerica.org\/fr\/2025\/06\/vivre-le-message-une-bouchee-a-la-fois\/#breadcrumb"},"inLanguage":"fr-FR","potentialAction":[{"@type":"ReadAction","target":["https:\/\/interamerica.org\/fr\/2025\/06\/vivre-le-message-une-bouchee-a-la-fois\/"]}]},{"@type":"ImageObject","inLanguage":"fr-FR","@id":"https:\/\/interamerica.org\/fr\/2025\/06\/vivre-le-message-une-bouchee-a-la-fois\/#primaryimage","url":"https:\/\/interamerica.org\/wp-content\/uploads\/2025\/06\/brooke-lark-08boynh-r-e-unsplash.jpg","contentUrl":"https:\/\/interamerica.org\/wp-content\/uploads\/2025\/06\/brooke-lark-08boynh-r-e-unsplash.jpg","width":1280,"height":800,"caption":"[Photo: Brooke Lark \/ Unsplash]"},{"@type":"BreadcrumbList","@id":"https:\/\/interamerica.org\/fr\/2025\/06\/vivre-le-message-une-bouchee-a-la-fois\/#breadcrumb","itemListElement":[{"@type":"ListItem","position":1,"name":"Home","item":"https:\/\/interamerica.org\/fr\/"},{"@type":"ListItem","position":2,"name":"Vivre le message, une bouch\u00e9e \u00e0 la fois"}]},{"@type":"WebSite","@id":"https:\/\/interamerica.org\/fr\/#website","url":"https:\/\/interamerica.org\/fr\/","name":"\u00c9glise Adventiste Du Septieme Jour - Inter Am\u00e9rique Division","description":"","potentialAction":[{"@type":"SearchAction","target":{"@type":"EntryPoint","urlTemplate":"https:\/\/interamerica.org\/fr\/?s={search_term_string}"},"query-input":{"@type":"PropertyValueSpecification","valueRequired":true,"valueName":"search_term_string"}}],"inLanguage":"fr-FR"},{"@type":"Person","@id":"https:\/\/interamerica.org\/fr\/#\/schema\/person\/29998f2bc2d8bd0d38662909289b54f1","name":"libna","image":{"@type":"ImageObject","inLanguage":"fr-FR","@id":"https:\/\/secure.gravatar.com\/avatar\/7c5bd30ae4b47a9ba3c856590957fd1d96dc588bf3ac05719d247e126840331f?s=96&d=mm&r=g","url":"https:\/\/secure.gravatar.com\/avatar\/7c5bd30ae4b47a9ba3c856590957fd1d96dc588bf3ac05719d247e126840331f?s=96&d=mm&r=g","contentUrl":"https:\/\/secure.gravatar.com\/avatar\/7c5bd30ae4b47a9ba3c856590957fd1d96dc588bf3ac05719d247e126840331f?s=96&d=mm&r=g","caption":"libna"}}]}},"_links":{"self":[{"href":"https:\/\/interamerica.org\/fr\/wp-json\/wp\/v2\/posts\/129509","targetHints":{"allow":["GET"]}}],"collection":[{"href":"https:\/\/interamerica.org\/fr\/wp-json\/wp\/v2\/posts"}],"about":[{"href":"https:\/\/interamerica.org\/fr\/wp-json\/wp\/v2\/types\/post"}],"author":[{"embeddable":true,"href":"https:\/\/interamerica.org\/fr\/wp-json\/wp\/v2\/users\/3"}],"replies":[{"embeddable":true,"href":"https:\/\/interamerica.org\/fr\/wp-json\/wp\/v2\/comments?post=129509"}],"version-history":[{"count":0,"href":"https:\/\/interamerica.org\/fr\/wp-json\/wp\/v2\/posts\/129509\/revisions"}],"wp:featuredmedia":[{"embeddable":true,"href":"https:\/\/interamerica.org\/fr\/wp-json\/wp\/v2\/media\/129505"}],"wp:attachment":[{"href":"https:\/\/interamerica.org\/fr\/wp-json\/wp\/v2\/media?parent=129509"}],"wp:term":[{"taxonomy":"category","embeddable":true,"href":"https:\/\/interamerica.org\/fr\/wp-json\/wp\/v2\/categories?post=129509"},{"taxonomy":"post_tag","embeddable":true,"href":"https:\/\/interamerica.org\/fr\/wp-json\/wp\/v2\/tags?post=129509"}],"curies":[{"name":"wp","href":"https:\/\/api.w.org\/{rel}","templated":true}]}}