{"id":130646,"date":"2025-07-10T20:39:56","date_gmt":"2025-07-11T00:39:56","guid":{"rendered":"https:\/\/interamerica.org\/?p=130646"},"modified":"2025-07-12T12:30:38","modified_gmt":"2025-07-12T16:30:38","slug":"vivre-la-mission","status":"publish","type":"post","link":"https:\/\/interamerica.org\/fr\/2025\/07\/vivre-la-mission\/","title":{"rendered":"Vivre la Mission"},"content":{"rendered":"<p><em>Voici le rapport quinquennal du pr\u00e9sident de la Division Inter Am\u00e9ricaine pr\u00e9sent\u00e9 lors de la 62\u00e8me Session de la Conf\u00e9rence G\u00e9n\u00e9rale. Un reportage vid\u00e9o bas\u00e9 sur ce rapport a \u00e9t\u00e9 diffus\u00e9 lors de la s\u00e9ance du soir du 10 juillet.\u00a0<\/em><\/p>\n<p>10 Juillet 2025 | Miami, Floride, \u00c9tats-Unis | Elie Henry de la Division Inter Am\u00e9ricaine et Adventist Review<\/p>\n<p>Chaque fois que nous respirons, c\u2019est la preuve que notre Cr\u00e9ateur pourvoit pour que nous vivions. Et vivre, ce n\u2019est pas seulement respirer, mais c\u2019est faire l\u2019exp\u00e9rience de la communion fraternelle, appr\u00e9cier, se r\u00e9jouir, et \u00eatre reconnaissant.<\/p>\n<p>Vivre la Mission est un concept qui prend un sens bien plus large. Il ne s\u2019agit plus simplement d\u2019agir ou de ressentir, mais d\u2019int\u00e9grer la volont\u00e9 de Dieu dans notre vie quotidienne. Chaque strat\u00e9gie, chaque programme, chaque effort et initiative sur le territoire de la Division Inter Am\u00e9ricaine (DIA) prend davantage de sens lorsque la mission est v\u00e9cue.<\/p>\n<p><div id=\"attachment_128189\" style=\"width: 966px\" class=\"wp-caption aligncenter\"><img fetchpriority=\"high\" decoding=\"async\" aria-describedby=\"caption-attachment-128189\" class=\" wp-image-128188\" src=\"https:\/\/interamerica.org\/wp-content\/uploads\/2025\/05\/baut-chiap122b-2.jpg\" alt=\"\" width=\"956\" height=\"659\" srcset=\"https:\/\/interamerica.org\/wp-content\/uploads\/2025\/05\/baut-chiap122b-2.jpg 1000w, https:\/\/interamerica.org\/wp-content\/uploads\/2025\/05\/baut-chiap122b-2-300x207.jpg 300w, https:\/\/interamerica.org\/wp-content\/uploads\/2025\/05\/baut-chiap122b-2-768x529.jpg 768w\" sizes=\"(max-width: 956px) 100vw, 956px\" \/><p id=\"caption-attachment-128189\" class=\"wp-caption-text\">Des centaines de personnes ont \u00e9t\u00e9 baptis\u00e9es le 26 avril 2025 \u00e0 Tuxtla Guti\u00e9rrez, dans l\u2019\u00e9tat du Chiapas, dans le cadre des efforts d\u2019\u00e9vang\u00e9lisation qui ont permis d\u2019accueillir plus de 23000 nouveaux membres entre janvier et avril dans l\u2019Union Mexicaine du Chiapas. Toutes les 25 unions de la Division Inter Am\u00e9ricaine ont \u00e9galement particip\u00e9 \u00e0 une action d\u2019\u00e9vang\u00e9lisation sans pr\u00e9c\u00e9dent. [Photo : Daniel Gallardo\/DIA]<\/p><\/div><strong>R\u00e9pondre \u00e0 l\u2019appel <\/strong><\/p>\n<p>Nos membres d\u2019\u00e9glise, r\u00e9partis dans nos 25 unions, ayant r\u00e9pondu \u00e0 l\u2019appel \u00ab J\u2019irai, \u00bb vont des grands immeubles aux endroits les plus recul\u00e9s pour servir les autres avec amour. Ils sont d\u00e9termin\u00e9s \u00e0 enseigner et \u00e0 proclamer la bonne nouvelle du salut, s\u2019effor\u00e7ant toujours de refl\u00e9ter le caract\u00e8re du Christ et de concr\u00e9tiser la promesse de Jo\u00ebl 2:28 : \u00ab Apr\u00e8s cela, je r\u00e9pandrai mon Esprit sur toute chair. Vos fils et vos filles proph\u00e9tiseront. \u00bb (LSG).<\/p>\n<p>Alors que nous vivons la mission dans le magnifique territoire de l\u2019Inter Am\u00e9rique, nous voyons comment le Seigneur a b\u00e9ni son \u00c9glise. Aujourd\u2019hui, nous louons Son nom pour la croissance, pas seulement en termes de chiffres, mais aussi en termes de vies transform\u00e9es.<\/p>\n<p>La DIA compte actuellement 157 champs locaux compos\u00e9s de plus de 25000 \u00e9glises et groupes, et a un effectif de 3,7 millions de membres. Cette croissance est le fruit du travail conjoint des pasteurs, des la\u00efcs et de ceux qui travaillent dans les institutions et dans les autres minist\u00e8res alors qu\u2019ils r\u00e9pondent avec passion \u00e0 l\u2019appel de Dieu.<\/p>\n<p><div id=\"attachment_130610\" style=\"width: 637px\" class=\"wp-caption aligncenter\"><img decoding=\"async\" aria-describedby=\"caption-attachment-130610\" class=\" wp-image-130609\" src=\"https:\/\/interamerica.org\/wp-content\/uploads\/2025\/07\/logo-living-orange-1.png\" alt=\"\" width=\"627\" height=\"620\" \/><p id=\"caption-attachment-130610\" class=\"wp-caption-text\">[Image: Division Inter Am\u00e9ricaine]<\/p><\/div><strong>Un esprit de g\u00e9n\u00e9rosit\u00e9 <\/strong><\/p>\n<p>La situation mondiale actuelle, marqu\u00e9e par des tensions politiques et \u00e9conomiques, n\u2019a pas entam\u00e9 la fid\u00e9lit\u00e9 de nos fr\u00e8res et s\u0153urs en Inter Am\u00e9rique. A travers eux, Dieu accomplit chaque semaine un miracle de g\u00e9n\u00e9rosit\u00e9 qui permet \u00e0 l\u2019\u00c9glise de devenir un puissant instrument afin d\u2019\u00eatre une b\u00e9n\u00e9diction pour le monde.<\/p>\n<p>Nous voyons l\u2019amour et l\u2019engagement avec lesquels les membres d\u2019\u00e9glise expriment leur confiance totale en ce Dieu qui pourvoit, en retournant leurs d\u00eemes et leurs offrandes. C\u2019est la d\u00e9monstration tangible d\u2019une communaut\u00e9 de foi qui non seulement proclame le message, mais vit activement la mission.<\/p>\n<p>Depuis le nord de l\u2019Am\u00e9rique du Sud, dans des pays comme la Colombie, le Venezuela, le Guyana, le Suriname et la Guyane Fran\u00e7aise, jusqu\u2019en Am\u00e9rique Centrale, au Mexique et dans les magnifiques \u00eeles de la Cara\u00efbe, des hommes et des femmes ont r\u00e9pondu \u00e0 l\u2019appel \u00ab J\u2019irai, \u00bb vivant la mission avec un engagement et un amour profonds.<\/p>\n<p><div id=\"attachment_120428\" style=\"width: 880px\" class=\"wp-caption aligncenter\"><img decoding=\"async\" aria-describedby=\"caption-attachment-120428\" class=\" wp-image-120427\" src=\"https:\/\/interamerica.org\/wp-content\/uploads\/2024\/10\/allfamily-jamaica-header-1280-1024x640.jpg\" alt=\"\" width=\"870\" height=\"544\" srcset=\"https:\/\/interamerica.org\/wp-content\/uploads\/2024\/10\/allfamily-jamaica-header-1280-1024x640.jpg 1024w, https:\/\/interamerica.org\/wp-content\/uploads\/2024\/10\/allfamily-jamaica-header-1280-300x188.jpg 300w, https:\/\/interamerica.org\/wp-content\/uploads\/2024\/10\/allfamily-jamaica-header-1280-768x480.jpg 768w, https:\/\/interamerica.org\/wp-content\/uploads\/2024\/10\/allfamily-jamaica-header-1280.jpg 1280w\" sizes=\"(max-width: 870px) 100vw, 870px\" \/><p id=\"caption-attachment-120428\" class=\"wp-caption-text\">Les responsables de la louange d\u00e9butent la c\u00e9l\u00e9bration d\u2019\u00e9vang\u00e9lisation \u00ab Toute la Famille en Mission \u00bb \u00e0 l\u2019\u00e9glise adventiste du septi\u00e8me jour de Portmore, \u00e0 Sainte-Catherine, en Jama\u00efque, le 28 septembre 2024. Le programme, diffus\u00e9 en direct et dirig\u00e9 par la Division Inter Am\u00e9ricaine, a \u00e9t\u00e9 l\u2019occasion de voir des centaines de bapt\u00eames en Jama\u00efque et ailleurs sur le territoire jusqu\u2019\u00e0 pr\u00e9sent cette ann\u00e9e, gr\u00e2ce aux efforts d\u00e9vou\u00e9s des membres d\u2019\u00e9glise qui ont proclam\u00e9 l\u2019\u00e9vangile dans leurs communaut\u00e9s. [Photo : Libna Stevens\/DIA]<\/p><\/div><strong>Toute la Famille en Mission <\/strong><\/p>\n<p>Cet engagement a \u00e9t\u00e9 clairement d\u00e9montr\u00e9, car de plus en plus de membres et de familles dans l\u2019\u00e9glise ont pris part \u00e0 l\u2019\u00e9vang\u00e9lisation personnelle et publique \u00e0 tous les niveaux de l\u2019\u00c9glise. Tous les d\u00e9partements et les minist\u00e8res se sont unis dans le cadre de l\u2019initiative \u00ab Toute la Famille en Mission, \u00bb travaillant ensemble pour proclamer l\u2019\u00e9vangile et impliquer les autres dans la mission.<\/p>\n<p>Gr\u00e2ce \u00e0 l\u2019importante implication dans ce mouvement, plus d\u2019un million de la\u00efcs ont servi en enseignant la Bible, plus de 250000 familles ont t\u00e9moign\u00e9 aupr\u00e8s d\u2019au moins une autre famille et 100000 petits groupes se sont engag\u00e9s dans des actions d\u2019\u00e9vang\u00e9lisation. Des milliers d\u2019autres ont particip\u00e9 \u00e0 des projets communautaires, \u00e0 l\u2019implantation d\u2019\u00e9glises et ont soutenu des efforts dans le minist\u00e8re de la sant\u00e9.<\/p>\n<p>Ces initiatives, men\u00e9es au cours des deux derni\u00e8res ann\u00e9es, ont abouti \u00e0 d\u2019importantes campagnes de moisson, et \u00e0 des c\u00e9r\u00e9monies de bapt\u00eame coordonn\u00e9es \u00e0 l\u2019\u00e9chelle du territoire. Plus de 800000 nouveaux membres se sont joints \u00e0 l\u2019\u00c9glise adventiste du septi\u00e8me jour dans la DIA au cours de la p\u00e9riode 2020-2025.<\/p>\n<p>Depuis sa cr\u00e9ation en 1922, la Division Inter Am\u00e9ricaine est anim\u00e9e par un objectif clair : voir les membres d\u2019\u00e9glise vivre activement la mission que Dieu nous a confi\u00e9e. Cet appel est ancr\u00e9 dans le tissu m\u00eame de notre identit\u00e9, comme l\u2019air que nous respirons dans les 42 pays qui forment notre mosa\u00efque culturelle dynamique, en pleine expansion et profond\u00e9ment connect\u00e9e. Ce qui nous unit, c\u2019est un appel collectif : partager l\u2019amour de J\u00e9sus et l\u2019esp\u00e9rance en son prochain retour.<\/p>\n<p><div id=\"attachment_129763\" style=\"width: 859px\" class=\"wp-caption aligncenter\"><img loading=\"lazy\" decoding=\"async\" aria-describedby=\"caption-attachment-129763\" class=\" wp-image-129762\" src=\"https:\/\/interamerica.org\/wp-content\/uploads\/2025\/07\/misael-artuanduaga-preaching-socu-2025.jpg\" alt=\"\" width=\"849\" height=\"583\" srcset=\"https:\/\/interamerica.org\/wp-content\/uploads\/2025\/07\/misael-artuanduaga-preaching-socu-2025.jpg 900w, https:\/\/interamerica.org\/wp-content\/uploads\/2025\/07\/misael-artuanduaga-preaching-socu-2025-300x206.jpg 300w, https:\/\/interamerica.org\/wp-content\/uploads\/2025\/07\/misael-artuanduaga-preaching-socu-2025-768x527.jpg 768w\" sizes=\"(max-width: 849px) 100vw, 849px\" \/><p id=\"caption-attachment-129763\" class=\"wp-caption-text\">Les croyants se rassemblent dans une \u00e9glise adventiste du septi\u00e8me jour en bois, tandis que Misael Artunduaga dirige une \u00e9tude biblique. [Photo : Libna Stevens\/DIA]<\/p><\/div><strong>Atteindre les zones recul\u00e9es<\/strong><\/p>\n<p>Dans les r\u00e9gions les plus recul\u00e9es de notre territoire, comme les plaines orientales du sud de la Colombie, o\u00f9 des chemins de terre m\u00e8nent \u00e0 des dizaines de communaut\u00e9s autochtones, Misael Artunduaga, instructeur biblique la\u00efc, vit la mission en les \u00e9coutant, en \u00e9tablissant le contact et en nouant des amiti\u00e9s avec elles. Misael Artunduaga a rencontr\u00e9 le chef de l\u2019une des communaut\u00e9s indig\u00e8nes et lui a offert une Bible, ce qui a rapidement d\u00e9bouch\u00e9 sur l\u2019\u00e9tude de la Parole de Dieu.<\/p>\n<p>Il parcourt \u00e0 moto deux, trois, et parfois treize heures de route pour se rendre dans les nombreuses communaut\u00e9s recul\u00e9es o\u00f9 il noue des liens sociaux avec les habitants et s\u2019int\u00e8gre \u00e0 leur culture, allant \u00e0 la p\u00eache avec eux, plantant du manioc dans leurs petits jardins et leur parlant de J\u00e9sus tout en vivant au sein de leurs communaut\u00e9s pendant des semaines. Misael consid\u00e8re son travail aupr\u00e8s des communaut\u00e9s autochtones comme l\u2019une des exp\u00e9riences les plus significatives et les plus enrichissantes de sa vie. Pour lui, vivre la mission signifie s\u2019impliquer aupr\u00e8s de ces fr\u00e8res indig\u00e8nes, passer du temps avec eux et les pr\u00e9parer pour la seconde venue de J\u00e9sus.<\/p>\n<p>Gr\u00e2ce \u00e0 l\u2019initiative de Misael, l\u2019\u00e9vangile a atteint 11 des 67 communaut\u00e9s autochtones de la r\u00e9gion, et pr\u00e8s de 700 personnes y ont \u00e9t\u00e9 baptis\u00e9es. L\u2019\u00c9glise a maintenant nomm\u00e9 un pasteur local pour aider \u00e0 exercer un minist\u00e8re aupr\u00e8s des nouvelles congr\u00e9gations form\u00e9es dans la r\u00e9gion.<\/p>\n<p><div id=\"attachment_129779\" style=\"width: 1010px\" class=\"wp-caption aligncenter\"><img loading=\"lazy\" decoding=\"async\" aria-describedby=\"caption-attachment-129779\" class=\"size-full wp-image-129778\" src=\"https:\/\/interamerica.org\/wp-content\/uploads\/2025\/07\/misael-colombia-ethnic-group.jpg\" alt=\"\" width=\"1000\" height=\"696\" srcset=\"https:\/\/interamerica.org\/wp-content\/uploads\/2025\/07\/misael-colombia-ethnic-group.jpg 1000w, https:\/\/interamerica.org\/wp-content\/uploads\/2025\/07\/misael-colombia-ethnic-group-300x209.jpg 300w, https:\/\/interamerica.org\/wp-content\/uploads\/2025\/07\/misael-colombia-ethnic-group-768x535.jpg 768w\" sizes=\"(max-width: 1000px) 100vw, 1000px\" \/><p id=\"caption-attachment-129779\" class=\"wp-caption-text\">Misael Artunduaga, ouvrier biblique la\u00efc, avec l\u2019une des 11 communaut\u00e9s ethniques des plaines orientales du sud de la Colombie, o\u00f9 il exerce son minist\u00e8re d\u2019\u00e9vang\u00e9lisation depuis six ans. [Photo : Libna Stevens\/DIA]<\/p><\/div><strong>Un appel clair<\/strong><\/p>\n<p>Roger Alleyne, \u00e9vang\u00e9liste la\u00efc n\u00e9 et \u00e9lev\u00e9 sur l\u2019\u00eele de Tobago, a trouv\u00e9 un but clair en vivant la mission en tant que jeune apr\u00e8s avoir connu la joie d\u2019une vie transform\u00e9e en Christ. Il a abandonn\u00e9 ses mauvaises voies apr\u00e8s avoir \u00e9cout\u00e9 sa grand-m\u00e8re, qui l\u2019a \u00e9lev\u00e9, l\u2019encourager \u00e0 aller \u00e0 l\u2019\u00e9glise, n\u2019importe quelle \u00e9glise. Roger a trouv\u00e9 une \u00e9glise adventiste du septi\u00e8me jour et c\u2019est l\u00e0 qu\u2019il a compris la seconde venue du Christ et qu\u2019il a ressenti un profond besoin de s\u2019engager dans la proclamation de cette bonne nouvelle aupr\u00e8s de tous ceux qui l\u2019entouraient.<\/p>\n<p>R\u00e9alisant qu\u2019il avait re\u00e7u un appel clair de Dieu et d\u00e9sireux d\u2019\u00eatre mieux pr\u00e9par\u00e9 en tant qu\u2019\u00e9vang\u00e9liste la\u00efc, Roger a d\u00e9cid\u00e9 d\u2019\u00e9tudier la th\u00e9ologie tout en continuant \u00e0 travailler comme technicien dans une entreprise d\u2019\u00e9lectricit\u00e9. Alors qu\u2019il visite des foyers dans le cadre de son travail, il rencontre des personnes qui cherchent la v\u00e9rit\u00e9, qui cherchent des choses qui apporteront une satisfaction \u00e0 leurs c\u0153urs.<\/p>\n<p>Roger saisit toutes les opportunit\u00e9s de partager l\u2019espoir. Gr\u00e2ce \u00e0 son amour pour le Christ, il a tenu des dizaines de campagnes d\u2019\u00e9vang\u00e9lisation dans la Cara\u00efbe et dans d\u2019autres parties de la DIA, ce qui a amen\u00e9 plus de 600 personnes \u00e0 donner leur vie \u00e0 J\u00e9sus.<\/p>\n<p><div id=\"attachment_129791\" style=\"width: 938px\" class=\"wp-caption aligncenter\"><img loading=\"lazy\" decoding=\"async\" aria-describedby=\"caption-attachment-129791\" class=\" wp-image-129790\" src=\"https:\/\/interamerica.org\/wp-content\/uploads\/2025\/06\/roger-alleyne-goodnewssda-mar2025.jpg\" alt=\"\" width=\"928\" height=\"696\" srcset=\"https:\/\/interamerica.org\/wp-content\/uploads\/2025\/06\/roger-alleyne-goodnewssda-mar2025.jpg 950w, https:\/\/interamerica.org\/wp-content\/uploads\/2025\/06\/roger-alleyne-goodnewssda-mar2025-300x225.jpg 300w, https:\/\/interamerica.org\/wp-content\/uploads\/2025\/06\/roger-alleyne-goodnewssda-mar2025-768x576.jpg 768w\" sizes=\"(max-width: 928px) 100vw, 928px\" \/><p id=\"caption-attachment-129791\" class=\"wp-caption-text\">L\u2019\u00e9vang\u00e9liste la\u00efc Roger Alleyne lance un appel \u00e0 la fin d\u2019une r\u00e9union lors d\u2019une campagne d\u2019\u00e9vang\u00e9lisation \u00e0 l\u2019\u00e9glise adventiste du septi\u00e8me jour Good News \u00e0 Scarborough, \u00e0 Tobago, le 15 mars 2025. [Photo : Libna Stevens\/DIA]<\/p><\/div><strong>D\u00e9veloppement des \u00e9glises missionnelles urbaines <\/strong><\/p>\n<p>De l\u2019autre c\u00f4t\u00e9 de la Mer des Cara\u00efbes, dans la ville de Panama, au Panama, se trouve Jonathan Pacheco qui est radiologue et qui a grandi dans l\u2019\u00c9glise adventiste, mais l\u2019a quitt\u00e9e pendant un certain temps. Quelque temps plus tard, lui et sa famille ont commenc\u00e9 \u00e0 fr\u00e9quenter l\u2019\u00e9glise de fa\u00e7on sporadique et ont travers\u00e9 une douloureuse crise conjugale pendant cette p\u00e9riode.<\/p>\n<p>Tout a chang\u00e9 lorsqu\u2019un ami les a invit\u00e9s \u00e0 une nouvelle \u00e9glise missionnelle urbaine appel\u00e9e Conexi\u00f3n 7. Sa femme et lui ont ressenti la chaleur des membres et ont aim\u00e9 la vision qui veut que l\u2019\u00e9vangile soit pr\u00e9sent\u00e9 d\u2019une mani\u00e8re diff\u00e9rente et innovante, et ont d\u00e9cid\u00e9 d\u2019en faire partie.<\/p>\n<p>Peu de temps apr\u00e8s, Jonathan et sa famille ont transform\u00e9 leur maison en un espace de formation de disciples o\u00f9 la mission se vit \u00e0 travers des conversations, des rires, des activit\u00e9s sociales, des \u00e9tudes bibliques et beaucoup de pri\u00e8re.<\/p>\n<p><div id=\"attachment_129818\" style=\"width: 929px\" class=\"wp-caption aligncenter\"><img loading=\"lazy\" decoding=\"async\" aria-describedby=\"caption-attachment-129818\" class=\" wp-image-129817\" src=\"https:\/\/interamerica.org\/wp-content\/uploads\/2025\/06\/jonathan-pacheco-conexion7-study.jpg\" alt=\"\" width=\"919\" height=\"585\" srcset=\"https:\/\/interamerica.org\/wp-content\/uploads\/2025\/06\/jonathan-pacheco-conexion7-study.jpg 1000w, https:\/\/interamerica.org\/wp-content\/uploads\/2025\/06\/jonathan-pacheco-conexion7-study-300x191.jpg 300w, https:\/\/interamerica.org\/wp-content\/uploads\/2025\/06\/jonathan-pacheco-conexion7-study-768x489.jpg 768w\" sizes=\"(max-width: 919px) 100vw, 919px\" \/><p id=\"caption-attachment-129818\" class=\"wp-caption-text\">Jonathan Pacheco dirige une \u00e9tude biblique \u00e0 l\u2019\u00e9glise missionnelle urbaine Conexi\u00f3n 7 dans la ville de Panama, au Panama, le 22 mars 2025. [Photo : Libna Stevens\/DIA]<\/p><\/div>Aujourd\u2019hui, la famille Pacheco participe activement \u00e0 la mission, partageant l\u2019\u00e9vangile avec des professionnels, des voisins et des amis au sein de leur petit groupe. Plusieurs personnes ont d\u00e9j\u00e0 \u00e9t\u00e9 baptis\u00e9es, et le groupe s\u2019est agrandi pour devenir une deuxi\u00e8me \u00e9glise missionnelle urbaine au Panama cette ann\u00e9e.<\/p>\n<p>Pour Jonathan et sa famille, vivre la mission signifie que d\u2019autres peuvent, \u00e0 travers lui et sa famille, d\u00e9couvrir ce qu\u2019est l\u2019amour de Dieu.<\/p>\n<p><strong>Aider les communaut\u00e9s vuln\u00e9rables<\/strong><\/p>\n<p>Dans la ville de Tapachula, dans l\u2019\u00e9tat du Chiapas, au Mexique, o\u00f9 transitent des milliers de migrants confront\u00e9s \u00e0 l\u2019incertitude, au danger et \u00e0 la douleur, Tanya L\u00f3pez, jeune m\u00e9decin, partage compassion et service dans le cadre d\u2019un projet d\u2019ADRA Mexique depuis trois ans. Son parcours qui l\u2019a amen\u00e9e \u00e0 vivre la mission a commenc\u00e9 apr\u00e8s qu\u2019un coll\u00e8gue m\u00e9decin l\u2019ait invit\u00e9e \u00e0 rejoindre un petit groupe de jeunes dans sa ville, \u00e0 Guadalajara, dans le nord du Mexique.<\/p>\n<p><div id=\"attachment_129815\" style=\"width: 949px\" class=\"wp-caption aligncenter\"><img loading=\"lazy\" decoding=\"async\" aria-describedby=\"caption-attachment-129815\" class=\" wp-image-129814\" src=\"https:\/\/interamerica.org\/wp-content\/uploads\/2025\/06\/jonathan-pachecho-home-group-meetng.jpg\" alt=\"\" width=\"939\" height=\"614\" srcset=\"https:\/\/interamerica.org\/wp-content\/uploads\/2025\/06\/jonathan-pachecho-home-group-meetng.jpg 1000w, https:\/\/interamerica.org\/wp-content\/uploads\/2025\/06\/jonathan-pachecho-home-group-meetng-300x196.jpg 300w, https:\/\/interamerica.org\/wp-content\/uploads\/2025\/06\/jonathan-pachecho-home-group-meetng-768x502.jpg 768w\" sizes=\"(max-width: 939px) 100vw, 939px\" \/><p id=\"caption-attachment-129815\" class=\"wp-caption-text\">Le petit groupe est r\u00e9uni le 21 mars dans le jardin de la maison de Jonathan et de Tatiana Pacheco pour partager, \u00e9tudier la Bible et prier, dans le cadre de leur action missionnaire urbaine dans la ville de Panama. [Photo : \u00c9quipe de communication de la DIA]<\/p><\/div>Catholique fervente, elle a \u00e9t\u00e9 impressionn\u00e9e par la gentillesse et la paix qui r\u00e9gnaient au sein du petit groupe. Peu de temps apr\u00e8s, elle a commenc\u00e9 \u00e0 participer aux projets missionnaires de l\u2019\u00c9glise adventiste en menant une action dans les communaut\u00e9s n\u00e9cessiteuses \u00e0 travers des r\u00e9cits bibliques, des chants interpr\u00e9t\u00e9s pour les enfants et des services m\u00e9dicaux gratuits propos\u00e9s par des b\u00e9n\u00e9voles d\u2019ADRA. Rapidement, elle a commenc\u00e9 \u00e0 participer aux brigades m\u00e9dicales d\u2019ADRA, o\u00f9 elle a servi en tant que m\u00e9decin. L\u2019accueil chaleureux des jeunes et l\u2019exemple donn\u00e9 \u00e0 travers leur engagement dans la mission ont consolid\u00e9 la foi naissante de Tanya et ont \u00e9veill\u00e9 deux r\u00eaves d\u2019enfance : travailler avec les enfants et servir les communaut\u00e9s vuln\u00e9rables.<\/p>\n<p>C\u2019est l\u00e0, engag\u00e9e dans le service, qu\u2019elle s\u2019est non seulement impliqu\u00e9e dans l\u2019\u0153uvre par le biais d\u2019ADRA, mais qu\u2019elle a aussi donn\u00e9 sa vie \u00e0 J\u00e9sus. Tanya a vu arriver des familles : des enfants, des adolescents voyageant seuls, des femmes enceintes, des femmes victimes de maltraitance pendant leur voyage, simplement parce qu\u2019elles \u00e9taient migrantes.<\/p>\n<p><div id=\"attachment_129941\" style=\"width: 929px\" class=\"wp-caption aligncenter\"><img loading=\"lazy\" decoding=\"async\" aria-describedby=\"caption-attachment-129941\" class=\" wp-image-129940\" src=\"https:\/\/interamerica.org\/wp-content\/uploads\/2025\/07\/tanya-lopez-consultation.png\" alt=\"\" width=\"919\" height=\"562\" srcset=\"https:\/\/interamerica.org\/wp-content\/uploads\/2025\/07\/tanya-lopez-consultation.png 1000w, https:\/\/interamerica.org\/wp-content\/uploads\/2025\/07\/tanya-lopez-consultation-300x183.png 300w, https:\/\/interamerica.org\/wp-content\/uploads\/2025\/07\/tanya-lopez-consultation-768x469.png 768w\" sizes=\"(max-width: 919px) 100vw, 919px\" \/><p id=\"caption-attachment-129941\" class=\"wp-caption-text\">Dr Tanya L\u00f3pez sourit en \u00e9changeant avec un enfant lors d\u2019une consultation m\u00e9dicale dans une clinique ADRA \u00e0 Tapachula, au Mexique, t\u00e9moignant de son engagement \u00e0 s\u2019occuper des familles migrantes. [Photo : Communication DIA]<\/p><\/div>Certains cas lui font monter les larmes aux yeux, mais elle se souvient de ce que J\u00e9sus a fait pour les gens, peu importe d\u2019o\u00f9 ils venaient ou ce qu\u2019ils avaient fait. Elle sait que Dieu a trac\u00e9 son chemin pour qu\u2019elle partage compassion et amour \u00e0 chaque rencontre, avec chaque patient dont elle s\u2019occupe.<\/p>\n<p>Pour Tanya, vivre la mission signifie r\u00e9pondre \u00e0 l\u2019appel de J\u00e9sus \u00e0 servir les autres et vivre avec amour et engagement. Lorsque de jeunes professionnels comme Tanya associent leur vocation \u00e0 un appel spirituel, la mission reste vivante.<\/p>\n<p>Chacune de ces histoires n\u2019est qu\u2019un aper\u00e7u de ce que font les membres de la grande arm\u00e9e de Dieu en Inter Am\u00e9rique, s\u2019engageant profond\u00e9ment et \u00e9tant utilis\u00e9s comme de pr\u00e9cieux instruments entre les mains du Seigneur.<\/p>\n<p><div id=\"attachment_129944\" style=\"width: 953px\" class=\"wp-caption aligncenter\"><img loading=\"lazy\" decoding=\"async\" aria-describedby=\"caption-attachment-129944\" class=\" wp-image-129943\" src=\"https:\/\/interamerica.org\/wp-content\/uploads\/2025\/07\/tanya-lopez-kid-playing.png\" alt=\"\" width=\"943\" height=\"531\" srcset=\"https:\/\/interamerica.org\/wp-content\/uploads\/2025\/07\/tanya-lopez-kid-playing.png 1000w, https:\/\/interamerica.org\/wp-content\/uploads\/2025\/07\/tanya-lopez-kid-playing-300x169.png 300w, https:\/\/interamerica.org\/wp-content\/uploads\/2025\/07\/tanya-lopez-kid-playing-768x432.png 768w\" sizes=\"(max-width: 943px) 100vw, 943px\" \/><p id=\"caption-attachment-129944\" class=\"wp-caption-text\">Dr Tanya L\u00f3pez partage un moment de jeu avec un jeune enfant lors d\u2019une consultation m\u00e9dicale \u00e0 Tapachula, au Mexique. [Photo : Communication DIA]<\/p><\/div><strong>Un engagement sans faille<\/strong><\/p>\n<p>C\u2019est la passion de nos membres alors qu\u2019ils vivent la mission : remplis d\u2019espoir et engag\u00e9s de tout c\u0153ur.<\/p>\n<p>Il y a des familles et des individus dont la foi active les pousse \u00e0 s\u2019impliquer avec innovation et cr\u00e9ativit\u00e9, en utilisant tous les moyens \u00e0 leur disposition. Ils soutiennent des institutions telles que des maisons d\u2019\u00e9dition, des h\u00f4pitaux, des usines d\u2019aliments di\u00e9t\u00e9tiques, le syst\u00e8me \u00e9ducatif, la radio, la t\u00e9l\u00e9vision et l\u2019\u00e9vang\u00e9lisation num\u00e9rique, touchant ainsi chaque jour davantage de personnes.<\/p>\n<p>Des centaines de cyclistes adventistes en Colombie qui \u00e9changent avec leurs compagnons de route et les membres de la communaut\u00e9 \u00e0 travers l\u2019initiative \u00ab Je Veux Vivre en Bonne Sant\u00e9 \u00bb en passant par les nombreux membres d\u2019\u00e9glise \u00e0 travers le Mexique qui participent \u00e0 des marches et des courses de 5 km, le mouvement pour une vie plus saine se renforce chaque jour davantage. Cette m\u00eame passion anime un r\u00e9seau d\u2019usines d\u2019aliments di\u00e9t\u00e9tiques produisant des centaines de produits alimentaires sains dans toute la Division Inter Am\u00e9ricaine.<\/p>\n<p><div id=\"attachment_130615\" style=\"width: 967px\" class=\"wp-caption aligncenter\"><img loading=\"lazy\" decoding=\"async\" aria-describedby=\"caption-attachment-130615\" class=\" wp-image-130614\" src=\"https:\/\/interamerica.org\/wp-content\/uploads\/2025\/07\/cyclists-south-colombia-1024x640.jpg\" alt=\"\" width=\"957\" height=\"598\" srcset=\"https:\/\/interamerica.org\/wp-content\/uploads\/2025\/07\/cyclists-south-colombia-1024x640.jpg 1024w, https:\/\/interamerica.org\/wp-content\/uploads\/2025\/07\/cyclists-south-colombia-300x188.jpg 300w, https:\/\/interamerica.org\/wp-content\/uploads\/2025\/07\/cyclists-south-colombia-768x480.jpg 768w, https:\/\/interamerica.org\/wp-content\/uploads\/2025\/07\/cyclists-south-colombia.jpg 1280w\" sizes=\"(max-width: 957px) 100vw, 957px\" \/><p id=\"caption-attachment-130615\" class=\"wp-caption-text\">Une \u00e9quipe de cyclistes adventistes a sillonn\u00e9 la Colombie du 11 au 15 octobre 2023, parcourant 420 km dans le cadre de l\u2019initiative \u00ab Espoir sur Roues, \u00bb distribuant des livres, de l\u2019eau et des encouragements. [Photo : Union du Sud de la Colombie]<\/p><\/div>La mission continue de prosp\u00e9rer gr\u00e2ce \u00e0 des dizaines d\u2019\u00e9glises missionnelles urbaines dynamiques, \u00e0 des centres d\u2019influence au service de divers groupes de populations, \u00e0 plus de 900 \u00e9coles primaires et secondaires, 14 universit\u00e9s et 12 h\u00f4pitaux. Elle touche \u00e9galement les c\u0153urs gr\u00e2ce \u00e0 des dizaines de stations de radio et au r\u00e9seau de t\u00e9l\u00e9vision Hope Channel Inter Am\u00e9rique, ainsi qu\u2019\u00e0 ses 19 centres audiovisuels r\u00e9partis sur le territoire &#8211; tous travaillant ensemble pour insuffler l\u2019espoir de l\u2019\u00e9vangile et inviter les autres \u00e0 prendre part \u00e0 l\u2019initiative Vivre la Mission.<\/p>\n<p>Afin de renforcer encore plus cet effort missionnaire en cours, la Division Inter Am\u00e9ricaine et ses 25 unions se sont engag\u00e9es \u00e0 soutenir l\u2019initiative de l\u2019\u00c9glise, \u00ab Recentrage sur la Mission \u00bb au cours de ce triennat, en collaboration avec les dirigeants de huit divisions de l\u2019\u00c9glise mondiale. Des ressources ont \u00e9t\u00e9 consacr\u00e9es au soutien des ouvriers locaux dans l\u2019\u00e9vang\u00e9lisation, au parrainage de couples missionnaires, au financement d\u2019\u00e9quipes d\u2019implantation d\u2019\u00e9glises, \u00e0 la construction d\u2019\u00e9glises, \u00e0 la distribution de Bibles et de publications, au soutien des infrastructures scolaires, \u00e0 l\u2019octroi de bourses d\u2019\u00e9tudes et bien plus encore.<\/p>\n<p><div id=\"attachment_130620\" style=\"width: 984px\" class=\"wp-caption aligncenter\"><img loading=\"lazy\" decoding=\"async\" aria-describedby=\"caption-attachment-130620\" class=\" wp-image-130619\" src=\"https:\/\/interamerica.org\/wp-content\/uploads\/2025\/07\/mission-refocus-um2024-1024x682.jpg\" alt=\"\" width=\"974\" height=\"649\" srcset=\"https:\/\/interamerica.org\/wp-content\/uploads\/2025\/07\/mission-refocus-um2024-1024x682.jpg 1024w, https:\/\/interamerica.org\/wp-content\/uploads\/2025\/07\/mission-refocus-um2024-300x200.jpg 300w, https:\/\/interamerica.org\/wp-content\/uploads\/2025\/07\/mission-refocus-um2024-768x512.jpg 768w, https:\/\/interamerica.org\/wp-content\/uploads\/2025\/07\/mission-refocus-um2024-1536x1024.jpg 1536w, https:\/\/interamerica.org\/wp-content\/uploads\/2025\/07\/mission-refocus-um2024.jpg 2000w\" sizes=\"(max-width: 974px) 100vw, 974px\" \/><p id=\"caption-attachment-130620\" class=\"wp-caption-text\">Les administrateurs de la DIA expriment leur engagement \u00e0 financer les initiatives \u00ab Recentrage sur la Mission \u00bb dans le monde entier lors du Festival Recentrage sur la Mission qui a eu lieu \u00e0 l\u2019Universit\u00e9 de Montemorelos, au Mexique, le 9 novembre 2024, dans le cadre des Rencontres de Fin d\u2019Ann\u00e9e du Comit\u00e9 Ex\u00e9cutif. [Photo : Libna Stevens\/DIA]<\/p><\/div>Cette collaboration autour de la strat\u00e9gie de Recentrage sur la Mission a consolid\u00e9 l\u2019engagement de la DIA envers la mission, ce qui s\u2019est traduit par des efforts visant \u00e0 doubler le soutien financier \u00e0 la mission globale et aux initiatives d\u2019\u00e9vang\u00e9lisation au cours des cinq prochaines ann\u00e9es.<\/p>\n<p><strong>Prendre part \u00e0 la Grande Commission<\/strong><\/p>\n<p>La Division Inter Am\u00e9ricaine fait sienne l\u2019identit\u00e9 d\u00e9crite dans 1 Pierre 2:9 : peuple \u00e9lu, sacerdoce royal, nation sainte, peuple acquis, appel\u00e9e \u00e0 annoncer les vertus de Celui qui nous a appel\u00e9s des t\u00e9n\u00e8bres \u00e0 son admirable lumi\u00e8re. Cet appel divin fa\u00e7onne notre mission : refl\u00e9ter la gloire de Dieu, atteindre chaque recoin de notre territoire et conduire les autres \u00e0 la lumi\u00e8re du Christ par l\u2019\u00e9ducation, le service et l\u2019\u00e9vang\u00e9lisation.<\/p>\n<p>Le temps est court, et beaucoup n\u2019ont pas encore entendu parler de J\u00e9sus. Et il veut qu\u2019ils soient sauv\u00e9s ! Avec beaucoup d\u2019humilit\u00e9 et une profonde gratitude, nous lui offrons nos louanges pour nous avoir invit\u00e9s \u00e0 participer \u00e0 sa mission.<\/p>\n<p>Nous continuons \u00e0 pr\u00eacher l\u2019esp\u00e9rance, \u00e0 servir avec d\u00e9vouement et \u00e0 \u00e9duquer avec foi, en gardant les yeux fix\u00e9s sur la croix et nos c\u0153urs concentr\u00e9s sur la mission, jusqu\u2019au retour du Christ et jusqu\u2019\u00e0 ce que toute langue confesse que J\u00e9sus-Christ est Seigneur.<\/p>\n<p>Maranatha !<\/p>\n<p>Pour consulter le rapport quinquennal de la DIA pour la p\u00e9riode 2020-2025, rendez-vous :<\/p>\n<p><a href=\"https:\/\/www.youtube.com\/watch?v=arJ28HrOgxI\">ICI<\/a> pour la version en anglais<\/p>\n<p><a href=\"https:\/\/www.youtube.com\/watch?v=d7SRzQKbsV4\">ICI<\/a> pour la version en espagnol<\/p>\n<p><a href=\"https:\/\/www.youtube.com\/watch?v=3TgZjKqG_as\">ICI<\/a> pour la version en fran\u00e7ais<\/p>\n<p>Traduction: Patrick Luciathe<\/p>\n","protected":false},"excerpt":{"rendered":"<p>Voici le rapport quinquennal du pr\u00e9sident de la Division Inter Am\u00e9ricaine pr\u00e9sent\u00e9 lors de la 62\u00e8me Session de la Conf\u00e9rence G\u00e9n\u00e9rale. Un reportage vid\u00e9o bas\u00e9 sur ce rapport a \u00e9t\u00e9&#8230;<\/p>\n","protected":false},"author":3,"featured_media":130639,"comment_status":"closed","ping_status":"closed","sticky":false,"template":"","format":"standard","meta":{"_acf_changed":false,"footnotes":""},"categories":[20,19],"tags":[],"class_list":["post-130646","post","type-post","status-publish","format-standard","has-post-thumbnail","hentry","category-nouvelles-du-siege-de-la-division","category-rss-francais"],"acf":[],"yoast_head":"<!-- This site is optimized with the Yoast SEO plugin v27.3 - https:\/\/yoast.com\/product\/yoast-seo-wordpress\/ -->\n<title>Vivre la Mission - \u00c9glise Adventiste Du Septieme Jour - Inter Am\u00e9rique Division<\/title>\n<meta name=\"robots\" content=\"index, follow, max-snippet:-1, max-image-preview:large, max-video-preview:-1\" \/>\n<link rel=\"canonical\" href=\"https:\/\/interamerica.org\/fr\/2025\/07\/vivre-la-mission\/\" \/>\n<meta property=\"og:locale\" content=\"fr_FR\" \/>\n<meta property=\"og:type\" content=\"article\" \/>\n<meta property=\"og:title\" content=\"Vivre la Mission - \u00c9glise Adventiste Du Septieme Jour - Inter Am\u00e9rique Division\" \/>\n<meta property=\"og:description\" content=\"Voici le rapport quinquennal du pr\u00e9sident de la Division Inter Am\u00e9ricaine pr\u00e9sent\u00e9 lors de la 62\u00e8me Session de la Conf\u00e9rence G\u00e9n\u00e9rale. Un reportage vid\u00e9o bas\u00e9 sur ce rapport a \u00e9t\u00e9...\" \/>\n<meta property=\"og:url\" content=\"https:\/\/interamerica.org\/fr\/2025\/07\/vivre-la-mission\/\" \/>\n<meta property=\"og:site_name\" content=\"\u00c9glise Adventiste Du Septieme Jour - Inter Am\u00e9rique Division\" \/>\n<meta property=\"article:published_time\" content=\"2025-07-11T00:39:56+00:00\" \/>\n<meta property=\"article:modified_time\" content=\"2025-07-12T16:30:38+00:00\" \/>\n<meta property=\"og:image\" content=\"https:\/\/interamerica.org\/wp-content\/uploads\/2025\/07\/captura-de-pantalla-2025-07-10-a-las-53042pm-1024x563.png\" \/>\n\t<meta property=\"og:image:width\" content=\"1024\" \/>\n\t<meta property=\"og:image:height\" content=\"563\" \/>\n\t<meta property=\"og:image:type\" content=\"image\/png\" \/>\n<meta name=\"author\" content=\"libna\" \/>\n<meta name=\"twitter:card\" content=\"summary_large_image\" \/>\n<meta name=\"twitter:label1\" content=\"\u00c9crit par\" \/>\n\t<meta name=\"twitter:data1\" content=\"libna\" \/>\n\t<meta name=\"twitter:label2\" content=\"Dur\u00e9e de lecture estim\u00e9e\" \/>\n\t<meta name=\"twitter:data2\" content=\"16 minutes\" \/>\n<script type=\"application\/ld+json\" class=\"yoast-schema-graph\">{\"@context\":\"https:\\\/\\\/schema.org\",\"@graph\":[{\"@type\":\"Article\",\"@id\":\"https:\\\/\\\/interamerica.org\\\/fr\\\/2025\\\/07\\\/vivre-la-mission\\\/#article\",\"isPartOf\":{\"@id\":\"https:\\\/\\\/interamerica.org\\\/fr\\\/2025\\\/07\\\/vivre-la-mission\\\/\"},\"author\":{\"name\":\"libna\",\"@id\":\"https:\\\/\\\/interamerica.org\\\/fr\\\/#\\\/schema\\\/person\\\/29998f2bc2d8bd0d38662909289b54f1\"},\"headline\":\"Vivre la Mission\",\"datePublished\":\"2025-07-11T00:39:56+00:00\",\"dateModified\":\"2025-07-12T16:30:38+00:00\",\"mainEntityOfPage\":{\"@id\":\"https:\\\/\\\/interamerica.org\\\/fr\\\/2025\\\/07\\\/vivre-la-mission\\\/\"},\"wordCount\":3306,\"image\":{\"@id\":\"https:\\\/\\\/interamerica.org\\\/fr\\\/2025\\\/07\\\/vivre-la-mission\\\/#primaryimage\"},\"thumbnailUrl\":\"https:\\\/\\\/interamerica.org\\\/wp-content\\\/uploads\\\/2025\\\/07\\\/captura-de-pantalla-2025-07-10-a-las-53042pm-scaled.png\",\"articleSection\":[\"Nouvelles du si\u00e8ge de la division\",\"RSS Fran\u00e7ais\"],\"inLanguage\":\"fr-FR\"},{\"@type\":\"WebPage\",\"@id\":\"https:\\\/\\\/interamerica.org\\\/fr\\\/2025\\\/07\\\/vivre-la-mission\\\/\",\"url\":\"https:\\\/\\\/interamerica.org\\\/fr\\\/2025\\\/07\\\/vivre-la-mission\\\/\",\"name\":\"Vivre la Mission - \u00c9glise Adventiste Du Septieme Jour - Inter Am\u00e9rique Division\",\"isPartOf\":{\"@id\":\"https:\\\/\\\/interamerica.org\\\/fr\\\/#website\"},\"primaryImageOfPage\":{\"@id\":\"https:\\\/\\\/interamerica.org\\\/fr\\\/2025\\\/07\\\/vivre-la-mission\\\/#primaryimage\"},\"image\":{\"@id\":\"https:\\\/\\\/interamerica.org\\\/fr\\\/2025\\\/07\\\/vivre-la-mission\\\/#primaryimage\"},\"thumbnailUrl\":\"https:\\\/\\\/interamerica.org\\\/wp-content\\\/uploads\\\/2025\\\/07\\\/captura-de-pantalla-2025-07-10-a-las-53042pm-scaled.png\",\"datePublished\":\"2025-07-11T00:39:56+00:00\",\"dateModified\":\"2025-07-12T16:30:38+00:00\",\"author\":{\"@id\":\"https:\\\/\\\/interamerica.org\\\/fr\\\/#\\\/schema\\\/person\\\/29998f2bc2d8bd0d38662909289b54f1\"},\"breadcrumb\":{\"@id\":\"https:\\\/\\\/interamerica.org\\\/fr\\\/2025\\\/07\\\/vivre-la-mission\\\/#breadcrumb\"},\"inLanguage\":\"fr-FR\",\"potentialAction\":[{\"@type\":\"ReadAction\",\"target\":[\"https:\\\/\\\/interamerica.org\\\/fr\\\/2025\\\/07\\\/vivre-la-mission\\\/\"]}]},{\"@type\":\"ImageObject\",\"inLanguage\":\"fr-FR\",\"@id\":\"https:\\\/\\\/interamerica.org\\\/fr\\\/2025\\\/07\\\/vivre-la-mission\\\/#primaryimage\",\"url\":\"https:\\\/\\\/interamerica.org\\\/wp-content\\\/uploads\\\/2025\\\/07\\\/captura-de-pantalla-2025-07-10-a-las-53042pm-scaled.png\",\"contentUrl\":\"https:\\\/\\\/interamerica.org\\\/wp-content\\\/uploads\\\/2025\\\/07\\\/captura-de-pantalla-2025-07-10-a-las-53042pm-scaled.png\",\"width\":2560,\"height\":1408},{\"@type\":\"BreadcrumbList\",\"@id\":\"https:\\\/\\\/interamerica.org\\\/fr\\\/2025\\\/07\\\/vivre-la-mission\\\/#breadcrumb\",\"itemListElement\":[{\"@type\":\"ListItem\",\"position\":1,\"name\":\"Home\",\"item\":\"https:\\\/\\\/interamerica.org\\\/fr\\\/\"},{\"@type\":\"ListItem\",\"position\":2,\"name\":\"Vivre la Mission\"}]},{\"@type\":\"WebSite\",\"@id\":\"https:\\\/\\\/interamerica.org\\\/fr\\\/#website\",\"url\":\"https:\\\/\\\/interamerica.org\\\/fr\\\/\",\"name\":\"\u00c9glise Adventiste Du Septieme Jour - Inter Am\u00e9rique Division\",\"description\":\"\",\"potentialAction\":[{\"@type\":\"SearchAction\",\"target\":{\"@type\":\"EntryPoint\",\"urlTemplate\":\"https:\\\/\\\/interamerica.org\\\/fr\\\/?s={search_term_string}\"},\"query-input\":{\"@type\":\"PropertyValueSpecification\",\"valueRequired\":true,\"valueName\":\"search_term_string\"}}],\"inLanguage\":\"fr-FR\"},{\"@type\":\"Person\",\"@id\":\"https:\\\/\\\/interamerica.org\\\/fr\\\/#\\\/schema\\\/person\\\/29998f2bc2d8bd0d38662909289b54f1\",\"name\":\"libna\",\"image\":{\"@type\":\"ImageObject\",\"inLanguage\":\"fr-FR\",\"@id\":\"https:\\\/\\\/secure.gravatar.com\\\/avatar\\\/7c5bd30ae4b47a9ba3c856590957fd1d96dc588bf3ac05719d247e126840331f?s=96&d=mm&r=g\",\"url\":\"https:\\\/\\\/secure.gravatar.com\\\/avatar\\\/7c5bd30ae4b47a9ba3c856590957fd1d96dc588bf3ac05719d247e126840331f?s=96&d=mm&r=g\",\"contentUrl\":\"https:\\\/\\\/secure.gravatar.com\\\/avatar\\\/7c5bd30ae4b47a9ba3c856590957fd1d96dc588bf3ac05719d247e126840331f?s=96&d=mm&r=g\",\"caption\":\"libna\"}}]}<\/script>\n<!-- \/ Yoast SEO plugin. -->","yoast_head_json":{"title":"Vivre la Mission - \u00c9glise Adventiste Du Septieme Jour - Inter Am\u00e9rique Division","robots":{"index":"index","follow":"follow","max-snippet":"max-snippet:-1","max-image-preview":"max-image-preview:large","max-video-preview":"max-video-preview:-1"},"canonical":"https:\/\/interamerica.org\/fr\/2025\/07\/vivre-la-mission\/","og_locale":"fr_FR","og_type":"article","og_title":"Vivre la Mission - \u00c9glise Adventiste Du Septieme Jour - Inter Am\u00e9rique Division","og_description":"Voici le rapport quinquennal du pr\u00e9sident de la Division Inter Am\u00e9ricaine pr\u00e9sent\u00e9 lors de la 62\u00e8me Session de la Conf\u00e9rence G\u00e9n\u00e9rale. Un reportage vid\u00e9o bas\u00e9 sur ce rapport a \u00e9t\u00e9...","og_url":"https:\/\/interamerica.org\/fr\/2025\/07\/vivre-la-mission\/","og_site_name":"\u00c9glise Adventiste Du Septieme Jour - Inter Am\u00e9rique Division","article_published_time":"2025-07-11T00:39:56+00:00","article_modified_time":"2025-07-12T16:30:38+00:00","og_image":[{"width":1024,"height":563,"url":"https:\/\/interamerica.org\/wp-content\/uploads\/2025\/07\/captura-de-pantalla-2025-07-10-a-las-53042pm-1024x563.png","type":"image\/png"}],"author":"libna","twitter_card":"summary_large_image","twitter_misc":{"\u00c9crit par":"libna","Dur\u00e9e de lecture estim\u00e9e":"16 minutes"},"schema":{"@context":"https:\/\/schema.org","@graph":[{"@type":"Article","@id":"https:\/\/interamerica.org\/fr\/2025\/07\/vivre-la-mission\/#article","isPartOf":{"@id":"https:\/\/interamerica.org\/fr\/2025\/07\/vivre-la-mission\/"},"author":{"name":"libna","@id":"https:\/\/interamerica.org\/fr\/#\/schema\/person\/29998f2bc2d8bd0d38662909289b54f1"},"headline":"Vivre la Mission","datePublished":"2025-07-11T00:39:56+00:00","dateModified":"2025-07-12T16:30:38+00:00","mainEntityOfPage":{"@id":"https:\/\/interamerica.org\/fr\/2025\/07\/vivre-la-mission\/"},"wordCount":3306,"image":{"@id":"https:\/\/interamerica.org\/fr\/2025\/07\/vivre-la-mission\/#primaryimage"},"thumbnailUrl":"https:\/\/interamerica.org\/wp-content\/uploads\/2025\/07\/captura-de-pantalla-2025-07-10-a-las-53042pm-scaled.png","articleSection":["Nouvelles du si\u00e8ge de la division","RSS Fran\u00e7ais"],"inLanguage":"fr-FR"},{"@type":"WebPage","@id":"https:\/\/interamerica.org\/fr\/2025\/07\/vivre-la-mission\/","url":"https:\/\/interamerica.org\/fr\/2025\/07\/vivre-la-mission\/","name":"Vivre la Mission - \u00c9glise Adventiste Du Septieme Jour - Inter Am\u00e9rique Division","isPartOf":{"@id":"https:\/\/interamerica.org\/fr\/#website"},"primaryImageOfPage":{"@id":"https:\/\/interamerica.org\/fr\/2025\/07\/vivre-la-mission\/#primaryimage"},"image":{"@id":"https:\/\/interamerica.org\/fr\/2025\/07\/vivre-la-mission\/#primaryimage"},"thumbnailUrl":"https:\/\/interamerica.org\/wp-content\/uploads\/2025\/07\/captura-de-pantalla-2025-07-10-a-las-53042pm-scaled.png","datePublished":"2025-07-11T00:39:56+00:00","dateModified":"2025-07-12T16:30:38+00:00","author":{"@id":"https:\/\/interamerica.org\/fr\/#\/schema\/person\/29998f2bc2d8bd0d38662909289b54f1"},"breadcrumb":{"@id":"https:\/\/interamerica.org\/fr\/2025\/07\/vivre-la-mission\/#breadcrumb"},"inLanguage":"fr-FR","potentialAction":[{"@type":"ReadAction","target":["https:\/\/interamerica.org\/fr\/2025\/07\/vivre-la-mission\/"]}]},{"@type":"ImageObject","inLanguage":"fr-FR","@id":"https:\/\/interamerica.org\/fr\/2025\/07\/vivre-la-mission\/#primaryimage","url":"https:\/\/interamerica.org\/wp-content\/uploads\/2025\/07\/captura-de-pantalla-2025-07-10-a-las-53042pm-scaled.png","contentUrl":"https:\/\/interamerica.org\/wp-content\/uploads\/2025\/07\/captura-de-pantalla-2025-07-10-a-las-53042pm-scaled.png","width":2560,"height":1408},{"@type":"BreadcrumbList","@id":"https:\/\/interamerica.org\/fr\/2025\/07\/vivre-la-mission\/#breadcrumb","itemListElement":[{"@type":"ListItem","position":1,"name":"Home","item":"https:\/\/interamerica.org\/fr\/"},{"@type":"ListItem","position":2,"name":"Vivre la Mission"}]},{"@type":"WebSite","@id":"https:\/\/interamerica.org\/fr\/#website","url":"https:\/\/interamerica.org\/fr\/","name":"\u00c9glise Adventiste Du Septieme Jour - Inter Am\u00e9rique Division","description":"","potentialAction":[{"@type":"SearchAction","target":{"@type":"EntryPoint","urlTemplate":"https:\/\/interamerica.org\/fr\/?s={search_term_string}"},"query-input":{"@type":"PropertyValueSpecification","valueRequired":true,"valueName":"search_term_string"}}],"inLanguage":"fr-FR"},{"@type":"Person","@id":"https:\/\/interamerica.org\/fr\/#\/schema\/person\/29998f2bc2d8bd0d38662909289b54f1","name":"libna","image":{"@type":"ImageObject","inLanguage":"fr-FR","@id":"https:\/\/secure.gravatar.com\/avatar\/7c5bd30ae4b47a9ba3c856590957fd1d96dc588bf3ac05719d247e126840331f?s=96&d=mm&r=g","url":"https:\/\/secure.gravatar.com\/avatar\/7c5bd30ae4b47a9ba3c856590957fd1d96dc588bf3ac05719d247e126840331f?s=96&d=mm&r=g","contentUrl":"https:\/\/secure.gravatar.com\/avatar\/7c5bd30ae4b47a9ba3c856590957fd1d96dc588bf3ac05719d247e126840331f?s=96&d=mm&r=g","caption":"libna"}}]}},"_links":{"self":[{"href":"https:\/\/interamerica.org\/fr\/wp-json\/wp\/v2\/posts\/130646","targetHints":{"allow":["GET"]}}],"collection":[{"href":"https:\/\/interamerica.org\/fr\/wp-json\/wp\/v2\/posts"}],"about":[{"href":"https:\/\/interamerica.org\/fr\/wp-json\/wp\/v2\/types\/post"}],"author":[{"embeddable":true,"href":"https:\/\/interamerica.org\/fr\/wp-json\/wp\/v2\/users\/3"}],"replies":[{"embeddable":true,"href":"https:\/\/interamerica.org\/fr\/wp-json\/wp\/v2\/comments?post=130646"}],"version-history":[{"count":0,"href":"https:\/\/interamerica.org\/fr\/wp-json\/wp\/v2\/posts\/130646\/revisions"}],"wp:featuredmedia":[{"embeddable":true,"href":"https:\/\/interamerica.org\/fr\/wp-json\/wp\/v2\/media\/130639"}],"wp:attachment":[{"href":"https:\/\/interamerica.org\/fr\/wp-json\/wp\/v2\/media?parent=130646"}],"wp:term":[{"taxonomy":"category","embeddable":true,"href":"https:\/\/interamerica.org\/fr\/wp-json\/wp\/v2\/categories?post=130646"},{"taxonomy":"post_tag","embeddable":true,"href":"https:\/\/interamerica.org\/fr\/wp-json\/wp\/v2\/tags?post=130646"}],"curies":[{"name":"wp","href":"https:\/\/api.w.org\/{rel}","templated":true}]}}