{"id":130877,"date":"2025-07-12T00:01:39","date_gmt":"2025-07-12T04:01:39","guid":{"rendered":"https:\/\/interamerica.org\/?p=130877"},"modified":"2025-07-24T09:53:14","modified_gmt":"2025-07-24T13:53:14","slug":"linter-amerique-affirme-son-soutien-a-la-nouvelle-direction-pour-les-cinq-prochaines-annees-lors-de-la-session-de-la-conference-generale","status":"publish","type":"post","link":"https:\/\/interamerica.org\/fr\/2025\/07\/linter-amerique-affirme-son-soutien-a-la-nouvelle-direction-pour-les-cinq-prochaines-annees-lors-de-la-session-de-la-conference-generale\/","title":{"rendered":"L\u2019Inter Am\u00e9rique affirme son soutien \u00e0 la nouvelle direction pour les cinq prochaines ann\u00e9es lors de la Session de la Conf\u00e9rence G\u00e9n\u00e9rale"},"content":{"rendered":"<div id=\"attachment_130670\" style=\"width: 1053px\" class=\"wp-caption aligncenter\"><img fetchpriority=\"high\" decoding=\"async\" aria-describedby=\"caption-attachment-130670\" class=\" wp-image-130669\" src=\"https:\/\/interamerica.org\/wp-content\/uploads\/2025\/07\/abnerdelossantos-iadcaucus-july10-gcs2025.jpg\" alt=\"\" width=\"1043\" height=\"696\" srcset=\"https:\/\/interamerica.org\/wp-content\/uploads\/2025\/07\/abnerdelossantos-iadcaucus-july10-gcs2025.jpg 1000w, https:\/\/interamerica.org\/wp-content\/uploads\/2025\/07\/abnerdelossantos-iadcaucus-july10-gcs2025-300x200.jpg 300w, https:\/\/interamerica.org\/wp-content\/uploads\/2025\/07\/abnerdelossantos-iadcaucus-july10-gcs2025-768x512.jpg 768w\" sizes=\"(max-width: 1043px) 100vw, 1043px\" \/><p id=\"caption-attachment-130670\" class=\"wp-caption-text\">Le pr\u00e9sident de la DIA, le pasteur Abner De Los Santos, pr\u00e9side le caucus de la Division Inter Am\u00e9ricaine le 10 juillet 2025 \u00e0 Saint-Louis, dans le Missouri, afin de pr\u00e9senter la premi\u00e8re liste de dirigeants \u00e0 \u00e9lire pour le mandat 2025-2030. Pasteur Pierre Caporal, secr\u00e9taire ex\u00e9cutif de la DIA, se tient aux c\u00f4t\u00e9s du pasteur De los Santos lors de la r\u00e9union du caucus pendant la Session de la Conf\u00e9rence G\u00e9n\u00e9rale. [Photo : Daniel Gallardo\/DIA]<\/p><\/div>\n<p data-start=\"159\" data-end=\"307\"><em>Le caucus de la DIA vote les noms des vice-pr\u00e9sidents et des directeurs de d\u00e9partement devant mener une croissance ax\u00e9e sur la mission jusqu\u2019en 2030.<\/em><\/p>\n<p>11 Juillet 2025 | Saint-Louis, Missouri, \u00c9tats-Unis | Libna Stevens, Actualit\u00e9s de la Division Inter Am\u00e9ricaine<\/p>\n<p>Les d\u00e9l\u00e9gu\u00e9s de la Division Inter Am\u00e9ricaine (DIA) \u00e0 la 62\u00e8me Session de la Conf\u00e9rence G\u00e9n\u00e9rale ont \u00e9lu une nouvelle liste de vice-pr\u00e9sidents et de directeurs de d\u00e9partement pour guider les 3,7 millions de membres de l\u2019\u00c9glise au cours des cinq prochaines ann\u00e9es. Les rencontres du 10 et du 11 juillet ont r\u00e9uni 453 d\u00e9l\u00e9gu\u00e9s de la DIA \u00e0 Saint-Louis, dans le Missouri, aux \u00c9tats-Unis, afin d\u2019affirmer leur soutien \u00e0 la nouvelle direction pour le mandat 2025 &#8211; 2030.<\/p>\n<p data-start=\"487\" data-end=\"854\">\u00ab Nous sommes ici pour entamer un nouveau quinquennat et continuer \u00e0 progresser dans la mission, \u00bb a d\u00e9clar\u00e9 pasteur Abner De los Santos, pr\u00e9sident nouvellement \u00e9lu de la Division Inter Am\u00e9ricaine. \u00ab Je suis profond\u00e9ment reconnaissant pour la fa\u00e7on dont la commission de nominations a travaill\u00e9. Je suis certain que le Saint-Esprit est \u00e0 l\u2019\u0153uvre. \u00bb<\/p>\n<div id=\"attachment_130673\" style=\"width: 1049px\" class=\"wp-caption aligncenter\"><img decoding=\"async\" aria-describedby=\"caption-attachment-130673\" class=\" wp-image-130672\" src=\"https:\/\/interamerica.org\/wp-content\/uploads\/2025\/07\/iad-admin-july10-caucus-gcs2025.jpg\" alt=\"\" width=\"1039\" height=\"693\" srcset=\"https:\/\/interamerica.org\/wp-content\/uploads\/2025\/07\/iad-admin-july10-caucus-gcs2025.jpg 1000w, https:\/\/interamerica.org\/wp-content\/uploads\/2025\/07\/iad-admin-july10-caucus-gcs2025-300x200.jpg 300w, https:\/\/interamerica.org\/wp-content\/uploads\/2025\/07\/iad-admin-july10-caucus-gcs2025-768x512.jpg 768w\" sizes=\"(max-width: 1039px) 100vw, 1039px\" \/><p id=\"caption-attachment-130673\" class=\"wp-caption-text\">Les administrateurs de la DIA (de gauche \u00e0 droite) : Ivelisse Herrera, tr\u00e9sori\u00e8re ; Abner De Los Santos, pr\u00e9sident ; et Pierre Caporal, secr\u00e9taire ex\u00e9cutif, dirigent la d\u00e9l\u00e9gation de la Division Inter Am\u00e9ricaine lors d\u2019une s\u00e9ance sp\u00e9ciale le 10 juillet 2025. [Photo : Daniel Gallardo\/DIA]<\/p><\/div>\n<p data-start=\"856\" data-end=\"1102\">Pasteur De los Santos a \u00e9galement exprim\u00e9 sa gratitude pour les contributions de la pr\u00e9c\u00e9dente administration. \u00ab Nous remercions sinc\u00e8rement les anciens dirigeants pour leur d\u00e9vouement et leur service, \u00bb a-t-il d\u00e9clar\u00e9. \u00ab Leur travail fid\u00e8le a pos\u00e9 des bases solides pour le chemin qui est devant nous. \u00bb<\/p>\n<p>Le pasteur Pierre Caporal, secr\u00e9taire ex\u00e9cutif, et Ivelisse Herrera, tr\u00e9sori\u00e8re de la Division Inter Am\u00e9ricaine, se sont engag\u00e9s \u00e0 servir Dieu et son \u00c9glise avec d\u00e9vouement, passion et un engagement ind\u00e9fectible au cours des cinq prochaines ann\u00e9es.<\/p>\n<div id=\"attachment_130690\" style=\"width: 1034px\" class=\"wp-caption aligncenter\"><img decoding=\"async\" aria-describedby=\"caption-attachment-130690\" class=\"size-large wp-image-130689\" src=\"https:\/\/interamerica.org\/wp-content\/uploads\/2025\/07\/iadcaucus-voting-july11-gcs2025-b-1024x640.jpg\" alt=\"\" width=\"1024\" height=\"640\" srcset=\"https:\/\/interamerica.org\/wp-content\/uploads\/2025\/07\/iadcaucus-voting-july11-gcs2025-b-1024x640.jpg 1024w, https:\/\/interamerica.org\/wp-content\/uploads\/2025\/07\/iadcaucus-voting-july11-gcs2025-b-300x188.jpg 300w, https:\/\/interamerica.org\/wp-content\/uploads\/2025\/07\/iadcaucus-voting-july11-gcs2025-b-768x480.jpg 768w, https:\/\/interamerica.org\/wp-content\/uploads\/2025\/07\/iadcaucus-voting-july11-gcs2025-b.jpg 1280w\" sizes=\"(max-width: 1024px) 100vw, 1024px\" \/><p id=\"caption-attachment-130690\" class=\"wp-caption-text\">Le 11 juillet 2025, les d\u00e9l\u00e9gu\u00e9s de la Division Inter Am\u00e9ricaine ont lev\u00e9 la main pour approuver la nouvelle direction \u00e9lue pour le mandat 2025-2030. [Photo : Daniel Gallardo\/DIA]<\/p><\/div>\n<p data-start=\"487\" data-end=\"854\">Apr\u00e8s un examen approfondi, la commission de nominations, compos\u00e9 de d\u00e9l\u00e9gu\u00e9s du caucus de la DIA, a pr\u00e9sent\u00e9 les noms recommand\u00e9s, qui ont \u00e9t\u00e9 vot\u00e9s par la d\u00e9l\u00e9gation. Les dirigeants \u00e9lus serviront dans les d\u00e9partements, les minist\u00e8res et les postes administratifs cl\u00e9s au si\u00e8ge de la Division Inter Am\u00e9ricaine pendant les cinq prochaines ann\u00e9es :<\/p>\n<ul>\n<li><strong>Vice Pr\u00e9sident:<\/strong> Balvin Braham, <em>sortant<\/em><\/li>\n<li><strong>Vice Pr\u00e9sident:<\/strong> Tomas Torres, <em>sortant<\/em><\/li>\n<\/ul>\n<ul>\n<li><strong>Sous-Secr\u00e9taire:<\/strong> Alvaro Ni\u00f1o<\/li>\n<li><strong>Secr\u00e9taire Adjoint:<\/strong> Janelle Scantlebury<\/li>\n<\/ul>\n<ul>\n<li><strong>Sous-Tr\u00e9sorier,<\/strong>\u00a0Abilio Cima, <em>sortant<\/em><\/li>\n<li><strong>Tr\u00e9sorier adjoint:<\/strong>\u2028Juan Jose Moran, <em>sortant<\/em><\/li>\n<li><strong>Tr\u00e9sorier adjoint:<\/strong> Florencio Suarez, <em>sortant<\/em><\/li>\n<li><strong>Tr\u00e9sorier adjoint:<\/strong> Daniel Zu\u00f1iga<\/li>\n<\/ul>\n<ul>\n<li><strong>Minist\u00e8res Personnels\/Ecole du Sabbat<\/strong>: William Barrero<\/li>\n<li><strong>Minist\u00e8res des enfants et des adolescents\/Minist\u00e8res des Femmes<\/strong>: Sandra Pinto<\/li>\n<li><strong>Directeur de la Communication: <\/strong>Abel Marquez, <em>sortant<\/em><\/li>\n<li><strong>Directeur de l&rsquo;\u00c9ducation<\/strong>: Faye Patterson, <em>sortante<\/em><\/li>\n<li><strong>Directeur des Minist\u00e8res de la Sant\u00e9:<\/strong>\u00a0Franck Geneus, <em>sortant<\/em><\/li>\n<li><strong>Secr\u00e9taire de l&rsquo;Association pastorale<\/strong>: Josney Rodr\u00edguez, <em>sortant<\/em><\/li>\n<li><strong>Minist\u00e8res des Possibilit\u00e9s et Mission Adventiste: <\/strong>Samuel Telemaque, <em>sortant<\/em><\/li>\n<li><strong>Directeur des Minist\u00e8res des Publications<\/strong>: Isa\u00edas Espinoza, <em>sortant<\/em><\/li>\n<li><strong>Directeur de la Gestion Chr\u00e9tienne: <\/strong>Roberto Herrera, <em>sortant<\/em><\/li>\n<li><strong>Directeur des Minist\u00e8res de la Jeunesse, et PCM<\/strong>: Daniel Torreblanca<\/li>\n<\/ul>\n<p><div id=\"attachment_130676\" style=\"width: 1010px\" class=\"wp-caption aligncenter\"><img loading=\"lazy\" decoding=\"async\" aria-describedby=\"caption-attachment-130676\" class=\"size-full wp-image-130675\" src=\"https:\/\/interamerica.org\/wp-content\/uploads\/2025\/07\/iadnew-leaders-gcs2025.jpg\" alt=\"\" width=\"1000\" height=\"594\" srcset=\"https:\/\/interamerica.org\/wp-content\/uploads\/2025\/07\/iadnew-leaders-gcs2025.jpg 1000w, https:\/\/interamerica.org\/wp-content\/uploads\/2025\/07\/iadnew-leaders-gcs2025-300x178.jpg 300w, https:\/\/interamerica.org\/wp-content\/uploads\/2025\/07\/iadnew-leaders-gcs2025-768x456.jpg 768w\" sizes=\"(max-width: 1000px) 100vw, 1000px\" \/><p id=\"caption-attachment-130676\" class=\"wp-caption-text\">Les nouveaux dirigeants \u00e9lus aux c\u00f4t\u00e9s des administrateurs de la Division Inter Am\u00e9ricaine le 11 juillet 2025, apr\u00e8s la deuxi\u00e8me phase de votes pour l\u2019\u00e9lection des dirigeants. [Photo : Daniel Gallardo\/DIA]<\/p><\/div>Les administrateurs de la DIA ont annonc\u00e9 que plusieurs postes suppl\u00e9mentaires au sein des minist\u00e8res et d\u00e9partements seront pourvus plus tard cette ann\u00e9e.<\/p>\n<p>Pour les derni\u00e8res informations sur la Session de la Conf\u00e9rence G\u00e9n\u00e9rale et les initiatives de la Division Inter Am\u00e9ricaine de cette ann\u00e9e, rendez-vous sur <a href=\"https:\/\/interamerica.org\/fr\/\">interamerica.org<\/a><\/p>\n<p>Traduction: Patrick Luciathe<\/p>\n","protected":false},"excerpt":{"rendered":"<p>Le caucus de la DIA vote les noms des vice-pr\u00e9sidents et des directeurs de d\u00e9partement devant mener une croissance ax\u00e9e sur la mission jusqu\u2019en 2030. 11 Juillet 2025 | Saint-Louis,&#8230;<\/p>\n","protected":false},"author":3,"featured_media":130670,"comment_status":"closed","ping_status":"closed","sticky":false,"template":"","format":"standard","meta":{"_acf_changed":false,"footnotes":""},"categories":[20,19],"tags":[],"class_list":["post-130877","post","type-post","status-publish","format-standard","has-post-thumbnail","hentry","category-nouvelles-du-siege-de-la-division","category-rss-francais"],"acf":[],"yoast_head":"<!-- This site is optimized with the Yoast SEO plugin v27.3 - https:\/\/yoast.com\/product\/yoast-seo-wordpress\/ -->\n<title>L\u2019Inter Am\u00e9rique affirme son soutien \u00e0 la nouvelle direction pour les cinq prochaines ann\u00e9es lors de la Session de la Conf\u00e9rence G\u00e9n\u00e9rale - \u00c9glise Adventiste Du Septieme Jour - Inter Am\u00e9rique Division<\/title>\n<meta name=\"robots\" content=\"index, follow, max-snippet:-1, max-image-preview:large, max-video-preview:-1\" \/>\n<link rel=\"canonical\" href=\"https:\/\/interamerica.org\/fr\/2025\/07\/linter-amerique-affirme-son-soutien-a-la-nouvelle-direction-pour-les-cinq-prochaines-annees-lors-de-la-session-de-la-conference-generale\/\" \/>\n<meta property=\"og:locale\" content=\"fr_FR\" \/>\n<meta property=\"og:type\" content=\"article\" \/>\n<meta property=\"og:title\" content=\"L\u2019Inter Am\u00e9rique affirme son soutien \u00e0 la nouvelle direction pour les cinq prochaines ann\u00e9es lors de la Session de la Conf\u00e9rence G\u00e9n\u00e9rale - \u00c9glise Adventiste Du Septieme Jour - Inter Am\u00e9rique Division\" \/>\n<meta property=\"og:description\" content=\"Le caucus de la DIA vote les noms des vice-pr\u00e9sidents et des directeurs de d\u00e9partement devant mener une croissance ax\u00e9e sur la mission jusqu\u2019en 2030. 11 Juillet 2025 | Saint-Louis,...\" \/>\n<meta property=\"og:url\" content=\"https:\/\/interamerica.org\/fr\/2025\/07\/linter-amerique-affirme-son-soutien-a-la-nouvelle-direction-pour-les-cinq-prochaines-annees-lors-de-la-session-de-la-conference-generale\/\" \/>\n<meta property=\"og:site_name\" content=\"\u00c9glise Adventiste Du Septieme Jour - Inter Am\u00e9rique Division\" \/>\n<meta property=\"article:published_time\" content=\"2025-07-12T04:01:39+00:00\" \/>\n<meta property=\"article:modified_time\" content=\"2025-07-24T13:53:14+00:00\" \/>\n<meta property=\"og:image\" content=\"https:\/\/interamerica.org\/wp-content\/uploads\/2025\/07\/abnerdelossantos-iadcaucus-july10-gcs2025.jpg\" \/>\n\t<meta property=\"og:image:width\" content=\"1000\" \/>\n\t<meta property=\"og:image:height\" content=\"667\" \/>\n\t<meta property=\"og:image:type\" content=\"image\/jpeg\" \/>\n<meta name=\"author\" content=\"libna\" \/>\n<meta name=\"twitter:card\" content=\"summary_large_image\" \/>\n<meta name=\"twitter:label1\" content=\"\u00c9crit par\" \/>\n\t<meta name=\"twitter:data1\" content=\"libna\" \/>\n\t<meta name=\"twitter:label2\" content=\"Dur\u00e9e de lecture estim\u00e9e\" \/>\n\t<meta name=\"twitter:data2\" content=\"4 minutes\" \/>\n<script type=\"application\/ld+json\" class=\"yoast-schema-graph\">{\"@context\":\"https:\\\/\\\/schema.org\",\"@graph\":[{\"@type\":\"Article\",\"@id\":\"https:\\\/\\\/interamerica.org\\\/fr\\\/2025\\\/07\\\/linter-amerique-affirme-son-soutien-a-la-nouvelle-direction-pour-les-cinq-prochaines-annees-lors-de-la-session-de-la-conference-generale\\\/#article\",\"isPartOf\":{\"@id\":\"https:\\\/\\\/interamerica.org\\\/fr\\\/2025\\\/07\\\/linter-amerique-affirme-son-soutien-a-la-nouvelle-direction-pour-les-cinq-prochaines-annees-lors-de-la-session-de-la-conference-generale\\\/\"},\"author\":{\"name\":\"libna\",\"@id\":\"https:\\\/\\\/interamerica.org\\\/fr\\\/#\\\/schema\\\/person\\\/29998f2bc2d8bd0d38662909289b54f1\"},\"headline\":\"L\u2019Inter Am\u00e9rique affirme son soutien \u00e0 la nouvelle direction pour les cinq prochaines ann\u00e9es lors de la Session de la Conf\u00e9rence G\u00e9n\u00e9rale\",\"datePublished\":\"2025-07-12T04:01:39+00:00\",\"dateModified\":\"2025-07-24T13:53:14+00:00\",\"mainEntityOfPage\":{\"@id\":\"https:\\\/\\\/interamerica.org\\\/fr\\\/2025\\\/07\\\/linter-amerique-affirme-son-soutien-a-la-nouvelle-direction-pour-les-cinq-prochaines-annees-lors-de-la-session-de-la-conference-generale\\\/\"},\"wordCount\":810,\"image\":{\"@id\":\"https:\\\/\\\/interamerica.org\\\/fr\\\/2025\\\/07\\\/linter-amerique-affirme-son-soutien-a-la-nouvelle-direction-pour-les-cinq-prochaines-annees-lors-de-la-session-de-la-conference-generale\\\/#primaryimage\"},\"thumbnailUrl\":\"https:\\\/\\\/interamerica.org\\\/wp-content\\\/uploads\\\/2025\\\/07\\\/abnerdelossantos-iadcaucus-july10-gcs2025.jpg\",\"articleSection\":[\"Nouvelles du si\u00e8ge de la division\",\"RSS Fran\u00e7ais\"],\"inLanguage\":\"fr-FR\"},{\"@type\":\"WebPage\",\"@id\":\"https:\\\/\\\/interamerica.org\\\/fr\\\/2025\\\/07\\\/linter-amerique-affirme-son-soutien-a-la-nouvelle-direction-pour-les-cinq-prochaines-annees-lors-de-la-session-de-la-conference-generale\\\/\",\"url\":\"https:\\\/\\\/interamerica.org\\\/fr\\\/2025\\\/07\\\/linter-amerique-affirme-son-soutien-a-la-nouvelle-direction-pour-les-cinq-prochaines-annees-lors-de-la-session-de-la-conference-generale\\\/\",\"name\":\"L\u2019Inter Am\u00e9rique affirme son soutien \u00e0 la nouvelle direction pour les cinq prochaines ann\u00e9es lors de la Session de la Conf\u00e9rence G\u00e9n\u00e9rale - \u00c9glise Adventiste Du Septieme Jour - Inter Am\u00e9rique Division\",\"isPartOf\":{\"@id\":\"https:\\\/\\\/interamerica.org\\\/fr\\\/#website\"},\"primaryImageOfPage\":{\"@id\":\"https:\\\/\\\/interamerica.org\\\/fr\\\/2025\\\/07\\\/linter-amerique-affirme-son-soutien-a-la-nouvelle-direction-pour-les-cinq-prochaines-annees-lors-de-la-session-de-la-conference-generale\\\/#primaryimage\"},\"image\":{\"@id\":\"https:\\\/\\\/interamerica.org\\\/fr\\\/2025\\\/07\\\/linter-amerique-affirme-son-soutien-a-la-nouvelle-direction-pour-les-cinq-prochaines-annees-lors-de-la-session-de-la-conference-generale\\\/#primaryimage\"},\"thumbnailUrl\":\"https:\\\/\\\/interamerica.org\\\/wp-content\\\/uploads\\\/2025\\\/07\\\/abnerdelossantos-iadcaucus-july10-gcs2025.jpg\",\"datePublished\":\"2025-07-12T04:01:39+00:00\",\"dateModified\":\"2025-07-24T13:53:14+00:00\",\"author\":{\"@id\":\"https:\\\/\\\/interamerica.org\\\/fr\\\/#\\\/schema\\\/person\\\/29998f2bc2d8bd0d38662909289b54f1\"},\"breadcrumb\":{\"@id\":\"https:\\\/\\\/interamerica.org\\\/fr\\\/2025\\\/07\\\/linter-amerique-affirme-son-soutien-a-la-nouvelle-direction-pour-les-cinq-prochaines-annees-lors-de-la-session-de-la-conference-generale\\\/#breadcrumb\"},\"inLanguage\":\"fr-FR\",\"potentialAction\":[{\"@type\":\"ReadAction\",\"target\":[\"https:\\\/\\\/interamerica.org\\\/fr\\\/2025\\\/07\\\/linter-amerique-affirme-son-soutien-a-la-nouvelle-direction-pour-les-cinq-prochaines-annees-lors-de-la-session-de-la-conference-generale\\\/\"]}]},{\"@type\":\"ImageObject\",\"inLanguage\":\"fr-FR\",\"@id\":\"https:\\\/\\\/interamerica.org\\\/fr\\\/2025\\\/07\\\/linter-amerique-affirme-son-soutien-a-la-nouvelle-direction-pour-les-cinq-prochaines-annees-lors-de-la-session-de-la-conference-generale\\\/#primaryimage\",\"url\":\"https:\\\/\\\/interamerica.org\\\/wp-content\\\/uploads\\\/2025\\\/07\\\/abnerdelossantos-iadcaucus-july10-gcs2025.jpg\",\"contentUrl\":\"https:\\\/\\\/interamerica.org\\\/wp-content\\\/uploads\\\/2025\\\/07\\\/abnerdelossantos-iadcaucus-july10-gcs2025.jpg\",\"width\":1000,\"height\":667,\"caption\":\"IAD President Pastor Abner De Los Santos leads the Inter-American Division Caucus on July 10, 2025, in St. Louis, Missouri, to present the first slate of leaders to be voted in for the 2025\u20132030 term. Pastor Pierre Caporal, executive secretary of the IAD stands next to Pastor De los Santos during the caucus meeting during GC Session. [Photo: Daniel Gallardo\\\/IAD]\"},{\"@type\":\"BreadcrumbList\",\"@id\":\"https:\\\/\\\/interamerica.org\\\/fr\\\/2025\\\/07\\\/linter-amerique-affirme-son-soutien-a-la-nouvelle-direction-pour-les-cinq-prochaines-annees-lors-de-la-session-de-la-conference-generale\\\/#breadcrumb\",\"itemListElement\":[{\"@type\":\"ListItem\",\"position\":1,\"name\":\"Home\",\"item\":\"https:\\\/\\\/interamerica.org\\\/fr\\\/\"},{\"@type\":\"ListItem\",\"position\":2,\"name\":\"L\u2019Inter Am\u00e9rique affirme son soutien \u00e0 la nouvelle direction pour les cinq prochaines ann\u00e9es lors de la Session de la Conf\u00e9rence G\u00e9n\u00e9rale\"}]},{\"@type\":\"WebSite\",\"@id\":\"https:\\\/\\\/interamerica.org\\\/fr\\\/#website\",\"url\":\"https:\\\/\\\/interamerica.org\\\/fr\\\/\",\"name\":\"\u00c9glise Adventiste Du Septieme Jour - Inter Am\u00e9rique Division\",\"description\":\"\",\"potentialAction\":[{\"@type\":\"SearchAction\",\"target\":{\"@type\":\"EntryPoint\",\"urlTemplate\":\"https:\\\/\\\/interamerica.org\\\/fr\\\/?s={search_term_string}\"},\"query-input\":{\"@type\":\"PropertyValueSpecification\",\"valueRequired\":true,\"valueName\":\"search_term_string\"}}],\"inLanguage\":\"fr-FR\"},{\"@type\":\"Person\",\"@id\":\"https:\\\/\\\/interamerica.org\\\/fr\\\/#\\\/schema\\\/person\\\/29998f2bc2d8bd0d38662909289b54f1\",\"name\":\"libna\",\"image\":{\"@type\":\"ImageObject\",\"inLanguage\":\"fr-FR\",\"@id\":\"https:\\\/\\\/secure.gravatar.com\\\/avatar\\\/7c5bd30ae4b47a9ba3c856590957fd1d96dc588bf3ac05719d247e126840331f?s=96&d=mm&r=g\",\"url\":\"https:\\\/\\\/secure.gravatar.com\\\/avatar\\\/7c5bd30ae4b47a9ba3c856590957fd1d96dc588bf3ac05719d247e126840331f?s=96&d=mm&r=g\",\"contentUrl\":\"https:\\\/\\\/secure.gravatar.com\\\/avatar\\\/7c5bd30ae4b47a9ba3c856590957fd1d96dc588bf3ac05719d247e126840331f?s=96&d=mm&r=g\",\"caption\":\"libna\"}}]}<\/script>\n<!-- \/ Yoast SEO plugin. -->","yoast_head_json":{"title":"L\u2019Inter Am\u00e9rique affirme son soutien \u00e0 la nouvelle direction pour les cinq prochaines ann\u00e9es lors de la Session de la Conf\u00e9rence G\u00e9n\u00e9rale - \u00c9glise Adventiste Du Septieme Jour - Inter Am\u00e9rique Division","robots":{"index":"index","follow":"follow","max-snippet":"max-snippet:-1","max-image-preview":"max-image-preview:large","max-video-preview":"max-video-preview:-1"},"canonical":"https:\/\/interamerica.org\/fr\/2025\/07\/linter-amerique-affirme-son-soutien-a-la-nouvelle-direction-pour-les-cinq-prochaines-annees-lors-de-la-session-de-la-conference-generale\/","og_locale":"fr_FR","og_type":"article","og_title":"L\u2019Inter Am\u00e9rique affirme son soutien \u00e0 la nouvelle direction pour les cinq prochaines ann\u00e9es lors de la Session de la Conf\u00e9rence G\u00e9n\u00e9rale - \u00c9glise Adventiste Du Septieme Jour - Inter Am\u00e9rique Division","og_description":"Le caucus de la DIA vote les noms des vice-pr\u00e9sidents et des directeurs de d\u00e9partement devant mener une croissance ax\u00e9e sur la mission jusqu\u2019en 2030. 11 Juillet 2025 | Saint-Louis,...","og_url":"https:\/\/interamerica.org\/fr\/2025\/07\/linter-amerique-affirme-son-soutien-a-la-nouvelle-direction-pour-les-cinq-prochaines-annees-lors-de-la-session-de-la-conference-generale\/","og_site_name":"\u00c9glise Adventiste Du Septieme Jour - Inter Am\u00e9rique Division","article_published_time":"2025-07-12T04:01:39+00:00","article_modified_time":"2025-07-24T13:53:14+00:00","og_image":[{"width":1000,"height":667,"url":"https:\/\/interamerica.org\/wp-content\/uploads\/2025\/07\/abnerdelossantos-iadcaucus-july10-gcs2025.jpg","type":"image\/jpeg"}],"author":"libna","twitter_card":"summary_large_image","twitter_misc":{"\u00c9crit par":"libna","Dur\u00e9e de lecture estim\u00e9e":"4 minutes"},"schema":{"@context":"https:\/\/schema.org","@graph":[{"@type":"Article","@id":"https:\/\/interamerica.org\/fr\/2025\/07\/linter-amerique-affirme-son-soutien-a-la-nouvelle-direction-pour-les-cinq-prochaines-annees-lors-de-la-session-de-la-conference-generale\/#article","isPartOf":{"@id":"https:\/\/interamerica.org\/fr\/2025\/07\/linter-amerique-affirme-son-soutien-a-la-nouvelle-direction-pour-les-cinq-prochaines-annees-lors-de-la-session-de-la-conference-generale\/"},"author":{"name":"libna","@id":"https:\/\/interamerica.org\/fr\/#\/schema\/person\/29998f2bc2d8bd0d38662909289b54f1"},"headline":"L\u2019Inter Am\u00e9rique affirme son soutien \u00e0 la nouvelle direction pour les cinq prochaines ann\u00e9es lors de la Session de la Conf\u00e9rence G\u00e9n\u00e9rale","datePublished":"2025-07-12T04:01:39+00:00","dateModified":"2025-07-24T13:53:14+00:00","mainEntityOfPage":{"@id":"https:\/\/interamerica.org\/fr\/2025\/07\/linter-amerique-affirme-son-soutien-a-la-nouvelle-direction-pour-les-cinq-prochaines-annees-lors-de-la-session-de-la-conference-generale\/"},"wordCount":810,"image":{"@id":"https:\/\/interamerica.org\/fr\/2025\/07\/linter-amerique-affirme-son-soutien-a-la-nouvelle-direction-pour-les-cinq-prochaines-annees-lors-de-la-session-de-la-conference-generale\/#primaryimage"},"thumbnailUrl":"https:\/\/interamerica.org\/wp-content\/uploads\/2025\/07\/abnerdelossantos-iadcaucus-july10-gcs2025.jpg","articleSection":["Nouvelles du si\u00e8ge de la division","RSS Fran\u00e7ais"],"inLanguage":"fr-FR"},{"@type":"WebPage","@id":"https:\/\/interamerica.org\/fr\/2025\/07\/linter-amerique-affirme-son-soutien-a-la-nouvelle-direction-pour-les-cinq-prochaines-annees-lors-de-la-session-de-la-conference-generale\/","url":"https:\/\/interamerica.org\/fr\/2025\/07\/linter-amerique-affirme-son-soutien-a-la-nouvelle-direction-pour-les-cinq-prochaines-annees-lors-de-la-session-de-la-conference-generale\/","name":"L\u2019Inter Am\u00e9rique affirme son soutien \u00e0 la nouvelle direction pour les cinq prochaines ann\u00e9es lors de la Session de la Conf\u00e9rence G\u00e9n\u00e9rale - \u00c9glise Adventiste Du Septieme Jour - Inter Am\u00e9rique Division","isPartOf":{"@id":"https:\/\/interamerica.org\/fr\/#website"},"primaryImageOfPage":{"@id":"https:\/\/interamerica.org\/fr\/2025\/07\/linter-amerique-affirme-son-soutien-a-la-nouvelle-direction-pour-les-cinq-prochaines-annees-lors-de-la-session-de-la-conference-generale\/#primaryimage"},"image":{"@id":"https:\/\/interamerica.org\/fr\/2025\/07\/linter-amerique-affirme-son-soutien-a-la-nouvelle-direction-pour-les-cinq-prochaines-annees-lors-de-la-session-de-la-conference-generale\/#primaryimage"},"thumbnailUrl":"https:\/\/interamerica.org\/wp-content\/uploads\/2025\/07\/abnerdelossantos-iadcaucus-july10-gcs2025.jpg","datePublished":"2025-07-12T04:01:39+00:00","dateModified":"2025-07-24T13:53:14+00:00","author":{"@id":"https:\/\/interamerica.org\/fr\/#\/schema\/person\/29998f2bc2d8bd0d38662909289b54f1"},"breadcrumb":{"@id":"https:\/\/interamerica.org\/fr\/2025\/07\/linter-amerique-affirme-son-soutien-a-la-nouvelle-direction-pour-les-cinq-prochaines-annees-lors-de-la-session-de-la-conference-generale\/#breadcrumb"},"inLanguage":"fr-FR","potentialAction":[{"@type":"ReadAction","target":["https:\/\/interamerica.org\/fr\/2025\/07\/linter-amerique-affirme-son-soutien-a-la-nouvelle-direction-pour-les-cinq-prochaines-annees-lors-de-la-session-de-la-conference-generale\/"]}]},{"@type":"ImageObject","inLanguage":"fr-FR","@id":"https:\/\/interamerica.org\/fr\/2025\/07\/linter-amerique-affirme-son-soutien-a-la-nouvelle-direction-pour-les-cinq-prochaines-annees-lors-de-la-session-de-la-conference-generale\/#primaryimage","url":"https:\/\/interamerica.org\/wp-content\/uploads\/2025\/07\/abnerdelossantos-iadcaucus-july10-gcs2025.jpg","contentUrl":"https:\/\/interamerica.org\/wp-content\/uploads\/2025\/07\/abnerdelossantos-iadcaucus-july10-gcs2025.jpg","width":1000,"height":667,"caption":"IAD President Pastor Abner De Los Santos leads the Inter-American Division Caucus on July 10, 2025, in St. Louis, Missouri, to present the first slate of leaders to be voted in for the 2025\u20132030 term. Pastor Pierre Caporal, executive secretary of the IAD stands next to Pastor De los Santos during the caucus meeting during GC Session. [Photo: Daniel Gallardo\/IAD]"},{"@type":"BreadcrumbList","@id":"https:\/\/interamerica.org\/fr\/2025\/07\/linter-amerique-affirme-son-soutien-a-la-nouvelle-direction-pour-les-cinq-prochaines-annees-lors-de-la-session-de-la-conference-generale\/#breadcrumb","itemListElement":[{"@type":"ListItem","position":1,"name":"Home","item":"https:\/\/interamerica.org\/fr\/"},{"@type":"ListItem","position":2,"name":"L\u2019Inter Am\u00e9rique affirme son soutien \u00e0 la nouvelle direction pour les cinq prochaines ann\u00e9es lors de la Session de la Conf\u00e9rence G\u00e9n\u00e9rale"}]},{"@type":"WebSite","@id":"https:\/\/interamerica.org\/fr\/#website","url":"https:\/\/interamerica.org\/fr\/","name":"\u00c9glise Adventiste Du Septieme Jour - Inter Am\u00e9rique Division","description":"","potentialAction":[{"@type":"SearchAction","target":{"@type":"EntryPoint","urlTemplate":"https:\/\/interamerica.org\/fr\/?s={search_term_string}"},"query-input":{"@type":"PropertyValueSpecification","valueRequired":true,"valueName":"search_term_string"}}],"inLanguage":"fr-FR"},{"@type":"Person","@id":"https:\/\/interamerica.org\/fr\/#\/schema\/person\/29998f2bc2d8bd0d38662909289b54f1","name":"libna","image":{"@type":"ImageObject","inLanguage":"fr-FR","@id":"https:\/\/secure.gravatar.com\/avatar\/7c5bd30ae4b47a9ba3c856590957fd1d96dc588bf3ac05719d247e126840331f?s=96&d=mm&r=g","url":"https:\/\/secure.gravatar.com\/avatar\/7c5bd30ae4b47a9ba3c856590957fd1d96dc588bf3ac05719d247e126840331f?s=96&d=mm&r=g","contentUrl":"https:\/\/secure.gravatar.com\/avatar\/7c5bd30ae4b47a9ba3c856590957fd1d96dc588bf3ac05719d247e126840331f?s=96&d=mm&r=g","caption":"libna"}}]}},"_links":{"self":[{"href":"https:\/\/interamerica.org\/fr\/wp-json\/wp\/v2\/posts\/130877","targetHints":{"allow":["GET"]}}],"collection":[{"href":"https:\/\/interamerica.org\/fr\/wp-json\/wp\/v2\/posts"}],"about":[{"href":"https:\/\/interamerica.org\/fr\/wp-json\/wp\/v2\/types\/post"}],"author":[{"embeddable":true,"href":"https:\/\/interamerica.org\/fr\/wp-json\/wp\/v2\/users\/3"}],"replies":[{"embeddable":true,"href":"https:\/\/interamerica.org\/fr\/wp-json\/wp\/v2\/comments?post=130877"}],"version-history":[{"count":0,"href":"https:\/\/interamerica.org\/fr\/wp-json\/wp\/v2\/posts\/130877\/revisions"}],"wp:featuredmedia":[{"embeddable":true,"href":"https:\/\/interamerica.org\/fr\/wp-json\/wp\/v2\/media\/130670"}],"wp:attachment":[{"href":"https:\/\/interamerica.org\/fr\/wp-json\/wp\/v2\/media?parent=130877"}],"wp:term":[{"taxonomy":"category","embeddable":true,"href":"https:\/\/interamerica.org\/fr\/wp-json\/wp\/v2\/categories?post=130877"},{"taxonomy":"post_tag","embeddable":true,"href":"https:\/\/interamerica.org\/fr\/wp-json\/wp\/v2\/tags?post=130877"}],"curies":[{"name":"wp","href":"https:\/\/api.w.org\/{rel}","templated":true}]}}