{"id":13094,"date":"2009-01-06T00:00:00","date_gmt":"2009-01-06T04:00:00","guid":{"rendered":"http:\/\/192.81.217.108\/interamerica\/2009\/01\/le-dvd-des-missions-de-leglise-adventiste-maintenant-disponible-en-quatre-langues\/"},"modified":"2017-06-02T13:06:55","modified_gmt":"2017-06-02T17:06:55","slug":"le-dvd-des-missions-de-leglise-adventiste-maintenant-disponible-en-quatre-langues","status":"publish","type":"post","link":"https:\/\/interamerica.org\/fr\/2009\/01\/le-dvd-des-missions-de-leglise-adventiste-maintenant-disponible-en-quatre-langues\/","title":{"rendered":"Le DVD des Missions de l&#39;\u00e9glise Adventiste maintenant disponible en quatre langues"},"content":{"rendered":"<p><em >6 Janvier 2009<\/em >  Silver Spring, Maryland, Etats-Unis&#8230;ANN <\/p>\n<p>Le Bureau des Missions de l&#39;Eglise Adventiste du Septi\u00e8me jour a lanc\u00e9 la semaine derni\u00e8re sa premi\u00e8re \u00e9dition multi-langues du DVD des Missions, une ressource permettant d&#39;informer les membres sur les projets missionnaires \u00e0 travers le monde. <\/p>\n<p>En plus de l&#39;anglais, le DVD trimestriel gratuit inclut maintenant les versions en fran\u00e7ais, en portugais et en espagnol. <\/p>\n<p>Depuis 2006, le DVD trimestriel gratuit a \u00e9t\u00e9 envoy\u00e9 \u00e0 chaque congr\u00e9gation Adventiste en Am\u00e9rique du Nord et \u00e0 chaque entit\u00e9 administrative \u00e0 travers le monde. Bien que certaines r\u00e9gions continueront de reproduire la piste son dans leur langue (c&#39;est le cas pour l&#39;Allemand et le Cor\u00e9en), c&#39;est la premi\u00e8re fois que le DVD est produit en s\u00e9rie en plusieurs langues. <\/p>\n<p>\u00ab Nous recevons d\u00e9j\u00e0 des r\u00e9actions positives venant des pays lusophones et hispanophones, \u00bb a indiqu\u00e9 Dan Weber, un des producteurs du DVD. <\/p>\n<p>Selon plusieurs dirigeants d&#39;\u00e9glise, davantage de personnes dans diff\u00e9rentes r\u00e9gions seront en mesure d&#39;utiliser la nouvelle version. \u00ab Cela nous permettra de proposer ce mat\u00e9riel \u00e0 plus de 80 pour cent des congr\u00e9gations en Am\u00e9rique Centrale, \u00bb a dit Carlyle Bayne, responsable de d\u00e9partement pour l&#39;\u00e9glise Adventiste en Inter Am\u00e9rique. <\/p>\n<p>Chaque DVD contient environ une douzaine de r\u00e9cits de longueurs diff\u00e9rentes montrant comment des adventistes \u00e0 travers le monde partagent l&#39;amour de Dieu \u00e0 travers la mission. En g\u00e9n\u00e9ral, le DVD est visionn\u00e9 pendant l&#39;Ecole du Sabbat, le culte, entre les services ou encore dans les foyers. Chaque DVD contient au moins un r\u00e9cit \u00e9crit et relat\u00e9 par un enfant. <\/p>\n<p>Les r\u00e9cits sur le DVD de ce trimestre incluent des reportages sur une clinique flottante en Indon\u00e9sie, sur l&#39;attachement d&#39;un croyant \u00e0 sa foi dans un environnement hostile en C\u00f4te d&#39;Ivoire, et d&#39;autres projets \u00e0 travers l&#39;Asie du Sud Est et l&#39;Afrique. <\/p>\n<p>Pour recevoir gracieusement une copie du DVD des Missions Adventiste ou pour visionner les r\u00e9cits en ligne, visitez le site <a  href=\"http:\/\/www.adventistmission.org\/\">http:\/\/www.adventistmission.org\/<\/a > <\/p>\n","protected":false},"excerpt":{"rendered":"<p>Le Bureau des Missions de l&#39;Eglise Adventiste du Septi\u00e8me jour a lanc\u00e9 la semaine derni\u00e8re sa premi\u00e8re \u00e9dition multi-langues du DVD des Missions, une ressource permettant d&#39;informer les membres sur les projets<\/p>\n","protected":false},"author":1,"featured_media":0,"comment_status":"closed","ping_status":"closed","sticky":false,"template":"","format":"standard","meta":{"_acf_changed":false,"footnotes":""},"categories":[9],"tags":[],"class_list":["post-13094","post","type-post","status-publish","format-standard","hentry","category-archive-fr"],"acf":[],"yoast_head":"<!-- This site is optimized with the Yoast SEO plugin v27.3 - https:\/\/yoast.com\/product\/yoast-seo-wordpress\/ -->\n<title>Le DVD des Missions de l&#039;\u00e9glise Adventiste maintenant disponible en quatre langues - \u00c9glise Adventiste Du Septieme Jour - Inter Am\u00e9rique Division<\/title>\n<meta name=\"robots\" content=\"index, follow, max-snippet:-1, max-image-preview:large, max-video-preview:-1\" \/>\n<link rel=\"canonical\" href=\"https:\/\/interamerica.org\/fr\/2009\/01\/le-dvd-des-missions-de-leglise-adventiste-maintenant-disponible-en-quatre-langues\/\" \/>\n<meta property=\"og:locale\" content=\"fr_FR\" \/>\n<meta property=\"og:type\" content=\"article\" \/>\n<meta property=\"og:title\" content=\"Le DVD des Missions de l&#039;\u00e9glise Adventiste maintenant disponible en quatre langues - \u00c9glise Adventiste Du Septieme Jour - Inter Am\u00e9rique Division\" \/>\n<meta property=\"og:description\" content=\"Le Bureau des Missions de l&#039;Eglise Adventiste du Septi\u00e8me jour a lanc\u00e9 la semaine derni\u00e8re sa premi\u00e8re \u00e9dition multi-langues du DVD des Missions, une ressource permettant d&#039;informer les membres sur les projets\" \/>\n<meta property=\"og:url\" content=\"https:\/\/interamerica.org\/fr\/2009\/01\/le-dvd-des-missions-de-leglise-adventiste-maintenant-disponible-en-quatre-langues\/\" \/>\n<meta property=\"og:site_name\" content=\"\u00c9glise Adventiste Du Septieme Jour - Inter Am\u00e9rique Division\" \/>\n<meta property=\"article:published_time\" content=\"2009-01-06T04:00:00+00:00\" \/>\n<meta property=\"article:modified_time\" content=\"2017-06-02T17:06:55+00:00\" \/>\n<meta name=\"author\" content=\"Lorenzo Verduzco\" \/>\n<meta name=\"twitter:card\" content=\"summary_large_image\" \/>\n<meta name=\"twitter:label1\" content=\"\u00c9crit par\" \/>\n\t<meta name=\"twitter:data1\" content=\"Lorenzo Verduzco\" \/>\n\t<meta name=\"twitter:label2\" content=\"Dur\u00e9e de lecture estim\u00e9e\" \/>\n\t<meta name=\"twitter:data2\" content=\"2 minutes\" \/>\n<script type=\"application\/ld+json\" class=\"yoast-schema-graph\">{\"@context\":\"https:\\\/\\\/schema.org\",\"@graph\":[{\"@type\":\"Article\",\"@id\":\"https:\\\/\\\/interamerica.org\\\/fr\\\/2009\\\/01\\\/le-dvd-des-missions-de-leglise-adventiste-maintenant-disponible-en-quatre-langues\\\/#article\",\"isPartOf\":{\"@id\":\"https:\\\/\\\/interamerica.org\\\/fr\\\/2009\\\/01\\\/le-dvd-des-missions-de-leglise-adventiste-maintenant-disponible-en-quatre-langues\\\/\"},\"author\":{\"name\":\"Lorenzo Verduzco\",\"@id\":\"https:\\\/\\\/interamerica.org\\\/fr\\\/#\\\/schema\\\/person\\\/68ede8bdc292885bb76c1e3810e73c39\"},\"headline\":\"Le DVD des Missions de l&#39;\u00e9glise Adventiste maintenant disponible en quatre langues\",\"datePublished\":\"2009-01-06T04:00:00+00:00\",\"dateModified\":\"2017-06-02T17:06:55+00:00\",\"mainEntityOfPage\":{\"@id\":\"https:\\\/\\\/interamerica.org\\\/fr\\\/2009\\\/01\\\/le-dvd-des-missions-de-leglise-adventiste-maintenant-disponible-en-quatre-langues\\\/\"},\"wordCount\":365,\"articleSection\":[\"Archive\"],\"inLanguage\":\"fr-FR\"},{\"@type\":\"WebPage\",\"@id\":\"https:\\\/\\\/interamerica.org\\\/fr\\\/2009\\\/01\\\/le-dvd-des-missions-de-leglise-adventiste-maintenant-disponible-en-quatre-langues\\\/\",\"url\":\"https:\\\/\\\/interamerica.org\\\/fr\\\/2009\\\/01\\\/le-dvd-des-missions-de-leglise-adventiste-maintenant-disponible-en-quatre-langues\\\/\",\"name\":\"Le DVD des Missions de l&#39;\u00e9glise Adventiste maintenant disponible en quatre langues - \u00c9glise Adventiste Du Septieme Jour - Inter Am\u00e9rique Division\",\"isPartOf\":{\"@id\":\"https:\\\/\\\/interamerica.org\\\/fr\\\/#website\"},\"datePublished\":\"2009-01-06T04:00:00+00:00\",\"dateModified\":\"2017-06-02T17:06:55+00:00\",\"author\":{\"@id\":\"https:\\\/\\\/interamerica.org\\\/fr\\\/#\\\/schema\\\/person\\\/68ede8bdc292885bb76c1e3810e73c39\"},\"breadcrumb\":{\"@id\":\"https:\\\/\\\/interamerica.org\\\/fr\\\/2009\\\/01\\\/le-dvd-des-missions-de-leglise-adventiste-maintenant-disponible-en-quatre-langues\\\/#breadcrumb\"},\"inLanguage\":\"fr-FR\",\"potentialAction\":[{\"@type\":\"ReadAction\",\"target\":[\"https:\\\/\\\/interamerica.org\\\/fr\\\/2009\\\/01\\\/le-dvd-des-missions-de-leglise-adventiste-maintenant-disponible-en-quatre-langues\\\/\"]}]},{\"@type\":\"BreadcrumbList\",\"@id\":\"https:\\\/\\\/interamerica.org\\\/fr\\\/2009\\\/01\\\/le-dvd-des-missions-de-leglise-adventiste-maintenant-disponible-en-quatre-langues\\\/#breadcrumb\",\"itemListElement\":[{\"@type\":\"ListItem\",\"position\":1,\"name\":\"Home\",\"item\":\"https:\\\/\\\/interamerica.org\\\/fr\\\/\"},{\"@type\":\"ListItem\",\"position\":2,\"name\":\"Le DVD des Missions de l&#39;\u00e9glise Adventiste maintenant disponible en quatre langues\"}]},{\"@type\":\"WebSite\",\"@id\":\"https:\\\/\\\/interamerica.org\\\/fr\\\/#website\",\"url\":\"https:\\\/\\\/interamerica.org\\\/fr\\\/\",\"name\":\"\u00c9glise Adventiste Du Septieme Jour - Inter Am\u00e9rique Division\",\"description\":\"\",\"potentialAction\":[{\"@type\":\"SearchAction\",\"target\":{\"@type\":\"EntryPoint\",\"urlTemplate\":\"https:\\\/\\\/interamerica.org\\\/fr\\\/?s={search_term_string}\"},\"query-input\":{\"@type\":\"PropertyValueSpecification\",\"valueRequired\":true,\"valueName\":\"search_term_string\"}}],\"inLanguage\":\"fr-FR\"},{\"@type\":\"Person\",\"@id\":\"https:\\\/\\\/interamerica.org\\\/fr\\\/#\\\/schema\\\/person\\\/68ede8bdc292885bb76c1e3810e73c39\",\"name\":\"Lorenzo Verduzco\",\"image\":{\"@type\":\"ImageObject\",\"inLanguage\":\"fr-FR\",\"@id\":\"https:\\\/\\\/secure.gravatar.com\\\/avatar\\\/fb81a55b6218459490a9c1dc841a34909185b81904c5337b4b27f7a6fd60c49e?s=96&d=mm&r=g\",\"url\":\"https:\\\/\\\/secure.gravatar.com\\\/avatar\\\/fb81a55b6218459490a9c1dc841a34909185b81904c5337b4b27f7a6fd60c49e?s=96&d=mm&r=g\",\"contentUrl\":\"https:\\\/\\\/secure.gravatar.com\\\/avatar\\\/fb81a55b6218459490a9c1dc841a34909185b81904c5337b4b27f7a6fd60c49e?s=96&d=mm&r=g\",\"caption\":\"Lorenzo Verduzco\"}}]}<\/script>\n<!-- \/ Yoast SEO plugin. -->","yoast_head_json":{"title":"Le DVD des Missions de l&#39;\u00e9glise Adventiste maintenant disponible en quatre langues - \u00c9glise Adventiste Du Septieme Jour - Inter Am\u00e9rique Division","robots":{"index":"index","follow":"follow","max-snippet":"max-snippet:-1","max-image-preview":"max-image-preview:large","max-video-preview":"max-video-preview:-1"},"canonical":"https:\/\/interamerica.org\/fr\/2009\/01\/le-dvd-des-missions-de-leglise-adventiste-maintenant-disponible-en-quatre-langues\/","og_locale":"fr_FR","og_type":"article","og_title":"Le DVD des Missions de l&#39;\u00e9glise Adventiste maintenant disponible en quatre langues - \u00c9glise Adventiste Du Septieme Jour - Inter Am\u00e9rique Division","og_description":"Le Bureau des Missions de l&#39;Eglise Adventiste du Septi\u00e8me jour a lanc\u00e9 la semaine derni\u00e8re sa premi\u00e8re \u00e9dition multi-langues du DVD des Missions, une ressource permettant d&#39;informer les membres sur les projets","og_url":"https:\/\/interamerica.org\/fr\/2009\/01\/le-dvd-des-missions-de-leglise-adventiste-maintenant-disponible-en-quatre-langues\/","og_site_name":"\u00c9glise Adventiste Du Septieme Jour - Inter Am\u00e9rique Division","article_published_time":"2009-01-06T04:00:00+00:00","article_modified_time":"2017-06-02T17:06:55+00:00","author":"Lorenzo Verduzco","twitter_card":"summary_large_image","twitter_misc":{"\u00c9crit par":"Lorenzo Verduzco","Dur\u00e9e de lecture estim\u00e9e":"2 minutes"},"schema":{"@context":"https:\/\/schema.org","@graph":[{"@type":"Article","@id":"https:\/\/interamerica.org\/fr\/2009\/01\/le-dvd-des-missions-de-leglise-adventiste-maintenant-disponible-en-quatre-langues\/#article","isPartOf":{"@id":"https:\/\/interamerica.org\/fr\/2009\/01\/le-dvd-des-missions-de-leglise-adventiste-maintenant-disponible-en-quatre-langues\/"},"author":{"name":"Lorenzo Verduzco","@id":"https:\/\/interamerica.org\/fr\/#\/schema\/person\/68ede8bdc292885bb76c1e3810e73c39"},"headline":"Le DVD des Missions de l&#39;\u00e9glise Adventiste maintenant disponible en quatre langues","datePublished":"2009-01-06T04:00:00+00:00","dateModified":"2017-06-02T17:06:55+00:00","mainEntityOfPage":{"@id":"https:\/\/interamerica.org\/fr\/2009\/01\/le-dvd-des-missions-de-leglise-adventiste-maintenant-disponible-en-quatre-langues\/"},"wordCount":365,"articleSection":["Archive"],"inLanguage":"fr-FR"},{"@type":"WebPage","@id":"https:\/\/interamerica.org\/fr\/2009\/01\/le-dvd-des-missions-de-leglise-adventiste-maintenant-disponible-en-quatre-langues\/","url":"https:\/\/interamerica.org\/fr\/2009\/01\/le-dvd-des-missions-de-leglise-adventiste-maintenant-disponible-en-quatre-langues\/","name":"Le DVD des Missions de l&#39;\u00e9glise Adventiste maintenant disponible en quatre langues - \u00c9glise Adventiste Du Septieme Jour - Inter Am\u00e9rique Division","isPartOf":{"@id":"https:\/\/interamerica.org\/fr\/#website"},"datePublished":"2009-01-06T04:00:00+00:00","dateModified":"2017-06-02T17:06:55+00:00","author":{"@id":"https:\/\/interamerica.org\/fr\/#\/schema\/person\/68ede8bdc292885bb76c1e3810e73c39"},"breadcrumb":{"@id":"https:\/\/interamerica.org\/fr\/2009\/01\/le-dvd-des-missions-de-leglise-adventiste-maintenant-disponible-en-quatre-langues\/#breadcrumb"},"inLanguage":"fr-FR","potentialAction":[{"@type":"ReadAction","target":["https:\/\/interamerica.org\/fr\/2009\/01\/le-dvd-des-missions-de-leglise-adventiste-maintenant-disponible-en-quatre-langues\/"]}]},{"@type":"BreadcrumbList","@id":"https:\/\/interamerica.org\/fr\/2009\/01\/le-dvd-des-missions-de-leglise-adventiste-maintenant-disponible-en-quatre-langues\/#breadcrumb","itemListElement":[{"@type":"ListItem","position":1,"name":"Home","item":"https:\/\/interamerica.org\/fr\/"},{"@type":"ListItem","position":2,"name":"Le DVD des Missions de l&#39;\u00e9glise Adventiste maintenant disponible en quatre langues"}]},{"@type":"WebSite","@id":"https:\/\/interamerica.org\/fr\/#website","url":"https:\/\/interamerica.org\/fr\/","name":"\u00c9glise Adventiste Du Septieme Jour - Inter Am\u00e9rique Division","description":"","potentialAction":[{"@type":"SearchAction","target":{"@type":"EntryPoint","urlTemplate":"https:\/\/interamerica.org\/fr\/?s={search_term_string}"},"query-input":{"@type":"PropertyValueSpecification","valueRequired":true,"valueName":"search_term_string"}}],"inLanguage":"fr-FR"},{"@type":"Person","@id":"https:\/\/interamerica.org\/fr\/#\/schema\/person\/68ede8bdc292885bb76c1e3810e73c39","name":"Lorenzo Verduzco","image":{"@type":"ImageObject","inLanguage":"fr-FR","@id":"https:\/\/secure.gravatar.com\/avatar\/fb81a55b6218459490a9c1dc841a34909185b81904c5337b4b27f7a6fd60c49e?s=96&d=mm&r=g","url":"https:\/\/secure.gravatar.com\/avatar\/fb81a55b6218459490a9c1dc841a34909185b81904c5337b4b27f7a6fd60c49e?s=96&d=mm&r=g","contentUrl":"https:\/\/secure.gravatar.com\/avatar\/fb81a55b6218459490a9c1dc841a34909185b81904c5337b4b27f7a6fd60c49e?s=96&d=mm&r=g","caption":"Lorenzo Verduzco"}}]}},"_links":{"self":[{"href":"https:\/\/interamerica.org\/fr\/wp-json\/wp\/v2\/posts\/13094","targetHints":{"allow":["GET"]}}],"collection":[{"href":"https:\/\/interamerica.org\/fr\/wp-json\/wp\/v2\/posts"}],"about":[{"href":"https:\/\/interamerica.org\/fr\/wp-json\/wp\/v2\/types\/post"}],"author":[{"embeddable":true,"href":"https:\/\/interamerica.org\/fr\/wp-json\/wp\/v2\/users\/1"}],"replies":[{"embeddable":true,"href":"https:\/\/interamerica.org\/fr\/wp-json\/wp\/v2\/comments?post=13094"}],"version-history":[{"count":0,"href":"https:\/\/interamerica.org\/fr\/wp-json\/wp\/v2\/posts\/13094\/revisions"}],"wp:attachment":[{"href":"https:\/\/interamerica.org\/fr\/wp-json\/wp\/v2\/media?parent=13094"}],"wp:term":[{"taxonomy":"category","embeddable":true,"href":"https:\/\/interamerica.org\/fr\/wp-json\/wp\/v2\/categories?post=13094"},{"taxonomy":"post_tag","embeddable":true,"href":"https:\/\/interamerica.org\/fr\/wp-json\/wp\/v2\/tags?post=13094"}],"curies":[{"name":"wp","href":"https:\/\/api.w.org\/{rel}","templated":true}]}}