{"id":13095,"date":"2009-01-06T00:00:00","date_gmt":"2009-01-06T04:00:00","guid":{"rendered":"http:\/\/192.81.217.108\/interamerica\/2009\/01\/inter-amerique-le-siege-de-leglise-accueille-la-nouvelle-annee\/"},"modified":"2017-06-02T13:06:56","modified_gmt":"2017-06-02T17:06:56","slug":"inter-amerique-le-siege-de-leglise-accueille-la-nouvelle-annee","status":"publish","type":"post","link":"https:\/\/interamerica.org\/fr\/2009\/01\/inter-amerique-le-siege-de-leglise-accueille-la-nouvelle-annee\/","title":{"rendered":"Inter Am\u00e9rique: Le Si\u00e8ge de l&#39;\u00e9glise accueille la nouvelle ann\u00e9e"},"content":{"rendered":"<p><em >6 Janvier 2009<\/em >, Miami, Floride, Etats Unis&#8230;[Libna Stevens\/DIA] <\/p>\n<\/p>\n<p>Les dirigeants et employ\u00e9s de l&#39;\u00e9glise Adventiste du si\u00e8ge de la Division Inter Am\u00e9ricaine (DIA) ont accueilli l&#39;ann\u00e9e 2009 sur une note spirituelle au cours d&#39;un culte sp\u00e9cial \u00e0 Miami en Floride le 5 janvier dernier. Plus de 50 dirigeants et employ\u00e9s ont ador\u00e9 et pri\u00e9 ensemble tout en consid\u00e9rant les b\u00e9n\u00e9dictions re\u00e7ues au cours de l&#39;ann\u00e9e \u00e9coul\u00e9e ainsi que l&#39;esp\u00e9rance et la foi de pouvoir faire progresser l&#39;\u00e9vangile \u00e0 travers le territoire. <\/p>\n<\/p>\n<p>L&#39;orateur pour ce moment de d\u00e9votion \u00e9tait Enrique Marshall, un membre du personnel \u00e0 la DIA ; il a rappel\u00e9 \u00e0 ses coll\u00e8gues la n\u00e9cessit\u00e9 pour les serviteurs de Dieu de laisser derri\u00e8re eux les choses du pass\u00e9. <\/p>\n<\/p>\n<p>\u00ab Il nous faut laisser derri\u00e8re nous ces choses qui nous ont emp\u00each\u00e9 de croitre spirituellement, il nous faut prendre de sages d\u00e9cisions et compter sur les promesses de Dieu pour faire face \u00e0 cette nouvelle ann\u00e9e, \u00bb a dit Enrique Marshall. <\/p>\n<\/p>\n<p>Marshall a rappel\u00e9 aux dirigeants et aux employ\u00e9s que les opportunit\u00e9s que Dieu offre se renouvellent toujours, il leur a aussi rappel\u00e9 les objectifs \u00e0 atteindre alors qu&#39;ils abordent cette ann\u00e9e nouvelle avec la gr\u00e2ce et l&#39;aide de Dieu. <\/p>\n<\/p>\n<p>Il y avait \u00e9galement au programme un concert avec le violoniste Nestor D. Aponte, venu du Venezuela pour l&#39;occasion. Aponte, un \u00e9tudiant de 18 ans \u00e0 l&#39;Institut d&#39;Etudes Musicales au Venezuela (Instituto Universitario de Estudios Musicales), a partag\u00e9 son amour de la musique et exprim\u00e9 son attachement \u00e0 la louange \u00e0 Dieu. <\/p>\n<\/p>\n<p>Les dirigeants se sont aussi f\u00e9licit\u00e9s de la stabilit\u00e9 financi\u00e8re dont a joui la DIA au cours de l&#39;ann\u00e9e \u00e9coul\u00e9e et ce, au milieu de la crise \u00e9conomique qui touche le monde aujourd&#39;hui. <\/p>\n<\/p>\n<p>Pasteur Isra\u00ebl Leito, pr\u00e9sident de l&#39;\u00e9glise Adventiste en Inter Am\u00e9rique a lou\u00e9 Dieu pour ses b\u00e9n\u00e9dictions envers l&#39;\u00e9glise en inter Am\u00e9rique. \u00ab Dieu a \u00e9t\u00e9 bon et nous croyons dans vos pri\u00e8res et dans votre engagement \u00e0 travailler ensemble alors que nous faisons notre part pour faire avancer son \u0153uvre, \u00bb a d\u00e9clar\u00e9 pasteur Leito. <\/p>\n<\/p>\n<p>Au cours d&#39;un bref rapport, Filiberto Verduzco, tr\u00e9sorier de l&#39;\u00e9glise Adventiste en Inter Am\u00e9rique, a parl\u00e9 de la stabilit\u00e9 financi\u00e8re dont l&#39;\u00e9glise a joui. \u00ab Nous savons que la situation  financi\u00e8re aux Etats-Unis affecte nos pays, \u00bb a indiqu\u00e9 Filiberto Verduzco. \u00ab Mais Dieu a \u00e9t\u00e9 si bon envers nous que nous pouvons envisager l&#39;avenir sachant qu&#39;il continuera de b\u00e9nir son \u00e9glise. \u00bb <\/p>\n<\/p>\n<p>\u00ab Bien que la tendance des d\u00eemes soit \u00e0 l&#39;augmentation dans le territoire, il faut \u00eatre prudent parce que nous ne sommes pas encore sortis de la tourmente financi\u00e8re, mais nous avons l&#39;assurance que Dieu est avec nous alors que nous faisons preuve de prudence et d&#39;attention dans la gestion des ressources que Dieu nous a confi\u00e9, \u00bb a dit Filiberto Verduzco. <\/p>\n<\/p>\n<p>Le si\u00e8ge de la Division Inter Am\u00e9ricaine supervise l&#39;\u0153uvre de l&#39;Eglise Adventiste du Septi\u00e8me jour dans les 17 unions du territoire qui compte plus de 3 millions de membres qui adorent dans plus de 9700 \u00e9glises. <\/p>\n","protected":false},"excerpt":{"rendered":"<p>Les dirigeants et employ\u00e9s de l&#39;\u00e9glise Adventiste du si\u00e8ge de la Division Inter Am\u00e9ricaine (DIA) ont accueilli l&#39;ann\u00e9e 2009 sur une note spirituelle au cours d&#39;un culte sp\u00e9cial \u00e0 Miami en Florid<\/p>\n","protected":false},"author":1,"featured_media":0,"comment_status":"closed","ping_status":"closed","sticky":false,"template":"","format":"standard","meta":{"_acf_changed":false,"footnotes":""},"categories":[9],"tags":[],"class_list":["post-13095","post","type-post","status-publish","format-standard","hentry","category-archive-fr"],"acf":[],"yoast_head":"<!-- This site is optimized with the Yoast SEO plugin v27.3 - https:\/\/yoast.com\/product\/yoast-seo-wordpress\/ -->\n<title>Inter Am\u00e9rique: Le Si\u00e8ge de l&#039;\u00e9glise accueille la nouvelle ann\u00e9e - \u00c9glise Adventiste Du Septieme Jour - Inter Am\u00e9rique Division<\/title>\n<meta name=\"robots\" content=\"index, follow, max-snippet:-1, max-image-preview:large, max-video-preview:-1\" \/>\n<link rel=\"canonical\" href=\"https:\/\/interamerica.org\/fr\/2009\/01\/inter-amerique-le-siege-de-leglise-accueille-la-nouvelle-annee\/\" \/>\n<meta property=\"og:locale\" content=\"fr_FR\" \/>\n<meta property=\"og:type\" content=\"article\" \/>\n<meta property=\"og:title\" content=\"Inter Am\u00e9rique: Le Si\u00e8ge de l&#039;\u00e9glise accueille la nouvelle ann\u00e9e - \u00c9glise Adventiste Du Septieme Jour - Inter Am\u00e9rique Division\" \/>\n<meta property=\"og:description\" content=\"Les dirigeants et employ\u00e9s de l&#039;\u00e9glise Adventiste du si\u00e8ge de la Division Inter Am\u00e9ricaine (DIA) ont accueilli l&#039;ann\u00e9e 2009 sur une note spirituelle au cours d&#039;un culte sp\u00e9cial \u00e0 Miami en Florid\" \/>\n<meta property=\"og:url\" content=\"https:\/\/interamerica.org\/fr\/2009\/01\/inter-amerique-le-siege-de-leglise-accueille-la-nouvelle-annee\/\" \/>\n<meta property=\"og:site_name\" content=\"\u00c9glise Adventiste Du Septieme Jour - Inter Am\u00e9rique Division\" \/>\n<meta property=\"article:published_time\" content=\"2009-01-06T04:00:00+00:00\" \/>\n<meta property=\"article:modified_time\" content=\"2017-06-02T17:06:56+00:00\" \/>\n<meta name=\"author\" content=\"Lorenzo Verduzco\" \/>\n<meta name=\"twitter:card\" content=\"summary_large_image\" \/>\n<meta name=\"twitter:label1\" content=\"\u00c9crit par\" \/>\n\t<meta name=\"twitter:data1\" content=\"Lorenzo Verduzco\" \/>\n\t<meta name=\"twitter:label2\" content=\"Dur\u00e9e de lecture estim\u00e9e\" \/>\n\t<meta name=\"twitter:data2\" content=\"3 minutes\" \/>\n<script type=\"application\/ld+json\" class=\"yoast-schema-graph\">{\"@context\":\"https:\\\/\\\/schema.org\",\"@graph\":[{\"@type\":\"Article\",\"@id\":\"https:\\\/\\\/interamerica.org\\\/fr\\\/2009\\\/01\\\/inter-amerique-le-siege-de-leglise-accueille-la-nouvelle-annee\\\/#article\",\"isPartOf\":{\"@id\":\"https:\\\/\\\/interamerica.org\\\/fr\\\/2009\\\/01\\\/inter-amerique-le-siege-de-leglise-accueille-la-nouvelle-annee\\\/\"},\"author\":{\"name\":\"Lorenzo Verduzco\",\"@id\":\"https:\\\/\\\/interamerica.org\\\/fr\\\/#\\\/schema\\\/person\\\/68ede8bdc292885bb76c1e3810e73c39\"},\"headline\":\"Inter Am\u00e9rique: Le Si\u00e8ge de l&#39;\u00e9glise accueille la nouvelle ann\u00e9e\",\"datePublished\":\"2009-01-06T04:00:00+00:00\",\"dateModified\":\"2017-06-02T17:06:56+00:00\",\"mainEntityOfPage\":{\"@id\":\"https:\\\/\\\/interamerica.org\\\/fr\\\/2009\\\/01\\\/inter-amerique-le-siege-de-leglise-accueille-la-nouvelle-annee\\\/\"},\"wordCount\":560,\"articleSection\":[\"Archive\"],\"inLanguage\":\"fr-FR\"},{\"@type\":\"WebPage\",\"@id\":\"https:\\\/\\\/interamerica.org\\\/fr\\\/2009\\\/01\\\/inter-amerique-le-siege-de-leglise-accueille-la-nouvelle-annee\\\/\",\"url\":\"https:\\\/\\\/interamerica.org\\\/fr\\\/2009\\\/01\\\/inter-amerique-le-siege-de-leglise-accueille-la-nouvelle-annee\\\/\",\"name\":\"Inter Am\u00e9rique: Le Si\u00e8ge de l&#39;\u00e9glise accueille la nouvelle ann\u00e9e - \u00c9glise Adventiste Du Septieme Jour - Inter Am\u00e9rique Division\",\"isPartOf\":{\"@id\":\"https:\\\/\\\/interamerica.org\\\/fr\\\/#website\"},\"datePublished\":\"2009-01-06T04:00:00+00:00\",\"dateModified\":\"2017-06-02T17:06:56+00:00\",\"author\":{\"@id\":\"https:\\\/\\\/interamerica.org\\\/fr\\\/#\\\/schema\\\/person\\\/68ede8bdc292885bb76c1e3810e73c39\"},\"breadcrumb\":{\"@id\":\"https:\\\/\\\/interamerica.org\\\/fr\\\/2009\\\/01\\\/inter-amerique-le-siege-de-leglise-accueille-la-nouvelle-annee\\\/#breadcrumb\"},\"inLanguage\":\"fr-FR\",\"potentialAction\":[{\"@type\":\"ReadAction\",\"target\":[\"https:\\\/\\\/interamerica.org\\\/fr\\\/2009\\\/01\\\/inter-amerique-le-siege-de-leglise-accueille-la-nouvelle-annee\\\/\"]}]},{\"@type\":\"BreadcrumbList\",\"@id\":\"https:\\\/\\\/interamerica.org\\\/fr\\\/2009\\\/01\\\/inter-amerique-le-siege-de-leglise-accueille-la-nouvelle-annee\\\/#breadcrumb\",\"itemListElement\":[{\"@type\":\"ListItem\",\"position\":1,\"name\":\"Home\",\"item\":\"https:\\\/\\\/interamerica.org\\\/fr\\\/\"},{\"@type\":\"ListItem\",\"position\":2,\"name\":\"Inter Am\u00e9rique: Le Si\u00e8ge de l&#39;\u00e9glise accueille la nouvelle ann\u00e9e\"}]},{\"@type\":\"WebSite\",\"@id\":\"https:\\\/\\\/interamerica.org\\\/fr\\\/#website\",\"url\":\"https:\\\/\\\/interamerica.org\\\/fr\\\/\",\"name\":\"\u00c9glise Adventiste Du Septieme Jour - Inter Am\u00e9rique Division\",\"description\":\"\",\"potentialAction\":[{\"@type\":\"SearchAction\",\"target\":{\"@type\":\"EntryPoint\",\"urlTemplate\":\"https:\\\/\\\/interamerica.org\\\/fr\\\/?s={search_term_string}\"},\"query-input\":{\"@type\":\"PropertyValueSpecification\",\"valueRequired\":true,\"valueName\":\"search_term_string\"}}],\"inLanguage\":\"fr-FR\"},{\"@type\":\"Person\",\"@id\":\"https:\\\/\\\/interamerica.org\\\/fr\\\/#\\\/schema\\\/person\\\/68ede8bdc292885bb76c1e3810e73c39\",\"name\":\"Lorenzo Verduzco\",\"image\":{\"@type\":\"ImageObject\",\"inLanguage\":\"fr-FR\",\"@id\":\"https:\\\/\\\/secure.gravatar.com\\\/avatar\\\/fb81a55b6218459490a9c1dc841a34909185b81904c5337b4b27f7a6fd60c49e?s=96&d=mm&r=g\",\"url\":\"https:\\\/\\\/secure.gravatar.com\\\/avatar\\\/fb81a55b6218459490a9c1dc841a34909185b81904c5337b4b27f7a6fd60c49e?s=96&d=mm&r=g\",\"contentUrl\":\"https:\\\/\\\/secure.gravatar.com\\\/avatar\\\/fb81a55b6218459490a9c1dc841a34909185b81904c5337b4b27f7a6fd60c49e?s=96&d=mm&r=g\",\"caption\":\"Lorenzo Verduzco\"}}]}<\/script>\n<!-- \/ Yoast SEO plugin. -->","yoast_head_json":{"title":"Inter Am\u00e9rique: Le Si\u00e8ge de l&#39;\u00e9glise accueille la nouvelle ann\u00e9e - \u00c9glise Adventiste Du Septieme Jour - Inter Am\u00e9rique Division","robots":{"index":"index","follow":"follow","max-snippet":"max-snippet:-1","max-image-preview":"max-image-preview:large","max-video-preview":"max-video-preview:-1"},"canonical":"https:\/\/interamerica.org\/fr\/2009\/01\/inter-amerique-le-siege-de-leglise-accueille-la-nouvelle-annee\/","og_locale":"fr_FR","og_type":"article","og_title":"Inter Am\u00e9rique: Le Si\u00e8ge de l&#39;\u00e9glise accueille la nouvelle ann\u00e9e - \u00c9glise Adventiste Du Septieme Jour - Inter Am\u00e9rique Division","og_description":"Les dirigeants et employ\u00e9s de l&#39;\u00e9glise Adventiste du si\u00e8ge de la Division Inter Am\u00e9ricaine (DIA) ont accueilli l&#39;ann\u00e9e 2009 sur une note spirituelle au cours d&#39;un culte sp\u00e9cial \u00e0 Miami en Florid","og_url":"https:\/\/interamerica.org\/fr\/2009\/01\/inter-amerique-le-siege-de-leglise-accueille-la-nouvelle-annee\/","og_site_name":"\u00c9glise Adventiste Du Septieme Jour - Inter Am\u00e9rique Division","article_published_time":"2009-01-06T04:00:00+00:00","article_modified_time":"2017-06-02T17:06:56+00:00","author":"Lorenzo Verduzco","twitter_card":"summary_large_image","twitter_misc":{"\u00c9crit par":"Lorenzo Verduzco","Dur\u00e9e de lecture estim\u00e9e":"3 minutes"},"schema":{"@context":"https:\/\/schema.org","@graph":[{"@type":"Article","@id":"https:\/\/interamerica.org\/fr\/2009\/01\/inter-amerique-le-siege-de-leglise-accueille-la-nouvelle-annee\/#article","isPartOf":{"@id":"https:\/\/interamerica.org\/fr\/2009\/01\/inter-amerique-le-siege-de-leglise-accueille-la-nouvelle-annee\/"},"author":{"name":"Lorenzo Verduzco","@id":"https:\/\/interamerica.org\/fr\/#\/schema\/person\/68ede8bdc292885bb76c1e3810e73c39"},"headline":"Inter Am\u00e9rique: Le Si\u00e8ge de l&#39;\u00e9glise accueille la nouvelle ann\u00e9e","datePublished":"2009-01-06T04:00:00+00:00","dateModified":"2017-06-02T17:06:56+00:00","mainEntityOfPage":{"@id":"https:\/\/interamerica.org\/fr\/2009\/01\/inter-amerique-le-siege-de-leglise-accueille-la-nouvelle-annee\/"},"wordCount":560,"articleSection":["Archive"],"inLanguage":"fr-FR"},{"@type":"WebPage","@id":"https:\/\/interamerica.org\/fr\/2009\/01\/inter-amerique-le-siege-de-leglise-accueille-la-nouvelle-annee\/","url":"https:\/\/interamerica.org\/fr\/2009\/01\/inter-amerique-le-siege-de-leglise-accueille-la-nouvelle-annee\/","name":"Inter Am\u00e9rique: Le Si\u00e8ge de l&#39;\u00e9glise accueille la nouvelle ann\u00e9e - \u00c9glise Adventiste Du Septieme Jour - Inter Am\u00e9rique Division","isPartOf":{"@id":"https:\/\/interamerica.org\/fr\/#website"},"datePublished":"2009-01-06T04:00:00+00:00","dateModified":"2017-06-02T17:06:56+00:00","author":{"@id":"https:\/\/interamerica.org\/fr\/#\/schema\/person\/68ede8bdc292885bb76c1e3810e73c39"},"breadcrumb":{"@id":"https:\/\/interamerica.org\/fr\/2009\/01\/inter-amerique-le-siege-de-leglise-accueille-la-nouvelle-annee\/#breadcrumb"},"inLanguage":"fr-FR","potentialAction":[{"@type":"ReadAction","target":["https:\/\/interamerica.org\/fr\/2009\/01\/inter-amerique-le-siege-de-leglise-accueille-la-nouvelle-annee\/"]}]},{"@type":"BreadcrumbList","@id":"https:\/\/interamerica.org\/fr\/2009\/01\/inter-amerique-le-siege-de-leglise-accueille-la-nouvelle-annee\/#breadcrumb","itemListElement":[{"@type":"ListItem","position":1,"name":"Home","item":"https:\/\/interamerica.org\/fr\/"},{"@type":"ListItem","position":2,"name":"Inter Am\u00e9rique: Le Si\u00e8ge de l&#39;\u00e9glise accueille la nouvelle ann\u00e9e"}]},{"@type":"WebSite","@id":"https:\/\/interamerica.org\/fr\/#website","url":"https:\/\/interamerica.org\/fr\/","name":"\u00c9glise Adventiste Du Septieme Jour - Inter Am\u00e9rique Division","description":"","potentialAction":[{"@type":"SearchAction","target":{"@type":"EntryPoint","urlTemplate":"https:\/\/interamerica.org\/fr\/?s={search_term_string}"},"query-input":{"@type":"PropertyValueSpecification","valueRequired":true,"valueName":"search_term_string"}}],"inLanguage":"fr-FR"},{"@type":"Person","@id":"https:\/\/interamerica.org\/fr\/#\/schema\/person\/68ede8bdc292885bb76c1e3810e73c39","name":"Lorenzo Verduzco","image":{"@type":"ImageObject","inLanguage":"fr-FR","@id":"https:\/\/secure.gravatar.com\/avatar\/fb81a55b6218459490a9c1dc841a34909185b81904c5337b4b27f7a6fd60c49e?s=96&d=mm&r=g","url":"https:\/\/secure.gravatar.com\/avatar\/fb81a55b6218459490a9c1dc841a34909185b81904c5337b4b27f7a6fd60c49e?s=96&d=mm&r=g","contentUrl":"https:\/\/secure.gravatar.com\/avatar\/fb81a55b6218459490a9c1dc841a34909185b81904c5337b4b27f7a6fd60c49e?s=96&d=mm&r=g","caption":"Lorenzo Verduzco"}}]}},"_links":{"self":[{"href":"https:\/\/interamerica.org\/fr\/wp-json\/wp\/v2\/posts\/13095","targetHints":{"allow":["GET"]}}],"collection":[{"href":"https:\/\/interamerica.org\/fr\/wp-json\/wp\/v2\/posts"}],"about":[{"href":"https:\/\/interamerica.org\/fr\/wp-json\/wp\/v2\/types\/post"}],"author":[{"embeddable":true,"href":"https:\/\/interamerica.org\/fr\/wp-json\/wp\/v2\/users\/1"}],"replies":[{"embeddable":true,"href":"https:\/\/interamerica.org\/fr\/wp-json\/wp\/v2\/comments?post=13095"}],"version-history":[{"count":0,"href":"https:\/\/interamerica.org\/fr\/wp-json\/wp\/v2\/posts\/13095\/revisions"}],"wp:attachment":[{"href":"https:\/\/interamerica.org\/fr\/wp-json\/wp\/v2\/media?parent=13095"}],"wp:term":[{"taxonomy":"category","embeddable":true,"href":"https:\/\/interamerica.org\/fr\/wp-json\/wp\/v2\/categories?post=13095"},{"taxonomy":"post_tag","embeddable":true,"href":"https:\/\/interamerica.org\/fr\/wp-json\/wp\/v2\/tags?post=13095"}],"curies":[{"name":"wp","href":"https:\/\/api.w.org\/{rel}","templated":true}]}}