{"id":13096,"date":"2009-01-12T00:00:00","date_gmt":"2009-01-12T04:00:00","guid":{"rendered":"http:\/\/192.81.217.108\/interamerica\/2009\/01\/costa-rica-leglise-adventiste-apporte-son-aide-au-lendemain-du-seisme\/"},"modified":"2017-06-02T13:06:54","modified_gmt":"2017-06-02T17:06:54","slug":"costa-rica-leglise-adventiste-apporte-son-aide-au-lendemain-du-seisme","status":"publish","type":"post","link":"https:\/\/interamerica.org\/fr\/2009\/01\/costa-rica-leglise-adventiste-apporte-son-aide-au-lendemain-du-seisme\/","title":{"rendered":"Costa Rica : L&#39;Eglise Adventiste apporte son aide au lendemain du s\u00e9isme."},"content":{"rendered":"<p><em >12 Janvier 2009<\/em > &#8211; Alajuela, Costa Rica&#8230;[Libna Stevens\/DIA] <\/p>\n<\/p>\n<p>L&#39;Eglise Adventiste du Septi\u00e8me jour et l&#39;Agence Adventiste de D\u00e9veloppement et de Secours (ADRA) au Costa Rica sont encore en train d&#39;\u00e9valuer les d\u00e9g\u00e2ts inflig\u00e9s par un tremblement de terre d&#39;une magnitude de 6,1 qui a frapp\u00e9 le nord du pays le jeudi 8 janvier dernier. Des dizaines de personnes sont port\u00e9es disparues et des milliers sont sans eau, sans \u00e9lectricit\u00e9 et t\u00e9l\u00e9phone. Bien que le bilan des victimes s&#39;\u00e9l\u00e8ve \u00e0 20 pour le moment, les dirigeants d&#39;\u00e9glise n&#39;ont pas fait \u00e9tat de d\u00e9c\u00e8s parmi les membres. <\/p>\n<\/p>\n<p>L&#39;\u00e9picentre du s\u00e9isme \u00e9tait situ\u00e9 \u00e0 quelques 35 km au nord ouest de San Jos\u00e9 pr\u00e8s du Parc National du Volcan Poas. <\/p>\n<\/p>\n<p>\u00ab La situation est tr\u00e8s p\u00e9nible, \u00bb a d\u00e9clar\u00e9 Roberto Romero, directeur d&#39;ADRA Costa Rica. \u00ab Le s\u00e9isme a touch\u00e9 une r\u00e9gion montagneuse avec peu d&#39;habitants et de maisons, cependant quelques 42 petites communaut\u00e9s ont compl\u00e8tement disparu, elles sont maintenant comme des villes fant\u00f4mes. \u00bb <\/p>\n<\/p>\n<p>Pasteur Marlon Moodie, secr\u00e9taire ex\u00e9cutif et directeur de communication pour l&#39;\u00e9glise Adventiste \u00e0 l&#39;Union du Sud de l&#39;Am\u00e9rique Centrale dont le si\u00e8ge est \u00e0 Alajuela au Costa Rica, a indiqu\u00e9 que des rapports leur parviennent au sujet de membres qui ont perdu leurs maisons. Selon pasteur Moodie, UNADECA, l&#39;Universit\u00e9 Adventiste \u00e0 Alajuela a subi des d\u00e9g\u00e2ts au niveau de son \u00e9glise, sa biblioth\u00e8que, sa cafeteria ainsi que le b\u00e2timent de l&#39;\u00e9cole d&#39;ing\u00e9nierie. <\/p>\n<\/p>\n<p>\u00ab La plus forte secousse s&#39;est produite dans la r\u00e9gion de la Mission Nord du Costa Rica qui supervise plus de 55 \u00e9glises, \u00bb  a dit pasteur Moodie. \u00ab Trois de nos bureaux r\u00e9gionaux (au Costa Rica) ont commenc\u00e9 \u00e0 collecter de la nourriture qui doit \u00eatre distribu\u00e9e. \u00bb  Les dirigeants d&#39;\u00e9glise sont encore en train de s&#39;assurer que tous les membres sont pr\u00e9sents \u00e0 l&#39;appel et \u00e9galement d&#39;\u00e9valuer les d\u00e9g\u00e2ts alors que les routes commencent \u00e0 \u00eatre \u00e0 nouveau ouvertes pour permettre les d\u00e9placements. <\/p>\n<\/p>\n<p>Selon Roberto Romero, quelques 20 jeunes adventistes \u00e9l\u00e8ves officiers de San Jose offraient des soins m\u00e9dicaux au lendemain du s\u00e9isme. Des dizaines de jeunes Adventistes se sont \u00e9galement port\u00e9s volontaires avec la Commission d&#39;Urgence Nationale du Costa Rica afin d&#39;aider dans les interventions et les op\u00e9rations d&#39;aide apr\u00e8s le tremblement de terre. <\/p>\n<\/p>\n<p>ADRA Costa Rica continue de coordonner ses efforts avec les \u00e9glises Adventistes locales pour ce qui est de la collecte de nourriture qui sera distribu\u00e9e dans des centres d\u00e9sign\u00e9s par le gouvernement. Des collectes de nourritures suppl\u00e9mentaires ainsi que des distributions sont pr\u00e9vues tout au long de cette semaine a dit Roberto Romero. <\/p>\n<\/p>\n<p>Situ\u00e9 en Am\u00e9rique Centrale entre le Nicaragua et le Panama, le Costa Rica compte pr\u00e8s de 60000 Adventistes du Septi\u00e8me jour qui se r\u00e9unissent dans 173 \u00e9glises. <\/p>\n","protected":false},"excerpt":{"rendered":"<p>L&#39;Eglise Adventiste du Septi\u00e8me jour et l&#39;Agence Adventiste de D\u00e9veloppement et de Secours (ADRA) au Costa Rica sont encore en train d&#39;\u00e9valuer les d\u00e9g\u00e2ts inflig\u00e9s par un tremblement de terre d&#39;une m<\/p>\n","protected":false},"author":1,"featured_media":0,"comment_status":"closed","ping_status":"closed","sticky":false,"template":"","format":"standard","meta":{"_acf_changed":false,"footnotes":""},"categories":[9],"tags":[],"class_list":["post-13096","post","type-post","status-publish","format-standard","hentry","category-archive-fr"],"acf":[],"yoast_head":"<!-- This site is optimized with the Yoast SEO plugin v27.3 - https:\/\/yoast.com\/product\/yoast-seo-wordpress\/ -->\n<title>Costa Rica : L&#039;Eglise Adventiste apporte son aide au lendemain du s\u00e9isme. - \u00c9glise Adventiste Du Septieme Jour - Inter Am\u00e9rique Division<\/title>\n<meta name=\"robots\" content=\"index, follow, max-snippet:-1, max-image-preview:large, max-video-preview:-1\" \/>\n<link rel=\"canonical\" href=\"https:\/\/interamerica.org\/fr\/2009\/01\/costa-rica-leglise-adventiste-apporte-son-aide-au-lendemain-du-seisme\/\" \/>\n<meta property=\"og:locale\" content=\"fr_FR\" \/>\n<meta property=\"og:type\" content=\"article\" \/>\n<meta property=\"og:title\" content=\"Costa Rica : L&#039;Eglise Adventiste apporte son aide au lendemain du s\u00e9isme. - \u00c9glise Adventiste Du Septieme Jour - Inter Am\u00e9rique Division\" \/>\n<meta property=\"og:description\" content=\"L&#039;Eglise Adventiste du Septi\u00e8me jour et l&#039;Agence Adventiste de D\u00e9veloppement et de Secours (ADRA) au Costa Rica sont encore en train d&#039;\u00e9valuer les d\u00e9g\u00e2ts inflig\u00e9s par un tremblement de terre d&#039;une m\" \/>\n<meta property=\"og:url\" content=\"https:\/\/interamerica.org\/fr\/2009\/01\/costa-rica-leglise-adventiste-apporte-son-aide-au-lendemain-du-seisme\/\" \/>\n<meta property=\"og:site_name\" content=\"\u00c9glise Adventiste Du Septieme Jour - Inter Am\u00e9rique Division\" \/>\n<meta property=\"article:published_time\" content=\"2009-01-12T04:00:00+00:00\" \/>\n<meta property=\"article:modified_time\" content=\"2017-06-02T17:06:54+00:00\" \/>\n<meta name=\"author\" content=\"Lorenzo Verduzco\" \/>\n<meta name=\"twitter:card\" content=\"summary_large_image\" \/>\n<meta name=\"twitter:label1\" content=\"\u00c9crit par\" \/>\n\t<meta name=\"twitter:data1\" content=\"Lorenzo Verduzco\" \/>\n\t<meta name=\"twitter:label2\" content=\"Dur\u00e9e de lecture estim\u00e9e\" \/>\n\t<meta name=\"twitter:data2\" content=\"3 minutes\" \/>\n<script type=\"application\/ld+json\" class=\"yoast-schema-graph\">{\"@context\":\"https:\\\/\\\/schema.org\",\"@graph\":[{\"@type\":\"Article\",\"@id\":\"https:\\\/\\\/interamerica.org\\\/fr\\\/2009\\\/01\\\/costa-rica-leglise-adventiste-apporte-son-aide-au-lendemain-du-seisme\\\/#article\",\"isPartOf\":{\"@id\":\"https:\\\/\\\/interamerica.org\\\/fr\\\/2009\\\/01\\\/costa-rica-leglise-adventiste-apporte-son-aide-au-lendemain-du-seisme\\\/\"},\"author\":{\"name\":\"Lorenzo Verduzco\",\"@id\":\"https:\\\/\\\/interamerica.org\\\/fr\\\/#\\\/schema\\\/person\\\/68ede8bdc292885bb76c1e3810e73c39\"},\"headline\":\"Costa Rica : L&#39;Eglise Adventiste apporte son aide au lendemain du s\u00e9isme.\",\"datePublished\":\"2009-01-12T04:00:00+00:00\",\"dateModified\":\"2017-06-02T17:06:54+00:00\",\"mainEntityOfPage\":{\"@id\":\"https:\\\/\\\/interamerica.org\\\/fr\\\/2009\\\/01\\\/costa-rica-leglise-adventiste-apporte-son-aide-au-lendemain-du-seisme\\\/\"},\"wordCount\":514,\"articleSection\":[\"Archive\"],\"inLanguage\":\"fr-FR\"},{\"@type\":\"WebPage\",\"@id\":\"https:\\\/\\\/interamerica.org\\\/fr\\\/2009\\\/01\\\/costa-rica-leglise-adventiste-apporte-son-aide-au-lendemain-du-seisme\\\/\",\"url\":\"https:\\\/\\\/interamerica.org\\\/fr\\\/2009\\\/01\\\/costa-rica-leglise-adventiste-apporte-son-aide-au-lendemain-du-seisme\\\/\",\"name\":\"Costa Rica : L&#39;Eglise Adventiste apporte son aide au lendemain du s\u00e9isme. - \u00c9glise Adventiste Du Septieme Jour - Inter Am\u00e9rique Division\",\"isPartOf\":{\"@id\":\"https:\\\/\\\/interamerica.org\\\/fr\\\/#website\"},\"datePublished\":\"2009-01-12T04:00:00+00:00\",\"dateModified\":\"2017-06-02T17:06:54+00:00\",\"author\":{\"@id\":\"https:\\\/\\\/interamerica.org\\\/fr\\\/#\\\/schema\\\/person\\\/68ede8bdc292885bb76c1e3810e73c39\"},\"breadcrumb\":{\"@id\":\"https:\\\/\\\/interamerica.org\\\/fr\\\/2009\\\/01\\\/costa-rica-leglise-adventiste-apporte-son-aide-au-lendemain-du-seisme\\\/#breadcrumb\"},\"inLanguage\":\"fr-FR\",\"potentialAction\":[{\"@type\":\"ReadAction\",\"target\":[\"https:\\\/\\\/interamerica.org\\\/fr\\\/2009\\\/01\\\/costa-rica-leglise-adventiste-apporte-son-aide-au-lendemain-du-seisme\\\/\"]}]},{\"@type\":\"BreadcrumbList\",\"@id\":\"https:\\\/\\\/interamerica.org\\\/fr\\\/2009\\\/01\\\/costa-rica-leglise-adventiste-apporte-son-aide-au-lendemain-du-seisme\\\/#breadcrumb\",\"itemListElement\":[{\"@type\":\"ListItem\",\"position\":1,\"name\":\"Home\",\"item\":\"https:\\\/\\\/interamerica.org\\\/fr\\\/\"},{\"@type\":\"ListItem\",\"position\":2,\"name\":\"Costa Rica : L&#39;Eglise Adventiste apporte son aide au lendemain du s\u00e9isme.\"}]},{\"@type\":\"WebSite\",\"@id\":\"https:\\\/\\\/interamerica.org\\\/fr\\\/#website\",\"url\":\"https:\\\/\\\/interamerica.org\\\/fr\\\/\",\"name\":\"\u00c9glise Adventiste Du Septieme Jour - Inter Am\u00e9rique Division\",\"description\":\"\",\"potentialAction\":[{\"@type\":\"SearchAction\",\"target\":{\"@type\":\"EntryPoint\",\"urlTemplate\":\"https:\\\/\\\/interamerica.org\\\/fr\\\/?s={search_term_string}\"},\"query-input\":{\"@type\":\"PropertyValueSpecification\",\"valueRequired\":true,\"valueName\":\"search_term_string\"}}],\"inLanguage\":\"fr-FR\"},{\"@type\":\"Person\",\"@id\":\"https:\\\/\\\/interamerica.org\\\/fr\\\/#\\\/schema\\\/person\\\/68ede8bdc292885bb76c1e3810e73c39\",\"name\":\"Lorenzo Verduzco\",\"image\":{\"@type\":\"ImageObject\",\"inLanguage\":\"fr-FR\",\"@id\":\"https:\\\/\\\/secure.gravatar.com\\\/avatar\\\/fb81a55b6218459490a9c1dc841a34909185b81904c5337b4b27f7a6fd60c49e?s=96&d=mm&r=g\",\"url\":\"https:\\\/\\\/secure.gravatar.com\\\/avatar\\\/fb81a55b6218459490a9c1dc841a34909185b81904c5337b4b27f7a6fd60c49e?s=96&d=mm&r=g\",\"contentUrl\":\"https:\\\/\\\/secure.gravatar.com\\\/avatar\\\/fb81a55b6218459490a9c1dc841a34909185b81904c5337b4b27f7a6fd60c49e?s=96&d=mm&r=g\",\"caption\":\"Lorenzo Verduzco\"}}]}<\/script>\n<!-- \/ Yoast SEO plugin. -->","yoast_head_json":{"title":"Costa Rica : L&#39;Eglise Adventiste apporte son aide au lendemain du s\u00e9isme. - \u00c9glise Adventiste Du Septieme Jour - Inter Am\u00e9rique Division","robots":{"index":"index","follow":"follow","max-snippet":"max-snippet:-1","max-image-preview":"max-image-preview:large","max-video-preview":"max-video-preview:-1"},"canonical":"https:\/\/interamerica.org\/fr\/2009\/01\/costa-rica-leglise-adventiste-apporte-son-aide-au-lendemain-du-seisme\/","og_locale":"fr_FR","og_type":"article","og_title":"Costa Rica : L&#39;Eglise Adventiste apporte son aide au lendemain du s\u00e9isme. - \u00c9glise Adventiste Du Septieme Jour - Inter Am\u00e9rique Division","og_description":"L&#39;Eglise Adventiste du Septi\u00e8me jour et l&#39;Agence Adventiste de D\u00e9veloppement et de Secours (ADRA) au Costa Rica sont encore en train d&#39;\u00e9valuer les d\u00e9g\u00e2ts inflig\u00e9s par un tremblement de terre d&#39;une m","og_url":"https:\/\/interamerica.org\/fr\/2009\/01\/costa-rica-leglise-adventiste-apporte-son-aide-au-lendemain-du-seisme\/","og_site_name":"\u00c9glise Adventiste Du Septieme Jour - Inter Am\u00e9rique Division","article_published_time":"2009-01-12T04:00:00+00:00","article_modified_time":"2017-06-02T17:06:54+00:00","author":"Lorenzo Verduzco","twitter_card":"summary_large_image","twitter_misc":{"\u00c9crit par":"Lorenzo Verduzco","Dur\u00e9e de lecture estim\u00e9e":"3 minutes"},"schema":{"@context":"https:\/\/schema.org","@graph":[{"@type":"Article","@id":"https:\/\/interamerica.org\/fr\/2009\/01\/costa-rica-leglise-adventiste-apporte-son-aide-au-lendemain-du-seisme\/#article","isPartOf":{"@id":"https:\/\/interamerica.org\/fr\/2009\/01\/costa-rica-leglise-adventiste-apporte-son-aide-au-lendemain-du-seisme\/"},"author":{"name":"Lorenzo Verduzco","@id":"https:\/\/interamerica.org\/fr\/#\/schema\/person\/68ede8bdc292885bb76c1e3810e73c39"},"headline":"Costa Rica : L&#39;Eglise Adventiste apporte son aide au lendemain du s\u00e9isme.","datePublished":"2009-01-12T04:00:00+00:00","dateModified":"2017-06-02T17:06:54+00:00","mainEntityOfPage":{"@id":"https:\/\/interamerica.org\/fr\/2009\/01\/costa-rica-leglise-adventiste-apporte-son-aide-au-lendemain-du-seisme\/"},"wordCount":514,"articleSection":["Archive"],"inLanguage":"fr-FR"},{"@type":"WebPage","@id":"https:\/\/interamerica.org\/fr\/2009\/01\/costa-rica-leglise-adventiste-apporte-son-aide-au-lendemain-du-seisme\/","url":"https:\/\/interamerica.org\/fr\/2009\/01\/costa-rica-leglise-adventiste-apporte-son-aide-au-lendemain-du-seisme\/","name":"Costa Rica : L&#39;Eglise Adventiste apporte son aide au lendemain du s\u00e9isme. - \u00c9glise Adventiste Du Septieme Jour - Inter Am\u00e9rique Division","isPartOf":{"@id":"https:\/\/interamerica.org\/fr\/#website"},"datePublished":"2009-01-12T04:00:00+00:00","dateModified":"2017-06-02T17:06:54+00:00","author":{"@id":"https:\/\/interamerica.org\/fr\/#\/schema\/person\/68ede8bdc292885bb76c1e3810e73c39"},"breadcrumb":{"@id":"https:\/\/interamerica.org\/fr\/2009\/01\/costa-rica-leglise-adventiste-apporte-son-aide-au-lendemain-du-seisme\/#breadcrumb"},"inLanguage":"fr-FR","potentialAction":[{"@type":"ReadAction","target":["https:\/\/interamerica.org\/fr\/2009\/01\/costa-rica-leglise-adventiste-apporte-son-aide-au-lendemain-du-seisme\/"]}]},{"@type":"BreadcrumbList","@id":"https:\/\/interamerica.org\/fr\/2009\/01\/costa-rica-leglise-adventiste-apporte-son-aide-au-lendemain-du-seisme\/#breadcrumb","itemListElement":[{"@type":"ListItem","position":1,"name":"Home","item":"https:\/\/interamerica.org\/fr\/"},{"@type":"ListItem","position":2,"name":"Costa Rica : L&#39;Eglise Adventiste apporte son aide au lendemain du s\u00e9isme."}]},{"@type":"WebSite","@id":"https:\/\/interamerica.org\/fr\/#website","url":"https:\/\/interamerica.org\/fr\/","name":"\u00c9glise Adventiste Du Septieme Jour - Inter Am\u00e9rique Division","description":"","potentialAction":[{"@type":"SearchAction","target":{"@type":"EntryPoint","urlTemplate":"https:\/\/interamerica.org\/fr\/?s={search_term_string}"},"query-input":{"@type":"PropertyValueSpecification","valueRequired":true,"valueName":"search_term_string"}}],"inLanguage":"fr-FR"},{"@type":"Person","@id":"https:\/\/interamerica.org\/fr\/#\/schema\/person\/68ede8bdc292885bb76c1e3810e73c39","name":"Lorenzo Verduzco","image":{"@type":"ImageObject","inLanguage":"fr-FR","@id":"https:\/\/secure.gravatar.com\/avatar\/fb81a55b6218459490a9c1dc841a34909185b81904c5337b4b27f7a6fd60c49e?s=96&d=mm&r=g","url":"https:\/\/secure.gravatar.com\/avatar\/fb81a55b6218459490a9c1dc841a34909185b81904c5337b4b27f7a6fd60c49e?s=96&d=mm&r=g","contentUrl":"https:\/\/secure.gravatar.com\/avatar\/fb81a55b6218459490a9c1dc841a34909185b81904c5337b4b27f7a6fd60c49e?s=96&d=mm&r=g","caption":"Lorenzo Verduzco"}}]}},"_links":{"self":[{"href":"https:\/\/interamerica.org\/fr\/wp-json\/wp\/v2\/posts\/13096","targetHints":{"allow":["GET"]}}],"collection":[{"href":"https:\/\/interamerica.org\/fr\/wp-json\/wp\/v2\/posts"}],"about":[{"href":"https:\/\/interamerica.org\/fr\/wp-json\/wp\/v2\/types\/post"}],"author":[{"embeddable":true,"href":"https:\/\/interamerica.org\/fr\/wp-json\/wp\/v2\/users\/1"}],"replies":[{"embeddable":true,"href":"https:\/\/interamerica.org\/fr\/wp-json\/wp\/v2\/comments?post=13096"}],"version-history":[{"count":0,"href":"https:\/\/interamerica.org\/fr\/wp-json\/wp\/v2\/posts\/13096\/revisions"}],"wp:attachment":[{"href":"https:\/\/interamerica.org\/fr\/wp-json\/wp\/v2\/media?parent=13096"}],"wp:term":[{"taxonomy":"category","embeddable":true,"href":"https:\/\/interamerica.org\/fr\/wp-json\/wp\/v2\/categories?post=13096"},{"taxonomy":"post_tag","embeddable":true,"href":"https:\/\/interamerica.org\/fr\/wp-json\/wp\/v2\/tags?post=13096"}],"curies":[{"name":"wp","href":"https:\/\/api.w.org\/{rel}","templated":true}]}}