{"id":13097,"date":"2009-01-13T00:00:00","date_gmt":"2009-01-13T04:00:00","guid":{"rendered":"http:\/\/192.81.217.108\/interamerica\/2009\/01\/jamaique-un-dirigeant-adventiste-est-nomme-gouverneur-general\/"},"modified":"2017-06-02T13:06:53","modified_gmt":"2017-06-02T17:06:53","slug":"jamaique-un-dirigeant-adventiste-est-nomme-gouverneur-general","status":"publish","type":"post","link":"https:\/\/interamerica.org\/fr\/2009\/01\/jamaique-un-dirigeant-adventiste-est-nomme-gouverneur-general\/","title":{"rendered":"Jama\u00efque:  Un dirigeant Adventiste est nomm\u00e9 gouverneur g\u00e9n\u00e9ral"},"content":{"rendered":"<p>13 janvier 2009, Mandeville, Jama\u00efque&#8230; (Libna Stevens\/Nigel Coke\/DIA) Mandeville) <\/p>\n<p>Le gouvernement de la Jama\u00efque a annonc\u00e9 aujourd&#39;hui la nomination du Dr. Patrick Allen, pr\u00e9sident de l&#39;\u00e9glise de la r\u00e9gion des Indes Occidentales, en tant que Gouverneur G\u00e9n\u00e9ral de l&#39;Etat.  L&#39;annonce a \u00e9t\u00e9 faite par le Premier Ministre de Jama\u00efque l&#39;Honorable Bruce Golding qui s&#39;adressait au parlement. <\/p>\n<p>Dr. Allen doit pr\u00eater serment en tant que Gouverneur G\u00e9n\u00e9ral au \u00ab\u00a0King&#39;s House\u00a0\u00bb le 26 f\u00e9vrier 2009. <\/p>\n<p>Dr. Allen sera le premier dirigeant de l&#39;\u00e9glise \u00e0 occuper pareille fonction au sein du  gouvernement de la Jama\u00efque et le deuxi\u00e8me Adventiste de l&#39;Inter-Am\u00e9rique \u00e0 assumer une telle charge.  Sir James Carlisle a servi en tant que Gouverneur d&#39;Antigua de 1993 \u00e0 2007. <\/p>\n<p>Le choix du Dr. Allen en tant que Gouverneur G\u00e9n\u00e9ral de Jama\u00efque repr\u00e9sente un moment historique pour la Jama\u00efque et le champ mondial,\u00a0\u00bb a dit Pasteur Israel Leito, pr\u00e9sident de l&#39;\u00e9glise  de l&#39;Inter-Am\u00e9rique.  \u00ab\u00a0La Division Inter-Am\u00e9ricaine se r\u00e9jouit que l&#39;un de ses dirigeants de par le biais de sa haute position dans l&#39;\u00e9glise ait pu obtenir pareille notori\u00e9t\u00e9.\u00a0\u00bb <\/p>\n<p>\u00ab\u00a0Nous souhaitons beaucoup de succ\u00e8s au Dr. Allen, quand on consid\u00e8re les d\u00e9fis s\u00e9rieux auxquels il devra faire face &#8211; tout en \u00e9tant un dirigeant n&#39;ayant aucune autorit\u00e9 politique mais est pourtant le responsable de toute une nation, a poursuivi Pasteur Leito.  \u00ab\u00a0Nous  continuerons \u00e0 prier pour lui et il peut \u00eatre assur\u00e9 que les portes du minist\u00e8re lui seront toujours ouvertes toutes les fois qu&#39;il aurait d\u00e9sir\u00e9 y revenir.  L&#39;\u00e9glise continuera \u00e0 prier pour lui alors qu&#39;il assume cette fonction.    <\/p>\n<p>Dr. Allen, qui d\u00e9tient un Ph.D. en gestion et supervision dans le domaine de l&#39;\u00e9ducation, une ma\u00eetrise en th\u00e9ologie syst\u00e9mique et un dipl\u00f4me de bachelier en histoire et religion, a oeuvr\u00e9 pendant plus de 27 ans au sein de l&#39;\u00e9glise.  Il a servi en tant que pr\u00e9sident de la r\u00e9gion des Indes Occidentales de l&#39;\u00e9glise depuis 2000 et a pr\u00e9c\u00e9demment travaill\u00e9 en tant que pasteur de district, directeur et professeur. <\/p>\n<p>A pr\u00e9sent, Dr. Allen fait partie de plusieurs conseils et comit\u00e9s nationaux y compris ceux du Bureau Responsable de la Supervision de la Police Civile, du Comit\u00e9 Responsable de l&#39;Ex\u00e9cution de R\u00e9vision Strat\u00e9gique des Forces de Police de la Jama\u00efque.  Il est un Juge de Paix de la commune de Manchester, en Jama\u00efque. <\/p>\n<p>En ce qui concerne la supervision des 262.000 membres de l&#39;Eglise Adventiste des Indes Occidentales, Pasteur Leito a d\u00e9clar\u00e9 qu&#39;il va rencontrer le comit\u00e9 de l&#39;uion pour \u00e9lire un nouveau pr\u00e9sident de l&#39;\u00e9glise le 10 f\u00e9vrier 2009. <\/p>\n<p>Dr. Allen et sa femme Denise Patricia Beckford ont trois enfants et trois petits-enfants.   <\/p><\/p>\n","protected":false},"excerpt":{"rendered":"<p>Le gouvernement de la Jama\u00efque a annonc\u00e9 aujourd&#39;hui la nomination du Dr. Patrick Allen, pr\u00e9sident de l&#39;\u00e9glise de la r\u00e9gion des Indes Occidentales, en tant que Gouverneur G\u00e9n\u00e9ral de l&#39;Etat.  L&#038;#39<\/p>\n","protected":false},"author":1,"featured_media":0,"comment_status":"closed","ping_status":"closed","sticky":false,"template":"","format":"standard","meta":{"_acf_changed":false,"footnotes":""},"categories":[9],"tags":[],"class_list":["post-13097","post","type-post","status-publish","format-standard","hentry","category-archive-fr"],"acf":[],"yoast_head":"<!-- This site is optimized with the Yoast SEO plugin v27.3 - https:\/\/yoast.com\/product\/yoast-seo-wordpress\/ -->\n<title>Jama\u00efque: Un dirigeant Adventiste est nomm\u00e9 gouverneur g\u00e9n\u00e9ral - \u00c9glise Adventiste Du Septieme Jour - Inter Am\u00e9rique Division<\/title>\n<meta name=\"robots\" content=\"index, follow, max-snippet:-1, max-image-preview:large, max-video-preview:-1\" \/>\n<link rel=\"canonical\" href=\"https:\/\/interamerica.org\/fr\/2009\/01\/jamaique-un-dirigeant-adventiste-est-nomme-gouverneur-general\/\" \/>\n<meta property=\"og:locale\" content=\"fr_FR\" \/>\n<meta property=\"og:type\" content=\"article\" \/>\n<meta property=\"og:title\" content=\"Jama\u00efque: Un dirigeant Adventiste est nomm\u00e9 gouverneur g\u00e9n\u00e9ral - \u00c9glise Adventiste Du Septieme Jour - Inter Am\u00e9rique Division\" \/>\n<meta property=\"og:description\" content=\"Le gouvernement de la Jama\u00efque a annonc\u00e9 aujourd&#039;hui la nomination du Dr. Patrick Allen, pr\u00e9sident de l&#039;\u00e9glise de la r\u00e9gion des Indes Occidentales, en tant que Gouverneur G\u00e9n\u00e9ral de l&#039;Etat. L&amp;#39\" \/>\n<meta property=\"og:url\" content=\"https:\/\/interamerica.org\/fr\/2009\/01\/jamaique-un-dirigeant-adventiste-est-nomme-gouverneur-general\/\" \/>\n<meta property=\"og:site_name\" content=\"\u00c9glise Adventiste Du Septieme Jour - Inter Am\u00e9rique Division\" \/>\n<meta property=\"article:published_time\" content=\"2009-01-13T04:00:00+00:00\" \/>\n<meta property=\"article:modified_time\" content=\"2017-06-02T17:06:53+00:00\" \/>\n<meta name=\"author\" content=\"Lorenzo Verduzco\" \/>\n<meta name=\"twitter:card\" content=\"summary_large_image\" \/>\n<meta name=\"twitter:label1\" content=\"\u00c9crit par\" \/>\n\t<meta name=\"twitter:data1\" content=\"Lorenzo Verduzco\" \/>\n\t<meta name=\"twitter:label2\" content=\"Dur\u00e9e de lecture estim\u00e9e\" \/>\n\t<meta name=\"twitter:data2\" content=\"2 minutes\" \/>\n<script type=\"application\/ld+json\" class=\"yoast-schema-graph\">{\"@context\":\"https:\\\/\\\/schema.org\",\"@graph\":[{\"@type\":\"Article\",\"@id\":\"https:\\\/\\\/interamerica.org\\\/fr\\\/2009\\\/01\\\/jamaique-un-dirigeant-adventiste-est-nomme-gouverneur-general\\\/#article\",\"isPartOf\":{\"@id\":\"https:\\\/\\\/interamerica.org\\\/fr\\\/2009\\\/01\\\/jamaique-un-dirigeant-adventiste-est-nomme-gouverneur-general\\\/\"},\"author\":{\"name\":\"Lorenzo Verduzco\",\"@id\":\"https:\\\/\\\/interamerica.org\\\/fr\\\/#\\\/schema\\\/person\\\/68ede8bdc292885bb76c1e3810e73c39\"},\"headline\":\"Jama\u00efque: Un dirigeant Adventiste est nomm\u00e9 gouverneur g\u00e9n\u00e9ral\",\"datePublished\":\"2009-01-13T04:00:00+00:00\",\"dateModified\":\"2017-06-02T17:06:53+00:00\",\"mainEntityOfPage\":{\"@id\":\"https:\\\/\\\/interamerica.org\\\/fr\\\/2009\\\/01\\\/jamaique-un-dirigeant-adventiste-est-nomme-gouverneur-general\\\/\"},\"wordCount\":503,\"articleSection\":[\"Archive\"],\"inLanguage\":\"fr-FR\"},{\"@type\":\"WebPage\",\"@id\":\"https:\\\/\\\/interamerica.org\\\/fr\\\/2009\\\/01\\\/jamaique-un-dirigeant-adventiste-est-nomme-gouverneur-general\\\/\",\"url\":\"https:\\\/\\\/interamerica.org\\\/fr\\\/2009\\\/01\\\/jamaique-un-dirigeant-adventiste-est-nomme-gouverneur-general\\\/\",\"name\":\"Jama\u00efque: Un dirigeant Adventiste est nomm\u00e9 gouverneur g\u00e9n\u00e9ral - \u00c9glise Adventiste Du Septieme Jour - Inter Am\u00e9rique Division\",\"isPartOf\":{\"@id\":\"https:\\\/\\\/interamerica.org\\\/fr\\\/#website\"},\"datePublished\":\"2009-01-13T04:00:00+00:00\",\"dateModified\":\"2017-06-02T17:06:53+00:00\",\"author\":{\"@id\":\"https:\\\/\\\/interamerica.org\\\/fr\\\/#\\\/schema\\\/person\\\/68ede8bdc292885bb76c1e3810e73c39\"},\"breadcrumb\":{\"@id\":\"https:\\\/\\\/interamerica.org\\\/fr\\\/2009\\\/01\\\/jamaique-un-dirigeant-adventiste-est-nomme-gouverneur-general\\\/#breadcrumb\"},\"inLanguage\":\"fr-FR\",\"potentialAction\":[{\"@type\":\"ReadAction\",\"target\":[\"https:\\\/\\\/interamerica.org\\\/fr\\\/2009\\\/01\\\/jamaique-un-dirigeant-adventiste-est-nomme-gouverneur-general\\\/\"]}]},{\"@type\":\"BreadcrumbList\",\"@id\":\"https:\\\/\\\/interamerica.org\\\/fr\\\/2009\\\/01\\\/jamaique-un-dirigeant-adventiste-est-nomme-gouverneur-general\\\/#breadcrumb\",\"itemListElement\":[{\"@type\":\"ListItem\",\"position\":1,\"name\":\"Home\",\"item\":\"https:\\\/\\\/interamerica.org\\\/fr\\\/\"},{\"@type\":\"ListItem\",\"position\":2,\"name\":\"Jama\u00efque: Un dirigeant Adventiste est nomm\u00e9 gouverneur g\u00e9n\u00e9ral\"}]},{\"@type\":\"WebSite\",\"@id\":\"https:\\\/\\\/interamerica.org\\\/fr\\\/#website\",\"url\":\"https:\\\/\\\/interamerica.org\\\/fr\\\/\",\"name\":\"\u00c9glise Adventiste Du Septieme Jour - Inter Am\u00e9rique Division\",\"description\":\"\",\"potentialAction\":[{\"@type\":\"SearchAction\",\"target\":{\"@type\":\"EntryPoint\",\"urlTemplate\":\"https:\\\/\\\/interamerica.org\\\/fr\\\/?s={search_term_string}\"},\"query-input\":{\"@type\":\"PropertyValueSpecification\",\"valueRequired\":true,\"valueName\":\"search_term_string\"}}],\"inLanguage\":\"fr-FR\"},{\"@type\":\"Person\",\"@id\":\"https:\\\/\\\/interamerica.org\\\/fr\\\/#\\\/schema\\\/person\\\/68ede8bdc292885bb76c1e3810e73c39\",\"name\":\"Lorenzo Verduzco\",\"image\":{\"@type\":\"ImageObject\",\"inLanguage\":\"fr-FR\",\"@id\":\"https:\\\/\\\/secure.gravatar.com\\\/avatar\\\/fb81a55b6218459490a9c1dc841a34909185b81904c5337b4b27f7a6fd60c49e?s=96&d=mm&r=g\",\"url\":\"https:\\\/\\\/secure.gravatar.com\\\/avatar\\\/fb81a55b6218459490a9c1dc841a34909185b81904c5337b4b27f7a6fd60c49e?s=96&d=mm&r=g\",\"contentUrl\":\"https:\\\/\\\/secure.gravatar.com\\\/avatar\\\/fb81a55b6218459490a9c1dc841a34909185b81904c5337b4b27f7a6fd60c49e?s=96&d=mm&r=g\",\"caption\":\"Lorenzo Verduzco\"}}]}<\/script>\n<!-- \/ Yoast SEO plugin. -->","yoast_head_json":{"title":"Jama\u00efque: Un dirigeant Adventiste est nomm\u00e9 gouverneur g\u00e9n\u00e9ral - \u00c9glise Adventiste Du Septieme Jour - Inter Am\u00e9rique Division","robots":{"index":"index","follow":"follow","max-snippet":"max-snippet:-1","max-image-preview":"max-image-preview:large","max-video-preview":"max-video-preview:-1"},"canonical":"https:\/\/interamerica.org\/fr\/2009\/01\/jamaique-un-dirigeant-adventiste-est-nomme-gouverneur-general\/","og_locale":"fr_FR","og_type":"article","og_title":"Jama\u00efque: Un dirigeant Adventiste est nomm\u00e9 gouverneur g\u00e9n\u00e9ral - \u00c9glise Adventiste Du Septieme Jour - Inter Am\u00e9rique Division","og_description":"Le gouvernement de la Jama\u00efque a annonc\u00e9 aujourd&#39;hui la nomination du Dr. Patrick Allen, pr\u00e9sident de l&#39;\u00e9glise de la r\u00e9gion des Indes Occidentales, en tant que Gouverneur G\u00e9n\u00e9ral de l&#39;Etat. L&#39","og_url":"https:\/\/interamerica.org\/fr\/2009\/01\/jamaique-un-dirigeant-adventiste-est-nomme-gouverneur-general\/","og_site_name":"\u00c9glise Adventiste Du Septieme Jour - Inter Am\u00e9rique Division","article_published_time":"2009-01-13T04:00:00+00:00","article_modified_time":"2017-06-02T17:06:53+00:00","author":"Lorenzo Verduzco","twitter_card":"summary_large_image","twitter_misc":{"\u00c9crit par":"Lorenzo Verduzco","Dur\u00e9e de lecture estim\u00e9e":"2 minutes"},"schema":{"@context":"https:\/\/schema.org","@graph":[{"@type":"Article","@id":"https:\/\/interamerica.org\/fr\/2009\/01\/jamaique-un-dirigeant-adventiste-est-nomme-gouverneur-general\/#article","isPartOf":{"@id":"https:\/\/interamerica.org\/fr\/2009\/01\/jamaique-un-dirigeant-adventiste-est-nomme-gouverneur-general\/"},"author":{"name":"Lorenzo Verduzco","@id":"https:\/\/interamerica.org\/fr\/#\/schema\/person\/68ede8bdc292885bb76c1e3810e73c39"},"headline":"Jama\u00efque: Un dirigeant Adventiste est nomm\u00e9 gouverneur g\u00e9n\u00e9ral","datePublished":"2009-01-13T04:00:00+00:00","dateModified":"2017-06-02T17:06:53+00:00","mainEntityOfPage":{"@id":"https:\/\/interamerica.org\/fr\/2009\/01\/jamaique-un-dirigeant-adventiste-est-nomme-gouverneur-general\/"},"wordCount":503,"articleSection":["Archive"],"inLanguage":"fr-FR"},{"@type":"WebPage","@id":"https:\/\/interamerica.org\/fr\/2009\/01\/jamaique-un-dirigeant-adventiste-est-nomme-gouverneur-general\/","url":"https:\/\/interamerica.org\/fr\/2009\/01\/jamaique-un-dirigeant-adventiste-est-nomme-gouverneur-general\/","name":"Jama\u00efque: Un dirigeant Adventiste est nomm\u00e9 gouverneur g\u00e9n\u00e9ral - \u00c9glise Adventiste Du Septieme Jour - Inter Am\u00e9rique Division","isPartOf":{"@id":"https:\/\/interamerica.org\/fr\/#website"},"datePublished":"2009-01-13T04:00:00+00:00","dateModified":"2017-06-02T17:06:53+00:00","author":{"@id":"https:\/\/interamerica.org\/fr\/#\/schema\/person\/68ede8bdc292885bb76c1e3810e73c39"},"breadcrumb":{"@id":"https:\/\/interamerica.org\/fr\/2009\/01\/jamaique-un-dirigeant-adventiste-est-nomme-gouverneur-general\/#breadcrumb"},"inLanguage":"fr-FR","potentialAction":[{"@type":"ReadAction","target":["https:\/\/interamerica.org\/fr\/2009\/01\/jamaique-un-dirigeant-adventiste-est-nomme-gouverneur-general\/"]}]},{"@type":"BreadcrumbList","@id":"https:\/\/interamerica.org\/fr\/2009\/01\/jamaique-un-dirigeant-adventiste-est-nomme-gouverneur-general\/#breadcrumb","itemListElement":[{"@type":"ListItem","position":1,"name":"Home","item":"https:\/\/interamerica.org\/fr\/"},{"@type":"ListItem","position":2,"name":"Jama\u00efque: Un dirigeant Adventiste est nomm\u00e9 gouverneur g\u00e9n\u00e9ral"}]},{"@type":"WebSite","@id":"https:\/\/interamerica.org\/fr\/#website","url":"https:\/\/interamerica.org\/fr\/","name":"\u00c9glise Adventiste Du Septieme Jour - Inter Am\u00e9rique Division","description":"","potentialAction":[{"@type":"SearchAction","target":{"@type":"EntryPoint","urlTemplate":"https:\/\/interamerica.org\/fr\/?s={search_term_string}"},"query-input":{"@type":"PropertyValueSpecification","valueRequired":true,"valueName":"search_term_string"}}],"inLanguage":"fr-FR"},{"@type":"Person","@id":"https:\/\/interamerica.org\/fr\/#\/schema\/person\/68ede8bdc292885bb76c1e3810e73c39","name":"Lorenzo Verduzco","image":{"@type":"ImageObject","inLanguage":"fr-FR","@id":"https:\/\/secure.gravatar.com\/avatar\/fb81a55b6218459490a9c1dc841a34909185b81904c5337b4b27f7a6fd60c49e?s=96&d=mm&r=g","url":"https:\/\/secure.gravatar.com\/avatar\/fb81a55b6218459490a9c1dc841a34909185b81904c5337b4b27f7a6fd60c49e?s=96&d=mm&r=g","contentUrl":"https:\/\/secure.gravatar.com\/avatar\/fb81a55b6218459490a9c1dc841a34909185b81904c5337b4b27f7a6fd60c49e?s=96&d=mm&r=g","caption":"Lorenzo Verduzco"}}]}},"_links":{"self":[{"href":"https:\/\/interamerica.org\/fr\/wp-json\/wp\/v2\/posts\/13097","targetHints":{"allow":["GET"]}}],"collection":[{"href":"https:\/\/interamerica.org\/fr\/wp-json\/wp\/v2\/posts"}],"about":[{"href":"https:\/\/interamerica.org\/fr\/wp-json\/wp\/v2\/types\/post"}],"author":[{"embeddable":true,"href":"https:\/\/interamerica.org\/fr\/wp-json\/wp\/v2\/users\/1"}],"replies":[{"embeddable":true,"href":"https:\/\/interamerica.org\/fr\/wp-json\/wp\/v2\/comments?post=13097"}],"version-history":[{"count":0,"href":"https:\/\/interamerica.org\/fr\/wp-json\/wp\/v2\/posts\/13097\/revisions"}],"wp:attachment":[{"href":"https:\/\/interamerica.org\/fr\/wp-json\/wp\/v2\/media?parent=13097"}],"wp:term":[{"taxonomy":"category","embeddable":true,"href":"https:\/\/interamerica.org\/fr\/wp-json\/wp\/v2\/categories?post=13097"},{"taxonomy":"post_tag","embeddable":true,"href":"https:\/\/interamerica.org\/fr\/wp-json\/wp\/v2\/tags?post=13097"}],"curies":[{"name":"wp","href":"https:\/\/api.w.org\/{rel}","templated":true}]}}