{"id":13098,"date":"2009-01-13T00:00:00","date_gmt":"2009-01-13T04:00:00","guid":{"rendered":"http:\/\/192.81.217.108\/interamerica\/2009\/01\/nomination-officielle-dun-adventiste-en-jamaique\/"},"modified":"2017-06-02T13:06:54","modified_gmt":"2017-06-02T17:06:54","slug":"nomination-officielle-dun-adventiste-en-jamaique","status":"publish","type":"post","link":"https:\/\/interamerica.org\/fr\/2009\/01\/nomination-officielle-dun-adventiste-en-jamaique\/","title":{"rendered":"Nomination Officielle d&#39;un Adventiste en Jama\u00efque"},"content":{"rendered":"<p>13 janvier 2009, Kingston, Jama\u00efque&#8230; Elizabeth Lechleitner\/ANN <\/p>\n<p>Un dirigeant chevronn\u00e9 de l&#39;Eglise Adventiste du Septi\u00e8me jour de la Cara\u00efbe a \u00e9t\u00e9 choisi pour \u00eatre le sixi\u00e8me gouverneur g\u00e9n\u00e9ral de la Jama\u00efque, a anonc\u00e9 le premier ministre de la nation au cours d&#39;une r\u00e9union au parlement cet apr\u00e8s-midi. <\/p>\n<p>Patrick Linton Allen, \u00e2g\u00e9 de 58 ans, actuel pr\u00e9sident de l&#39;Union des Indes Occidentales de l&#39;Eglise Adventiste, remplacera le Gouverneur G\u00e9n\u00e9ral Sir Kenneth Hall, qui a d\u00e9missionn\u00e9 l&#39;ann\u00e9e derni\u00e8re pour des raisons de sant\u00e9, a annonc\u00e9 le Premier Minister Bruce Golding aux membres du Conseil des Repr\u00e9sentants de la Jama\u00efque. <\/p>\n<p>Allen doit entrer en fonction \u00e0 la fin de f\u00e9vrier, d&#39;apr\u00e8s Goldin. <\/p>\n<p>Choisi par Elizabeth II, Allen sera le repr\u00e9sentant personnel de la reine en Jama\u00efque au cours des c\u00e9r\u00e9monies officielles, telles l&#39;ouverture du parlement et la pr\u00e9sentation des lettres de cr\u00e9ances, d&#39;apr\u00e8s le Service d&#39;Information de la Jama\u00efque.  Bien que la fonction soit apolitique, la constitution de la Jama\u00efque permet au gouverneur g\u00e9n\u00e9ral de choisir et de superviser les officiers et la fonction civile <\/p>\n<p>Allen a d\u00e9clar\u00e9 que sa foi Adventiste le \u00ab\u00a0supportera\u00a0\u00bb dans l&#39;exercice de sa nouvelle fonction.  \u00ab\u00a0Toutes les d\u00e9cisions que j&#39;aurai \u00e0 prendre seront empreintes de justice, d&#39;\u00e9quit\u00e9 et de compassion,\u00a0\u00bb dit-il. <\/p>\n<p>Une justice r\u00e9g\u00e9n\u00e9ratrice est l&#39;un des aspects auquel il esp\u00e8re accorder une attention particuli\u00e8re a avanc\u00e9 Allen, en oeuvrant au sein du syst\u00e8me judiciaire de la Jama\u00efque en tant que m\u00e9diateur entre les criminels et les victimes.  Allen a dit qu&#39;il a partag\u00e9 l&#39;engagement du pr\u00e9sident de l&#39;\u00e9glise mondiale Adventiste Jan Paulen \u00e0 la justice sociale et consacrera \u00ab\u00a0sa position de dirigeant et d&#39;influence\u00a0\u00bb pour prioriser les droits humains et la participation communautaire au cours de sa nouvelle fonction. <\/p>\n<p>Le bureau du pr\u00e9sident de l&#39;\u00e9glise mondiale a publi\u00e9 une d\u00e9claration cet apr\u00e8s-midi pour f\u00e9liciter Allen \u00e0 l&#39;occasion de sa nomination.  \u00ab\u00a0Nous prions pour que Dieu continue \u00e0 le b\u00e9nir alors qu&#39;il s&#39;acquitte de ses nouvelles fonctions civiques,\u00a0\u00bb d&#39;apr\u00e8s la d\u00e9claration. <\/p>\n<p>Allen a une bonne formation en \u00e9ducation qu&#39;il apporte \u00e0 sa nouvelle position.  Apr\u00e8s avoir \u00e9tudi\u00e9 \u00e0 \u00ab\u00a0Moneague Teachers College\u00a0\u00bb en Jama\u00efque, Allen a d\u00e9croch\u00e9 trois autre dipl\u00f4mes &#8212; y compris un doctorat en Administration et Supervision P\u00e9dagogiques &#8211;\u00e0 \u00ab\u00a0Andrews University\u00a0\u00bb une universit\u00e9 Adventiste situ\u00e9e \u00e0 Berrien Spring, dans l&#39;\u00e9tat de Michigan. <\/p>\n<p>Allen a pr\u00eat\u00e9 ses services \u00e0 plusieurs postes tant \u00e0 l&#39;int\u00e9rieur de l&#39;oeuvre Adventiste qu&#39;\u00e0 l&#39;ext\u00e9rieur, y compris la fonction de pr\u00e9sident de la Conf\u00e9rence Centrale Jama\u00efcaine, directeur de l&#39;Education et de la Vie Familiale de l&#39;Union de Conf\u00e9rence des Indes Occidentales et pasteur de district, supervisant plus de 20 \u00e9glises et institutions. <\/p>\n<p>Allen a aussi travaill\u00e9 au sein de plusieurs conseils et comit\u00e9s nationaux et internationaux, y compris le Comit\u00e9 Ex\u00e9cutif de l&#39;Oeuvre Adventiste de l&#39;\u00e9glise Adventiste mondiale et le Bureau de Supervision de la Police Civile, qui a pour but de s&#39;asurer que les forces de police fonctionnent dans les limites des lois et des respects des droits des citoyens.  Allen est aussi le Juge de Paix de la commune de Manchester, en Jama\u00efque.  En 2006, le gouvernement de la Jama\u00efque avait octroy\u00e9 \u00e0 Allen la distinction de \u00ab\u00a0Commander of the Order of Distinction\u00a0\u00bb pour sa contribution remarquable \u00e0 la nation. <\/p>\n<p>La carri\u00e8re d&#39;Allen a d\u00e9but\u00e9 en 1972 et il a occup\u00e9 la fonction de professeur adjoint \u00e0 l&#39;universit\u00e9 Adventiste de la \u00ab\u00a0Northern Caribbean University (NCU), ci-devant West Indies College, de 1991 \u00e0 1993. <\/p>\n<p>Aujourd&#39;hui en r\u00e9action \u00e0 la nouvelle de la nomination d&#39;Allen, le Pr\u00e9sident de NCU Herbert Thompson a d\u00e9clar\u00e9 au \u00ab\u00a0Jamaican Gleaner qu&#39;il esp\u00e8re qu&#39;Allen donnera une \u00ab\u00a0nouvelle image morale\u00a0\u00bb \u00e0 la Jama\u00efque. <\/p>\n<p>Qualifiant la nomination d&#39;\u00a0\u00bbhistorique,\u00a0\u00bb le pr\u00e9sident de l&#39;\u00e9glise de l&#39;Inter-Am\u00e9rique, Israel Leito, a dit que le choix d&#39;Allen traduit le respect de la pr\u00e9sence de l&#39;Eglise Adventiste en Jama\u00efque.  Environ une personne sur chaque 12 personnes du pays est un Adventiste, et l&#39;\u00e9glise est reconnue pour sa participation au sein de la communaut\u00e9 et sa collaboration aux efforts du gouvernement en vue de combattre le crime. <\/p>\n<p>En ao\u00fbt dernier les dirigeants d&#39;\u00e9glise avaient organis\u00e9 une Journ\u00e9e de Pri\u00e8re au niveau national pour r\u00e9pondre \u00e0 la flamb\u00e9e des assassinats et de la pauvret\u00e9 accrue au sein de la nation, un programme auquel avaient pris part plus de 650 \u00e9glises Adventistes.  Au d\u00e9but de l&#39;ann\u00e9e, les officiels Jama\u00efcains du service de sant\u00e9 avaient enr\u00f4l\u00e9s des pasteurs Adventistes en vue de leur offrir une formation de conseillers \u00e0 l&#39;occasion d&#39;un projet national dans le but d&#39;aborder les probl\u00e8mes sociaux. <\/p>\n<p>Au cours d&#39;une r\u00e9union entre Paulsen et des dirigeants nationaux, le Gouverneur G\u00e9n\u00e9ral Hall avait dit que les Adventistes \u00e9taient bien plac\u00e9s pour assurer les conseils et les directives morales aux jeunes du pays.  Hall avait aussi compliment\u00e9 l&#39;\u00e9glise pour sa participation au sein de la soci\u00e9t\u00e9.  L&#39;\u00e9glise est tellement omnipr\u00e9sente, dit-il, que \u00ab\u00a0si vous d\u00e9sirez indiquer les directions en Jama\u00efque, assez souvent vous dites, \u00ab\u00a0Tournez apr\u00e8s l&#39;insigne de l&#39;\u00e9glise Adventiste.&#39;\u00a0\u00bb <\/p>\n<p>Allen est le deuxi\u00e8me Adventiste du Septi\u00e8me jour \u00e0 remplir la fonction de gouverneur g\u00e9n\u00e9ral dans la r\u00e9gion Cara\u00efb\u00e9enne.  De 1993 \u00e0 2007, James Carlisle a servi en tant que gouverneur g\u00e9n\u00e9ral d&#39;Antigua.  Trois autres Adventistes font partie du Conseil des Repr\u00e9sentants de la Jama\u00efque. <\/p>\n<p>Allen doit bient\u00f4t renoncer \u00e0 son poste de Pr\u00e9sident de l&#39;Union des Indes Occidentales, et une session sp\u00e9ciale d&#39;affaires sera tenue le mois prochain pour nommer son successeur, a dit Leito. <\/p>\n<p>\u00ab\u00a0Nous souhaitons du succ\u00e8s au Dr. Allen, en consid\u00e9rant les d\u00e9fis s\u00e9rieux qui l&#39;attendent,\u00a0\u00bb a ajout\u00e9 Leito.  \u00ab\u00a0L&#39;\u00e9glise continuera de prier pour lui alors qu&#39;il assume cette fonction.\u00a0\u00bb     <\/p>\n","protected":false},"excerpt":{"rendered":"<p>Un dirigeant chevronn\u00e9 de l&#39;Eglise Adventiste du Septi\u00e8me jour de la Cara\u00efbe a \u00e9t\u00e9 choisi pour \u00eatre le sixi\u00e8me gouverneur g\u00e9n\u00e9ral de la Jama\u00efque, a anonc\u00e9 le premier ministre de l<\/p>\n","protected":false},"author":1,"featured_media":0,"comment_status":"closed","ping_status":"closed","sticky":false,"template":"","format":"standard","meta":{"_acf_changed":false,"footnotes":""},"categories":[9],"tags":[],"class_list":["post-13098","post","type-post","status-publish","format-standard","hentry","category-archive-fr"],"acf":[],"yoast_head":"<!-- This site is optimized with the Yoast SEO plugin v27.3 - https:\/\/yoast.com\/product\/yoast-seo-wordpress\/ -->\n<title>Nomination Officielle d&#039;un Adventiste en Jama\u00efque - \u00c9glise Adventiste Du Septieme Jour - Inter Am\u00e9rique Division<\/title>\n<meta name=\"robots\" content=\"index, follow, max-snippet:-1, max-image-preview:large, max-video-preview:-1\" \/>\n<link rel=\"canonical\" href=\"https:\/\/interamerica.org\/fr\/2009\/01\/nomination-officielle-dun-adventiste-en-jamaique\/\" \/>\n<meta property=\"og:locale\" content=\"fr_FR\" \/>\n<meta property=\"og:type\" content=\"article\" \/>\n<meta property=\"og:title\" content=\"Nomination Officielle d&#039;un Adventiste en Jama\u00efque - \u00c9glise Adventiste Du Septieme Jour - Inter Am\u00e9rique Division\" \/>\n<meta property=\"og:description\" content=\"Un dirigeant chevronn\u00e9 de l&#039;Eglise Adventiste du Septi\u00e8me jour de la Cara\u00efbe a \u00e9t\u00e9 choisi pour \u00eatre le sixi\u00e8me gouverneur g\u00e9n\u00e9ral de la Jama\u00efque, a anonc\u00e9 le premier ministre de l\" \/>\n<meta property=\"og:url\" content=\"https:\/\/interamerica.org\/fr\/2009\/01\/nomination-officielle-dun-adventiste-en-jamaique\/\" \/>\n<meta property=\"og:site_name\" content=\"\u00c9glise Adventiste Du Septieme Jour - Inter Am\u00e9rique Division\" \/>\n<meta property=\"article:published_time\" content=\"2009-01-13T04:00:00+00:00\" \/>\n<meta property=\"article:modified_time\" content=\"2017-06-02T17:06:54+00:00\" \/>\n<meta name=\"author\" content=\"Lorenzo Verduzco\" \/>\n<meta name=\"twitter:card\" content=\"summary_large_image\" \/>\n<meta name=\"twitter:label1\" content=\"\u00c9crit par\" \/>\n\t<meta name=\"twitter:data1\" content=\"Lorenzo Verduzco\" \/>\n\t<meta name=\"twitter:label2\" content=\"Dur\u00e9e de lecture estim\u00e9e\" \/>\n\t<meta name=\"twitter:data2\" content=\"5 minutes\" \/>\n<script type=\"application\/ld+json\" class=\"yoast-schema-graph\">{\"@context\":\"https:\\\/\\\/schema.org\",\"@graph\":[{\"@type\":\"Article\",\"@id\":\"https:\\\/\\\/interamerica.org\\\/fr\\\/2009\\\/01\\\/nomination-officielle-dun-adventiste-en-jamaique\\\/#article\",\"isPartOf\":{\"@id\":\"https:\\\/\\\/interamerica.org\\\/fr\\\/2009\\\/01\\\/nomination-officielle-dun-adventiste-en-jamaique\\\/\"},\"author\":{\"name\":\"Lorenzo Verduzco\",\"@id\":\"https:\\\/\\\/interamerica.org\\\/fr\\\/#\\\/schema\\\/person\\\/68ede8bdc292885bb76c1e3810e73c39\"},\"headline\":\"Nomination Officielle d&#39;un Adventiste en Jama\u00efque\",\"datePublished\":\"2009-01-13T04:00:00+00:00\",\"dateModified\":\"2017-06-02T17:06:54+00:00\",\"mainEntityOfPage\":{\"@id\":\"https:\\\/\\\/interamerica.org\\\/fr\\\/2009\\\/01\\\/nomination-officielle-dun-adventiste-en-jamaique\\\/\"},\"wordCount\":1064,\"articleSection\":[\"Archive\"],\"inLanguage\":\"fr-FR\"},{\"@type\":\"WebPage\",\"@id\":\"https:\\\/\\\/interamerica.org\\\/fr\\\/2009\\\/01\\\/nomination-officielle-dun-adventiste-en-jamaique\\\/\",\"url\":\"https:\\\/\\\/interamerica.org\\\/fr\\\/2009\\\/01\\\/nomination-officielle-dun-adventiste-en-jamaique\\\/\",\"name\":\"Nomination Officielle d&#39;un Adventiste en Jama\u00efque - \u00c9glise Adventiste Du Septieme Jour - Inter Am\u00e9rique Division\",\"isPartOf\":{\"@id\":\"https:\\\/\\\/interamerica.org\\\/fr\\\/#website\"},\"datePublished\":\"2009-01-13T04:00:00+00:00\",\"dateModified\":\"2017-06-02T17:06:54+00:00\",\"author\":{\"@id\":\"https:\\\/\\\/interamerica.org\\\/fr\\\/#\\\/schema\\\/person\\\/68ede8bdc292885bb76c1e3810e73c39\"},\"breadcrumb\":{\"@id\":\"https:\\\/\\\/interamerica.org\\\/fr\\\/2009\\\/01\\\/nomination-officielle-dun-adventiste-en-jamaique\\\/#breadcrumb\"},\"inLanguage\":\"fr-FR\",\"potentialAction\":[{\"@type\":\"ReadAction\",\"target\":[\"https:\\\/\\\/interamerica.org\\\/fr\\\/2009\\\/01\\\/nomination-officielle-dun-adventiste-en-jamaique\\\/\"]}]},{\"@type\":\"BreadcrumbList\",\"@id\":\"https:\\\/\\\/interamerica.org\\\/fr\\\/2009\\\/01\\\/nomination-officielle-dun-adventiste-en-jamaique\\\/#breadcrumb\",\"itemListElement\":[{\"@type\":\"ListItem\",\"position\":1,\"name\":\"Home\",\"item\":\"https:\\\/\\\/interamerica.org\\\/fr\\\/\"},{\"@type\":\"ListItem\",\"position\":2,\"name\":\"Nomination Officielle d&#39;un Adventiste en Jama\u00efque\"}]},{\"@type\":\"WebSite\",\"@id\":\"https:\\\/\\\/interamerica.org\\\/fr\\\/#website\",\"url\":\"https:\\\/\\\/interamerica.org\\\/fr\\\/\",\"name\":\"\u00c9glise Adventiste Du Septieme Jour - Inter Am\u00e9rique Division\",\"description\":\"\",\"potentialAction\":[{\"@type\":\"SearchAction\",\"target\":{\"@type\":\"EntryPoint\",\"urlTemplate\":\"https:\\\/\\\/interamerica.org\\\/fr\\\/?s={search_term_string}\"},\"query-input\":{\"@type\":\"PropertyValueSpecification\",\"valueRequired\":true,\"valueName\":\"search_term_string\"}}],\"inLanguage\":\"fr-FR\"},{\"@type\":\"Person\",\"@id\":\"https:\\\/\\\/interamerica.org\\\/fr\\\/#\\\/schema\\\/person\\\/68ede8bdc292885bb76c1e3810e73c39\",\"name\":\"Lorenzo Verduzco\",\"image\":{\"@type\":\"ImageObject\",\"inLanguage\":\"fr-FR\",\"@id\":\"https:\\\/\\\/secure.gravatar.com\\\/avatar\\\/fb81a55b6218459490a9c1dc841a34909185b81904c5337b4b27f7a6fd60c49e?s=96&d=mm&r=g\",\"url\":\"https:\\\/\\\/secure.gravatar.com\\\/avatar\\\/fb81a55b6218459490a9c1dc841a34909185b81904c5337b4b27f7a6fd60c49e?s=96&d=mm&r=g\",\"contentUrl\":\"https:\\\/\\\/secure.gravatar.com\\\/avatar\\\/fb81a55b6218459490a9c1dc841a34909185b81904c5337b4b27f7a6fd60c49e?s=96&d=mm&r=g\",\"caption\":\"Lorenzo Verduzco\"}}]}<\/script>\n<!-- \/ Yoast SEO plugin. -->","yoast_head_json":{"title":"Nomination Officielle d&#39;un Adventiste en Jama\u00efque - \u00c9glise Adventiste Du Septieme Jour - Inter Am\u00e9rique Division","robots":{"index":"index","follow":"follow","max-snippet":"max-snippet:-1","max-image-preview":"max-image-preview:large","max-video-preview":"max-video-preview:-1"},"canonical":"https:\/\/interamerica.org\/fr\/2009\/01\/nomination-officielle-dun-adventiste-en-jamaique\/","og_locale":"fr_FR","og_type":"article","og_title":"Nomination Officielle d&#39;un Adventiste en Jama\u00efque - \u00c9glise Adventiste Du Septieme Jour - Inter Am\u00e9rique Division","og_description":"Un dirigeant chevronn\u00e9 de l&#39;Eglise Adventiste du Septi\u00e8me jour de la Cara\u00efbe a \u00e9t\u00e9 choisi pour \u00eatre le sixi\u00e8me gouverneur g\u00e9n\u00e9ral de la Jama\u00efque, a anonc\u00e9 le premier ministre de l","og_url":"https:\/\/interamerica.org\/fr\/2009\/01\/nomination-officielle-dun-adventiste-en-jamaique\/","og_site_name":"\u00c9glise Adventiste Du Septieme Jour - Inter Am\u00e9rique Division","article_published_time":"2009-01-13T04:00:00+00:00","article_modified_time":"2017-06-02T17:06:54+00:00","author":"Lorenzo Verduzco","twitter_card":"summary_large_image","twitter_misc":{"\u00c9crit par":"Lorenzo Verduzco","Dur\u00e9e de lecture estim\u00e9e":"5 minutes"},"schema":{"@context":"https:\/\/schema.org","@graph":[{"@type":"Article","@id":"https:\/\/interamerica.org\/fr\/2009\/01\/nomination-officielle-dun-adventiste-en-jamaique\/#article","isPartOf":{"@id":"https:\/\/interamerica.org\/fr\/2009\/01\/nomination-officielle-dun-adventiste-en-jamaique\/"},"author":{"name":"Lorenzo Verduzco","@id":"https:\/\/interamerica.org\/fr\/#\/schema\/person\/68ede8bdc292885bb76c1e3810e73c39"},"headline":"Nomination Officielle d&#39;un Adventiste en Jama\u00efque","datePublished":"2009-01-13T04:00:00+00:00","dateModified":"2017-06-02T17:06:54+00:00","mainEntityOfPage":{"@id":"https:\/\/interamerica.org\/fr\/2009\/01\/nomination-officielle-dun-adventiste-en-jamaique\/"},"wordCount":1064,"articleSection":["Archive"],"inLanguage":"fr-FR"},{"@type":"WebPage","@id":"https:\/\/interamerica.org\/fr\/2009\/01\/nomination-officielle-dun-adventiste-en-jamaique\/","url":"https:\/\/interamerica.org\/fr\/2009\/01\/nomination-officielle-dun-adventiste-en-jamaique\/","name":"Nomination Officielle d&#39;un Adventiste en Jama\u00efque - \u00c9glise Adventiste Du Septieme Jour - Inter Am\u00e9rique Division","isPartOf":{"@id":"https:\/\/interamerica.org\/fr\/#website"},"datePublished":"2009-01-13T04:00:00+00:00","dateModified":"2017-06-02T17:06:54+00:00","author":{"@id":"https:\/\/interamerica.org\/fr\/#\/schema\/person\/68ede8bdc292885bb76c1e3810e73c39"},"breadcrumb":{"@id":"https:\/\/interamerica.org\/fr\/2009\/01\/nomination-officielle-dun-adventiste-en-jamaique\/#breadcrumb"},"inLanguage":"fr-FR","potentialAction":[{"@type":"ReadAction","target":["https:\/\/interamerica.org\/fr\/2009\/01\/nomination-officielle-dun-adventiste-en-jamaique\/"]}]},{"@type":"BreadcrumbList","@id":"https:\/\/interamerica.org\/fr\/2009\/01\/nomination-officielle-dun-adventiste-en-jamaique\/#breadcrumb","itemListElement":[{"@type":"ListItem","position":1,"name":"Home","item":"https:\/\/interamerica.org\/fr\/"},{"@type":"ListItem","position":2,"name":"Nomination Officielle d&#39;un Adventiste en Jama\u00efque"}]},{"@type":"WebSite","@id":"https:\/\/interamerica.org\/fr\/#website","url":"https:\/\/interamerica.org\/fr\/","name":"\u00c9glise Adventiste Du Septieme Jour - Inter Am\u00e9rique Division","description":"","potentialAction":[{"@type":"SearchAction","target":{"@type":"EntryPoint","urlTemplate":"https:\/\/interamerica.org\/fr\/?s={search_term_string}"},"query-input":{"@type":"PropertyValueSpecification","valueRequired":true,"valueName":"search_term_string"}}],"inLanguage":"fr-FR"},{"@type":"Person","@id":"https:\/\/interamerica.org\/fr\/#\/schema\/person\/68ede8bdc292885bb76c1e3810e73c39","name":"Lorenzo Verduzco","image":{"@type":"ImageObject","inLanguage":"fr-FR","@id":"https:\/\/secure.gravatar.com\/avatar\/fb81a55b6218459490a9c1dc841a34909185b81904c5337b4b27f7a6fd60c49e?s=96&d=mm&r=g","url":"https:\/\/secure.gravatar.com\/avatar\/fb81a55b6218459490a9c1dc841a34909185b81904c5337b4b27f7a6fd60c49e?s=96&d=mm&r=g","contentUrl":"https:\/\/secure.gravatar.com\/avatar\/fb81a55b6218459490a9c1dc841a34909185b81904c5337b4b27f7a6fd60c49e?s=96&d=mm&r=g","caption":"Lorenzo Verduzco"}}]}},"_links":{"self":[{"href":"https:\/\/interamerica.org\/fr\/wp-json\/wp\/v2\/posts\/13098","targetHints":{"allow":["GET"]}}],"collection":[{"href":"https:\/\/interamerica.org\/fr\/wp-json\/wp\/v2\/posts"}],"about":[{"href":"https:\/\/interamerica.org\/fr\/wp-json\/wp\/v2\/types\/post"}],"author":[{"embeddable":true,"href":"https:\/\/interamerica.org\/fr\/wp-json\/wp\/v2\/users\/1"}],"replies":[{"embeddable":true,"href":"https:\/\/interamerica.org\/fr\/wp-json\/wp\/v2\/comments?post=13098"}],"version-history":[{"count":0,"href":"https:\/\/interamerica.org\/fr\/wp-json\/wp\/v2\/posts\/13098\/revisions"}],"wp:attachment":[{"href":"https:\/\/interamerica.org\/fr\/wp-json\/wp\/v2\/media?parent=13098"}],"wp:term":[{"taxonomy":"category","embeddable":true,"href":"https:\/\/interamerica.org\/fr\/wp-json\/wp\/v2\/categories?post=13098"},{"taxonomy":"post_tag","embeddable":true,"href":"https:\/\/interamerica.org\/fr\/wp-json\/wp\/v2\/tags?post=13098"}],"curies":[{"name":"wp","href":"https:\/\/api.w.org\/{rel}","templated":true}]}}