{"id":13099,"date":"2009-01-20T00:00:00","date_gmt":"2009-01-20T04:00:00","guid":{"rendered":"http:\/\/192.81.217.108\/interamerica\/2009\/01\/linauguration-historique-preserve-la-tradition-de-la-priere\/"},"modified":"2017-06-02T13:06:53","modified_gmt":"2017-06-02T17:06:53","slug":"linauguration-historique-preserve-la-tradition-de-la-priere","status":"publish","type":"post","link":"https:\/\/interamerica.org\/fr\/2009\/01\/linauguration-historique-preserve-la-tradition-de-la-priere\/","title":{"rendered":"L&#39;inauguration historique pr\u00e9serve la tradition de la pri\u00e8re"},"content":{"rendered":"<p><em >20 janvier 2009  <\/em >Washington D.C., Etats-Unis&#8230;Elizabeth Lechleitner\/ANN <\/p>\n<p>Les officiels du gouvernement ainsi que les citoyens des Etats-Unis qui se sont rassembl\u00e9s aujourd&#39;hui au Capitole pour l&#39;inauguration du pr\u00e9sident d\u00e9sign\u00e9 Barack Obama, c\u00e9l\u00e9breront plusieurs premi\u00e8res, mais ils pourront \u00e9galement s&#39;appuyer sur une base pr\u00e9serv\u00e9e depuis plus de 200 ans et soutenue par des \u00e9l\u00e9ments tels que la pri\u00e8re d&#39;inauguration, a affirm\u00e9 l&#39;aum\u00f4nier du S\u00e9nat Am\u00e9ricain, Barry C. Black. <\/p>\n<p>Une pri\u00e8re ne se corrige pas au stylo rouge, a-t-il dit. Contrairement aux discours, les pri\u00e8res ne sont pas \u00ab un acte de plus dans la pi\u00e8ce, \u00bb a dit Barry Black, Adventiste du Septi\u00e8me jour et ancien aum\u00f4nier de la Marine Am\u00e9ricaine. Les pri\u00e8res se doivent d&#39;exprimer la r\u00e9flexion et \u00eatre profond\u00e9ment sinc\u00e8res. \u00ab Je serais extr\u00eamement pr\u00e9occup\u00e9 si quelqu&#39;un ou un comit\u00e9 quelconque devait examiner ce que quelqu&#39;un se serait ardemment senti pouss\u00e9 \u00e0 dire \u00e0 Dieu de la part du peuple pour une occasion particuli\u00e8re \u00bb a-t-il ajout\u00e9. <\/p>\n<p>Barry Black, qui prononcera l&#39;invocation au cours du traditionnel d\u00e9jeuner inaugural tout de suite apr\u00e8s l&#39;inauguration d&#39;aujourd&#39;hui, a d\u00e9clar\u00e9 que ceux qui sont au Capitole l&#39;ont entendu prier suffisamment _ il ouvre chaque s\u00e9ance du S\u00e9nat par une pri\u00e8re_ pour \u00eatre assur\u00e9 qu&#39;il ne dira rien d&#39;excentrique. <\/p>\n<p>De plus, a indiqu\u00e9 Barry black, le processus de s\u00e9lection pour la d\u00e9signation d&#39;un aum\u00f4nier ou, dans le cas de Rick Warren et Joseph Lowry_ les deux devant prononcer les pri\u00e8res au cours de la c\u00e9r\u00e9monie d&#39;inauguration_ est suffisamment rigoureux pour vous permettre d&#39;\u00eatre confiant dans le fait que la personne offrira une pri\u00e8re appropri\u00e9e. \u00bb <\/p>\n<p>Certaines personnes estiment, selon Barry Black, que la pri\u00e8re au cours de manifestations organis\u00e9es par l&#39;\u00e9tat, telles que les inaugurations, n&#39;est rien de plus qu&#39;une simple formalit\u00e9 ou une tradition_ c&#39;est Georges Washington qui a initi\u00e9 la premi\u00e8re pri\u00e8re du genre, apr\u00e8s qu&#39;un aum\u00f4nier qui avait utilis\u00e9 pour l&#39;occasion le Livre de la Pri\u00e8re Commune, lui ait fait pr\u00eater serment. D&#39;autres sont all\u00e9s jusqu&#39;\u00e0 affirmer que la pri\u00e8re d&#39;inauguration est anticonstitutionnelle  et viole le principe de s\u00e9paration de l&#39;\u00e9glise et de l&#39;\u00e9tat. <\/p>\n<p>Cependant, Barry Black d\u00e9clare que le besoin de pri\u00e8re qu&#39;a le pays est aussi crucial que jamais. \u00ab Les signataires de la Constitution, en d\u00e9pit de leur d\u00e9termination \u00e0 maintenir une s\u00e9paration entre l&#39;\u00e9tat et l&#39;\u00e9glise, ont reconnu le besoin d&#39;une dimension spirituelle au gouvernement. \u00bb La position occup\u00e9e par Barry Black, a elle-m\u00eame \u00e9t\u00e9 \u00e9tablie en 1789, apr\u00e8s suggestion par des fondateurs tels que Benjamin Franklin, \u00e0 qui on attribue d&#39;apr\u00e8s Black, la d\u00e9claration selon laquelle il est fortement improbable qu&#39;une nation puisse s&#39;\u00e9lever sans l&#39;aide de Dieu si un \u00ab passereau ne tombe sans [Sa] volont\u00e9. \u00bb <\/p>\n<p>La position d&#39;aum\u00f4nier du S\u00e9nat continue une tradition \u00e9tablie au cours du premier Congr\u00e8s Continental en 1774. Aujourd&#39;hui les fonctions de l&#39;aum\u00f4nier incluent la mise en place d&#39;assistance spirituelle et de conseil pastoral pour les s\u00e9nateurs, leurs familles et leurs personnels, ainsi que l&#39;ouverture de chaque session du S\u00e9nat avec la pri\u00e8re. <\/p>\n<p>La reconnaissance de la direction de Dieu dans l&#39;ascension et la chute des nations r\u00e9sonne encore dans les chambres du Congr\u00e8s Am\u00e9ricain aujourd&#39;hui, a dit Barry Black. <\/p>\n<p>\u00ab Je pense que ce qu&#39;a dit l&#39;ap\u00f4tre Paul dans Philippiens 4 &#8212; \u2018ils sont des saints dans la maison de C\u00e9sar&#39;_ pourrait \u00eatre dit au sujet de plusieurs de ceux qui travaillent au Capitole, \u00bb a d\u00e9clar\u00e9 Barry Black, ajoutant que jusqu&#39;\u00e0 35 parmi les 100 s\u00e9nateurs que compte le pays_ des deux bords politiques_ fr\u00e9quentent r\u00e9guli\u00e8rement les petit-d\u00e9jeuners de pri\u00e8re et les \u00e9tudes bibliques hebdomadaires. Parmi ceux qui assistent, il y a Barack Obama et le vice pr\u00e9sident Joseph Biden, qui sont tous les deux, selon Barry Black, des personnes tr\u00e8s spirituelles. L&#39;ancien chef des aum\u00f4niers de la Marine a indiqu\u00e9 qu&#39;il a eu l&#39;opportunit\u00e9 d&#39;\u00e9changer r\u00e9guli\u00e8rement avec Barack Obama, qu&#39;il consid\u00e8re comme un ami. Celui qui \u00e9tait encore \u00e0 l&#39;\u00e9poque, s\u00e9nateur de l&#39;Illinois a \u00e9crit une recommandation au dos du livre de Barry Black paru en 2006, <em >From the Hood to the Hill<\/em >. <\/p>\n<p>Travailler au Capitole, \u00ab particuli\u00e8rement au vu du caract\u00e8re pesant et de la nature d\u00e9lib\u00e9rative \u00bb  du processus l\u00e9gislatif ainsi que l&#39;importance d&#39;avoir \u00e0 g\u00e9rer ce niveau de responsabilit\u00e9, peut \u00eatre quelque chose d&#39;\u00e9puisant, laissant les s\u00e9nateurs \u00ab spirituellement vuln\u00e9rables \u00bb a dit Barry Black. \u00ab Quelque soit le niveau de spiritualit\u00e9 avec lequel vous arrivez \u00e0 cette fonction, il est multipli\u00e9 par deux je pense, quand vous d\u00e9couvrez un besoin intense de cultiver cette connexion [avec Dieu]. \u00bb <\/p>\n<p>Au cours de ses ann\u00e9es en tant que guide spirituel pour les leaders de la nation, Black avoue qu&#39;il a remarqu\u00e9 l&#39;impossibilit\u00e9 de compl\u00e8tement s\u00e9parer \u00ab la spiritualit\u00e9 d&#39;un individu du travail qu&#39;il ou elle fait. \u00bb Certainement, ajoute t-il, dans certaines circonstances, les S\u00e9nateurs doivent voter \u00e0 l&#39;encontre de leurs convictions personnelles pour le bien de leur \u00e9lectorat, mais \u00ab la spiritualit\u00e9 qu&#39;ont beaucoup de nos l\u00e9gislateurs, les impr\u00e8gne suffisamment pour qu&#39;elle affecte leur jugement, leur vision du monde et leur processus de prise de d\u00e9cision. \u00bb <\/p>\n<p>Black, dont le bureau domine le National Mall, dit que la vue \u00ab saisissante \u00bb dont il b\u00e9n\u00e9ficie contribue \u00e0 la sensation d&#39;\u00e9merveillement qu&#39;il ressent chaque fois qu&#39;il entre au Capitole. <\/p>\n<p>\u00ab J&#39;ai l&#39;opportunit\u00e9 d&#39;\u00e9changer avec certaines des personnes les plus intelligentes que je connaisse, et ils s&#39;int\u00e9ressent \u00e0 mon opinion sur les dimensions \u00e9thiques des questions qu&#39;ils d\u00e9battent dans la chambre. Ce privil\u00e8ge _ cette responsabilit\u00e9_ rend humble et est tr\u00e8s, tr\u00e8s enthousiasmante, \u00bb a dit encore Barry Black. <\/p>\n","protected":false},"excerpt":{"rendered":"<p>Les officiels du gouvernement ainsi que les citoyens des Etats-Unis qui se sont rassembl\u00e9s aujourd&#39;hui au Capitole pour l&#39;inauguration du pr\u00e9sident d\u00e9sign\u00e9 Barack Obama, c\u00e9l\u00e9breront plusieurs premi&#038;egrav<\/p>\n","protected":false},"author":1,"featured_media":0,"comment_status":"closed","ping_status":"closed","sticky":false,"template":"","format":"standard","meta":{"_acf_changed":false,"footnotes":""},"categories":[9],"tags":[],"class_list":["post-13099","post","type-post","status-publish","format-standard","hentry","category-archive-fr"],"acf":[],"yoast_head":"<!-- This site is optimized with the Yoast SEO plugin v27.3 - https:\/\/yoast.com\/product\/yoast-seo-wordpress\/ -->\n<title>L&#039;inauguration historique pr\u00e9serve la tradition de la pri\u00e8re - \u00c9glise Adventiste Du Septieme Jour - Inter Am\u00e9rique Division<\/title>\n<meta name=\"robots\" content=\"index, follow, max-snippet:-1, max-image-preview:large, max-video-preview:-1\" \/>\n<link rel=\"canonical\" href=\"https:\/\/interamerica.org\/fr\/2009\/01\/linauguration-historique-preserve-la-tradition-de-la-priere\/\" \/>\n<meta property=\"og:locale\" content=\"fr_FR\" \/>\n<meta property=\"og:type\" content=\"article\" \/>\n<meta property=\"og:title\" content=\"L&#039;inauguration historique pr\u00e9serve la tradition de la pri\u00e8re - \u00c9glise Adventiste Du Septieme Jour - Inter Am\u00e9rique Division\" \/>\n<meta property=\"og:description\" content=\"Les officiels du gouvernement ainsi que les citoyens des Etats-Unis qui se sont rassembl\u00e9s aujourd&#039;hui au Capitole pour l&#039;inauguration du pr\u00e9sident d\u00e9sign\u00e9 Barack Obama, c\u00e9l\u00e9breront plusieurs premi&amp;egrav\" \/>\n<meta property=\"og:url\" content=\"https:\/\/interamerica.org\/fr\/2009\/01\/linauguration-historique-preserve-la-tradition-de-la-priere\/\" \/>\n<meta property=\"og:site_name\" content=\"\u00c9glise Adventiste Du Septieme Jour - Inter Am\u00e9rique Division\" \/>\n<meta property=\"article:published_time\" content=\"2009-01-20T04:00:00+00:00\" \/>\n<meta property=\"article:modified_time\" content=\"2017-06-02T17:06:53+00:00\" \/>\n<meta name=\"author\" content=\"Lorenzo Verduzco\" \/>\n<meta name=\"twitter:card\" content=\"summary_large_image\" \/>\n<meta name=\"twitter:label1\" content=\"\u00c9crit par\" \/>\n\t<meta name=\"twitter:data1\" content=\"Lorenzo Verduzco\" \/>\n\t<meta name=\"twitter:label2\" content=\"Dur\u00e9e de lecture estim\u00e9e\" \/>\n\t<meta name=\"twitter:data2\" content=\"5 minutes\" \/>\n<script type=\"application\/ld+json\" class=\"yoast-schema-graph\">{\"@context\":\"https:\\\/\\\/schema.org\",\"@graph\":[{\"@type\":\"Article\",\"@id\":\"https:\\\/\\\/interamerica.org\\\/fr\\\/2009\\\/01\\\/linauguration-historique-preserve-la-tradition-de-la-priere\\\/#article\",\"isPartOf\":{\"@id\":\"https:\\\/\\\/interamerica.org\\\/fr\\\/2009\\\/01\\\/linauguration-historique-preserve-la-tradition-de-la-priere\\\/\"},\"author\":{\"name\":\"Lorenzo Verduzco\",\"@id\":\"https:\\\/\\\/interamerica.org\\\/fr\\\/#\\\/schema\\\/person\\\/68ede8bdc292885bb76c1e3810e73c39\"},\"headline\":\"L&#39;inauguration historique pr\u00e9serve la tradition de la pri\u00e8re\",\"datePublished\":\"2009-01-20T04:00:00+00:00\",\"dateModified\":\"2017-06-02T17:06:53+00:00\",\"mainEntityOfPage\":{\"@id\":\"https:\\\/\\\/interamerica.org\\\/fr\\\/2009\\\/01\\\/linauguration-historique-preserve-la-tradition-de-la-priere\\\/\"},\"wordCount\":1062,\"articleSection\":[\"Archive\"],\"inLanguage\":\"fr-FR\"},{\"@type\":\"WebPage\",\"@id\":\"https:\\\/\\\/interamerica.org\\\/fr\\\/2009\\\/01\\\/linauguration-historique-preserve-la-tradition-de-la-priere\\\/\",\"url\":\"https:\\\/\\\/interamerica.org\\\/fr\\\/2009\\\/01\\\/linauguration-historique-preserve-la-tradition-de-la-priere\\\/\",\"name\":\"L&#39;inauguration historique pr\u00e9serve la tradition de la pri\u00e8re - \u00c9glise Adventiste Du Septieme Jour - Inter Am\u00e9rique Division\",\"isPartOf\":{\"@id\":\"https:\\\/\\\/interamerica.org\\\/fr\\\/#website\"},\"datePublished\":\"2009-01-20T04:00:00+00:00\",\"dateModified\":\"2017-06-02T17:06:53+00:00\",\"author\":{\"@id\":\"https:\\\/\\\/interamerica.org\\\/fr\\\/#\\\/schema\\\/person\\\/68ede8bdc292885bb76c1e3810e73c39\"},\"breadcrumb\":{\"@id\":\"https:\\\/\\\/interamerica.org\\\/fr\\\/2009\\\/01\\\/linauguration-historique-preserve-la-tradition-de-la-priere\\\/#breadcrumb\"},\"inLanguage\":\"fr-FR\",\"potentialAction\":[{\"@type\":\"ReadAction\",\"target\":[\"https:\\\/\\\/interamerica.org\\\/fr\\\/2009\\\/01\\\/linauguration-historique-preserve-la-tradition-de-la-priere\\\/\"]}]},{\"@type\":\"BreadcrumbList\",\"@id\":\"https:\\\/\\\/interamerica.org\\\/fr\\\/2009\\\/01\\\/linauguration-historique-preserve-la-tradition-de-la-priere\\\/#breadcrumb\",\"itemListElement\":[{\"@type\":\"ListItem\",\"position\":1,\"name\":\"Home\",\"item\":\"https:\\\/\\\/interamerica.org\\\/fr\\\/\"},{\"@type\":\"ListItem\",\"position\":2,\"name\":\"L&#39;inauguration historique pr\u00e9serve la tradition de la pri\u00e8re\"}]},{\"@type\":\"WebSite\",\"@id\":\"https:\\\/\\\/interamerica.org\\\/fr\\\/#website\",\"url\":\"https:\\\/\\\/interamerica.org\\\/fr\\\/\",\"name\":\"\u00c9glise Adventiste Du Septieme Jour - Inter Am\u00e9rique Division\",\"description\":\"\",\"potentialAction\":[{\"@type\":\"SearchAction\",\"target\":{\"@type\":\"EntryPoint\",\"urlTemplate\":\"https:\\\/\\\/interamerica.org\\\/fr\\\/?s={search_term_string}\"},\"query-input\":{\"@type\":\"PropertyValueSpecification\",\"valueRequired\":true,\"valueName\":\"search_term_string\"}}],\"inLanguage\":\"fr-FR\"},{\"@type\":\"Person\",\"@id\":\"https:\\\/\\\/interamerica.org\\\/fr\\\/#\\\/schema\\\/person\\\/68ede8bdc292885bb76c1e3810e73c39\",\"name\":\"Lorenzo Verduzco\",\"image\":{\"@type\":\"ImageObject\",\"inLanguage\":\"fr-FR\",\"@id\":\"https:\\\/\\\/secure.gravatar.com\\\/avatar\\\/fb81a55b6218459490a9c1dc841a34909185b81904c5337b4b27f7a6fd60c49e?s=96&d=mm&r=g\",\"url\":\"https:\\\/\\\/secure.gravatar.com\\\/avatar\\\/fb81a55b6218459490a9c1dc841a34909185b81904c5337b4b27f7a6fd60c49e?s=96&d=mm&r=g\",\"contentUrl\":\"https:\\\/\\\/secure.gravatar.com\\\/avatar\\\/fb81a55b6218459490a9c1dc841a34909185b81904c5337b4b27f7a6fd60c49e?s=96&d=mm&r=g\",\"caption\":\"Lorenzo Verduzco\"}}]}<\/script>\n<!-- \/ Yoast SEO plugin. -->","yoast_head_json":{"title":"L&#39;inauguration historique pr\u00e9serve la tradition de la pri\u00e8re - \u00c9glise Adventiste Du Septieme Jour - Inter Am\u00e9rique Division","robots":{"index":"index","follow":"follow","max-snippet":"max-snippet:-1","max-image-preview":"max-image-preview:large","max-video-preview":"max-video-preview:-1"},"canonical":"https:\/\/interamerica.org\/fr\/2009\/01\/linauguration-historique-preserve-la-tradition-de-la-priere\/","og_locale":"fr_FR","og_type":"article","og_title":"L&#39;inauguration historique pr\u00e9serve la tradition de la pri\u00e8re - \u00c9glise Adventiste Du Septieme Jour - Inter Am\u00e9rique Division","og_description":"Les officiels du gouvernement ainsi que les citoyens des Etats-Unis qui se sont rassembl\u00e9s aujourd&#39;hui au Capitole pour l&#39;inauguration du pr\u00e9sident d\u00e9sign\u00e9 Barack Obama, c\u00e9l\u00e9breront plusieurs premi&egrav","og_url":"https:\/\/interamerica.org\/fr\/2009\/01\/linauguration-historique-preserve-la-tradition-de-la-priere\/","og_site_name":"\u00c9glise Adventiste Du Septieme Jour - Inter Am\u00e9rique Division","article_published_time":"2009-01-20T04:00:00+00:00","article_modified_time":"2017-06-02T17:06:53+00:00","author":"Lorenzo Verduzco","twitter_card":"summary_large_image","twitter_misc":{"\u00c9crit par":"Lorenzo Verduzco","Dur\u00e9e de lecture estim\u00e9e":"5 minutes"},"schema":{"@context":"https:\/\/schema.org","@graph":[{"@type":"Article","@id":"https:\/\/interamerica.org\/fr\/2009\/01\/linauguration-historique-preserve-la-tradition-de-la-priere\/#article","isPartOf":{"@id":"https:\/\/interamerica.org\/fr\/2009\/01\/linauguration-historique-preserve-la-tradition-de-la-priere\/"},"author":{"name":"Lorenzo Verduzco","@id":"https:\/\/interamerica.org\/fr\/#\/schema\/person\/68ede8bdc292885bb76c1e3810e73c39"},"headline":"L&#39;inauguration historique pr\u00e9serve la tradition de la pri\u00e8re","datePublished":"2009-01-20T04:00:00+00:00","dateModified":"2017-06-02T17:06:53+00:00","mainEntityOfPage":{"@id":"https:\/\/interamerica.org\/fr\/2009\/01\/linauguration-historique-preserve-la-tradition-de-la-priere\/"},"wordCount":1062,"articleSection":["Archive"],"inLanguage":"fr-FR"},{"@type":"WebPage","@id":"https:\/\/interamerica.org\/fr\/2009\/01\/linauguration-historique-preserve-la-tradition-de-la-priere\/","url":"https:\/\/interamerica.org\/fr\/2009\/01\/linauguration-historique-preserve-la-tradition-de-la-priere\/","name":"L&#39;inauguration historique pr\u00e9serve la tradition de la pri\u00e8re - \u00c9glise Adventiste Du Septieme Jour - Inter Am\u00e9rique Division","isPartOf":{"@id":"https:\/\/interamerica.org\/fr\/#website"},"datePublished":"2009-01-20T04:00:00+00:00","dateModified":"2017-06-02T17:06:53+00:00","author":{"@id":"https:\/\/interamerica.org\/fr\/#\/schema\/person\/68ede8bdc292885bb76c1e3810e73c39"},"breadcrumb":{"@id":"https:\/\/interamerica.org\/fr\/2009\/01\/linauguration-historique-preserve-la-tradition-de-la-priere\/#breadcrumb"},"inLanguage":"fr-FR","potentialAction":[{"@type":"ReadAction","target":["https:\/\/interamerica.org\/fr\/2009\/01\/linauguration-historique-preserve-la-tradition-de-la-priere\/"]}]},{"@type":"BreadcrumbList","@id":"https:\/\/interamerica.org\/fr\/2009\/01\/linauguration-historique-preserve-la-tradition-de-la-priere\/#breadcrumb","itemListElement":[{"@type":"ListItem","position":1,"name":"Home","item":"https:\/\/interamerica.org\/fr\/"},{"@type":"ListItem","position":2,"name":"L&#39;inauguration historique pr\u00e9serve la tradition de la pri\u00e8re"}]},{"@type":"WebSite","@id":"https:\/\/interamerica.org\/fr\/#website","url":"https:\/\/interamerica.org\/fr\/","name":"\u00c9glise Adventiste Du Septieme Jour - Inter Am\u00e9rique Division","description":"","potentialAction":[{"@type":"SearchAction","target":{"@type":"EntryPoint","urlTemplate":"https:\/\/interamerica.org\/fr\/?s={search_term_string}"},"query-input":{"@type":"PropertyValueSpecification","valueRequired":true,"valueName":"search_term_string"}}],"inLanguage":"fr-FR"},{"@type":"Person","@id":"https:\/\/interamerica.org\/fr\/#\/schema\/person\/68ede8bdc292885bb76c1e3810e73c39","name":"Lorenzo Verduzco","image":{"@type":"ImageObject","inLanguage":"fr-FR","@id":"https:\/\/secure.gravatar.com\/avatar\/fb81a55b6218459490a9c1dc841a34909185b81904c5337b4b27f7a6fd60c49e?s=96&d=mm&r=g","url":"https:\/\/secure.gravatar.com\/avatar\/fb81a55b6218459490a9c1dc841a34909185b81904c5337b4b27f7a6fd60c49e?s=96&d=mm&r=g","contentUrl":"https:\/\/secure.gravatar.com\/avatar\/fb81a55b6218459490a9c1dc841a34909185b81904c5337b4b27f7a6fd60c49e?s=96&d=mm&r=g","caption":"Lorenzo Verduzco"}}]}},"_links":{"self":[{"href":"https:\/\/interamerica.org\/fr\/wp-json\/wp\/v2\/posts\/13099","targetHints":{"allow":["GET"]}}],"collection":[{"href":"https:\/\/interamerica.org\/fr\/wp-json\/wp\/v2\/posts"}],"about":[{"href":"https:\/\/interamerica.org\/fr\/wp-json\/wp\/v2\/types\/post"}],"author":[{"embeddable":true,"href":"https:\/\/interamerica.org\/fr\/wp-json\/wp\/v2\/users\/1"}],"replies":[{"embeddable":true,"href":"https:\/\/interamerica.org\/fr\/wp-json\/wp\/v2\/comments?post=13099"}],"version-history":[{"count":0,"href":"https:\/\/interamerica.org\/fr\/wp-json\/wp\/v2\/posts\/13099\/revisions"}],"wp:attachment":[{"href":"https:\/\/interamerica.org\/fr\/wp-json\/wp\/v2\/media?parent=13099"}],"wp:term":[{"taxonomy":"category","embeddable":true,"href":"https:\/\/interamerica.org\/fr\/wp-json\/wp\/v2\/categories?post=13099"},{"taxonomy":"post_tag","embeddable":true,"href":"https:\/\/interamerica.org\/fr\/wp-json\/wp\/v2\/tags?post=13099"}],"curies":[{"name":"wp","href":"https:\/\/api.w.org\/{rel}","templated":true}]}}