{"id":13104,"date":"2009-01-29T00:00:00","date_gmt":"2009-01-29T04:00:00","guid":{"rendered":"http:\/\/192.81.217.108\/interamerica\/2009\/01\/union-des-antilles-leglise-elit-deux-de-ses-principaux-dirigeants\/"},"modified":"2017-06-02T13:06:50","modified_gmt":"2017-06-02T17:06:50","slug":"union-des-antilles-leglise-elit-deux-de-ses-principaux-dirigeants","status":"publish","type":"post","link":"https:\/\/interamerica.org\/fr\/2009\/01\/union-des-antilles-leglise-elit-deux-de-ses-principaux-dirigeants\/","title":{"rendered":"Union des Antilles: l&#39;Eglise \u00e9lit deux de ses principaux dirigeants."},"content":{"rendered":"<p><em >29 Janvier 2009 <\/em >&#8211; Mandeville, Jama\u00efque&#8230;[Nigel Coke\/DIA] <\/p>\n<p>L&#39;Eglise Adventiste dans l&#39;Union des Antilles a \u00e9lu deux de ses principaux dirigeants au cours des rencontres de son comit\u00e9 ex\u00e9cutif hier au si\u00e8ge de l&#39;\u00e9glise \u00e0 Mandeville en Jama\u00efque. <\/p>\n<p>Pasteur Derek Bignall servira en tant que nouveau pr\u00e9sident de l&#39;\u00e9glise dans l&#39;Union des Antilles en compagnie de pasteur Glen O. Samuels qui servira en tant que secr\u00e9taire ex\u00e9cutif. <\/p>\n<p>En acceptant ses nouvelles fonctions, pasteur Bignall a remerci\u00e9  le comit\u00e9 de l&#39;union pour la confiance qui lui a \u00e9t\u00e9 t\u00e9moign\u00e9e  et s&#39;est engag\u00e9 \u00e0 poursuivre l&#39;\u0153uvre de son pr\u00e9d\u00e9cesseur, Dr Patrick Allen, qui a r\u00e9cemment \u00e9t\u00e9 nomm\u00e9 Gouverneur G\u00e9n\u00e9ral de la Jama\u00efque. <\/p>\n<p>\u00ab C&#39;est une \u00e9norme responsabilit\u00e9 que de conduire l&#39;\u00e9quipe \u00e0 ce stade avec plus de 260000 membres et plus de 700 \u00e9glises et une diversit\u00e9 de cultures, \u00bb a dit pasteur Bignall. \u00ab Nous poursuivrons et nous intensifierons les plans qui avaient \u00e9t\u00e9 faits pour l&#39;\u00e9glise. Nous voulons que chaque membre puisse avoir la vision de partager l&#39;\u00e9vangile.  Nous irons plus loin dans notre engagement \u00e0 travailler dans la communaut\u00e9 en prenant soin des n\u00e9cessiteux et de ceux qui sont d\u00e9prim\u00e9s et oppress\u00e9s. L&#39;\u00e9glise sera un phare en Jama\u00efque dans ce domaine. Par la gr\u00e2ce de Dieu nous r\u00e9aliserons ces objectifs. \u00bb <\/p>\n<p>Pasteur Bingall a f\u00e9licit\u00e9 Dr Allen, le pr\u00e9sident sortant pour sa direction visionnaire et consacr\u00e9e au cours des huit derni\u00e8res ann\u00e9es, gr\u00e2ce \u00e0 laquelle l&#39;Union est pass\u00e9e de quatre f\u00e9d\u00e9rations et deux missions en l&#39;an 2000 \u00e0 son statut actuel o\u00f9 ell compte six f\u00e9d\u00e9rations, deux missions et un champ exp\u00e9rimental. <\/p>\n<p>Avant son \u00e9lection en tant que pr\u00e9sident, pasteur Bingall a servi en tant que secr\u00e9taire de l&#39;Union; une position qu&#39;il a occup\u00e9e depuis 2005. En tant que pasteur et administrateur, il a servi l&#39;\u00e9glise \u00e0 diff\u00e9rents niveaux pendant plus de 34 ans. <\/p>\n<p>Dipl\u00f4m\u00e9 de West Indies College (maintenant Universit\u00e9 du Nord de la Cara\u00efbe), ainsi que d&#39;Andrews University dans le Michigan aux Etats-Unis, pasteur Bingall est titulaire d&#39;une licence en th\u00e9ologie et d&#39;une maitrise en \u00e9ducation. Il pr\u00e9pare actuellement un doctorat en \u00e9ducation \u00e0 l&#39;Universit\u00e9 du Nord de la Cara\u00efbe. <\/p>\n<p>L&#39;\u00e9vang\u00e9liste et pasteur Glen O. Samuels rejoint les bureaux du si\u00e8ge de l&#39;\u00e9glise et laisse ainsi sa position de pr\u00e9sident de la F\u00e9d\u00e9ration de l&#39;Ouest de la Jama\u00efque. <\/p>\n<p>Dans son allocution de cl\u00f4ture au comit\u00e9 ex\u00e9cutif, Dr Allen a remerci\u00e9 les administrateurs, les directeurs, les responsables de champs et d&#39;institutions de l&#39;Union des Antilles, la Division Inter Am\u00e9ricaine et la Conf\u00e9rence G\u00e9n\u00e9rale. <\/p>\n<p>\u00ab C&#39;est avec beaucoup d&#39;\u00e9motion et un c\u0153ur lourd que je prends cong\u00e9 de vous, \u00bb a dit Dr Allen. \u00ab C&#39;\u00e9tait si bien de travailler avec ce comit\u00e9, et je vous f\u00e9licite pour le niveau de discussion et de d\u00e9cision que nous avons eu et pour votre soutien pour la vision que nous avons projet\u00e9e dans cette Union. \u00bb <\/p>\n<p>L&#39;Eglise Adventiste du Septi\u00e8me jour dans l&#39;Union des Antilles est compos\u00e9e de la Jama\u00efque, des Bahamas, des \u00eeles Turk et Ca\u00efcos, et des \u00eeles Ca\u00efman, soit un total de 260000 membres qui se r\u00e9unissent dans plus de 735 congr\u00e9gations. <\/p>\n","protected":false},"excerpt":{"rendered":"<p>L&#39;Eglise Adventiste dans l&#39;Union des Antilles a \u00e9lu deux de ses principaux dirigeants au cours des rencontres de son comit\u00e9 ex\u00e9cutif hier au si\u00e8ge de l&#39;\u00e9glise \u00e0 Mandeville en Jama\u00efque.<\/p>\n","protected":false},"author":1,"featured_media":0,"comment_status":"closed","ping_status":"closed","sticky":false,"template":"","format":"standard","meta":{"_acf_changed":false,"footnotes":""},"categories":[9],"tags":[],"class_list":["post-13104","post","type-post","status-publish","format-standard","hentry","category-archive-fr"],"acf":[],"yoast_head":"<!-- This site is optimized with the Yoast SEO plugin v27.3 - https:\/\/yoast.com\/product\/yoast-seo-wordpress\/ -->\n<title>Union des Antilles: l&#039;Eglise \u00e9lit deux de ses principaux dirigeants. - \u00c9glise Adventiste Du Septieme Jour - Inter Am\u00e9rique Division<\/title>\n<meta name=\"robots\" content=\"index, follow, max-snippet:-1, max-image-preview:large, max-video-preview:-1\" \/>\n<link rel=\"canonical\" href=\"https:\/\/interamerica.org\/fr\/2009\/01\/union-des-antilles-leglise-elit-deux-de-ses-principaux-dirigeants\/\" \/>\n<meta property=\"og:locale\" content=\"fr_FR\" \/>\n<meta property=\"og:type\" content=\"article\" \/>\n<meta property=\"og:title\" content=\"Union des Antilles: l&#039;Eglise \u00e9lit deux de ses principaux dirigeants. - \u00c9glise Adventiste Du Septieme Jour - Inter Am\u00e9rique Division\" \/>\n<meta property=\"og:description\" content=\"L&#039;Eglise Adventiste dans l&#039;Union des Antilles a \u00e9lu deux de ses principaux dirigeants au cours des rencontres de son comit\u00e9 ex\u00e9cutif hier au si\u00e8ge de l&#039;\u00e9glise \u00e0 Mandeville en Jama\u00efque.\" \/>\n<meta property=\"og:url\" content=\"https:\/\/interamerica.org\/fr\/2009\/01\/union-des-antilles-leglise-elit-deux-de-ses-principaux-dirigeants\/\" \/>\n<meta property=\"og:site_name\" content=\"\u00c9glise Adventiste Du Septieme Jour - Inter Am\u00e9rique Division\" \/>\n<meta property=\"article:published_time\" content=\"2009-01-29T04:00:00+00:00\" \/>\n<meta property=\"article:modified_time\" content=\"2017-06-02T17:06:50+00:00\" \/>\n<meta name=\"author\" content=\"Lorenzo Verduzco\" \/>\n<meta name=\"twitter:card\" content=\"summary_large_image\" \/>\n<meta name=\"twitter:label1\" content=\"\u00c9crit par\" \/>\n\t<meta name=\"twitter:data1\" content=\"Lorenzo Verduzco\" \/>\n\t<meta name=\"twitter:label2\" content=\"Dur\u00e9e de lecture estim\u00e9e\" \/>\n\t<meta name=\"twitter:data2\" content=\"3 minutes\" \/>\n<script type=\"application\/ld+json\" class=\"yoast-schema-graph\">{\"@context\":\"https:\\\/\\\/schema.org\",\"@graph\":[{\"@type\":\"Article\",\"@id\":\"https:\\\/\\\/interamerica.org\\\/fr\\\/2009\\\/01\\\/union-des-antilles-leglise-elit-deux-de-ses-principaux-dirigeants\\\/#article\",\"isPartOf\":{\"@id\":\"https:\\\/\\\/interamerica.org\\\/fr\\\/2009\\\/01\\\/union-des-antilles-leglise-elit-deux-de-ses-principaux-dirigeants\\\/\"},\"author\":{\"name\":\"Lorenzo Verduzco\",\"@id\":\"https:\\\/\\\/interamerica.org\\\/fr\\\/#\\\/schema\\\/person\\\/68ede8bdc292885bb76c1e3810e73c39\"},\"headline\":\"Union des Antilles: l&#39;Eglise \u00e9lit deux de ses principaux dirigeants.\",\"datePublished\":\"2009-01-29T04:00:00+00:00\",\"dateModified\":\"2017-06-02T17:06:50+00:00\",\"mainEntityOfPage\":{\"@id\":\"https:\\\/\\\/interamerica.org\\\/fr\\\/2009\\\/01\\\/union-des-antilles-leglise-elit-deux-de-ses-principaux-dirigeants\\\/\"},\"wordCount\":599,\"articleSection\":[\"Archive\"],\"inLanguage\":\"fr-FR\"},{\"@type\":\"WebPage\",\"@id\":\"https:\\\/\\\/interamerica.org\\\/fr\\\/2009\\\/01\\\/union-des-antilles-leglise-elit-deux-de-ses-principaux-dirigeants\\\/\",\"url\":\"https:\\\/\\\/interamerica.org\\\/fr\\\/2009\\\/01\\\/union-des-antilles-leglise-elit-deux-de-ses-principaux-dirigeants\\\/\",\"name\":\"Union des Antilles: l&#39;Eglise \u00e9lit deux de ses principaux dirigeants. - \u00c9glise Adventiste Du Septieme Jour - Inter Am\u00e9rique Division\",\"isPartOf\":{\"@id\":\"https:\\\/\\\/interamerica.org\\\/fr\\\/#website\"},\"datePublished\":\"2009-01-29T04:00:00+00:00\",\"dateModified\":\"2017-06-02T17:06:50+00:00\",\"author\":{\"@id\":\"https:\\\/\\\/interamerica.org\\\/fr\\\/#\\\/schema\\\/person\\\/68ede8bdc292885bb76c1e3810e73c39\"},\"breadcrumb\":{\"@id\":\"https:\\\/\\\/interamerica.org\\\/fr\\\/2009\\\/01\\\/union-des-antilles-leglise-elit-deux-de-ses-principaux-dirigeants\\\/#breadcrumb\"},\"inLanguage\":\"fr-FR\",\"potentialAction\":[{\"@type\":\"ReadAction\",\"target\":[\"https:\\\/\\\/interamerica.org\\\/fr\\\/2009\\\/01\\\/union-des-antilles-leglise-elit-deux-de-ses-principaux-dirigeants\\\/\"]}]},{\"@type\":\"BreadcrumbList\",\"@id\":\"https:\\\/\\\/interamerica.org\\\/fr\\\/2009\\\/01\\\/union-des-antilles-leglise-elit-deux-de-ses-principaux-dirigeants\\\/#breadcrumb\",\"itemListElement\":[{\"@type\":\"ListItem\",\"position\":1,\"name\":\"Home\",\"item\":\"https:\\\/\\\/interamerica.org\\\/fr\\\/\"},{\"@type\":\"ListItem\",\"position\":2,\"name\":\"Union des Antilles: l&#39;Eglise \u00e9lit deux de ses principaux dirigeants.\"}]},{\"@type\":\"WebSite\",\"@id\":\"https:\\\/\\\/interamerica.org\\\/fr\\\/#website\",\"url\":\"https:\\\/\\\/interamerica.org\\\/fr\\\/\",\"name\":\"\u00c9glise Adventiste Du Septieme Jour - Inter Am\u00e9rique Division\",\"description\":\"\",\"potentialAction\":[{\"@type\":\"SearchAction\",\"target\":{\"@type\":\"EntryPoint\",\"urlTemplate\":\"https:\\\/\\\/interamerica.org\\\/fr\\\/?s={search_term_string}\"},\"query-input\":{\"@type\":\"PropertyValueSpecification\",\"valueRequired\":true,\"valueName\":\"search_term_string\"}}],\"inLanguage\":\"fr-FR\"},{\"@type\":\"Person\",\"@id\":\"https:\\\/\\\/interamerica.org\\\/fr\\\/#\\\/schema\\\/person\\\/68ede8bdc292885bb76c1e3810e73c39\",\"name\":\"Lorenzo Verduzco\",\"image\":{\"@type\":\"ImageObject\",\"inLanguage\":\"fr-FR\",\"@id\":\"https:\\\/\\\/secure.gravatar.com\\\/avatar\\\/fb81a55b6218459490a9c1dc841a34909185b81904c5337b4b27f7a6fd60c49e?s=96&d=mm&r=g\",\"url\":\"https:\\\/\\\/secure.gravatar.com\\\/avatar\\\/fb81a55b6218459490a9c1dc841a34909185b81904c5337b4b27f7a6fd60c49e?s=96&d=mm&r=g\",\"contentUrl\":\"https:\\\/\\\/secure.gravatar.com\\\/avatar\\\/fb81a55b6218459490a9c1dc841a34909185b81904c5337b4b27f7a6fd60c49e?s=96&d=mm&r=g\",\"caption\":\"Lorenzo Verduzco\"}}]}<\/script>\n<!-- \/ Yoast SEO plugin. -->","yoast_head_json":{"title":"Union des Antilles: l&#39;Eglise \u00e9lit deux de ses principaux dirigeants. - \u00c9glise Adventiste Du Septieme Jour - Inter Am\u00e9rique Division","robots":{"index":"index","follow":"follow","max-snippet":"max-snippet:-1","max-image-preview":"max-image-preview:large","max-video-preview":"max-video-preview:-1"},"canonical":"https:\/\/interamerica.org\/fr\/2009\/01\/union-des-antilles-leglise-elit-deux-de-ses-principaux-dirigeants\/","og_locale":"fr_FR","og_type":"article","og_title":"Union des Antilles: l&#39;Eglise \u00e9lit deux de ses principaux dirigeants. - \u00c9glise Adventiste Du Septieme Jour - Inter Am\u00e9rique Division","og_description":"L&#39;Eglise Adventiste dans l&#39;Union des Antilles a \u00e9lu deux de ses principaux dirigeants au cours des rencontres de son comit\u00e9 ex\u00e9cutif hier au si\u00e8ge de l&#39;\u00e9glise \u00e0 Mandeville en Jama\u00efque.","og_url":"https:\/\/interamerica.org\/fr\/2009\/01\/union-des-antilles-leglise-elit-deux-de-ses-principaux-dirigeants\/","og_site_name":"\u00c9glise Adventiste Du Septieme Jour - Inter Am\u00e9rique Division","article_published_time":"2009-01-29T04:00:00+00:00","article_modified_time":"2017-06-02T17:06:50+00:00","author":"Lorenzo Verduzco","twitter_card":"summary_large_image","twitter_misc":{"\u00c9crit par":"Lorenzo Verduzco","Dur\u00e9e de lecture estim\u00e9e":"3 minutes"},"schema":{"@context":"https:\/\/schema.org","@graph":[{"@type":"Article","@id":"https:\/\/interamerica.org\/fr\/2009\/01\/union-des-antilles-leglise-elit-deux-de-ses-principaux-dirigeants\/#article","isPartOf":{"@id":"https:\/\/interamerica.org\/fr\/2009\/01\/union-des-antilles-leglise-elit-deux-de-ses-principaux-dirigeants\/"},"author":{"name":"Lorenzo Verduzco","@id":"https:\/\/interamerica.org\/fr\/#\/schema\/person\/68ede8bdc292885bb76c1e3810e73c39"},"headline":"Union des Antilles: l&#39;Eglise \u00e9lit deux de ses principaux dirigeants.","datePublished":"2009-01-29T04:00:00+00:00","dateModified":"2017-06-02T17:06:50+00:00","mainEntityOfPage":{"@id":"https:\/\/interamerica.org\/fr\/2009\/01\/union-des-antilles-leglise-elit-deux-de-ses-principaux-dirigeants\/"},"wordCount":599,"articleSection":["Archive"],"inLanguage":"fr-FR"},{"@type":"WebPage","@id":"https:\/\/interamerica.org\/fr\/2009\/01\/union-des-antilles-leglise-elit-deux-de-ses-principaux-dirigeants\/","url":"https:\/\/interamerica.org\/fr\/2009\/01\/union-des-antilles-leglise-elit-deux-de-ses-principaux-dirigeants\/","name":"Union des Antilles: l&#39;Eglise \u00e9lit deux de ses principaux dirigeants. - \u00c9glise Adventiste Du Septieme Jour - Inter Am\u00e9rique Division","isPartOf":{"@id":"https:\/\/interamerica.org\/fr\/#website"},"datePublished":"2009-01-29T04:00:00+00:00","dateModified":"2017-06-02T17:06:50+00:00","author":{"@id":"https:\/\/interamerica.org\/fr\/#\/schema\/person\/68ede8bdc292885bb76c1e3810e73c39"},"breadcrumb":{"@id":"https:\/\/interamerica.org\/fr\/2009\/01\/union-des-antilles-leglise-elit-deux-de-ses-principaux-dirigeants\/#breadcrumb"},"inLanguage":"fr-FR","potentialAction":[{"@type":"ReadAction","target":["https:\/\/interamerica.org\/fr\/2009\/01\/union-des-antilles-leglise-elit-deux-de-ses-principaux-dirigeants\/"]}]},{"@type":"BreadcrumbList","@id":"https:\/\/interamerica.org\/fr\/2009\/01\/union-des-antilles-leglise-elit-deux-de-ses-principaux-dirigeants\/#breadcrumb","itemListElement":[{"@type":"ListItem","position":1,"name":"Home","item":"https:\/\/interamerica.org\/fr\/"},{"@type":"ListItem","position":2,"name":"Union des Antilles: l&#39;Eglise \u00e9lit deux de ses principaux dirigeants."}]},{"@type":"WebSite","@id":"https:\/\/interamerica.org\/fr\/#website","url":"https:\/\/interamerica.org\/fr\/","name":"\u00c9glise Adventiste Du Septieme Jour - Inter Am\u00e9rique Division","description":"","potentialAction":[{"@type":"SearchAction","target":{"@type":"EntryPoint","urlTemplate":"https:\/\/interamerica.org\/fr\/?s={search_term_string}"},"query-input":{"@type":"PropertyValueSpecification","valueRequired":true,"valueName":"search_term_string"}}],"inLanguage":"fr-FR"},{"@type":"Person","@id":"https:\/\/interamerica.org\/fr\/#\/schema\/person\/68ede8bdc292885bb76c1e3810e73c39","name":"Lorenzo Verduzco","image":{"@type":"ImageObject","inLanguage":"fr-FR","@id":"https:\/\/secure.gravatar.com\/avatar\/fb81a55b6218459490a9c1dc841a34909185b81904c5337b4b27f7a6fd60c49e?s=96&d=mm&r=g","url":"https:\/\/secure.gravatar.com\/avatar\/fb81a55b6218459490a9c1dc841a34909185b81904c5337b4b27f7a6fd60c49e?s=96&d=mm&r=g","contentUrl":"https:\/\/secure.gravatar.com\/avatar\/fb81a55b6218459490a9c1dc841a34909185b81904c5337b4b27f7a6fd60c49e?s=96&d=mm&r=g","caption":"Lorenzo Verduzco"}}]}},"_links":{"self":[{"href":"https:\/\/interamerica.org\/fr\/wp-json\/wp\/v2\/posts\/13104","targetHints":{"allow":["GET"]}}],"collection":[{"href":"https:\/\/interamerica.org\/fr\/wp-json\/wp\/v2\/posts"}],"about":[{"href":"https:\/\/interamerica.org\/fr\/wp-json\/wp\/v2\/types\/post"}],"author":[{"embeddable":true,"href":"https:\/\/interamerica.org\/fr\/wp-json\/wp\/v2\/users\/1"}],"replies":[{"embeddable":true,"href":"https:\/\/interamerica.org\/fr\/wp-json\/wp\/v2\/comments?post=13104"}],"version-history":[{"count":0,"href":"https:\/\/interamerica.org\/fr\/wp-json\/wp\/v2\/posts\/13104\/revisions"}],"wp:attachment":[{"href":"https:\/\/interamerica.org\/fr\/wp-json\/wp\/v2\/media?parent=13104"}],"wp:term":[{"taxonomy":"category","embeddable":true,"href":"https:\/\/interamerica.org\/fr\/wp-json\/wp\/v2\/categories?post=13104"},{"taxonomy":"post_tag","embeddable":true,"href":"https:\/\/interamerica.org\/fr\/wp-json\/wp\/v2\/tags?post=13104"}],"curies":[{"name":"wp","href":"https:\/\/api.w.org\/{rel}","templated":true}]}}