{"id":13105,"date":"2009-01-30T00:00:00","date_gmt":"2009-01-30T04:00:00","guid":{"rendered":"http:\/\/192.81.217.108\/interamerica\/2009\/01\/la-deuxieme-edition-du-dialogue-abordons-les-problemes-regroupe-des-administrateurs-et-des-membres\/"},"modified":"2017-06-02T13:06:50","modified_gmt":"2017-06-02T17:06:50","slug":"la-deuxieme-edition-du-dialogue-abordons-les-problemes-regroupe-des-administrateurs-et-des-membres","status":"publish","type":"post","link":"https:\/\/interamerica.org\/fr\/2009\/01\/la-deuxieme-edition-du-dialogue-abordons-les-problemes-regroupe-des-administrateurs-et-des-membres\/","title":{"rendered":"La deuxi\u00e8me \u00e9dition du dialogue \u00ab\u00a0Abordons les Probl\u00e8mes\u00a0\u00bb regroupe des administrateurs et des membres"},"content":{"rendered":"<p><em >30 janvier 2009 &#8211;<\/em > Alajuela, Costa Rica&#8230; (Libna Stevens\/DIA) <\/p>\n<p>Des Adventistes du Septi\u00e8me jour de l&#39;Am\u00e9rique Centrale ont pos\u00e9 des questions et exprim\u00e9 leurs pr\u00e9occupations aux principaux administrateurs de la Division Inter-Am\u00e9ricaine (DIA) au cours d&#39;un programme sp\u00e9cial r\u00e9alis\u00e9 en direct le 24 janvier 2009, programme d\u00e9nomm\u00e9 \u00ab\u00a0Abordons les Probl\u00e8mes\u00a0\u00bb.  Le programme, qui s&#39;est tenu \u00e0 l&#39;Universit\u00e9 Adventiste de l&#39;Am\u00e9rique Centrale, a \u00e9t\u00e9 le deuxi\u00e8me d&#39;une s\u00e9rie de conversations, non pr\u00e9par\u00e9es ou \u00e9dit\u00e9es entre les pricipaux administrateurs de l&#39;\u00e9glise et un groupe de membres d&#39;\u00e9glise d\u00e9sign\u00e9s pour repr\u00e9senter les 800.000 courageux membres des pays de l&#39;Am\u00e9rique Centrale. <\/p>\n<p>Des centaines se trouvaient dans l&#39;assistance alors que le programme de deux heures et demie \u00e9tait retransmis en direct sur l&#39;internet. <\/p>\n<p>\u00ab\u00a0C&#39;est un privil\u00e8ge pour nous de vous entendre,\u00a0\u00bb a dit Pasteur Israel Leito, pr\u00e9sident de l&#39;\u00e9glise de l&#39;Inter-Am\u00e9rique et prinicpal organisateur du programme.  \u00ab\u00a0Nous sommes venus non seulement pour vous parler mais pour vous entendre et savoir ce que pensent nos membres et nous informer de leurs besoins en vue de d\u00e9celer si les plans \u00e9labor\u00e9s r\u00e9pondent aux besoins de l&#39;\u00e9glise.\u00a0\u00bb <\/p>\n<p>Les 27 membres d&#39;\u00e9glise qui ont compos\u00e9 le groupe concern\u00e9 repr\u00e9sentaient le Panama, le Nicaragua, le Honduras, El Salvador, le Guat\u00e9mala et le Costa Rica, et lesmembres \u00e9taient \u00e2g\u00e9s entre 7 et 45 ans.  Le groupe a pos\u00e9 des questions d&#39;ordre personnel autour de la soci\u00e9t\u00e9, du sexe, des finances dans l&#39;\u00e9glise ainsi que la mission, la vision et la structure de l&#39;organisation de l&#39;\u00e9glise. <\/p>\n<p>La question primoridale a tourn\u00e9 autour de la question \u00e0 savoir dans quelle mesure l&#39;\u00e9glise peut assurer un meilleur futur \u00e0 ses enfants. <\/p>\n<p>\u00ab\u00a0Quels sont les plans faits par l&#39;\u00e9glise pour aider les enfants pauvres?\u00a0\u00bb a demand\u00e9 Samuel un gar\u00e7on \u00e2g\u00e9 de huit ans.  Un autre gar\u00e7on a pos\u00e9 la question \u00e0 savoir dans quelle mesure l&#39;\u00e9glise pourrait-elle permettre \u00e0 chaque enfant de l&#39;\u00e9glise d&#39;avoir acc\u00e8s \u00e0 une \u00e9ducation Adventiste. <\/p>\n<p>L&#39;\u00e9glise a investi des millions de dollars pour l&#39;\u00e9ducation Chr\u00e9tienne, a offert des bourses et subventionn\u00e9 l&#39;\u00e9ducation en vue de permettre une \u00e9ducation de qualit\u00e9 \u00e0 tous les enfants provenant de familles \u00e0 revenus faibles ainsi qu&#39;aux enfants de nos \u00e9glises,\u00a0\u00bb a dit Pasteur Leito. <\/p>\n<p>Pasteur Leito a ajout\u00e9 que l&#39;administration de l&#39;\u00e9glise va consid\u00e9rer des moyens pour am\u00e9liorer l&#39;\u00e9ducation Adventiste au sein des pays du territoire et s&#39;assurer que les enseignants re\u00e7oivent une r\u00e9mun\u00e9ration appropri\u00e9e pour l&#39;accomplissement d&#39;un travail d\u00e9vou\u00e9. <\/p>\n<p>Une autre question a tourn\u00e9 autour de la musique dans l&#39;\u00e9glise pour s&#39;informer du style de musique appropri\u00e9e. <\/p>\n<p>\u00ab\u00a0L&#39;\u00e9glise n&#39;a pas adopt\u00e9 une position en ce qui concerner la musique \u00e0 cause des diff\u00e9rentes cultures \u00e0 travers le monde en ce qui a rapport aux standards de la musique,\u00a0\u00bb a expliqu\u00e9 Paseur Leito, \u00ab\u00a0mais chaque congr\u00e9gation devrait examiner et d\u00e9cider du style de musique convenable \u00e0 son \u00e9glise.\u00a0\u00bb <\/p>\n<p>Quelques questions ont \u00e9t\u00e9 d\u00e9battues autour des ressources disponibles aux enfant d&#39;\u00e2ge scolaire, des programmes pour combattre les jeux vid\u00e9os et les distractions technologiques qui assaillent les petits enfants, et des programmes et projets disponibles pour les jeunes \u00e0 part les activit\u00e9s des clubs d&#39;Eclaireurs et de chef guide. <\/p>\n<p>D&#39;autres questions ont tourn\u00e9 autour des standards dans l&#39;\u00e9glise, des programmes pour les handicap\u00e9s, la r\u00e9tention des membres, du minist\u00e8re des petits groupes, et du manque de pasteurs. <\/p>\n<p>Les dirigeants de l&#39;\u00e9glise sont convaincus que ce genre de dialogue permettra d&#39;avoir une meilleure vision sur la mani\u00e8re d&#39;\u00e9tablir une collaboration plus \u00e9troite entre les dirigeants et les membres des \u00e9glise locales en vue d&#39;achever la mission de l&#39;\u00e9glise. <\/p>\n<p>\u00ab\u00a0Je suis vraiment reconnaissant pour ce dialogue avec les dirigeants,\u00a0\u00bb a dit Mauricio Herrera, un pr\u00e9dicateur \u00e0 plein temps d&#39;Esteli, au Nicaragua, qui est pr\u00e9occup\u00e9 par la p\u00e9nurie de pasteurs au sein de son pays.  \u00ab\u00a0Il est tr\u00e8s important que les membres d&#39;\u00e9glise aient pu s&#39;exprimer, c&#39;est si merveilleux d&#39;avoir particip\u00e9 \u00e0 ce programme,\u00a0\u00bb a dit Herrera. <\/p>\n<p>Rossina Fallace, un ing\u00e9nieur industriel \u00e2g\u00e9e de 23 ans qui repr\u00e9sente l&#39;Eglise \u00ab\u00a0Diimension Projetica\u00a0\u00bb de Guatemala City, a dit qu&#39;elle se r\u00e9jouit d&#39;avoir \u00e9t\u00e9 parmi les pan\u00e9listes. <\/p>\n<p>\u00ab\u00a0C&#39;est merveilleux de savoir que nos dirigeants sont de bonne foi et ont l&#39;esprit ouvert en vue d&#39;entendre ce que dit le peuple,\u00a0\u00bb a dit Fallace.  \u00ab\u00a0A la v\u00e9rit\u00e9, ce travail est imparti \u00e0 chacun de nous et tout ce qui contribue \u00e0 l&#39;avancement de l&#39;\u00e9glise constitue une b\u00e9n\u00e9diction.\u00a0\u00bb <\/p>\n<p>\u00ab\u00a0Ce (dialogue) a \u00e9t\u00e9 tr\u00e8s important.  J&#39;ai \u00e9t\u00e9 impressionn\u00e9e pour la possibilit\u00e9 de dialoguer car nous pouvons accomplir de grandes choses,\u00a0\u00bb a dit Glendolyn Milliner, \u00e2g\u00e9e de 16 ans, qui souhaite avoir davantage de programmes pour les jeunes.  \u00ab\u00a0Si nous ne participons pas \u00e0 un dialogue donc il ny a pas d&#39;information.\u00a0\u00bb <\/p>\n<p>C&#39;est ce franc dialogue que vise \u00ab\u00a0Abordons les Probl\u00e8mes\u00a0\u00bb, d&#39;apr\u00e8s Pasteur Balvin Braham, organisateur et assistant du pr\u00e9sident de la DIA. <\/p>\n<p>\u00ab\u00a0L&#39;accomplissement de la mission de l&#39;\u00e9glise est un effort concert\u00e9 entre les dirigeants et les membres, donc le dialogue est n\u00e9cessaire pour forger la collaboration en vue de d\u00e9velopper un partenariat et une meilleure relation de travail,\u00a0\u00bb a d\u00e9clar\u00e9 Pasteur Braham. <\/p>\n<p>Pasteur Braham a r\u00e9alis\u00e9 que le dialogue de Costa Rica, le deuxi\u00e8me d&#39;une s\u00e9rie de six programmes \u00ab\u00a0Abordons les Probl\u00e8mes\u00a0\u00bb,  a \u00e9t\u00e9 tr\u00e8s productif. <\/p>\n<p>Le programme \u00ab\u00a0Abordons les Probl\u00e8mes\u00a0\u00bb qui a eu lieu \u00e0 Porto Rico s&#39;\u00e9tait davantage pench\u00e9 sur les jeunes, bien qu&#39;il y ait eu d&#39;autres pr\u00e9occupations d&#39;ordre g\u00e9n\u00e9ral , et \u00e0 Costa Rica, il s&#39;est tourn\u00e9 vers l&#39;\u00e9ducation et les enfants,\u00a0\u00bb a dit Pasteur Braham.  \u00ab\u00a0Ces (s\u00e9ries de dialogues) se sont adress\u00e9es \u00e0 nous de mani\u00e8re audible en tant que division qui se penche sur les grands besoins des r\u00e9gions respectives.\u00a0\u00bb <\/p>\n<p>Les dirigeants de l&#39;\u00e9glise sont optimistes concernant l&#39;impact positif du dialogue \u00ab\u00a0Abordons les Probl\u00e8mes\u00a0\u00bb destin\u00e9 \u00e0 ses membres, en plus des 500 documentaires sur le web et de plus de 80 sites sp\u00e9ciaux ou \u00e9glises qui ont suivi le programme du dialogue diffus\u00e9 en direct. <\/p>\n<p>\u00ab\u00a0L&#39;Administration au 21\u00e8me si\u00e8cle requiert que les dirigeants \u00e0 n&#39;importe quel \u00e9chelon engagent leurs consituants au dialogue car c&#39;est ainsi qu&#39;on poura arriver \u00e0 planifier et satisfaire les besoins de ses constituants, donc nous continuerons \u00e0 dialoguer avec les membres car nous, en tant que dirigeants d&#39;\u00e9glise voulons \u00eatre efficients. <\/p>\n<p>Les programmes du dialogue \u00ab\u00a0Abordons les Probl\u00e8mes\u00a0\u00bb diffus\u00e9s sur le web doivent \u00eatre retransmis sur \u00ab\u00a0Adventist Channel  Esperanza TV\u00a0\u00bb \u00e0 une date ult\u00e9rieure. <\/p>\n<p>Pour plus d&#39;informations concernant le programme du dialogue \u00ab\u00a0Abordons les Probl\u00e8mes\u00a0\u00bb, visitez <a  href=\"https:\/\/recursing-golick.147-182-135-0.plesk.page\/\">www.interamerica.org<\/a > <\/p>\n<\/p>\n<p>   <br  \/>       <\/p><\/p>\n","protected":false},"excerpt":{"rendered":"<p>Des Adventistes du Septi\u00e8me jour de l&#39;Am\u00e9rique Centrale ont pos\u00e9 des questions et exprim\u00e9 leurs pr\u00e9occupations aux principaux administrateurs de la Division Inter-Am\u00e9ricaine (DIA) au cours d&#39;un programme<\/p>\n","protected":false},"author":1,"featured_media":0,"comment_status":"closed","ping_status":"closed","sticky":false,"template":"","format":"standard","meta":{"_acf_changed":false,"footnotes":""},"categories":[9],"tags":[],"class_list":["post-13105","post","type-post","status-publish","format-standard","hentry","category-archive-fr"],"acf":[],"yoast_head":"<!-- This site is optimized with the Yoast SEO plugin v27.3 - https:\/\/yoast.com\/product\/yoast-seo-wordpress\/ -->\n<title>La deuxi\u00e8me \u00e9dition du dialogue &quot;Abordons les Probl\u00e8mes&quot; regroupe des administrateurs et des membres - \u00c9glise Adventiste Du Septieme Jour - Inter Am\u00e9rique Division<\/title>\n<meta name=\"robots\" content=\"index, follow, max-snippet:-1, max-image-preview:large, max-video-preview:-1\" \/>\n<link rel=\"canonical\" href=\"https:\/\/interamerica.org\/fr\/2009\/01\/la-deuxieme-edition-du-dialogue-abordons-les-problemes-regroupe-des-administrateurs-et-des-membres\/\" \/>\n<meta property=\"og:locale\" content=\"fr_FR\" \/>\n<meta property=\"og:type\" content=\"article\" \/>\n<meta property=\"og:title\" content=\"La deuxi\u00e8me \u00e9dition du dialogue &quot;Abordons les Probl\u00e8mes&quot; regroupe des administrateurs et des membres - \u00c9glise Adventiste Du Septieme Jour - Inter Am\u00e9rique Division\" \/>\n<meta property=\"og:description\" content=\"Des Adventistes du Septi\u00e8me jour de l&#039;Am\u00e9rique Centrale ont pos\u00e9 des questions et exprim\u00e9 leurs pr\u00e9occupations aux principaux administrateurs de la Division Inter-Am\u00e9ricaine (DIA) au cours d&#039;un programme\" \/>\n<meta property=\"og:url\" content=\"https:\/\/interamerica.org\/fr\/2009\/01\/la-deuxieme-edition-du-dialogue-abordons-les-problemes-regroupe-des-administrateurs-et-des-membres\/\" \/>\n<meta property=\"og:site_name\" content=\"\u00c9glise Adventiste Du Septieme Jour - Inter Am\u00e9rique Division\" \/>\n<meta property=\"article:published_time\" content=\"2009-01-30T04:00:00+00:00\" \/>\n<meta property=\"article:modified_time\" content=\"2017-06-02T17:06:50+00:00\" \/>\n<meta name=\"author\" content=\"Lorenzo Verduzco\" \/>\n<meta name=\"twitter:card\" content=\"summary_large_image\" \/>\n<meta name=\"twitter:label1\" content=\"\u00c9crit par\" \/>\n\t<meta name=\"twitter:data1\" content=\"Lorenzo Verduzco\" \/>\n\t<meta name=\"twitter:label2\" content=\"Dur\u00e9e de lecture estim\u00e9e\" \/>\n\t<meta name=\"twitter:data2\" content=\"6 minutes\" \/>\n<script type=\"application\/ld+json\" class=\"yoast-schema-graph\">{\"@context\":\"https:\\\/\\\/schema.org\",\"@graph\":[{\"@type\":\"Article\",\"@id\":\"https:\\\/\\\/interamerica.org\\\/fr\\\/2009\\\/01\\\/la-deuxieme-edition-du-dialogue-abordons-les-problemes-regroupe-des-administrateurs-et-des-membres\\\/#article\",\"isPartOf\":{\"@id\":\"https:\\\/\\\/interamerica.org\\\/fr\\\/2009\\\/01\\\/la-deuxieme-edition-du-dialogue-abordons-les-problemes-regroupe-des-administrateurs-et-des-membres\\\/\"},\"author\":{\"name\":\"Lorenzo Verduzco\",\"@id\":\"https:\\\/\\\/interamerica.org\\\/fr\\\/#\\\/schema\\\/person\\\/68ede8bdc292885bb76c1e3810e73c39\"},\"headline\":\"La deuxi\u00e8me \u00e9dition du dialogue \u00ab\u00a0Abordons les Probl\u00e8mes\u00a0\u00bb regroupe des administrateurs et des membres\",\"datePublished\":\"2009-01-30T04:00:00+00:00\",\"dateModified\":\"2017-06-02T17:06:50+00:00\",\"mainEntityOfPage\":{\"@id\":\"https:\\\/\\\/interamerica.org\\\/fr\\\/2009\\\/01\\\/la-deuxieme-edition-du-dialogue-abordons-les-problemes-regroupe-des-administrateurs-et-des-membres\\\/\"},\"wordCount\":1206,\"articleSection\":[\"Archive\"],\"inLanguage\":\"fr-FR\"},{\"@type\":\"WebPage\",\"@id\":\"https:\\\/\\\/interamerica.org\\\/fr\\\/2009\\\/01\\\/la-deuxieme-edition-du-dialogue-abordons-les-problemes-regroupe-des-administrateurs-et-des-membres\\\/\",\"url\":\"https:\\\/\\\/interamerica.org\\\/fr\\\/2009\\\/01\\\/la-deuxieme-edition-du-dialogue-abordons-les-problemes-regroupe-des-administrateurs-et-des-membres\\\/\",\"name\":\"La deuxi\u00e8me \u00e9dition du dialogue \\\"Abordons les Probl\u00e8mes\\\" regroupe des administrateurs et des membres - \u00c9glise Adventiste Du Septieme Jour - Inter Am\u00e9rique Division\",\"isPartOf\":{\"@id\":\"https:\\\/\\\/interamerica.org\\\/fr\\\/#website\"},\"datePublished\":\"2009-01-30T04:00:00+00:00\",\"dateModified\":\"2017-06-02T17:06:50+00:00\",\"author\":{\"@id\":\"https:\\\/\\\/interamerica.org\\\/fr\\\/#\\\/schema\\\/person\\\/68ede8bdc292885bb76c1e3810e73c39\"},\"breadcrumb\":{\"@id\":\"https:\\\/\\\/interamerica.org\\\/fr\\\/2009\\\/01\\\/la-deuxieme-edition-du-dialogue-abordons-les-problemes-regroupe-des-administrateurs-et-des-membres\\\/#breadcrumb\"},\"inLanguage\":\"fr-FR\",\"potentialAction\":[{\"@type\":\"ReadAction\",\"target\":[\"https:\\\/\\\/interamerica.org\\\/fr\\\/2009\\\/01\\\/la-deuxieme-edition-du-dialogue-abordons-les-problemes-regroupe-des-administrateurs-et-des-membres\\\/\"]}]},{\"@type\":\"BreadcrumbList\",\"@id\":\"https:\\\/\\\/interamerica.org\\\/fr\\\/2009\\\/01\\\/la-deuxieme-edition-du-dialogue-abordons-les-problemes-regroupe-des-administrateurs-et-des-membres\\\/#breadcrumb\",\"itemListElement\":[{\"@type\":\"ListItem\",\"position\":1,\"name\":\"Home\",\"item\":\"https:\\\/\\\/interamerica.org\\\/fr\\\/\"},{\"@type\":\"ListItem\",\"position\":2,\"name\":\"La deuxi\u00e8me \u00e9dition du dialogue \u00ab\u00a0Abordons les Probl\u00e8mes\u00a0\u00bb regroupe des administrateurs et des membres\"}]},{\"@type\":\"WebSite\",\"@id\":\"https:\\\/\\\/interamerica.org\\\/fr\\\/#website\",\"url\":\"https:\\\/\\\/interamerica.org\\\/fr\\\/\",\"name\":\"\u00c9glise Adventiste Du Septieme Jour - Inter Am\u00e9rique Division\",\"description\":\"\",\"potentialAction\":[{\"@type\":\"SearchAction\",\"target\":{\"@type\":\"EntryPoint\",\"urlTemplate\":\"https:\\\/\\\/interamerica.org\\\/fr\\\/?s={search_term_string}\"},\"query-input\":{\"@type\":\"PropertyValueSpecification\",\"valueRequired\":true,\"valueName\":\"search_term_string\"}}],\"inLanguage\":\"fr-FR\"},{\"@type\":\"Person\",\"@id\":\"https:\\\/\\\/interamerica.org\\\/fr\\\/#\\\/schema\\\/person\\\/68ede8bdc292885bb76c1e3810e73c39\",\"name\":\"Lorenzo Verduzco\",\"image\":{\"@type\":\"ImageObject\",\"inLanguage\":\"fr-FR\",\"@id\":\"https:\\\/\\\/secure.gravatar.com\\\/avatar\\\/fb81a55b6218459490a9c1dc841a34909185b81904c5337b4b27f7a6fd60c49e?s=96&d=mm&r=g\",\"url\":\"https:\\\/\\\/secure.gravatar.com\\\/avatar\\\/fb81a55b6218459490a9c1dc841a34909185b81904c5337b4b27f7a6fd60c49e?s=96&d=mm&r=g\",\"contentUrl\":\"https:\\\/\\\/secure.gravatar.com\\\/avatar\\\/fb81a55b6218459490a9c1dc841a34909185b81904c5337b4b27f7a6fd60c49e?s=96&d=mm&r=g\",\"caption\":\"Lorenzo Verduzco\"}}]}<\/script>\n<!-- \/ Yoast SEO plugin. -->","yoast_head_json":{"title":"La deuxi\u00e8me \u00e9dition du dialogue \"Abordons les Probl\u00e8mes\" regroupe des administrateurs et des membres - \u00c9glise Adventiste Du Septieme Jour - Inter Am\u00e9rique Division","robots":{"index":"index","follow":"follow","max-snippet":"max-snippet:-1","max-image-preview":"max-image-preview:large","max-video-preview":"max-video-preview:-1"},"canonical":"https:\/\/interamerica.org\/fr\/2009\/01\/la-deuxieme-edition-du-dialogue-abordons-les-problemes-regroupe-des-administrateurs-et-des-membres\/","og_locale":"fr_FR","og_type":"article","og_title":"La deuxi\u00e8me \u00e9dition du dialogue \"Abordons les Probl\u00e8mes\" regroupe des administrateurs et des membres - \u00c9glise Adventiste Du Septieme Jour - Inter Am\u00e9rique Division","og_description":"Des Adventistes du Septi\u00e8me jour de l&#39;Am\u00e9rique Centrale ont pos\u00e9 des questions et exprim\u00e9 leurs pr\u00e9occupations aux principaux administrateurs de la Division Inter-Am\u00e9ricaine (DIA) au cours d&#39;un programme","og_url":"https:\/\/interamerica.org\/fr\/2009\/01\/la-deuxieme-edition-du-dialogue-abordons-les-problemes-regroupe-des-administrateurs-et-des-membres\/","og_site_name":"\u00c9glise Adventiste Du Septieme Jour - Inter Am\u00e9rique Division","article_published_time":"2009-01-30T04:00:00+00:00","article_modified_time":"2017-06-02T17:06:50+00:00","author":"Lorenzo Verduzco","twitter_card":"summary_large_image","twitter_misc":{"\u00c9crit par":"Lorenzo Verduzco","Dur\u00e9e de lecture estim\u00e9e":"6 minutes"},"schema":{"@context":"https:\/\/schema.org","@graph":[{"@type":"Article","@id":"https:\/\/interamerica.org\/fr\/2009\/01\/la-deuxieme-edition-du-dialogue-abordons-les-problemes-regroupe-des-administrateurs-et-des-membres\/#article","isPartOf":{"@id":"https:\/\/interamerica.org\/fr\/2009\/01\/la-deuxieme-edition-du-dialogue-abordons-les-problemes-regroupe-des-administrateurs-et-des-membres\/"},"author":{"name":"Lorenzo Verduzco","@id":"https:\/\/interamerica.org\/fr\/#\/schema\/person\/68ede8bdc292885bb76c1e3810e73c39"},"headline":"La deuxi\u00e8me \u00e9dition du dialogue \u00ab\u00a0Abordons les Probl\u00e8mes\u00a0\u00bb regroupe des administrateurs et des membres","datePublished":"2009-01-30T04:00:00+00:00","dateModified":"2017-06-02T17:06:50+00:00","mainEntityOfPage":{"@id":"https:\/\/interamerica.org\/fr\/2009\/01\/la-deuxieme-edition-du-dialogue-abordons-les-problemes-regroupe-des-administrateurs-et-des-membres\/"},"wordCount":1206,"articleSection":["Archive"],"inLanguage":"fr-FR"},{"@type":"WebPage","@id":"https:\/\/interamerica.org\/fr\/2009\/01\/la-deuxieme-edition-du-dialogue-abordons-les-problemes-regroupe-des-administrateurs-et-des-membres\/","url":"https:\/\/interamerica.org\/fr\/2009\/01\/la-deuxieme-edition-du-dialogue-abordons-les-problemes-regroupe-des-administrateurs-et-des-membres\/","name":"La deuxi\u00e8me \u00e9dition du dialogue \"Abordons les Probl\u00e8mes\" regroupe des administrateurs et des membres - \u00c9glise Adventiste Du Septieme Jour - Inter Am\u00e9rique Division","isPartOf":{"@id":"https:\/\/interamerica.org\/fr\/#website"},"datePublished":"2009-01-30T04:00:00+00:00","dateModified":"2017-06-02T17:06:50+00:00","author":{"@id":"https:\/\/interamerica.org\/fr\/#\/schema\/person\/68ede8bdc292885bb76c1e3810e73c39"},"breadcrumb":{"@id":"https:\/\/interamerica.org\/fr\/2009\/01\/la-deuxieme-edition-du-dialogue-abordons-les-problemes-regroupe-des-administrateurs-et-des-membres\/#breadcrumb"},"inLanguage":"fr-FR","potentialAction":[{"@type":"ReadAction","target":["https:\/\/interamerica.org\/fr\/2009\/01\/la-deuxieme-edition-du-dialogue-abordons-les-problemes-regroupe-des-administrateurs-et-des-membres\/"]}]},{"@type":"BreadcrumbList","@id":"https:\/\/interamerica.org\/fr\/2009\/01\/la-deuxieme-edition-du-dialogue-abordons-les-problemes-regroupe-des-administrateurs-et-des-membres\/#breadcrumb","itemListElement":[{"@type":"ListItem","position":1,"name":"Home","item":"https:\/\/interamerica.org\/fr\/"},{"@type":"ListItem","position":2,"name":"La deuxi\u00e8me \u00e9dition du dialogue \u00ab\u00a0Abordons les Probl\u00e8mes\u00a0\u00bb regroupe des administrateurs et des membres"}]},{"@type":"WebSite","@id":"https:\/\/interamerica.org\/fr\/#website","url":"https:\/\/interamerica.org\/fr\/","name":"\u00c9glise Adventiste Du Septieme Jour - Inter Am\u00e9rique Division","description":"","potentialAction":[{"@type":"SearchAction","target":{"@type":"EntryPoint","urlTemplate":"https:\/\/interamerica.org\/fr\/?s={search_term_string}"},"query-input":{"@type":"PropertyValueSpecification","valueRequired":true,"valueName":"search_term_string"}}],"inLanguage":"fr-FR"},{"@type":"Person","@id":"https:\/\/interamerica.org\/fr\/#\/schema\/person\/68ede8bdc292885bb76c1e3810e73c39","name":"Lorenzo Verduzco","image":{"@type":"ImageObject","inLanguage":"fr-FR","@id":"https:\/\/secure.gravatar.com\/avatar\/fb81a55b6218459490a9c1dc841a34909185b81904c5337b4b27f7a6fd60c49e?s=96&d=mm&r=g","url":"https:\/\/secure.gravatar.com\/avatar\/fb81a55b6218459490a9c1dc841a34909185b81904c5337b4b27f7a6fd60c49e?s=96&d=mm&r=g","contentUrl":"https:\/\/secure.gravatar.com\/avatar\/fb81a55b6218459490a9c1dc841a34909185b81904c5337b4b27f7a6fd60c49e?s=96&d=mm&r=g","caption":"Lorenzo Verduzco"}}]}},"_links":{"self":[{"href":"https:\/\/interamerica.org\/fr\/wp-json\/wp\/v2\/posts\/13105","targetHints":{"allow":["GET"]}}],"collection":[{"href":"https:\/\/interamerica.org\/fr\/wp-json\/wp\/v2\/posts"}],"about":[{"href":"https:\/\/interamerica.org\/fr\/wp-json\/wp\/v2\/types\/post"}],"author":[{"embeddable":true,"href":"https:\/\/interamerica.org\/fr\/wp-json\/wp\/v2\/users\/1"}],"replies":[{"embeddable":true,"href":"https:\/\/interamerica.org\/fr\/wp-json\/wp\/v2\/comments?post=13105"}],"version-history":[{"count":0,"href":"https:\/\/interamerica.org\/fr\/wp-json\/wp\/v2\/posts\/13105\/revisions"}],"wp:attachment":[{"href":"https:\/\/interamerica.org\/fr\/wp-json\/wp\/v2\/media?parent=13105"}],"wp:term":[{"taxonomy":"category","embeddable":true,"href":"https:\/\/interamerica.org\/fr\/wp-json\/wp\/v2\/categories?post=13105"},{"taxonomy":"post_tag","embeddable":true,"href":"https:\/\/interamerica.org\/fr\/wp-json\/wp\/v2\/tags?post=13105"}],"curies":[{"name":"wp","href":"https:\/\/api.w.org\/{rel}","templated":true}]}}