{"id":13107,"date":"2009-02-04T00:00:00","date_gmt":"2009-02-04T04:00:00","guid":{"rendered":"http:\/\/192.81.217.108\/interamerica\/2009\/02\/une-nouvelle-emission-televisee-adventiste-se-penche-sur-des-questions-concernant-leglise-et-la-societe\/"},"modified":"2017-06-02T13:06:48","modified_gmt":"2017-06-02T17:06:48","slug":"une-nouvelle-emission-televisee-adventiste-se-penche-sur-des-questions-concernant-leglise-et-la-societe","status":"publish","type":"post","link":"https:\/\/interamerica.org\/fr\/2009\/02\/une-nouvelle-emission-televisee-adventiste-se-penche-sur-des-questions-concernant-leglise-et-la-societe\/","title":{"rendered":"Une nouvelle \u00e9mission t\u00e9l\u00e9vis\u00e9e Adventiste se penche sur des questions concernant l&#39;\u00e9glise et la soci\u00e9t\u00e9."},"content":{"rendered":"<p><em >4 F\u00e9vrier 2009<\/em >, Silver Spring, Maryland, Etats-Unis&#8230;.ANN <\/p>\n<p>L&#39;\u00e9glise Adventiste du Septi\u00e8me jour lance ce mois ci une nouvelle \u00e9mission t\u00e9l\u00e9vis\u00e9e, qui mettra en sc\u00e8ne des panelistes qui s&#39;attaqueront \u00e0 des sujets tels que le r\u00f4le des femmes dans l&#39;\u00e9glise, l&#39;influence des m\u00e9dias sur le Christianisme, et l&#39;importance du mariage dans la soci\u00e9t\u00e9 d&#39;aujourd&#39;hui. <\/p>\n<p><u ><strong >La diffusion de la s\u00e9rie, intitul\u00e9e \u00ab Intersection : Votre Foi, Votre Monde, \u00bb commencera le 6 f\u00e9vrier sur la chaine de t\u00e9l\u00e9vision internationale par satellite de l&#39;\u00e9glise, Hope TV.<\/strong ><\/u > Les programmes pourront \u00eatre t\u00e9l\u00e9charg\u00e9s \u00e0 partir du site intersection.adventist.org. Le programme consiste en une s\u00e9rie d&#39;environ 100 \u00e9pisodes qui seront diffus\u00e9s le vendredi soir pendant deux ans, avec des rediffusions \u00e0 d&#39;autres moments de la semaine. <\/p>\n<p>\u00ab Ces \u00e9missions ont pour but d&#39;explorer les questions que nous confrontons tous dans la soci\u00e9t\u00e9, et en tant que Chr\u00e9tiens Adventistes dans notre communaut\u00e9 religieuse, \u00bb a dit Rajmund Dabrowski, producteur ex\u00e9cutif et directeur de communication pour l&#39;\u00e9glise Adventiste mondiale. <\/p>\n<p>Le programme, de type table ronde, initi\u00e9 par le pr\u00e9sident de l&#39;\u00e9glise mondiale, Jan Paulsen, couvrira un \u00e9ventail de sujets comme par exemple \u00ab Chr\u00e9tiens dans une culture d&#39;indiff\u00e9rence, \u00bb \u00ab Devenir ce que nous regardons, \u00bb \u00ab Le mariage est-il encore important ? \u00bb \u00ab Pourquoi \u00e9tudier la Bible ? \u00bb et \u00ab Savoir pardonner, \u00bb et \u00ab Les chr\u00e9tiens et la politique. \u00bb <\/p>\n<p>L&#39;objectif du programme est de servir de point de d\u00e9part \u00e0 des discussions dans les petits groupes, les \u00e9tudes bibliques et les classes de l&#39;Ecole du Sabbat, a indiqu\u00e9 William Costa Jr., le directeur adjoint pour la production de media pour l&#39;\u00e9glise. <\/p>\n<p>Rajmund Dabrowski a \u00e9galement dit que les \u00e9missions serviront \u00e0 pr\u00e9senter aux t\u00e9l\u00e9spectateurs qui ne connaissent pas l&#39;Adventisme, la perspective de l&#39;\u00e9glise sur certains sujets. <\/p>\n<p>\u00ab Un \u00e9change de vues par des experts donnera un regard ouvert, nous l&#39;esp\u00e9rons, sur ce que nous pensons et la mani\u00e8re dont nous abordons notre monde en tant qu&#39;adventistes, \u00bb a-t-il d\u00e9clar\u00e9. <\/p>\n<p>Bettina Krause, le principal producteur du programme Intersection, animera les \u00e9missions. Les panels seront compos\u00e9s de commentateurs Adventistes, d&#39;universitaires et de professionnels. <\/p>\n<p>Les dates de diffusion des \u00e9missions sont (heure de l&#39;Est des Etats-Unis) : <\/p>\n<p>Vendredi 6 F\u00e9vrier : 18h <\/p>\n<p>Samedi 7 F\u00e9vrier : 13h30 <\/p>\n<p>Dimanche 8 F\u00e9vrier : 19h30 <\/p>\n<p>Mercredi 11 F\u00e9vrier : 9h30 <\/p>\n<p>Vendredi 13 F\u00e9vrier : 18h <\/p>\n<p>Samedi 14 F\u00e9vrier : 1h30 et 13h30 <\/p>\n<p>Dimanche 15 F\u00e9vrier : minuit <\/p>\n","protected":false},"excerpt":{"rendered":"<p>L&#39;\u00e9glise Adventiste du Septi\u00e8me jour lance ce mois ci une nouvelle \u00e9mission t\u00e9l\u00e9vis\u00e9e, qui mettra en sc\u00e8ne des panelistes qui s&#39;attaqueront \u00e0 des sujets tels que le r\u00f4le des femme<\/p>\n","protected":false},"author":1,"featured_media":0,"comment_status":"closed","ping_status":"closed","sticky":false,"template":"","format":"standard","meta":{"_acf_changed":false,"footnotes":""},"categories":[9],"tags":[],"class_list":["post-13107","post","type-post","status-publish","format-standard","hentry","category-archive-fr"],"acf":[],"yoast_head":"<!-- This site is optimized with the Yoast SEO plugin v27.3 - https:\/\/yoast.com\/product\/yoast-seo-wordpress\/ -->\n<title>Une nouvelle \u00e9mission t\u00e9l\u00e9vis\u00e9e Adventiste se penche sur des questions concernant l&#039;\u00e9glise et la soci\u00e9t\u00e9. - \u00c9glise Adventiste Du Septieme Jour - Inter Am\u00e9rique Division<\/title>\n<meta name=\"robots\" content=\"index, follow, max-snippet:-1, max-image-preview:large, max-video-preview:-1\" \/>\n<link rel=\"canonical\" href=\"https:\/\/interamerica.org\/fr\/2009\/02\/une-nouvelle-emission-televisee-adventiste-se-penche-sur-des-questions-concernant-leglise-et-la-societe\/\" \/>\n<meta property=\"og:locale\" content=\"fr_FR\" \/>\n<meta property=\"og:type\" content=\"article\" \/>\n<meta property=\"og:title\" content=\"Une nouvelle \u00e9mission t\u00e9l\u00e9vis\u00e9e Adventiste se penche sur des questions concernant l&#039;\u00e9glise et la soci\u00e9t\u00e9. - \u00c9glise Adventiste Du Septieme Jour - Inter Am\u00e9rique Division\" \/>\n<meta property=\"og:description\" content=\"L&#039;\u00e9glise Adventiste du Septi\u00e8me jour lance ce mois ci une nouvelle \u00e9mission t\u00e9l\u00e9vis\u00e9e, qui mettra en sc\u00e8ne des panelistes qui s&#039;attaqueront \u00e0 des sujets tels que le r\u00f4le des femme\" \/>\n<meta property=\"og:url\" content=\"https:\/\/interamerica.org\/fr\/2009\/02\/une-nouvelle-emission-televisee-adventiste-se-penche-sur-des-questions-concernant-leglise-et-la-societe\/\" \/>\n<meta property=\"og:site_name\" content=\"\u00c9glise Adventiste Du Septieme Jour - Inter Am\u00e9rique Division\" \/>\n<meta property=\"article:published_time\" content=\"2009-02-04T04:00:00+00:00\" \/>\n<meta property=\"article:modified_time\" content=\"2017-06-02T17:06:48+00:00\" \/>\n<meta name=\"author\" content=\"Lorenzo Verduzco\" \/>\n<meta name=\"twitter:card\" content=\"summary_large_image\" \/>\n<meta name=\"twitter:label1\" content=\"\u00c9crit par\" \/>\n\t<meta name=\"twitter:data1\" content=\"Lorenzo Verduzco\" \/>\n\t<meta name=\"twitter:label2\" content=\"Dur\u00e9e de lecture estim\u00e9e\" \/>\n\t<meta name=\"twitter:data2\" content=\"2 minutes\" \/>\n<script type=\"application\/ld+json\" class=\"yoast-schema-graph\">{\"@context\":\"https:\\\/\\\/schema.org\",\"@graph\":[{\"@type\":\"Article\",\"@id\":\"https:\\\/\\\/interamerica.org\\\/fr\\\/2009\\\/02\\\/une-nouvelle-emission-televisee-adventiste-se-penche-sur-des-questions-concernant-leglise-et-la-societe\\\/#article\",\"isPartOf\":{\"@id\":\"https:\\\/\\\/interamerica.org\\\/fr\\\/2009\\\/02\\\/une-nouvelle-emission-televisee-adventiste-se-penche-sur-des-questions-concernant-leglise-et-la-societe\\\/\"},\"author\":{\"name\":\"Lorenzo Verduzco\",\"@id\":\"https:\\\/\\\/interamerica.org\\\/fr\\\/#\\\/schema\\\/person\\\/68ede8bdc292885bb76c1e3810e73c39\"},\"headline\":\"Une nouvelle \u00e9mission t\u00e9l\u00e9vis\u00e9e Adventiste se penche sur des questions concernant l&#39;\u00e9glise et la soci\u00e9t\u00e9.\",\"datePublished\":\"2009-02-04T04:00:00+00:00\",\"dateModified\":\"2017-06-02T17:06:48+00:00\",\"mainEntityOfPage\":{\"@id\":\"https:\\\/\\\/interamerica.org\\\/fr\\\/2009\\\/02\\\/une-nouvelle-emission-televisee-adventiste-se-penche-sur-des-questions-concernant-leglise-et-la-societe\\\/\"},\"wordCount\":440,\"articleSection\":[\"Archive\"],\"inLanguage\":\"fr-FR\"},{\"@type\":\"WebPage\",\"@id\":\"https:\\\/\\\/interamerica.org\\\/fr\\\/2009\\\/02\\\/une-nouvelle-emission-televisee-adventiste-se-penche-sur-des-questions-concernant-leglise-et-la-societe\\\/\",\"url\":\"https:\\\/\\\/interamerica.org\\\/fr\\\/2009\\\/02\\\/une-nouvelle-emission-televisee-adventiste-se-penche-sur-des-questions-concernant-leglise-et-la-societe\\\/\",\"name\":\"Une nouvelle \u00e9mission t\u00e9l\u00e9vis\u00e9e Adventiste se penche sur des questions concernant l&#39;\u00e9glise et la soci\u00e9t\u00e9. - \u00c9glise Adventiste Du Septieme Jour - Inter Am\u00e9rique Division\",\"isPartOf\":{\"@id\":\"https:\\\/\\\/interamerica.org\\\/fr\\\/#website\"},\"datePublished\":\"2009-02-04T04:00:00+00:00\",\"dateModified\":\"2017-06-02T17:06:48+00:00\",\"author\":{\"@id\":\"https:\\\/\\\/interamerica.org\\\/fr\\\/#\\\/schema\\\/person\\\/68ede8bdc292885bb76c1e3810e73c39\"},\"breadcrumb\":{\"@id\":\"https:\\\/\\\/interamerica.org\\\/fr\\\/2009\\\/02\\\/une-nouvelle-emission-televisee-adventiste-se-penche-sur-des-questions-concernant-leglise-et-la-societe\\\/#breadcrumb\"},\"inLanguage\":\"fr-FR\",\"potentialAction\":[{\"@type\":\"ReadAction\",\"target\":[\"https:\\\/\\\/interamerica.org\\\/fr\\\/2009\\\/02\\\/une-nouvelle-emission-televisee-adventiste-se-penche-sur-des-questions-concernant-leglise-et-la-societe\\\/\"]}]},{\"@type\":\"BreadcrumbList\",\"@id\":\"https:\\\/\\\/interamerica.org\\\/fr\\\/2009\\\/02\\\/une-nouvelle-emission-televisee-adventiste-se-penche-sur-des-questions-concernant-leglise-et-la-societe\\\/#breadcrumb\",\"itemListElement\":[{\"@type\":\"ListItem\",\"position\":1,\"name\":\"Home\",\"item\":\"https:\\\/\\\/interamerica.org\\\/fr\\\/\"},{\"@type\":\"ListItem\",\"position\":2,\"name\":\"Une nouvelle \u00e9mission t\u00e9l\u00e9vis\u00e9e Adventiste se penche sur des questions concernant l&#39;\u00e9glise et la soci\u00e9t\u00e9.\"}]},{\"@type\":\"WebSite\",\"@id\":\"https:\\\/\\\/interamerica.org\\\/fr\\\/#website\",\"url\":\"https:\\\/\\\/interamerica.org\\\/fr\\\/\",\"name\":\"\u00c9glise Adventiste Du Septieme Jour - Inter Am\u00e9rique Division\",\"description\":\"\",\"potentialAction\":[{\"@type\":\"SearchAction\",\"target\":{\"@type\":\"EntryPoint\",\"urlTemplate\":\"https:\\\/\\\/interamerica.org\\\/fr\\\/?s={search_term_string}\"},\"query-input\":{\"@type\":\"PropertyValueSpecification\",\"valueRequired\":true,\"valueName\":\"search_term_string\"}}],\"inLanguage\":\"fr-FR\"},{\"@type\":\"Person\",\"@id\":\"https:\\\/\\\/interamerica.org\\\/fr\\\/#\\\/schema\\\/person\\\/68ede8bdc292885bb76c1e3810e73c39\",\"name\":\"Lorenzo Verduzco\",\"image\":{\"@type\":\"ImageObject\",\"inLanguage\":\"fr-FR\",\"@id\":\"https:\\\/\\\/secure.gravatar.com\\\/avatar\\\/fb81a55b6218459490a9c1dc841a34909185b81904c5337b4b27f7a6fd60c49e?s=96&d=mm&r=g\",\"url\":\"https:\\\/\\\/secure.gravatar.com\\\/avatar\\\/fb81a55b6218459490a9c1dc841a34909185b81904c5337b4b27f7a6fd60c49e?s=96&d=mm&r=g\",\"contentUrl\":\"https:\\\/\\\/secure.gravatar.com\\\/avatar\\\/fb81a55b6218459490a9c1dc841a34909185b81904c5337b4b27f7a6fd60c49e?s=96&d=mm&r=g\",\"caption\":\"Lorenzo Verduzco\"}}]}<\/script>\n<!-- \/ Yoast SEO plugin. -->","yoast_head_json":{"title":"Une nouvelle \u00e9mission t\u00e9l\u00e9vis\u00e9e Adventiste se penche sur des questions concernant l&#39;\u00e9glise et la soci\u00e9t\u00e9. - \u00c9glise Adventiste Du Septieme Jour - Inter Am\u00e9rique Division","robots":{"index":"index","follow":"follow","max-snippet":"max-snippet:-1","max-image-preview":"max-image-preview:large","max-video-preview":"max-video-preview:-1"},"canonical":"https:\/\/interamerica.org\/fr\/2009\/02\/une-nouvelle-emission-televisee-adventiste-se-penche-sur-des-questions-concernant-leglise-et-la-societe\/","og_locale":"fr_FR","og_type":"article","og_title":"Une nouvelle \u00e9mission t\u00e9l\u00e9vis\u00e9e Adventiste se penche sur des questions concernant l&#39;\u00e9glise et la soci\u00e9t\u00e9. - \u00c9glise Adventiste Du Septieme Jour - Inter Am\u00e9rique Division","og_description":"L&#39;\u00e9glise Adventiste du Septi\u00e8me jour lance ce mois ci une nouvelle \u00e9mission t\u00e9l\u00e9vis\u00e9e, qui mettra en sc\u00e8ne des panelistes qui s&#39;attaqueront \u00e0 des sujets tels que le r\u00f4le des femme","og_url":"https:\/\/interamerica.org\/fr\/2009\/02\/une-nouvelle-emission-televisee-adventiste-se-penche-sur-des-questions-concernant-leglise-et-la-societe\/","og_site_name":"\u00c9glise Adventiste Du Septieme Jour - Inter Am\u00e9rique Division","article_published_time":"2009-02-04T04:00:00+00:00","article_modified_time":"2017-06-02T17:06:48+00:00","author":"Lorenzo Verduzco","twitter_card":"summary_large_image","twitter_misc":{"\u00c9crit par":"Lorenzo Verduzco","Dur\u00e9e de lecture estim\u00e9e":"2 minutes"},"schema":{"@context":"https:\/\/schema.org","@graph":[{"@type":"Article","@id":"https:\/\/interamerica.org\/fr\/2009\/02\/une-nouvelle-emission-televisee-adventiste-se-penche-sur-des-questions-concernant-leglise-et-la-societe\/#article","isPartOf":{"@id":"https:\/\/interamerica.org\/fr\/2009\/02\/une-nouvelle-emission-televisee-adventiste-se-penche-sur-des-questions-concernant-leglise-et-la-societe\/"},"author":{"name":"Lorenzo Verduzco","@id":"https:\/\/interamerica.org\/fr\/#\/schema\/person\/68ede8bdc292885bb76c1e3810e73c39"},"headline":"Une nouvelle \u00e9mission t\u00e9l\u00e9vis\u00e9e Adventiste se penche sur des questions concernant l&#39;\u00e9glise et la soci\u00e9t\u00e9.","datePublished":"2009-02-04T04:00:00+00:00","dateModified":"2017-06-02T17:06:48+00:00","mainEntityOfPage":{"@id":"https:\/\/interamerica.org\/fr\/2009\/02\/une-nouvelle-emission-televisee-adventiste-se-penche-sur-des-questions-concernant-leglise-et-la-societe\/"},"wordCount":440,"articleSection":["Archive"],"inLanguage":"fr-FR"},{"@type":"WebPage","@id":"https:\/\/interamerica.org\/fr\/2009\/02\/une-nouvelle-emission-televisee-adventiste-se-penche-sur-des-questions-concernant-leglise-et-la-societe\/","url":"https:\/\/interamerica.org\/fr\/2009\/02\/une-nouvelle-emission-televisee-adventiste-se-penche-sur-des-questions-concernant-leglise-et-la-societe\/","name":"Une nouvelle \u00e9mission t\u00e9l\u00e9vis\u00e9e Adventiste se penche sur des questions concernant l&#39;\u00e9glise et la soci\u00e9t\u00e9. - \u00c9glise Adventiste Du Septieme Jour - Inter Am\u00e9rique Division","isPartOf":{"@id":"https:\/\/interamerica.org\/fr\/#website"},"datePublished":"2009-02-04T04:00:00+00:00","dateModified":"2017-06-02T17:06:48+00:00","author":{"@id":"https:\/\/interamerica.org\/fr\/#\/schema\/person\/68ede8bdc292885bb76c1e3810e73c39"},"breadcrumb":{"@id":"https:\/\/interamerica.org\/fr\/2009\/02\/une-nouvelle-emission-televisee-adventiste-se-penche-sur-des-questions-concernant-leglise-et-la-societe\/#breadcrumb"},"inLanguage":"fr-FR","potentialAction":[{"@type":"ReadAction","target":["https:\/\/interamerica.org\/fr\/2009\/02\/une-nouvelle-emission-televisee-adventiste-se-penche-sur-des-questions-concernant-leglise-et-la-societe\/"]}]},{"@type":"BreadcrumbList","@id":"https:\/\/interamerica.org\/fr\/2009\/02\/une-nouvelle-emission-televisee-adventiste-se-penche-sur-des-questions-concernant-leglise-et-la-societe\/#breadcrumb","itemListElement":[{"@type":"ListItem","position":1,"name":"Home","item":"https:\/\/interamerica.org\/fr\/"},{"@type":"ListItem","position":2,"name":"Une nouvelle \u00e9mission t\u00e9l\u00e9vis\u00e9e Adventiste se penche sur des questions concernant l&#39;\u00e9glise et la soci\u00e9t\u00e9."}]},{"@type":"WebSite","@id":"https:\/\/interamerica.org\/fr\/#website","url":"https:\/\/interamerica.org\/fr\/","name":"\u00c9glise Adventiste Du Septieme Jour - Inter Am\u00e9rique Division","description":"","potentialAction":[{"@type":"SearchAction","target":{"@type":"EntryPoint","urlTemplate":"https:\/\/interamerica.org\/fr\/?s={search_term_string}"},"query-input":{"@type":"PropertyValueSpecification","valueRequired":true,"valueName":"search_term_string"}}],"inLanguage":"fr-FR"},{"@type":"Person","@id":"https:\/\/interamerica.org\/fr\/#\/schema\/person\/68ede8bdc292885bb76c1e3810e73c39","name":"Lorenzo Verduzco","image":{"@type":"ImageObject","inLanguage":"fr-FR","@id":"https:\/\/secure.gravatar.com\/avatar\/fb81a55b6218459490a9c1dc841a34909185b81904c5337b4b27f7a6fd60c49e?s=96&d=mm&r=g","url":"https:\/\/secure.gravatar.com\/avatar\/fb81a55b6218459490a9c1dc841a34909185b81904c5337b4b27f7a6fd60c49e?s=96&d=mm&r=g","contentUrl":"https:\/\/secure.gravatar.com\/avatar\/fb81a55b6218459490a9c1dc841a34909185b81904c5337b4b27f7a6fd60c49e?s=96&d=mm&r=g","caption":"Lorenzo Verduzco"}}]}},"_links":{"self":[{"href":"https:\/\/interamerica.org\/fr\/wp-json\/wp\/v2\/posts\/13107","targetHints":{"allow":["GET"]}}],"collection":[{"href":"https:\/\/interamerica.org\/fr\/wp-json\/wp\/v2\/posts"}],"about":[{"href":"https:\/\/interamerica.org\/fr\/wp-json\/wp\/v2\/types\/post"}],"author":[{"embeddable":true,"href":"https:\/\/interamerica.org\/fr\/wp-json\/wp\/v2\/users\/1"}],"replies":[{"embeddable":true,"href":"https:\/\/interamerica.org\/fr\/wp-json\/wp\/v2\/comments?post=13107"}],"version-history":[{"count":0,"href":"https:\/\/interamerica.org\/fr\/wp-json\/wp\/v2\/posts\/13107\/revisions"}],"wp:attachment":[{"href":"https:\/\/interamerica.org\/fr\/wp-json\/wp\/v2\/media?parent=13107"}],"wp:term":[{"taxonomy":"category","embeddable":true,"href":"https:\/\/interamerica.org\/fr\/wp-json\/wp\/v2\/categories?post=13107"},{"taxonomy":"post_tag","embeddable":true,"href":"https:\/\/interamerica.org\/fr\/wp-json\/wp\/v2\/tags?post=13107"}],"curies":[{"name":"wp","href":"https:\/\/api.w.org\/{rel}","templated":true}]}}