{"id":13108,"date":"2009-02-05T00:00:00","date_gmt":"2009-02-05T04:00:00","guid":{"rendered":"http:\/\/192.81.217.108\/interamerica\/2009\/02\/cuba-leglise-atteint-un-jalon-dans-son-histoire-avec-la-premiere-generation-de-pasteurs-ayant-obtenu-une-maitrise\/"},"modified":"2017-06-02T13:06:48","modified_gmt":"2017-06-02T17:06:48","slug":"cuba-leglise-atteint-un-jalon-dans-son-histoire-avec-la-premiere-generation-de-pasteurs-ayant-obtenu-une-maitrise","status":"publish","type":"post","link":"https:\/\/interamerica.org\/fr\/2009\/02\/cuba-leglise-atteint-un-jalon-dans-son-histoire-avec-la-premiere-generation-de-pasteurs-ayant-obtenu-une-maitrise\/","title":{"rendered":"Cuba : L&rsquo;\u00e9glise atteint un jalon dans son histoire avec la premi\u00e8re g\u00e9n\u00e9ration de pasteurs ayant obtenu une ma\u00eetrise."},"content":{"rendered":"<p><em  >5 F\u00e9vrier 2009<\/em  >, La Havane, Cuba&#8230;[Libna Stevens\/DIA] <\/p>\n<p>L&rsquo;Eglise Adventiste du Septi\u00e8me jour \u00e0 Cuba a c\u00e9l\u00e9br\u00e9  un important jalon de son histoire avec la remise de dipl\u00f4me \u00e0 15 de ses pasteurs qui ont achev\u00e9 leur ma\u00eetrise en th\u00e9ologie pastorale au cours d&rsquo;une c\u00e9r\u00e9monie sp\u00e9ciale qui a eu lieu le 17 janvier 2009. Le dipl\u00f4me, conf\u00e9r\u00e9 par le S\u00e9minaire de Th\u00e9ologie de la Division Inter Am\u00e9ricaine (IATS \u00e0 travers son campus de Cuba, marque une r\u00e9alisation significative pour l&rsquo;\u00e9glise sur l&rsquo;\u00eele, ont d\u00e9clar\u00e9 les dirigeants d&rsquo;\u00e9glise. <\/p>\n<p>\u00ab C&rsquo;est une victoire pour l&rsquo;\u00e9glise, une victoire pour notre division, \u00bb a affirm\u00e9 Dr Jaime Castrejon, pr\u00e9sident de IATS. \u00ab Nous n&rsquo;avons jamais eu de remise de dipl\u00f4me de second cycle en th\u00e9ologie pastorale \u00e0 Cuba auparavant et nous sommes ravis de voir que le Seigneur a permis que cela se r\u00e9alise pour nos pasteurs ici. \u00bb <\/p>\n<p>Cela a n\u00e9cessit\u00e9 les efforts d\u00e9termin\u00e9s de l&rsquo;IATS et de l&rsquo;administration de la Division Inter Am\u00e9ricaine (DIA) pour soutenir le type de programme de second cycle pour pasteurs dans le cas de Cuba, a dit Dr Castrejon. \u00ab Il y a eu des moments difficiles pour avoir les professeurs qui pourraient arriver sur l&rsquo;ile sans \u00eatre affect\u00e9s par la situation, mais nous louons Dieu de ce qu&rsquo;Il nous ait permis de r\u00e9ussir \u00e0 avoir les professeurs dont nous avions besoin pour r\u00e9pondre aux conditions du cursus. \u00bb <\/p>\n<p>Le S\u00e9minaire Adventiste de Th\u00e9ologie \u00e0 Cuba, qui a re\u00e7u une pleine accr\u00e9ditation de l&rsquo;Association Adventiste d&rsquo;Accr\u00e9ditation l&rsquo;ann\u00e9e derni\u00e8re l&rsquo;autorisant \u00e0 remettre des dipl\u00f4mes de licence, est devenu le 9<sup  >\u00e8me<\/sup  > site de l&rsquo;IATS \u00e0 avoir des pasteurs sp\u00e9cialement form\u00e9s et titulaires de ma\u00eetrises qui pourront s&rsquo;occuper de l&rsquo;effectif croissant de membres dans l&rsquo;ile. <\/p>\n<p>\u00ab Cette victoire pour l&rsquo;\u00e9glise \u00e0 Cuba signifie que nos fr\u00e8res et s\u0153urs Cubains ont maintenant des pasteurs qui sont \u00e0 jour comme c&rsquo;est le cas dans le reste de notre territoire, \u00bb a ajout\u00e9 Dr Castrejon. <\/p>\n<p>L&rsquo;objectif de IATS n&rsquo;est pas seulement d&rsquo;avoir des pasteurs qui sont \u00e0 jour, mais sont but est \u00e9galement de fournir des super pasteurs, a-t-il ajout\u00e9. <\/p>\n<p>\u00ab Le but du conseil d&rsquo;administration et de la Division est de former des super pasteurs pour les d\u00e9fis sp\u00e9ciaux du minist\u00e8re, pour servir un effectif de membres sophistiqu\u00e9, mais aussi servir dans les institutions telles que les universit\u00e9s et les \u00e9glises des coll\u00e8ges o\u00f9 l&rsquo;on trouve un grand nombre de professionnels, \u00bb a expliqu\u00e9 Dr Castrejon. <\/p>\n<p>L&rsquo;objectif, et l&rsquo;engagement pris, est celui d&rsquo;accorder aux pasteurs \u00e0 travers Cuba l&rsquo;opportunit\u00e9 de poursuivre leurs \u00e9tudes et de b\u00e9n\u00e9ficier ainsi aux milliers de membres d&rsquo;\u00e9glise qui adorent dans 273 \u00e9glises et groupes sur l&rsquo;ile. <\/p>\n<p>Il y a d\u00e9j\u00e0 35 pasteurs qui sont inscrits dans le programme de ma\u00eetrise au S\u00e9minaire de Cuba qui a commenc\u00e9 le programme qui s&rsquo;\u00e9tale sur quatre semestres pendant l&rsquo;\u00e9t\u00e9. <\/p>\n<p>Pour plus d&rsquo;information sur le S\u00e9minaire de Th\u00e9ologie de l&rsquo;Inter Am\u00e9rique, visitez le site <a   href=\"https:\/\/recursing-golick.147-182-135-0.plesk.page\/\">https:\/\/recursing-golick.147-182-135-0.plesk.page\/<\/a  > <\/p>\n","protected":false},"excerpt":{"rendered":"<p>L&rsquo;Eglise Adventiste du Septi\u00e8me jour \u00e0 Cuba a c\u00e9l\u00e9br\u00e9  un important jalon de son histoire avec la remise de dipl\u00f4me \u00e0 15 de ses pasteurs qui ont achev\u00e9 leur ma\u00eetrise en th\u00e9ologie past<\/p>\n","protected":false},"author":1,"featured_media":0,"comment_status":"closed","ping_status":"closed","sticky":false,"template":"","format":"standard","meta":{"_acf_changed":false,"footnotes":""},"categories":[9],"tags":[],"class_list":["post-13108","post","type-post","status-publish","format-standard","hentry","category-archive-fr"],"acf":[],"yoast_head":"<!-- This site is optimized with the Yoast SEO plugin v27.3 - https:\/\/yoast.com\/product\/yoast-seo-wordpress\/ -->\n<title>Cuba : L&#039;\u00e9glise atteint un jalon dans son histoire avec la premi\u00e8re g\u00e9n\u00e9ration de pasteurs ayant obtenu une ma\u00eetrise. - \u00c9glise Adventiste Du Septieme Jour - Inter Am\u00e9rique Division<\/title>\n<meta name=\"robots\" content=\"index, follow, max-snippet:-1, max-image-preview:large, max-video-preview:-1\" \/>\n<link rel=\"canonical\" href=\"https:\/\/interamerica.org\/fr\/2009\/02\/cuba-leglise-atteint-un-jalon-dans-son-histoire-avec-la-premiere-generation-de-pasteurs-ayant-obtenu-une-maitrise\/\" \/>\n<meta property=\"og:locale\" content=\"fr_FR\" \/>\n<meta property=\"og:type\" content=\"article\" \/>\n<meta property=\"og:title\" content=\"Cuba : L&#039;\u00e9glise atteint un jalon dans son histoire avec la premi\u00e8re g\u00e9n\u00e9ration de pasteurs ayant obtenu une ma\u00eetrise. - \u00c9glise Adventiste Du Septieme Jour - Inter Am\u00e9rique Division\" \/>\n<meta property=\"og:description\" content=\"L&#039;Eglise Adventiste du Septi\u00e8me jour \u00e0 Cuba a c\u00e9l\u00e9br\u00e9 un important jalon de son histoire avec la remise de dipl\u00f4me \u00e0 15 de ses pasteurs qui ont achev\u00e9 leur ma\u00eetrise en th\u00e9ologie past\" \/>\n<meta property=\"og:url\" content=\"https:\/\/interamerica.org\/fr\/2009\/02\/cuba-leglise-atteint-un-jalon-dans-son-histoire-avec-la-premiere-generation-de-pasteurs-ayant-obtenu-une-maitrise\/\" \/>\n<meta property=\"og:site_name\" content=\"\u00c9glise Adventiste Du Septieme Jour - Inter Am\u00e9rique Division\" \/>\n<meta property=\"article:published_time\" content=\"2009-02-05T04:00:00+00:00\" \/>\n<meta property=\"article:modified_time\" content=\"2017-06-02T17:06:48+00:00\" \/>\n<meta name=\"author\" content=\"Lorenzo Verduzco\" \/>\n<meta name=\"twitter:card\" content=\"summary_large_image\" \/>\n<meta name=\"twitter:label1\" content=\"\u00c9crit par\" \/>\n\t<meta name=\"twitter:data1\" content=\"Lorenzo Verduzco\" \/>\n\t<meta name=\"twitter:label2\" content=\"Dur\u00e9e de lecture estim\u00e9e\" \/>\n\t<meta name=\"twitter:data2\" content=\"3 minutes\" \/>\n<script type=\"application\/ld+json\" class=\"yoast-schema-graph\">{\"@context\":\"https:\\\/\\\/schema.org\",\"@graph\":[{\"@type\":\"Article\",\"@id\":\"https:\\\/\\\/interamerica.org\\\/fr\\\/2009\\\/02\\\/cuba-leglise-atteint-un-jalon-dans-son-histoire-avec-la-premiere-generation-de-pasteurs-ayant-obtenu-une-maitrise\\\/#article\",\"isPartOf\":{\"@id\":\"https:\\\/\\\/interamerica.org\\\/fr\\\/2009\\\/02\\\/cuba-leglise-atteint-un-jalon-dans-son-histoire-avec-la-premiere-generation-de-pasteurs-ayant-obtenu-une-maitrise\\\/\"},\"author\":{\"name\":\"Lorenzo Verduzco\",\"@id\":\"https:\\\/\\\/interamerica.org\\\/fr\\\/#\\\/schema\\\/person\\\/68ede8bdc292885bb76c1e3810e73c39\"},\"headline\":\"Cuba : L&rsquo;\u00e9glise atteint un jalon dans son histoire avec la premi\u00e8re g\u00e9n\u00e9ration de pasteurs ayant obtenu une ma\u00eetrise.\",\"datePublished\":\"2009-02-05T04:00:00+00:00\",\"dateModified\":\"2017-06-02T17:06:48+00:00\",\"mainEntityOfPage\":{\"@id\":\"https:\\\/\\\/interamerica.org\\\/fr\\\/2009\\\/02\\\/cuba-leglise-atteint-un-jalon-dans-son-histoire-avec-la-premiere-generation-de-pasteurs-ayant-obtenu-une-maitrise\\\/\"},\"wordCount\":576,\"articleSection\":[\"Archive\"],\"inLanguage\":\"fr-FR\"},{\"@type\":\"WebPage\",\"@id\":\"https:\\\/\\\/interamerica.org\\\/fr\\\/2009\\\/02\\\/cuba-leglise-atteint-un-jalon-dans-son-histoire-avec-la-premiere-generation-de-pasteurs-ayant-obtenu-une-maitrise\\\/\",\"url\":\"https:\\\/\\\/interamerica.org\\\/fr\\\/2009\\\/02\\\/cuba-leglise-atteint-un-jalon-dans-son-histoire-avec-la-premiere-generation-de-pasteurs-ayant-obtenu-une-maitrise\\\/\",\"name\":\"Cuba : L'\u00e9glise atteint un jalon dans son histoire avec la premi\u00e8re g\u00e9n\u00e9ration de pasteurs ayant obtenu une ma\u00eetrise. - \u00c9glise Adventiste Du Septieme Jour - Inter Am\u00e9rique Division\",\"isPartOf\":{\"@id\":\"https:\\\/\\\/interamerica.org\\\/fr\\\/#website\"},\"datePublished\":\"2009-02-05T04:00:00+00:00\",\"dateModified\":\"2017-06-02T17:06:48+00:00\",\"author\":{\"@id\":\"https:\\\/\\\/interamerica.org\\\/fr\\\/#\\\/schema\\\/person\\\/68ede8bdc292885bb76c1e3810e73c39\"},\"breadcrumb\":{\"@id\":\"https:\\\/\\\/interamerica.org\\\/fr\\\/2009\\\/02\\\/cuba-leglise-atteint-un-jalon-dans-son-histoire-avec-la-premiere-generation-de-pasteurs-ayant-obtenu-une-maitrise\\\/#breadcrumb\"},\"inLanguage\":\"fr-FR\",\"potentialAction\":[{\"@type\":\"ReadAction\",\"target\":[\"https:\\\/\\\/interamerica.org\\\/fr\\\/2009\\\/02\\\/cuba-leglise-atteint-un-jalon-dans-son-histoire-avec-la-premiere-generation-de-pasteurs-ayant-obtenu-une-maitrise\\\/\"]}]},{\"@type\":\"BreadcrumbList\",\"@id\":\"https:\\\/\\\/interamerica.org\\\/fr\\\/2009\\\/02\\\/cuba-leglise-atteint-un-jalon-dans-son-histoire-avec-la-premiere-generation-de-pasteurs-ayant-obtenu-une-maitrise\\\/#breadcrumb\",\"itemListElement\":[{\"@type\":\"ListItem\",\"position\":1,\"name\":\"Home\",\"item\":\"https:\\\/\\\/interamerica.org\\\/fr\\\/\"},{\"@type\":\"ListItem\",\"position\":2,\"name\":\"Cuba : L&rsquo;\u00e9glise atteint un jalon dans son histoire avec la premi\u00e8re g\u00e9n\u00e9ration de pasteurs ayant obtenu une ma\u00eetrise.\"}]},{\"@type\":\"WebSite\",\"@id\":\"https:\\\/\\\/interamerica.org\\\/fr\\\/#website\",\"url\":\"https:\\\/\\\/interamerica.org\\\/fr\\\/\",\"name\":\"\u00c9glise Adventiste Du Septieme Jour - Inter Am\u00e9rique Division\",\"description\":\"\",\"potentialAction\":[{\"@type\":\"SearchAction\",\"target\":{\"@type\":\"EntryPoint\",\"urlTemplate\":\"https:\\\/\\\/interamerica.org\\\/fr\\\/?s={search_term_string}\"},\"query-input\":{\"@type\":\"PropertyValueSpecification\",\"valueRequired\":true,\"valueName\":\"search_term_string\"}}],\"inLanguage\":\"fr-FR\"},{\"@type\":\"Person\",\"@id\":\"https:\\\/\\\/interamerica.org\\\/fr\\\/#\\\/schema\\\/person\\\/68ede8bdc292885bb76c1e3810e73c39\",\"name\":\"Lorenzo Verduzco\",\"image\":{\"@type\":\"ImageObject\",\"inLanguage\":\"fr-FR\",\"@id\":\"https:\\\/\\\/secure.gravatar.com\\\/avatar\\\/fb81a55b6218459490a9c1dc841a34909185b81904c5337b4b27f7a6fd60c49e?s=96&d=mm&r=g\",\"url\":\"https:\\\/\\\/secure.gravatar.com\\\/avatar\\\/fb81a55b6218459490a9c1dc841a34909185b81904c5337b4b27f7a6fd60c49e?s=96&d=mm&r=g\",\"contentUrl\":\"https:\\\/\\\/secure.gravatar.com\\\/avatar\\\/fb81a55b6218459490a9c1dc841a34909185b81904c5337b4b27f7a6fd60c49e?s=96&d=mm&r=g\",\"caption\":\"Lorenzo Verduzco\"}}]}<\/script>\n<!-- \/ Yoast SEO plugin. -->","yoast_head_json":{"title":"Cuba : L'\u00e9glise atteint un jalon dans son histoire avec la premi\u00e8re g\u00e9n\u00e9ration de pasteurs ayant obtenu une ma\u00eetrise. - \u00c9glise Adventiste Du Septieme Jour - Inter Am\u00e9rique Division","robots":{"index":"index","follow":"follow","max-snippet":"max-snippet:-1","max-image-preview":"max-image-preview:large","max-video-preview":"max-video-preview:-1"},"canonical":"https:\/\/interamerica.org\/fr\/2009\/02\/cuba-leglise-atteint-un-jalon-dans-son-histoire-avec-la-premiere-generation-de-pasteurs-ayant-obtenu-une-maitrise\/","og_locale":"fr_FR","og_type":"article","og_title":"Cuba : L'\u00e9glise atteint un jalon dans son histoire avec la premi\u00e8re g\u00e9n\u00e9ration de pasteurs ayant obtenu une ma\u00eetrise. - \u00c9glise Adventiste Du Septieme Jour - Inter Am\u00e9rique Division","og_description":"L'Eglise Adventiste du Septi\u00e8me jour \u00e0 Cuba a c\u00e9l\u00e9br\u00e9 un important jalon de son histoire avec la remise de dipl\u00f4me \u00e0 15 de ses pasteurs qui ont achev\u00e9 leur ma\u00eetrise en th\u00e9ologie past","og_url":"https:\/\/interamerica.org\/fr\/2009\/02\/cuba-leglise-atteint-un-jalon-dans-son-histoire-avec-la-premiere-generation-de-pasteurs-ayant-obtenu-une-maitrise\/","og_site_name":"\u00c9glise Adventiste Du Septieme Jour - Inter Am\u00e9rique Division","article_published_time":"2009-02-05T04:00:00+00:00","article_modified_time":"2017-06-02T17:06:48+00:00","author":"Lorenzo Verduzco","twitter_card":"summary_large_image","twitter_misc":{"\u00c9crit par":"Lorenzo Verduzco","Dur\u00e9e de lecture estim\u00e9e":"3 minutes"},"schema":{"@context":"https:\/\/schema.org","@graph":[{"@type":"Article","@id":"https:\/\/interamerica.org\/fr\/2009\/02\/cuba-leglise-atteint-un-jalon-dans-son-histoire-avec-la-premiere-generation-de-pasteurs-ayant-obtenu-une-maitrise\/#article","isPartOf":{"@id":"https:\/\/interamerica.org\/fr\/2009\/02\/cuba-leglise-atteint-un-jalon-dans-son-histoire-avec-la-premiere-generation-de-pasteurs-ayant-obtenu-une-maitrise\/"},"author":{"name":"Lorenzo Verduzco","@id":"https:\/\/interamerica.org\/fr\/#\/schema\/person\/68ede8bdc292885bb76c1e3810e73c39"},"headline":"Cuba : L&rsquo;\u00e9glise atteint un jalon dans son histoire avec la premi\u00e8re g\u00e9n\u00e9ration de pasteurs ayant obtenu une ma\u00eetrise.","datePublished":"2009-02-05T04:00:00+00:00","dateModified":"2017-06-02T17:06:48+00:00","mainEntityOfPage":{"@id":"https:\/\/interamerica.org\/fr\/2009\/02\/cuba-leglise-atteint-un-jalon-dans-son-histoire-avec-la-premiere-generation-de-pasteurs-ayant-obtenu-une-maitrise\/"},"wordCount":576,"articleSection":["Archive"],"inLanguage":"fr-FR"},{"@type":"WebPage","@id":"https:\/\/interamerica.org\/fr\/2009\/02\/cuba-leglise-atteint-un-jalon-dans-son-histoire-avec-la-premiere-generation-de-pasteurs-ayant-obtenu-une-maitrise\/","url":"https:\/\/interamerica.org\/fr\/2009\/02\/cuba-leglise-atteint-un-jalon-dans-son-histoire-avec-la-premiere-generation-de-pasteurs-ayant-obtenu-une-maitrise\/","name":"Cuba : L'\u00e9glise atteint un jalon dans son histoire avec la premi\u00e8re g\u00e9n\u00e9ration de pasteurs ayant obtenu une ma\u00eetrise. - \u00c9glise Adventiste Du Septieme Jour - Inter Am\u00e9rique Division","isPartOf":{"@id":"https:\/\/interamerica.org\/fr\/#website"},"datePublished":"2009-02-05T04:00:00+00:00","dateModified":"2017-06-02T17:06:48+00:00","author":{"@id":"https:\/\/interamerica.org\/fr\/#\/schema\/person\/68ede8bdc292885bb76c1e3810e73c39"},"breadcrumb":{"@id":"https:\/\/interamerica.org\/fr\/2009\/02\/cuba-leglise-atteint-un-jalon-dans-son-histoire-avec-la-premiere-generation-de-pasteurs-ayant-obtenu-une-maitrise\/#breadcrumb"},"inLanguage":"fr-FR","potentialAction":[{"@type":"ReadAction","target":["https:\/\/interamerica.org\/fr\/2009\/02\/cuba-leglise-atteint-un-jalon-dans-son-histoire-avec-la-premiere-generation-de-pasteurs-ayant-obtenu-une-maitrise\/"]}]},{"@type":"BreadcrumbList","@id":"https:\/\/interamerica.org\/fr\/2009\/02\/cuba-leglise-atteint-un-jalon-dans-son-histoire-avec-la-premiere-generation-de-pasteurs-ayant-obtenu-une-maitrise\/#breadcrumb","itemListElement":[{"@type":"ListItem","position":1,"name":"Home","item":"https:\/\/interamerica.org\/fr\/"},{"@type":"ListItem","position":2,"name":"Cuba : L&rsquo;\u00e9glise atteint un jalon dans son histoire avec la premi\u00e8re g\u00e9n\u00e9ration de pasteurs ayant obtenu une ma\u00eetrise."}]},{"@type":"WebSite","@id":"https:\/\/interamerica.org\/fr\/#website","url":"https:\/\/interamerica.org\/fr\/","name":"\u00c9glise Adventiste Du Septieme Jour - Inter Am\u00e9rique Division","description":"","potentialAction":[{"@type":"SearchAction","target":{"@type":"EntryPoint","urlTemplate":"https:\/\/interamerica.org\/fr\/?s={search_term_string}"},"query-input":{"@type":"PropertyValueSpecification","valueRequired":true,"valueName":"search_term_string"}}],"inLanguage":"fr-FR"},{"@type":"Person","@id":"https:\/\/interamerica.org\/fr\/#\/schema\/person\/68ede8bdc292885bb76c1e3810e73c39","name":"Lorenzo Verduzco","image":{"@type":"ImageObject","inLanguage":"fr-FR","@id":"https:\/\/secure.gravatar.com\/avatar\/fb81a55b6218459490a9c1dc841a34909185b81904c5337b4b27f7a6fd60c49e?s=96&d=mm&r=g","url":"https:\/\/secure.gravatar.com\/avatar\/fb81a55b6218459490a9c1dc841a34909185b81904c5337b4b27f7a6fd60c49e?s=96&d=mm&r=g","contentUrl":"https:\/\/secure.gravatar.com\/avatar\/fb81a55b6218459490a9c1dc841a34909185b81904c5337b4b27f7a6fd60c49e?s=96&d=mm&r=g","caption":"Lorenzo Verduzco"}}]}},"_links":{"self":[{"href":"https:\/\/interamerica.org\/fr\/wp-json\/wp\/v2\/posts\/13108","targetHints":{"allow":["GET"]}}],"collection":[{"href":"https:\/\/interamerica.org\/fr\/wp-json\/wp\/v2\/posts"}],"about":[{"href":"https:\/\/interamerica.org\/fr\/wp-json\/wp\/v2\/types\/post"}],"author":[{"embeddable":true,"href":"https:\/\/interamerica.org\/fr\/wp-json\/wp\/v2\/users\/1"}],"replies":[{"embeddable":true,"href":"https:\/\/interamerica.org\/fr\/wp-json\/wp\/v2\/comments?post=13108"}],"version-history":[{"count":0,"href":"https:\/\/interamerica.org\/fr\/wp-json\/wp\/v2\/posts\/13108\/revisions"}],"wp:attachment":[{"href":"https:\/\/interamerica.org\/fr\/wp-json\/wp\/v2\/media?parent=13108"}],"wp:term":[{"taxonomy":"category","embeddable":true,"href":"https:\/\/interamerica.org\/fr\/wp-json\/wp\/v2\/categories?post=13108"},{"taxonomy":"post_tag","embeddable":true,"href":"https:\/\/interamerica.org\/fr\/wp-json\/wp\/v2\/tags?post=13108"}],"curies":[{"name":"wp","href":"https:\/\/api.w.org\/{rel}","templated":true}]}}