{"id":13109,"date":"2009-02-06T00:00:00","date_gmt":"2009-02-06T04:00:00","guid":{"rendered":"http:\/\/192.81.217.108\/interamerica\/2009\/02\/une-conference-adventiste-met-en-avant-les-nouvelles-facons-dont-les-chretiens-peuvent-ameliorer-la-societe\/"},"modified":"2017-06-02T13:06:47","modified_gmt":"2017-06-02T17:06:47","slug":"une-conference-adventiste-met-en-avant-les-nouvelles-facons-dont-les-chretiens-peuvent-ameliorer-la-societe","status":"publish","type":"post","link":"https:\/\/interamerica.org\/fr\/2009\/02\/une-conference-adventiste-met-en-avant-les-nouvelles-facons-dont-les-chretiens-peuvent-ameliorer-la-societe\/","title":{"rendered":"Une conf\u00e9rence Adventiste met en avant les nouvelles fa\u00e7ons dont les Chr\u00e9tiens peuvent am\u00e9liorer la soci\u00e9t\u00e9."},"content":{"rendered":"<p><em >5 F\u00e9vrier 2009<\/em >, Cooranbong, Australie&#8230;Nathan Brown\/ANN <\/p>\n<p>Erudits, chercheurs et membres d&#39;\u00e9glise \u00e9taient r\u00e9unis le mois dernier pour discuter de l&#39;importance du Christianisme pour la soci\u00e9t\u00e9, de nouvelles perspectives sur des questions telles que le repos du Sabbat, et comment vivre une vie Chr\u00e9tienne dans un monde s\u00e9culier. La conf\u00e9rence \u00ab Nouvelles Perspectives sur le Christianisme \u00bb (NPC) s&#39;est tenue du 15 au 18 janvier \u00e0 Avondale College \u00e0 Cooranbong en Australie, une institution fond\u00e9e par les Adventistes du Septi\u00e8me jour. <\/p>\n<p>Des universitaires venant de diverses institutions y compris Avondale College et Pacific Adventist University ainsi que des participants d&#39;autres d\u00e9nominations ont pr\u00e9sent\u00e9 un total de 36 expos\u00e9s au cours de la conf\u00e9rence, \u00e0 la fois pour la discussion et de prochaines publications. <\/p>\n<p>\u00ab Il y a plusieurs raisons d&#39;\u00eatre des Chr\u00e9tiens dans la soci\u00e9t\u00e9 aujourd&#39;hui, et il y a de multiples contributions que nous pouvons faire en r\u00e9ponse aux questions et probl\u00e8mes rencontr\u00e9s dans notre soci\u00e9t\u00e9, \u00bb a d\u00e9clar\u00e9 Dr Vivienne Watts, vice pr\u00e9sidente pour l&#39;administration et la recherche \u00e0 Avondale College. <\/p>\n<p>Les discussions interreligieuses ont couvert des sujets allant de l&#39;\u00e9volution du r\u00f4le du Christianisme au sein de la soci\u00e9t\u00e9 Australienne, aux relations avec les autres croyants, en passant par les r\u00e9ponses aux pr\u00e9occupations environnementales, et plusieurs autres questions relatives \u00e0 l&#39;\u00e9glise, la th\u00e9ologie et l&#39;\u00e9ducation. <\/p>\n<p>L&#39;intervenant principal, David Tracey, professeur \u00e0 La Trobe University en Australie, a parl\u00e9 du r\u00f4le de la spiritualit\u00e9 dans la soci\u00e9t\u00e9 Australienne et comment il voit son importance dans l&#39;examen des questions environnementales dans la soci\u00e9t\u00e9 contemporaine. <\/p>\n<p>\u00ab Une fois que l&#39;on redonne son caract\u00e8re sacr\u00e9 \u00e0 la Cr\u00e9ation, il y a un retour du respect envers l&#39;environnement, \u00bb a dit Tracey. <\/p>\n<p>Le professeur Tracey a dit \u00eatre optimiste au sujet des contributions actuelles des Adventistes \u00e0 la soci\u00e9t\u00e9 Australienne. <\/p>\n<p>\u00ab Il me semble, en tant que personne \u00e9trang\u00e8re \u00e0 l&#39;\u00e9glise, que le mouvement Adventiste est tr\u00e8s soucieux de provoquer un changement, \u00bb a-t-il dit. \u00ab Il essaie d&#39;avoir un impact sur&#8230;la soci\u00e9t\u00e9 et le bien-\u00eatre des personnes de mani\u00e8re tr\u00e8s pratique, en consid\u00e9rant des \u00e9l\u00e9ments comme la spiritualit\u00e9, la sant\u00e9 ou la justice sociale-et \u00e0 ce niveau l\u00e0, assur\u00e9ment j&#39;unis mes forces \u00e0 celles des Adventistes. \u00bb <\/p>\n","protected":false},"excerpt":{"rendered":"<p>Erudits, chercheurs et membres d&#39;\u00e9glise \u00e9taient r\u00e9unis le mois dernier pour discuter de l&#39;importance du Christianisme pour la soci\u00e9t\u00e9, de nouvelles perspectives sur des questions telles que le repos du Sabbat, et<\/p>\n","protected":false},"author":1,"featured_media":0,"comment_status":"closed","ping_status":"closed","sticky":false,"template":"","format":"standard","meta":{"_acf_changed":false,"footnotes":""},"categories":[9],"tags":[],"class_list":["post-13109","post","type-post","status-publish","format-standard","hentry","category-archive-fr"],"acf":[],"yoast_head":"<!-- This site is optimized with the Yoast SEO plugin v27.3 - https:\/\/yoast.com\/product\/yoast-seo-wordpress\/ -->\n<title>Une conf\u00e9rence Adventiste met en avant les nouvelles fa\u00e7ons dont les Chr\u00e9tiens peuvent am\u00e9liorer la soci\u00e9t\u00e9. - \u00c9glise Adventiste Du Septieme Jour - Inter Am\u00e9rique Division<\/title>\n<meta name=\"robots\" content=\"index, follow, max-snippet:-1, max-image-preview:large, max-video-preview:-1\" \/>\n<link rel=\"canonical\" href=\"https:\/\/interamerica.org\/fr\/2009\/02\/une-conference-adventiste-met-en-avant-les-nouvelles-facons-dont-les-chretiens-peuvent-ameliorer-la-societe\/\" \/>\n<meta property=\"og:locale\" content=\"fr_FR\" \/>\n<meta property=\"og:type\" content=\"article\" \/>\n<meta property=\"og:title\" content=\"Une conf\u00e9rence Adventiste met en avant les nouvelles fa\u00e7ons dont les Chr\u00e9tiens peuvent am\u00e9liorer la soci\u00e9t\u00e9. - \u00c9glise Adventiste Du Septieme Jour - Inter Am\u00e9rique Division\" \/>\n<meta property=\"og:description\" content=\"Erudits, chercheurs et membres d&#039;\u00e9glise \u00e9taient r\u00e9unis le mois dernier pour discuter de l&#039;importance du Christianisme pour la soci\u00e9t\u00e9, de nouvelles perspectives sur des questions telles que le repos du Sabbat, et\" \/>\n<meta property=\"og:url\" content=\"https:\/\/interamerica.org\/fr\/2009\/02\/une-conference-adventiste-met-en-avant-les-nouvelles-facons-dont-les-chretiens-peuvent-ameliorer-la-societe\/\" \/>\n<meta property=\"og:site_name\" content=\"\u00c9glise Adventiste Du Septieme Jour - Inter Am\u00e9rique Division\" \/>\n<meta property=\"article:published_time\" content=\"2009-02-06T04:00:00+00:00\" \/>\n<meta property=\"article:modified_time\" content=\"2017-06-02T17:06:47+00:00\" \/>\n<meta name=\"author\" content=\"Lorenzo Verduzco\" \/>\n<meta name=\"twitter:card\" content=\"summary_large_image\" \/>\n<meta name=\"twitter:label1\" content=\"\u00c9crit par\" \/>\n\t<meta name=\"twitter:data1\" content=\"Lorenzo Verduzco\" \/>\n\t<meta name=\"twitter:label2\" content=\"Dur\u00e9e de lecture estim\u00e9e\" \/>\n\t<meta name=\"twitter:data2\" content=\"2 minutes\" \/>\n<script type=\"application\/ld+json\" class=\"yoast-schema-graph\">{\"@context\":\"https:\\\/\\\/schema.org\",\"@graph\":[{\"@type\":\"Article\",\"@id\":\"https:\\\/\\\/interamerica.org\\\/fr\\\/2009\\\/02\\\/une-conference-adventiste-met-en-avant-les-nouvelles-facons-dont-les-chretiens-peuvent-ameliorer-la-societe\\\/#article\",\"isPartOf\":{\"@id\":\"https:\\\/\\\/interamerica.org\\\/fr\\\/2009\\\/02\\\/une-conference-adventiste-met-en-avant-les-nouvelles-facons-dont-les-chretiens-peuvent-ameliorer-la-societe\\\/\"},\"author\":{\"name\":\"Lorenzo Verduzco\",\"@id\":\"https:\\\/\\\/interamerica.org\\\/fr\\\/#\\\/schema\\\/person\\\/68ede8bdc292885bb76c1e3810e73c39\"},\"headline\":\"Une conf\u00e9rence Adventiste met en avant les nouvelles fa\u00e7ons dont les Chr\u00e9tiens peuvent am\u00e9liorer la soci\u00e9t\u00e9.\",\"datePublished\":\"2009-02-06T04:00:00+00:00\",\"dateModified\":\"2017-06-02T17:06:47+00:00\",\"mainEntityOfPage\":{\"@id\":\"https:\\\/\\\/interamerica.org\\\/fr\\\/2009\\\/02\\\/une-conference-adventiste-met-en-avant-les-nouvelles-facons-dont-les-chretiens-peuvent-ameliorer-la-societe\\\/\"},\"wordCount\":420,\"articleSection\":[\"Archive\"],\"inLanguage\":\"fr-FR\"},{\"@type\":\"WebPage\",\"@id\":\"https:\\\/\\\/interamerica.org\\\/fr\\\/2009\\\/02\\\/une-conference-adventiste-met-en-avant-les-nouvelles-facons-dont-les-chretiens-peuvent-ameliorer-la-societe\\\/\",\"url\":\"https:\\\/\\\/interamerica.org\\\/fr\\\/2009\\\/02\\\/une-conference-adventiste-met-en-avant-les-nouvelles-facons-dont-les-chretiens-peuvent-ameliorer-la-societe\\\/\",\"name\":\"Une conf\u00e9rence Adventiste met en avant les nouvelles fa\u00e7ons dont les Chr\u00e9tiens peuvent am\u00e9liorer la soci\u00e9t\u00e9. - \u00c9glise Adventiste Du Septieme Jour - Inter Am\u00e9rique Division\",\"isPartOf\":{\"@id\":\"https:\\\/\\\/interamerica.org\\\/fr\\\/#website\"},\"datePublished\":\"2009-02-06T04:00:00+00:00\",\"dateModified\":\"2017-06-02T17:06:47+00:00\",\"author\":{\"@id\":\"https:\\\/\\\/interamerica.org\\\/fr\\\/#\\\/schema\\\/person\\\/68ede8bdc292885bb76c1e3810e73c39\"},\"breadcrumb\":{\"@id\":\"https:\\\/\\\/interamerica.org\\\/fr\\\/2009\\\/02\\\/une-conference-adventiste-met-en-avant-les-nouvelles-facons-dont-les-chretiens-peuvent-ameliorer-la-societe\\\/#breadcrumb\"},\"inLanguage\":\"fr-FR\",\"potentialAction\":[{\"@type\":\"ReadAction\",\"target\":[\"https:\\\/\\\/interamerica.org\\\/fr\\\/2009\\\/02\\\/une-conference-adventiste-met-en-avant-les-nouvelles-facons-dont-les-chretiens-peuvent-ameliorer-la-societe\\\/\"]}]},{\"@type\":\"BreadcrumbList\",\"@id\":\"https:\\\/\\\/interamerica.org\\\/fr\\\/2009\\\/02\\\/une-conference-adventiste-met-en-avant-les-nouvelles-facons-dont-les-chretiens-peuvent-ameliorer-la-societe\\\/#breadcrumb\",\"itemListElement\":[{\"@type\":\"ListItem\",\"position\":1,\"name\":\"Home\",\"item\":\"https:\\\/\\\/interamerica.org\\\/fr\\\/\"},{\"@type\":\"ListItem\",\"position\":2,\"name\":\"Une conf\u00e9rence Adventiste met en avant les nouvelles fa\u00e7ons dont les Chr\u00e9tiens peuvent am\u00e9liorer la soci\u00e9t\u00e9.\"}]},{\"@type\":\"WebSite\",\"@id\":\"https:\\\/\\\/interamerica.org\\\/fr\\\/#website\",\"url\":\"https:\\\/\\\/interamerica.org\\\/fr\\\/\",\"name\":\"\u00c9glise Adventiste Du Septieme Jour - Inter Am\u00e9rique Division\",\"description\":\"\",\"potentialAction\":[{\"@type\":\"SearchAction\",\"target\":{\"@type\":\"EntryPoint\",\"urlTemplate\":\"https:\\\/\\\/interamerica.org\\\/fr\\\/?s={search_term_string}\"},\"query-input\":{\"@type\":\"PropertyValueSpecification\",\"valueRequired\":true,\"valueName\":\"search_term_string\"}}],\"inLanguage\":\"fr-FR\"},{\"@type\":\"Person\",\"@id\":\"https:\\\/\\\/interamerica.org\\\/fr\\\/#\\\/schema\\\/person\\\/68ede8bdc292885bb76c1e3810e73c39\",\"name\":\"Lorenzo Verduzco\",\"image\":{\"@type\":\"ImageObject\",\"inLanguage\":\"fr-FR\",\"@id\":\"https:\\\/\\\/secure.gravatar.com\\\/avatar\\\/fb81a55b6218459490a9c1dc841a34909185b81904c5337b4b27f7a6fd60c49e?s=96&d=mm&r=g\",\"url\":\"https:\\\/\\\/secure.gravatar.com\\\/avatar\\\/fb81a55b6218459490a9c1dc841a34909185b81904c5337b4b27f7a6fd60c49e?s=96&d=mm&r=g\",\"contentUrl\":\"https:\\\/\\\/secure.gravatar.com\\\/avatar\\\/fb81a55b6218459490a9c1dc841a34909185b81904c5337b4b27f7a6fd60c49e?s=96&d=mm&r=g\",\"caption\":\"Lorenzo Verduzco\"}}]}<\/script>\n<!-- \/ Yoast SEO plugin. -->","yoast_head_json":{"title":"Une conf\u00e9rence Adventiste met en avant les nouvelles fa\u00e7ons dont les Chr\u00e9tiens peuvent am\u00e9liorer la soci\u00e9t\u00e9. - \u00c9glise Adventiste Du Septieme Jour - Inter Am\u00e9rique Division","robots":{"index":"index","follow":"follow","max-snippet":"max-snippet:-1","max-image-preview":"max-image-preview:large","max-video-preview":"max-video-preview:-1"},"canonical":"https:\/\/interamerica.org\/fr\/2009\/02\/une-conference-adventiste-met-en-avant-les-nouvelles-facons-dont-les-chretiens-peuvent-ameliorer-la-societe\/","og_locale":"fr_FR","og_type":"article","og_title":"Une conf\u00e9rence Adventiste met en avant les nouvelles fa\u00e7ons dont les Chr\u00e9tiens peuvent am\u00e9liorer la soci\u00e9t\u00e9. - \u00c9glise Adventiste Du Septieme Jour - Inter Am\u00e9rique Division","og_description":"Erudits, chercheurs et membres d&#39;\u00e9glise \u00e9taient r\u00e9unis le mois dernier pour discuter de l&#39;importance du Christianisme pour la soci\u00e9t\u00e9, de nouvelles perspectives sur des questions telles que le repos du Sabbat, et","og_url":"https:\/\/interamerica.org\/fr\/2009\/02\/une-conference-adventiste-met-en-avant-les-nouvelles-facons-dont-les-chretiens-peuvent-ameliorer-la-societe\/","og_site_name":"\u00c9glise Adventiste Du Septieme Jour - Inter Am\u00e9rique Division","article_published_time":"2009-02-06T04:00:00+00:00","article_modified_time":"2017-06-02T17:06:47+00:00","author":"Lorenzo Verduzco","twitter_card":"summary_large_image","twitter_misc":{"\u00c9crit par":"Lorenzo Verduzco","Dur\u00e9e de lecture estim\u00e9e":"2 minutes"},"schema":{"@context":"https:\/\/schema.org","@graph":[{"@type":"Article","@id":"https:\/\/interamerica.org\/fr\/2009\/02\/une-conference-adventiste-met-en-avant-les-nouvelles-facons-dont-les-chretiens-peuvent-ameliorer-la-societe\/#article","isPartOf":{"@id":"https:\/\/interamerica.org\/fr\/2009\/02\/une-conference-adventiste-met-en-avant-les-nouvelles-facons-dont-les-chretiens-peuvent-ameliorer-la-societe\/"},"author":{"name":"Lorenzo Verduzco","@id":"https:\/\/interamerica.org\/fr\/#\/schema\/person\/68ede8bdc292885bb76c1e3810e73c39"},"headline":"Une conf\u00e9rence Adventiste met en avant les nouvelles fa\u00e7ons dont les Chr\u00e9tiens peuvent am\u00e9liorer la soci\u00e9t\u00e9.","datePublished":"2009-02-06T04:00:00+00:00","dateModified":"2017-06-02T17:06:47+00:00","mainEntityOfPage":{"@id":"https:\/\/interamerica.org\/fr\/2009\/02\/une-conference-adventiste-met-en-avant-les-nouvelles-facons-dont-les-chretiens-peuvent-ameliorer-la-societe\/"},"wordCount":420,"articleSection":["Archive"],"inLanguage":"fr-FR"},{"@type":"WebPage","@id":"https:\/\/interamerica.org\/fr\/2009\/02\/une-conference-adventiste-met-en-avant-les-nouvelles-facons-dont-les-chretiens-peuvent-ameliorer-la-societe\/","url":"https:\/\/interamerica.org\/fr\/2009\/02\/une-conference-adventiste-met-en-avant-les-nouvelles-facons-dont-les-chretiens-peuvent-ameliorer-la-societe\/","name":"Une conf\u00e9rence Adventiste met en avant les nouvelles fa\u00e7ons dont les Chr\u00e9tiens peuvent am\u00e9liorer la soci\u00e9t\u00e9. - \u00c9glise Adventiste Du Septieme Jour - Inter Am\u00e9rique Division","isPartOf":{"@id":"https:\/\/interamerica.org\/fr\/#website"},"datePublished":"2009-02-06T04:00:00+00:00","dateModified":"2017-06-02T17:06:47+00:00","author":{"@id":"https:\/\/interamerica.org\/fr\/#\/schema\/person\/68ede8bdc292885bb76c1e3810e73c39"},"breadcrumb":{"@id":"https:\/\/interamerica.org\/fr\/2009\/02\/une-conference-adventiste-met-en-avant-les-nouvelles-facons-dont-les-chretiens-peuvent-ameliorer-la-societe\/#breadcrumb"},"inLanguage":"fr-FR","potentialAction":[{"@type":"ReadAction","target":["https:\/\/interamerica.org\/fr\/2009\/02\/une-conference-adventiste-met-en-avant-les-nouvelles-facons-dont-les-chretiens-peuvent-ameliorer-la-societe\/"]}]},{"@type":"BreadcrumbList","@id":"https:\/\/interamerica.org\/fr\/2009\/02\/une-conference-adventiste-met-en-avant-les-nouvelles-facons-dont-les-chretiens-peuvent-ameliorer-la-societe\/#breadcrumb","itemListElement":[{"@type":"ListItem","position":1,"name":"Home","item":"https:\/\/interamerica.org\/fr\/"},{"@type":"ListItem","position":2,"name":"Une conf\u00e9rence Adventiste met en avant les nouvelles fa\u00e7ons dont les Chr\u00e9tiens peuvent am\u00e9liorer la soci\u00e9t\u00e9."}]},{"@type":"WebSite","@id":"https:\/\/interamerica.org\/fr\/#website","url":"https:\/\/interamerica.org\/fr\/","name":"\u00c9glise Adventiste Du Septieme Jour - Inter Am\u00e9rique Division","description":"","potentialAction":[{"@type":"SearchAction","target":{"@type":"EntryPoint","urlTemplate":"https:\/\/interamerica.org\/fr\/?s={search_term_string}"},"query-input":{"@type":"PropertyValueSpecification","valueRequired":true,"valueName":"search_term_string"}}],"inLanguage":"fr-FR"},{"@type":"Person","@id":"https:\/\/interamerica.org\/fr\/#\/schema\/person\/68ede8bdc292885bb76c1e3810e73c39","name":"Lorenzo Verduzco","image":{"@type":"ImageObject","inLanguage":"fr-FR","@id":"https:\/\/secure.gravatar.com\/avatar\/fb81a55b6218459490a9c1dc841a34909185b81904c5337b4b27f7a6fd60c49e?s=96&d=mm&r=g","url":"https:\/\/secure.gravatar.com\/avatar\/fb81a55b6218459490a9c1dc841a34909185b81904c5337b4b27f7a6fd60c49e?s=96&d=mm&r=g","contentUrl":"https:\/\/secure.gravatar.com\/avatar\/fb81a55b6218459490a9c1dc841a34909185b81904c5337b4b27f7a6fd60c49e?s=96&d=mm&r=g","caption":"Lorenzo Verduzco"}}]}},"_links":{"self":[{"href":"https:\/\/interamerica.org\/fr\/wp-json\/wp\/v2\/posts\/13109","targetHints":{"allow":["GET"]}}],"collection":[{"href":"https:\/\/interamerica.org\/fr\/wp-json\/wp\/v2\/posts"}],"about":[{"href":"https:\/\/interamerica.org\/fr\/wp-json\/wp\/v2\/types\/post"}],"author":[{"embeddable":true,"href":"https:\/\/interamerica.org\/fr\/wp-json\/wp\/v2\/users\/1"}],"replies":[{"embeddable":true,"href":"https:\/\/interamerica.org\/fr\/wp-json\/wp\/v2\/comments?post=13109"}],"version-history":[{"count":0,"href":"https:\/\/interamerica.org\/fr\/wp-json\/wp\/v2\/posts\/13109\/revisions"}],"wp:attachment":[{"href":"https:\/\/interamerica.org\/fr\/wp-json\/wp\/v2\/media?parent=13109"}],"wp:term":[{"taxonomy":"category","embeddable":true,"href":"https:\/\/interamerica.org\/fr\/wp-json\/wp\/v2\/categories?post=13109"},{"taxonomy":"post_tag","embeddable":true,"href":"https:\/\/interamerica.org\/fr\/wp-json\/wp\/v2\/tags?post=13109"}],"curies":[{"name":"wp","href":"https:\/\/api.w.org\/{rel}","templated":true}]}}