{"id":13110,"date":"2009-02-11T00:00:00","date_gmt":"2009-02-11T04:00:00","guid":{"rendered":"http:\/\/192.81.217.108\/interamerica\/2009\/02\/belize-leglise-accueille-le-responsable-de-leglise-adventiste-mondiale\/"},"modified":"2017-06-02T13:06:47","modified_gmt":"2017-06-02T17:06:47","slug":"belize-leglise-accueille-le-responsable-de-leglise-adventiste-mondiale","status":"publish","type":"post","link":"https:\/\/interamerica.org\/fr\/2009\/02\/belize-leglise-accueille-le-responsable-de-leglise-adventiste-mondiale\/","title":{"rendered":"Belize : L&#39;Eglise accueille le responsable de l&#39;Eglise Adventiste Mondiale."},"content":{"rendered":"<p><em >11 F\u00e9vrier 2009<\/em > &#8211; Belize City, Belize&#8230;[Abilio Cima\/DIA] <\/p>\n<p>Des centaines d&#39;\u00e9claireurs, de dirigeants et de membres d&#39;\u00e9glise se sont mass\u00e9s \u00e0 l&#39;A\u00e9roport International Philip Goldson le 6 f\u00e9vrier pour accueillir le pr\u00e9sident de l&#39;Eglise Adventiste, pasteur Jan Paulsen, lors de sa premi\u00e8re visite \u00e0 l&#39;\u00e9glise Adventiste \u00e0 Belize. <\/p>\n<p>Alors qu&#39;il \u00e9tait accueilli par le maire de Belize City, Mme Zenaida Moya ainsi que les dirigeants d&#39;\u00e9glise, pasteur Paulsen \u00e0 d\u00e9clar\u00e9 aux leaders et aux m\u00e9dias que sa visite \u00e9tait essentiellement \u00e0 caract\u00e8re spirituel. <\/p>\n<p>\u00ab Je viens pour fraterniser, pour adorer et c\u00e9l\u00e9brer avec les membres [\u00e0 Belize] \u00e9tant donn\u00e9 qu&#39;ils ont obtenu un statut vraiment exceptionnel dans l&#39;organisation, \u00bb a dit pasteur Paulsen. \u00ab Ils sont maintenant consid\u00e9r\u00e9s comme une entit\u00e9 \u00e0 part enti\u00e8re en tant qu&#39;union d&#39;\u00e9glises \u00e0 Belize. \u00bb <\/p>\n<p>L&#39;Eglise Adventiste \u00e0 Belize, qui auparavant faisait partie de l&#39;Union Centram\u00e9ricaine du Nord, a \u00e9t\u00e9 \u00e9tablie l&#39;ann\u00e9e derni\u00e8re en tant qu&#39;union d&#39;\u00e9glises de Belize. Elle d\u00e9pend directement de la direction de la Division Inter Am\u00e9ricaine dont le si\u00e8ge se trouve \u00e0 Miami en Floride, aux Etats-Unis. <\/p>\n<p>Au cours de ses d\u00e9clarations d&#39;ouverture lors du service du Sabbat le lendemain, pasteur Paulsen s&#39;est adress\u00e9 \u00e0 plus de 4000 membres d&#39;\u00e9glise qui avaient rempli le Centre Civique de Belize. <\/p>\n<p>\u00ab  Je suis venu \u00e0 Belize avec de grandes attentes. Belize est maintenant une union d&#39;\u00e9glises, vous avez maintenant atteint un certain niveau de maturit\u00e9 et de responsabilit\u00e9, \u00bb a-t-il indiqu\u00e9. Il a ensuite invit\u00e9 les membres \u00e0 prier pour leurs dirigeants. <\/p>\n<p>Alors que pasteur Paulsen pr\u00e9sentait son message, il a encourag\u00e9 les membres pr\u00e9sents \u00e0 se soumettre au Saint Esprit et \u00e0 vivre dans l&#39;unit\u00e9. <\/p>\n<p>\u00ab  Le Saint Esprit est pr\u00e9sent afin que vous soyez une communaut\u00e9 unie, et seul le Saint Esprit peut vous donner la puissance pour pr\u00eacher, \u00bb a-t-il ajout\u00e9. \u00ab En tant que communaut\u00e9 de croyants, vous devez rester unis afin que la puissance et la pr\u00e9sence du Saint Esprit fasse de vous une puissante communaut\u00e9 de t\u00e9moins pour Lui. \u00bb <\/p>\n<p>Au cours de sa visite \u00e0 Belize, pasteur Paulsen a \u00e9galement rencontr\u00e9 un groupe de six pasteurs venant de diff\u00e9rentes parties de la Cara\u00efbe pour un dialogue d&#39;une heure intitul\u00e9 <em >Pasteurs : En Conversation<\/em >, une s\u00e9rie de programmes t\u00e9l\u00e9vis\u00e9s impromptus et en direct, r\u00e9alis\u00e9s par l&#39;Eglise Adventiste Mondiale et visant \u00e0 communiquer avec les pasteurs de diff\u00e9rentes cultures \u00e0 propos des d\u00e9fis et des opportunit\u00e9s rencontr\u00e9s dans leur minist\u00e8re. <\/p>\n<p>Situ\u00e9 dans la partie nord est de l&#39;Am\u00e9rique Centrale, Belize a des fronti\u00e8res communes avec le Guatemala et le Mexique et compte plus de 31000 Adventistes du Septi\u00e8me jour qui se r\u00e9unissent dans 75 \u00e9glises et groupes. <\/p>\n","protected":false},"excerpt":{"rendered":"<p>Des centaines d&#39;\u00e9claireurs, de dirigeants et de membres d&#39;\u00e9glise se sont mass\u00e9s \u00e0 l&#39;A\u00e9roport International Philip Goldson le 6 f\u00e9vrier pour accueillir le pr\u00e9sident de l&#39;Eglise Adventiste, p<\/p>\n","protected":false},"author":1,"featured_media":0,"comment_status":"closed","ping_status":"closed","sticky":false,"template":"","format":"standard","meta":{"_acf_changed":false,"footnotes":""},"categories":[9],"tags":[],"class_list":["post-13110","post","type-post","status-publish","format-standard","hentry","category-archive-fr"],"acf":[],"yoast_head":"<!-- This site is optimized with the Yoast SEO plugin v27.3 - https:\/\/yoast.com\/product\/yoast-seo-wordpress\/ -->\n<title>Belize : L&#039;Eglise accueille le responsable de l&#039;Eglise Adventiste Mondiale. - \u00c9glise Adventiste Du Septieme Jour - Inter Am\u00e9rique Division<\/title>\n<meta name=\"robots\" content=\"index, follow, max-snippet:-1, max-image-preview:large, max-video-preview:-1\" \/>\n<link rel=\"canonical\" href=\"https:\/\/interamerica.org\/fr\/2009\/02\/belize-leglise-accueille-le-responsable-de-leglise-adventiste-mondiale\/\" \/>\n<meta property=\"og:locale\" content=\"fr_FR\" \/>\n<meta property=\"og:type\" content=\"article\" \/>\n<meta property=\"og:title\" content=\"Belize : L&#039;Eglise accueille le responsable de l&#039;Eglise Adventiste Mondiale. - \u00c9glise Adventiste Du Septieme Jour - Inter Am\u00e9rique Division\" \/>\n<meta property=\"og:description\" content=\"Des centaines d&#039;\u00e9claireurs, de dirigeants et de membres d&#039;\u00e9glise se sont mass\u00e9s \u00e0 l&#039;A\u00e9roport International Philip Goldson le 6 f\u00e9vrier pour accueillir le pr\u00e9sident de l&#039;Eglise Adventiste, p\" \/>\n<meta property=\"og:url\" content=\"https:\/\/interamerica.org\/fr\/2009\/02\/belize-leglise-accueille-le-responsable-de-leglise-adventiste-mondiale\/\" \/>\n<meta property=\"og:site_name\" content=\"\u00c9glise Adventiste Du Septieme Jour - Inter Am\u00e9rique Division\" \/>\n<meta property=\"article:published_time\" content=\"2009-02-11T04:00:00+00:00\" \/>\n<meta property=\"article:modified_time\" content=\"2017-06-02T17:06:47+00:00\" \/>\n<meta name=\"author\" content=\"Lorenzo Verduzco\" \/>\n<meta name=\"twitter:card\" content=\"summary_large_image\" \/>\n<meta name=\"twitter:label1\" content=\"\u00c9crit par\" \/>\n\t<meta name=\"twitter:data1\" content=\"Lorenzo Verduzco\" \/>\n\t<meta name=\"twitter:label2\" content=\"Dur\u00e9e de lecture estim\u00e9e\" \/>\n\t<meta name=\"twitter:data2\" content=\"2 minutes\" \/>\n<script type=\"application\/ld+json\" class=\"yoast-schema-graph\">{\"@context\":\"https:\\\/\\\/schema.org\",\"@graph\":[{\"@type\":\"Article\",\"@id\":\"https:\\\/\\\/interamerica.org\\\/fr\\\/2009\\\/02\\\/belize-leglise-accueille-le-responsable-de-leglise-adventiste-mondiale\\\/#article\",\"isPartOf\":{\"@id\":\"https:\\\/\\\/interamerica.org\\\/fr\\\/2009\\\/02\\\/belize-leglise-accueille-le-responsable-de-leglise-adventiste-mondiale\\\/\"},\"author\":{\"name\":\"Lorenzo Verduzco\",\"@id\":\"https:\\\/\\\/interamerica.org\\\/fr\\\/#\\\/schema\\\/person\\\/68ede8bdc292885bb76c1e3810e73c39\"},\"headline\":\"Belize : L&#39;Eglise accueille le responsable de l&#39;Eglise Adventiste Mondiale.\",\"datePublished\":\"2009-02-11T04:00:00+00:00\",\"dateModified\":\"2017-06-02T17:06:47+00:00\",\"mainEntityOfPage\":{\"@id\":\"https:\\\/\\\/interamerica.org\\\/fr\\\/2009\\\/02\\\/belize-leglise-accueille-le-responsable-de-leglise-adventiste-mondiale\\\/\"},\"wordCount\":486,\"articleSection\":[\"Archive\"],\"inLanguage\":\"fr-FR\"},{\"@type\":\"WebPage\",\"@id\":\"https:\\\/\\\/interamerica.org\\\/fr\\\/2009\\\/02\\\/belize-leglise-accueille-le-responsable-de-leglise-adventiste-mondiale\\\/\",\"url\":\"https:\\\/\\\/interamerica.org\\\/fr\\\/2009\\\/02\\\/belize-leglise-accueille-le-responsable-de-leglise-adventiste-mondiale\\\/\",\"name\":\"Belize : L&#39;Eglise accueille le responsable de l&#39;Eglise Adventiste Mondiale. - \u00c9glise Adventiste Du Septieme Jour - Inter Am\u00e9rique Division\",\"isPartOf\":{\"@id\":\"https:\\\/\\\/interamerica.org\\\/fr\\\/#website\"},\"datePublished\":\"2009-02-11T04:00:00+00:00\",\"dateModified\":\"2017-06-02T17:06:47+00:00\",\"author\":{\"@id\":\"https:\\\/\\\/interamerica.org\\\/fr\\\/#\\\/schema\\\/person\\\/68ede8bdc292885bb76c1e3810e73c39\"},\"breadcrumb\":{\"@id\":\"https:\\\/\\\/interamerica.org\\\/fr\\\/2009\\\/02\\\/belize-leglise-accueille-le-responsable-de-leglise-adventiste-mondiale\\\/#breadcrumb\"},\"inLanguage\":\"fr-FR\",\"potentialAction\":[{\"@type\":\"ReadAction\",\"target\":[\"https:\\\/\\\/interamerica.org\\\/fr\\\/2009\\\/02\\\/belize-leglise-accueille-le-responsable-de-leglise-adventiste-mondiale\\\/\"]}]},{\"@type\":\"BreadcrumbList\",\"@id\":\"https:\\\/\\\/interamerica.org\\\/fr\\\/2009\\\/02\\\/belize-leglise-accueille-le-responsable-de-leglise-adventiste-mondiale\\\/#breadcrumb\",\"itemListElement\":[{\"@type\":\"ListItem\",\"position\":1,\"name\":\"Home\",\"item\":\"https:\\\/\\\/interamerica.org\\\/fr\\\/\"},{\"@type\":\"ListItem\",\"position\":2,\"name\":\"Belize : L&#39;Eglise accueille le responsable de l&#39;Eglise Adventiste Mondiale.\"}]},{\"@type\":\"WebSite\",\"@id\":\"https:\\\/\\\/interamerica.org\\\/fr\\\/#website\",\"url\":\"https:\\\/\\\/interamerica.org\\\/fr\\\/\",\"name\":\"\u00c9glise Adventiste Du Septieme Jour - Inter Am\u00e9rique Division\",\"description\":\"\",\"potentialAction\":[{\"@type\":\"SearchAction\",\"target\":{\"@type\":\"EntryPoint\",\"urlTemplate\":\"https:\\\/\\\/interamerica.org\\\/fr\\\/?s={search_term_string}\"},\"query-input\":{\"@type\":\"PropertyValueSpecification\",\"valueRequired\":true,\"valueName\":\"search_term_string\"}}],\"inLanguage\":\"fr-FR\"},{\"@type\":\"Person\",\"@id\":\"https:\\\/\\\/interamerica.org\\\/fr\\\/#\\\/schema\\\/person\\\/68ede8bdc292885bb76c1e3810e73c39\",\"name\":\"Lorenzo Verduzco\",\"image\":{\"@type\":\"ImageObject\",\"inLanguage\":\"fr-FR\",\"@id\":\"https:\\\/\\\/secure.gravatar.com\\\/avatar\\\/fb81a55b6218459490a9c1dc841a34909185b81904c5337b4b27f7a6fd60c49e?s=96&d=mm&r=g\",\"url\":\"https:\\\/\\\/secure.gravatar.com\\\/avatar\\\/fb81a55b6218459490a9c1dc841a34909185b81904c5337b4b27f7a6fd60c49e?s=96&d=mm&r=g\",\"contentUrl\":\"https:\\\/\\\/secure.gravatar.com\\\/avatar\\\/fb81a55b6218459490a9c1dc841a34909185b81904c5337b4b27f7a6fd60c49e?s=96&d=mm&r=g\",\"caption\":\"Lorenzo Verduzco\"}}]}<\/script>\n<!-- \/ Yoast SEO plugin. -->","yoast_head_json":{"title":"Belize : L&#39;Eglise accueille le responsable de l&#39;Eglise Adventiste Mondiale. - \u00c9glise Adventiste Du Septieme Jour - Inter Am\u00e9rique Division","robots":{"index":"index","follow":"follow","max-snippet":"max-snippet:-1","max-image-preview":"max-image-preview:large","max-video-preview":"max-video-preview:-1"},"canonical":"https:\/\/interamerica.org\/fr\/2009\/02\/belize-leglise-accueille-le-responsable-de-leglise-adventiste-mondiale\/","og_locale":"fr_FR","og_type":"article","og_title":"Belize : L&#39;Eglise accueille le responsable de l&#39;Eglise Adventiste Mondiale. - \u00c9glise Adventiste Du Septieme Jour - Inter Am\u00e9rique Division","og_description":"Des centaines d&#39;\u00e9claireurs, de dirigeants et de membres d&#39;\u00e9glise se sont mass\u00e9s \u00e0 l&#39;A\u00e9roport International Philip Goldson le 6 f\u00e9vrier pour accueillir le pr\u00e9sident de l&#39;Eglise Adventiste, p","og_url":"https:\/\/interamerica.org\/fr\/2009\/02\/belize-leglise-accueille-le-responsable-de-leglise-adventiste-mondiale\/","og_site_name":"\u00c9glise Adventiste Du Septieme Jour - Inter Am\u00e9rique Division","article_published_time":"2009-02-11T04:00:00+00:00","article_modified_time":"2017-06-02T17:06:47+00:00","author":"Lorenzo Verduzco","twitter_card":"summary_large_image","twitter_misc":{"\u00c9crit par":"Lorenzo Verduzco","Dur\u00e9e de lecture estim\u00e9e":"2 minutes"},"schema":{"@context":"https:\/\/schema.org","@graph":[{"@type":"Article","@id":"https:\/\/interamerica.org\/fr\/2009\/02\/belize-leglise-accueille-le-responsable-de-leglise-adventiste-mondiale\/#article","isPartOf":{"@id":"https:\/\/interamerica.org\/fr\/2009\/02\/belize-leglise-accueille-le-responsable-de-leglise-adventiste-mondiale\/"},"author":{"name":"Lorenzo Verduzco","@id":"https:\/\/interamerica.org\/fr\/#\/schema\/person\/68ede8bdc292885bb76c1e3810e73c39"},"headline":"Belize : L&#39;Eglise accueille le responsable de l&#39;Eglise Adventiste Mondiale.","datePublished":"2009-02-11T04:00:00+00:00","dateModified":"2017-06-02T17:06:47+00:00","mainEntityOfPage":{"@id":"https:\/\/interamerica.org\/fr\/2009\/02\/belize-leglise-accueille-le-responsable-de-leglise-adventiste-mondiale\/"},"wordCount":486,"articleSection":["Archive"],"inLanguage":"fr-FR"},{"@type":"WebPage","@id":"https:\/\/interamerica.org\/fr\/2009\/02\/belize-leglise-accueille-le-responsable-de-leglise-adventiste-mondiale\/","url":"https:\/\/interamerica.org\/fr\/2009\/02\/belize-leglise-accueille-le-responsable-de-leglise-adventiste-mondiale\/","name":"Belize : L&#39;Eglise accueille le responsable de l&#39;Eglise Adventiste Mondiale. - \u00c9glise Adventiste Du Septieme Jour - Inter Am\u00e9rique Division","isPartOf":{"@id":"https:\/\/interamerica.org\/fr\/#website"},"datePublished":"2009-02-11T04:00:00+00:00","dateModified":"2017-06-02T17:06:47+00:00","author":{"@id":"https:\/\/interamerica.org\/fr\/#\/schema\/person\/68ede8bdc292885bb76c1e3810e73c39"},"breadcrumb":{"@id":"https:\/\/interamerica.org\/fr\/2009\/02\/belize-leglise-accueille-le-responsable-de-leglise-adventiste-mondiale\/#breadcrumb"},"inLanguage":"fr-FR","potentialAction":[{"@type":"ReadAction","target":["https:\/\/interamerica.org\/fr\/2009\/02\/belize-leglise-accueille-le-responsable-de-leglise-adventiste-mondiale\/"]}]},{"@type":"BreadcrumbList","@id":"https:\/\/interamerica.org\/fr\/2009\/02\/belize-leglise-accueille-le-responsable-de-leglise-adventiste-mondiale\/#breadcrumb","itemListElement":[{"@type":"ListItem","position":1,"name":"Home","item":"https:\/\/interamerica.org\/fr\/"},{"@type":"ListItem","position":2,"name":"Belize : L&#39;Eglise accueille le responsable de l&#39;Eglise Adventiste Mondiale."}]},{"@type":"WebSite","@id":"https:\/\/interamerica.org\/fr\/#website","url":"https:\/\/interamerica.org\/fr\/","name":"\u00c9glise Adventiste Du Septieme Jour - Inter Am\u00e9rique Division","description":"","potentialAction":[{"@type":"SearchAction","target":{"@type":"EntryPoint","urlTemplate":"https:\/\/interamerica.org\/fr\/?s={search_term_string}"},"query-input":{"@type":"PropertyValueSpecification","valueRequired":true,"valueName":"search_term_string"}}],"inLanguage":"fr-FR"},{"@type":"Person","@id":"https:\/\/interamerica.org\/fr\/#\/schema\/person\/68ede8bdc292885bb76c1e3810e73c39","name":"Lorenzo Verduzco","image":{"@type":"ImageObject","inLanguage":"fr-FR","@id":"https:\/\/secure.gravatar.com\/avatar\/fb81a55b6218459490a9c1dc841a34909185b81904c5337b4b27f7a6fd60c49e?s=96&d=mm&r=g","url":"https:\/\/secure.gravatar.com\/avatar\/fb81a55b6218459490a9c1dc841a34909185b81904c5337b4b27f7a6fd60c49e?s=96&d=mm&r=g","contentUrl":"https:\/\/secure.gravatar.com\/avatar\/fb81a55b6218459490a9c1dc841a34909185b81904c5337b4b27f7a6fd60c49e?s=96&d=mm&r=g","caption":"Lorenzo Verduzco"}}]}},"_links":{"self":[{"href":"https:\/\/interamerica.org\/fr\/wp-json\/wp\/v2\/posts\/13110","targetHints":{"allow":["GET"]}}],"collection":[{"href":"https:\/\/interamerica.org\/fr\/wp-json\/wp\/v2\/posts"}],"about":[{"href":"https:\/\/interamerica.org\/fr\/wp-json\/wp\/v2\/types\/post"}],"author":[{"embeddable":true,"href":"https:\/\/interamerica.org\/fr\/wp-json\/wp\/v2\/users\/1"}],"replies":[{"embeddable":true,"href":"https:\/\/interamerica.org\/fr\/wp-json\/wp\/v2\/comments?post=13110"}],"version-history":[{"count":0,"href":"https:\/\/interamerica.org\/fr\/wp-json\/wp\/v2\/posts\/13110\/revisions"}],"wp:attachment":[{"href":"https:\/\/interamerica.org\/fr\/wp-json\/wp\/v2\/media?parent=13110"}],"wp:term":[{"taxonomy":"category","embeddable":true,"href":"https:\/\/interamerica.org\/fr\/wp-json\/wp\/v2\/categories?post=13110"},{"taxonomy":"post_tag","embeddable":true,"href":"https:\/\/interamerica.org\/fr\/wp-json\/wp\/v2\/tags?post=13110"}],"curies":[{"name":"wp","href":"https:\/\/api.w.org\/{rel}","templated":true}]}}