{"id":13112,"date":"2009-02-13T00:00:00","date_gmt":"2009-02-13T04:00:00","guid":{"rendered":"http:\/\/192.81.217.108\/interamerica\/2009\/02\/3abn-doit-diffuser-un-programme-special-sur-la-journee-de-la-bienfaisance-et-de-la-compassion-en-inter-amerique\/"},"modified":"2017-06-02T13:06:46","modified_gmt":"2017-06-02T17:06:46","slug":"3abn-doit-diffuser-un-programme-special-sur-la-journee-de-la-bienfaisance-et-de-la-compassion-en-inter-amerique","status":"publish","type":"post","link":"https:\/\/interamerica.org\/fr\/2009\/02\/3abn-doit-diffuser-un-programme-special-sur-la-journee-de-la-bienfaisance-et-de-la-compassion-en-inter-amerique\/","title":{"rendered":"3ABN doit diffuser un programme sp\u00e9cial sur la Journ\u00e9e de la Bienfaisance et de la Compassion en Inter Am\u00e9rique."},"content":{"rendered":"<p><em >13 f\u00e9vrier 2009<\/em > &#8211; Miami, Floride, Etats-Unis&#8230;[Libna Stevens\/DIA] <\/p>\n<p>La chaine de t\u00e9l\u00e9vision Adventiste, \u00ab\u00a0R\u00e9seau de Diffusion des Trois Anges\u00a0\u00bb (3ABN) diffusera un programme sp\u00e9cial dimanche 15 f\u00e9vrier 2009. Ce programme pr\u00e9sentera l&#39;op\u00e9ration <em >Journ\u00e9e de la Bienfaisance et de la Compassion<\/em > qui a eu lieu en octobre dernier, ainsi que la reprise de ce programme cette ann\u00e9e, le 10 octobre prochain. <\/p>\n<p>La <em >Journ\u00e9e de la Bienfaisance et de la Compassion<\/em > \u00e9tait une op\u00e9ration d&#39;une journ\u00e9e organis\u00e9e par l&#39;Eglise Adventiste en Inter Am\u00e9rique ainsi que l&#39;Agence Adventiste de D\u00e9veloppement et de Secours (ADRA) ; cette initiative a mobilis\u00e9 pr\u00e8s d&#39;un million de membres d&#39;\u00e9glise b\u00e9n\u00e9voles pour distribuer de la nourriture aux n\u00e9cessiteux \u00e0 travers le territoire. Plus de 800000 personnes ont re\u00e7u un repas au cours de cette op\u00e9ration. <\/p>\n<p>Pendant la diffusion du programme sur 3ABN, les organisateurs de cette op\u00e9ration en Inter Am\u00e9rique vont apporter leurs t\u00e9moignages au sujet des d\u00e9fis logistiques qu&#39;ils ont confront\u00e9s au cours de la manifestation l&#39;ann\u00e9e derni\u00e8re, et les d\u00e9fis auxquels ils font face alors qu&#39;ils pr\u00e9parent la deuxi\u00e8me \u00e9dition de cette op\u00e9ration cette ann\u00e9e. <\/p>\n<p>Wally Amundson, directeur d&#39;ADRA pour l&#39;\u00e9glise Adventiste en Inter Am\u00e9rique, \u00e9tait ravi d&#39;avoir eu l&#39;opportunit\u00e9 de partager avec les millions de t\u00e9l\u00e9spectateurs de la chaine de t\u00e9l\u00e9vision Adventiste, au sujet de l&#39;impact que cette op\u00e9ration pourrait avoir sur les communaut\u00e9s o\u00f9 vivent les membres d&#39;\u00e9glise. <\/p>\n<p>\u00ab Nous avons tous les \u00e9l\u00e9ments \u00e0 notre disposition : la foi, des m\u00e9thodes simples, beaucoup de volontaires, une jeunesse \u00e9nergique  et des voisins qui attendent un geste de compassion venant de quelqu&#39;un d\u00e9sireux d&#39;exprimer l&#39;amour de Dieu \u00e0 travers le service \u00e0 la communaut\u00e9, \u00bb a d\u00e9clar\u00e9 Admunson. <\/p>\n<p>\u00ab  Mon souhait est que lorsque les t\u00e9l\u00e9spectateurs \u00e0 travers le monde verront ce reportage, qu&#39;ils soient eux aussi inspir\u00e9s \u00e0 exprimer leur foi \u00e0 travers des actes, et fassent quelque chose de similaire cette ann\u00e9e dans leurs communaut\u00e9s, o\u00f9 qu&#39;ils vivent, \u00bb a-t-il ajout\u00e9. <\/p>\n<p>Le programme d&#39;une heure en anglais sera diffus\u00e9 sur 3ABN aujourd&#39;hui 15 f\u00e9vrier 2009 \u00e0 1h, 15h et 21h (Heure Centrale Am\u00e9ricaine) <\/p>\n<p>La version en espagnol du programme sera diffus\u00e9e sur 3ABN Latino le 28 f\u00e9vrier 2009. <\/p>\n<p>Pour obtenir les horaires de diffusion mis \u00e0 jour de 3ABN, visitez le site <a  href=\"http:\/\/www.3abn.org\/\">http:\/\/www.3abn.org\/<\/a > <\/p>\n","protected":false},"excerpt":{"rendered":"<p>La chaine de t\u00e9l\u00e9vision Adventiste, \u00ab\u00a0R\u00e9seau de Diffusion des Trois Anges\u00a0\u00bb (3ABN) diffusera un programme sp\u00e9cial dimanche 15 f\u00e9vrier 2009. Ce programme pr\u00e9sentera l&#39;op\u00e9ration Journ&#038;eacute<\/p>\n","protected":false},"author":1,"featured_media":0,"comment_status":"closed","ping_status":"closed","sticky":false,"template":"","format":"standard","meta":{"_acf_changed":false,"footnotes":""},"categories":[9],"tags":[],"class_list":["post-13112","post","type-post","status-publish","format-standard","hentry","category-archive-fr"],"acf":[],"yoast_head":"<!-- This site is optimized with the Yoast SEO plugin v27.3 - https:\/\/yoast.com\/product\/yoast-seo-wordpress\/ -->\n<title>3ABN doit diffuser un programme sp\u00e9cial sur la Journ\u00e9e de la Bienfaisance et de la Compassion en Inter Am\u00e9rique. - \u00c9glise Adventiste Du Septieme Jour - Inter Am\u00e9rique Division<\/title>\n<meta name=\"robots\" content=\"index, follow, max-snippet:-1, max-image-preview:large, max-video-preview:-1\" \/>\n<link rel=\"canonical\" href=\"https:\/\/interamerica.org\/fr\/2009\/02\/3abn-doit-diffuser-un-programme-special-sur-la-journee-de-la-bienfaisance-et-de-la-compassion-en-inter-amerique\/\" \/>\n<meta property=\"og:locale\" content=\"fr_FR\" \/>\n<meta property=\"og:type\" content=\"article\" \/>\n<meta property=\"og:title\" content=\"3ABN doit diffuser un programme sp\u00e9cial sur la Journ\u00e9e de la Bienfaisance et de la Compassion en Inter Am\u00e9rique. - \u00c9glise Adventiste Du Septieme Jour - Inter Am\u00e9rique Division\" \/>\n<meta property=\"og:description\" content=\"La chaine de t\u00e9l\u00e9vision Adventiste, &quot;R\u00e9seau de Diffusion des Trois Anges&quot; (3ABN) diffusera un programme sp\u00e9cial dimanche 15 f\u00e9vrier 2009. Ce programme pr\u00e9sentera l&#039;op\u00e9ration Journ&amp;eacute\" \/>\n<meta property=\"og:url\" content=\"https:\/\/interamerica.org\/fr\/2009\/02\/3abn-doit-diffuser-un-programme-special-sur-la-journee-de-la-bienfaisance-et-de-la-compassion-en-inter-amerique\/\" \/>\n<meta property=\"og:site_name\" content=\"\u00c9glise Adventiste Du Septieme Jour - Inter Am\u00e9rique Division\" \/>\n<meta property=\"article:published_time\" content=\"2009-02-13T04:00:00+00:00\" \/>\n<meta property=\"article:modified_time\" content=\"2017-06-02T17:06:46+00:00\" \/>\n<meta name=\"author\" content=\"Lorenzo Verduzco\" \/>\n<meta name=\"twitter:card\" content=\"summary_large_image\" \/>\n<meta name=\"twitter:label1\" content=\"\u00c9crit par\" \/>\n\t<meta name=\"twitter:data1\" content=\"Lorenzo Verduzco\" \/>\n\t<meta name=\"twitter:label2\" content=\"Dur\u00e9e de lecture estim\u00e9e\" \/>\n\t<meta name=\"twitter:data2\" content=\"2 minutes\" \/>\n<script type=\"application\/ld+json\" class=\"yoast-schema-graph\">{\"@context\":\"https:\\\/\\\/schema.org\",\"@graph\":[{\"@type\":\"Article\",\"@id\":\"https:\\\/\\\/interamerica.org\\\/fr\\\/2009\\\/02\\\/3abn-doit-diffuser-un-programme-special-sur-la-journee-de-la-bienfaisance-et-de-la-compassion-en-inter-amerique\\\/#article\",\"isPartOf\":{\"@id\":\"https:\\\/\\\/interamerica.org\\\/fr\\\/2009\\\/02\\\/3abn-doit-diffuser-un-programme-special-sur-la-journee-de-la-bienfaisance-et-de-la-compassion-en-inter-amerique\\\/\"},\"author\":{\"name\":\"Lorenzo Verduzco\",\"@id\":\"https:\\\/\\\/interamerica.org\\\/fr\\\/#\\\/schema\\\/person\\\/68ede8bdc292885bb76c1e3810e73c39\"},\"headline\":\"3ABN doit diffuser un programme sp\u00e9cial sur la Journ\u00e9e de la Bienfaisance et de la Compassion en Inter Am\u00e9rique.\",\"datePublished\":\"2009-02-13T04:00:00+00:00\",\"dateModified\":\"2017-06-02T17:06:46+00:00\",\"mainEntityOfPage\":{\"@id\":\"https:\\\/\\\/interamerica.org\\\/fr\\\/2009\\\/02\\\/3abn-doit-diffuser-un-programme-special-sur-la-journee-de-la-bienfaisance-et-de-la-compassion-en-inter-amerique\\\/\"},\"wordCount\":448,\"articleSection\":[\"Archive\"],\"inLanguage\":\"fr-FR\"},{\"@type\":\"WebPage\",\"@id\":\"https:\\\/\\\/interamerica.org\\\/fr\\\/2009\\\/02\\\/3abn-doit-diffuser-un-programme-special-sur-la-journee-de-la-bienfaisance-et-de-la-compassion-en-inter-amerique\\\/\",\"url\":\"https:\\\/\\\/interamerica.org\\\/fr\\\/2009\\\/02\\\/3abn-doit-diffuser-un-programme-special-sur-la-journee-de-la-bienfaisance-et-de-la-compassion-en-inter-amerique\\\/\",\"name\":\"3ABN doit diffuser un programme sp\u00e9cial sur la Journ\u00e9e de la Bienfaisance et de la Compassion en Inter Am\u00e9rique. - \u00c9glise Adventiste Du Septieme Jour - Inter Am\u00e9rique Division\",\"isPartOf\":{\"@id\":\"https:\\\/\\\/interamerica.org\\\/fr\\\/#website\"},\"datePublished\":\"2009-02-13T04:00:00+00:00\",\"dateModified\":\"2017-06-02T17:06:46+00:00\",\"author\":{\"@id\":\"https:\\\/\\\/interamerica.org\\\/fr\\\/#\\\/schema\\\/person\\\/68ede8bdc292885bb76c1e3810e73c39\"},\"breadcrumb\":{\"@id\":\"https:\\\/\\\/interamerica.org\\\/fr\\\/2009\\\/02\\\/3abn-doit-diffuser-un-programme-special-sur-la-journee-de-la-bienfaisance-et-de-la-compassion-en-inter-amerique\\\/#breadcrumb\"},\"inLanguage\":\"fr-FR\",\"potentialAction\":[{\"@type\":\"ReadAction\",\"target\":[\"https:\\\/\\\/interamerica.org\\\/fr\\\/2009\\\/02\\\/3abn-doit-diffuser-un-programme-special-sur-la-journee-de-la-bienfaisance-et-de-la-compassion-en-inter-amerique\\\/\"]}]},{\"@type\":\"BreadcrumbList\",\"@id\":\"https:\\\/\\\/interamerica.org\\\/fr\\\/2009\\\/02\\\/3abn-doit-diffuser-un-programme-special-sur-la-journee-de-la-bienfaisance-et-de-la-compassion-en-inter-amerique\\\/#breadcrumb\",\"itemListElement\":[{\"@type\":\"ListItem\",\"position\":1,\"name\":\"Home\",\"item\":\"https:\\\/\\\/interamerica.org\\\/fr\\\/\"},{\"@type\":\"ListItem\",\"position\":2,\"name\":\"3ABN doit diffuser un programme sp\u00e9cial sur la Journ\u00e9e de la Bienfaisance et de la Compassion en Inter Am\u00e9rique.\"}]},{\"@type\":\"WebSite\",\"@id\":\"https:\\\/\\\/interamerica.org\\\/fr\\\/#website\",\"url\":\"https:\\\/\\\/interamerica.org\\\/fr\\\/\",\"name\":\"\u00c9glise Adventiste Du Septieme Jour - Inter Am\u00e9rique Division\",\"description\":\"\",\"potentialAction\":[{\"@type\":\"SearchAction\",\"target\":{\"@type\":\"EntryPoint\",\"urlTemplate\":\"https:\\\/\\\/interamerica.org\\\/fr\\\/?s={search_term_string}\"},\"query-input\":{\"@type\":\"PropertyValueSpecification\",\"valueRequired\":true,\"valueName\":\"search_term_string\"}}],\"inLanguage\":\"fr-FR\"},{\"@type\":\"Person\",\"@id\":\"https:\\\/\\\/interamerica.org\\\/fr\\\/#\\\/schema\\\/person\\\/68ede8bdc292885bb76c1e3810e73c39\",\"name\":\"Lorenzo Verduzco\",\"image\":{\"@type\":\"ImageObject\",\"inLanguage\":\"fr-FR\",\"@id\":\"https:\\\/\\\/secure.gravatar.com\\\/avatar\\\/fb81a55b6218459490a9c1dc841a34909185b81904c5337b4b27f7a6fd60c49e?s=96&d=mm&r=g\",\"url\":\"https:\\\/\\\/secure.gravatar.com\\\/avatar\\\/fb81a55b6218459490a9c1dc841a34909185b81904c5337b4b27f7a6fd60c49e?s=96&d=mm&r=g\",\"contentUrl\":\"https:\\\/\\\/secure.gravatar.com\\\/avatar\\\/fb81a55b6218459490a9c1dc841a34909185b81904c5337b4b27f7a6fd60c49e?s=96&d=mm&r=g\",\"caption\":\"Lorenzo Verduzco\"}}]}<\/script>\n<!-- \/ Yoast SEO plugin. -->","yoast_head_json":{"title":"3ABN doit diffuser un programme sp\u00e9cial sur la Journ\u00e9e de la Bienfaisance et de la Compassion en Inter Am\u00e9rique. - \u00c9glise Adventiste Du Septieme Jour - Inter Am\u00e9rique Division","robots":{"index":"index","follow":"follow","max-snippet":"max-snippet:-1","max-image-preview":"max-image-preview:large","max-video-preview":"max-video-preview:-1"},"canonical":"https:\/\/interamerica.org\/fr\/2009\/02\/3abn-doit-diffuser-un-programme-special-sur-la-journee-de-la-bienfaisance-et-de-la-compassion-en-inter-amerique\/","og_locale":"fr_FR","og_type":"article","og_title":"3ABN doit diffuser un programme sp\u00e9cial sur la Journ\u00e9e de la Bienfaisance et de la Compassion en Inter Am\u00e9rique. - \u00c9glise Adventiste Du Septieme Jour - Inter Am\u00e9rique Division","og_description":"La chaine de t\u00e9l\u00e9vision Adventiste, \"R\u00e9seau de Diffusion des Trois Anges\" (3ABN) diffusera un programme sp\u00e9cial dimanche 15 f\u00e9vrier 2009. Ce programme pr\u00e9sentera l&#39;op\u00e9ration Journ&eacute","og_url":"https:\/\/interamerica.org\/fr\/2009\/02\/3abn-doit-diffuser-un-programme-special-sur-la-journee-de-la-bienfaisance-et-de-la-compassion-en-inter-amerique\/","og_site_name":"\u00c9glise Adventiste Du Septieme Jour - Inter Am\u00e9rique Division","article_published_time":"2009-02-13T04:00:00+00:00","article_modified_time":"2017-06-02T17:06:46+00:00","author":"Lorenzo Verduzco","twitter_card":"summary_large_image","twitter_misc":{"\u00c9crit par":"Lorenzo Verduzco","Dur\u00e9e de lecture estim\u00e9e":"2 minutes"},"schema":{"@context":"https:\/\/schema.org","@graph":[{"@type":"Article","@id":"https:\/\/interamerica.org\/fr\/2009\/02\/3abn-doit-diffuser-un-programme-special-sur-la-journee-de-la-bienfaisance-et-de-la-compassion-en-inter-amerique\/#article","isPartOf":{"@id":"https:\/\/interamerica.org\/fr\/2009\/02\/3abn-doit-diffuser-un-programme-special-sur-la-journee-de-la-bienfaisance-et-de-la-compassion-en-inter-amerique\/"},"author":{"name":"Lorenzo Verduzco","@id":"https:\/\/interamerica.org\/fr\/#\/schema\/person\/68ede8bdc292885bb76c1e3810e73c39"},"headline":"3ABN doit diffuser un programme sp\u00e9cial sur la Journ\u00e9e de la Bienfaisance et de la Compassion en Inter Am\u00e9rique.","datePublished":"2009-02-13T04:00:00+00:00","dateModified":"2017-06-02T17:06:46+00:00","mainEntityOfPage":{"@id":"https:\/\/interamerica.org\/fr\/2009\/02\/3abn-doit-diffuser-un-programme-special-sur-la-journee-de-la-bienfaisance-et-de-la-compassion-en-inter-amerique\/"},"wordCount":448,"articleSection":["Archive"],"inLanguage":"fr-FR"},{"@type":"WebPage","@id":"https:\/\/interamerica.org\/fr\/2009\/02\/3abn-doit-diffuser-un-programme-special-sur-la-journee-de-la-bienfaisance-et-de-la-compassion-en-inter-amerique\/","url":"https:\/\/interamerica.org\/fr\/2009\/02\/3abn-doit-diffuser-un-programme-special-sur-la-journee-de-la-bienfaisance-et-de-la-compassion-en-inter-amerique\/","name":"3ABN doit diffuser un programme sp\u00e9cial sur la Journ\u00e9e de la Bienfaisance et de la Compassion en Inter Am\u00e9rique. - \u00c9glise Adventiste Du Septieme Jour - Inter Am\u00e9rique Division","isPartOf":{"@id":"https:\/\/interamerica.org\/fr\/#website"},"datePublished":"2009-02-13T04:00:00+00:00","dateModified":"2017-06-02T17:06:46+00:00","author":{"@id":"https:\/\/interamerica.org\/fr\/#\/schema\/person\/68ede8bdc292885bb76c1e3810e73c39"},"breadcrumb":{"@id":"https:\/\/interamerica.org\/fr\/2009\/02\/3abn-doit-diffuser-un-programme-special-sur-la-journee-de-la-bienfaisance-et-de-la-compassion-en-inter-amerique\/#breadcrumb"},"inLanguage":"fr-FR","potentialAction":[{"@type":"ReadAction","target":["https:\/\/interamerica.org\/fr\/2009\/02\/3abn-doit-diffuser-un-programme-special-sur-la-journee-de-la-bienfaisance-et-de-la-compassion-en-inter-amerique\/"]}]},{"@type":"BreadcrumbList","@id":"https:\/\/interamerica.org\/fr\/2009\/02\/3abn-doit-diffuser-un-programme-special-sur-la-journee-de-la-bienfaisance-et-de-la-compassion-en-inter-amerique\/#breadcrumb","itemListElement":[{"@type":"ListItem","position":1,"name":"Home","item":"https:\/\/interamerica.org\/fr\/"},{"@type":"ListItem","position":2,"name":"3ABN doit diffuser un programme sp\u00e9cial sur la Journ\u00e9e de la Bienfaisance et de la Compassion en Inter Am\u00e9rique."}]},{"@type":"WebSite","@id":"https:\/\/interamerica.org\/fr\/#website","url":"https:\/\/interamerica.org\/fr\/","name":"\u00c9glise Adventiste Du Septieme Jour - Inter Am\u00e9rique Division","description":"","potentialAction":[{"@type":"SearchAction","target":{"@type":"EntryPoint","urlTemplate":"https:\/\/interamerica.org\/fr\/?s={search_term_string}"},"query-input":{"@type":"PropertyValueSpecification","valueRequired":true,"valueName":"search_term_string"}}],"inLanguage":"fr-FR"},{"@type":"Person","@id":"https:\/\/interamerica.org\/fr\/#\/schema\/person\/68ede8bdc292885bb76c1e3810e73c39","name":"Lorenzo Verduzco","image":{"@type":"ImageObject","inLanguage":"fr-FR","@id":"https:\/\/secure.gravatar.com\/avatar\/fb81a55b6218459490a9c1dc841a34909185b81904c5337b4b27f7a6fd60c49e?s=96&d=mm&r=g","url":"https:\/\/secure.gravatar.com\/avatar\/fb81a55b6218459490a9c1dc841a34909185b81904c5337b4b27f7a6fd60c49e?s=96&d=mm&r=g","contentUrl":"https:\/\/secure.gravatar.com\/avatar\/fb81a55b6218459490a9c1dc841a34909185b81904c5337b4b27f7a6fd60c49e?s=96&d=mm&r=g","caption":"Lorenzo Verduzco"}}]}},"_links":{"self":[{"href":"https:\/\/interamerica.org\/fr\/wp-json\/wp\/v2\/posts\/13112","targetHints":{"allow":["GET"]}}],"collection":[{"href":"https:\/\/interamerica.org\/fr\/wp-json\/wp\/v2\/posts"}],"about":[{"href":"https:\/\/interamerica.org\/fr\/wp-json\/wp\/v2\/types\/post"}],"author":[{"embeddable":true,"href":"https:\/\/interamerica.org\/fr\/wp-json\/wp\/v2\/users\/1"}],"replies":[{"embeddable":true,"href":"https:\/\/interamerica.org\/fr\/wp-json\/wp\/v2\/comments?post=13112"}],"version-history":[{"count":0,"href":"https:\/\/interamerica.org\/fr\/wp-json\/wp\/v2\/posts\/13112\/revisions"}],"wp:attachment":[{"href":"https:\/\/interamerica.org\/fr\/wp-json\/wp\/v2\/media?parent=13112"}],"wp:term":[{"taxonomy":"category","embeddable":true,"href":"https:\/\/interamerica.org\/fr\/wp-json\/wp\/v2\/categories?post=13112"},{"taxonomy":"post_tag","embeddable":true,"href":"https:\/\/interamerica.org\/fr\/wp-json\/wp\/v2\/tags?post=13112"}],"curies":[{"name":"wp","href":"https:\/\/api.w.org\/{rel}","templated":true}]}}