{"id":13114,"date":"2009-02-18T00:00:00","date_gmt":"2009-02-18T04:00:00","guid":{"rendered":"http:\/\/192.81.217.108\/interamerica\/2009\/02\/une-attaque-des-rebelles-provoque-le-renvoi-dune-visite-de-leglise-en-guinee-equatoriale\/"},"modified":"2017-06-02T13:06:45","modified_gmt":"2017-06-02T17:06:45","slug":"une-attaque-des-rebelles-provoque-le-renvoi-dune-visite-de-leglise-en-guinee-equatoriale","status":"publish","type":"post","link":"https:\/\/interamerica.org\/fr\/2009\/02\/une-attaque-des-rebelles-provoque-le-renvoi-dune-visite-de-leglise-en-guinee-equatoriale\/","title":{"rendered":"Une attaque des rebelles provoque le renvoi d&#39;une visite de l&#39;\u00e9glise en Guin\u00e9e Equatoriale."},"content":{"rendered":"<p><em >19 f\u00e9vrier 2009<\/em >, Douala, Cameroun&#8230;Abraham Bakari\/ANN <\/p>\n<p>Une attaque survenue hier matin tr\u00e8s t\u00f4t dans la capitale de la Guin\u00e9e Equatoriale a contrari\u00e9 les plans que plusieurs dirigeants de l&#39;\u00e9glise Adventiste du Septi\u00e8me jour avaient de visiter la nation Ouest Africaine, renvoyant ainsi une rare opportunit\u00e9 de rencontrer les membres d&#39;\u00e9glise dans un pays o\u00f9 l&#39;Adventisme n&#39;a \u00e9t\u00e9 \u00e9tabli qu&#39;en 1986, ont fait savoir les dirigeants d&#39;\u00e9glise locaux. <\/p>\n<p>Un vol qui devait transporter trois administrateurs de l&#39;\u00e9glise du Cameroun jusqu&#39;\u00e0 Malabo a \u00e9t\u00e9 annul\u00e9 lundi soir 16 f\u00e9vrier, quelques heures avant que des hommes arm\u00e9s et en bateau \u00e0 moteur n&#39;attaquent la capitale, situ\u00e9e sur Bioko, une ile au large de la c\u00f4te ouest de l&#39;Afrique. <\/p>\n<p>Le groupe comprenait Matthew Bediako, secr\u00e9taire ex\u00e9cutif de l&#39;\u00e9glise Adventiste mondiale ; Rosa Banks, une secr\u00e9taire adjointe de l&#39;\u00e9glise Adventiste ; et Gilbert Wari, pr\u00e9sident de l&#39;\u00e9glise Adventiste pour l&#39;Afrique du Centre-Ouest. <\/p>\n<p>D&#39;abord frustr\u00e9s parce que le voyage avait d\u00e9j\u00e0 \u00e9t\u00e9 annul\u00e9 trois fois pour des raisons diverses, les dirigeants d&#39;\u00e9glise ont par la suite exprim\u00e9 leur gratitude pour le fait qu&#39;ils ne soient pas trouv\u00e9s isol\u00e9s dans la capitale au moment de l&#39;attaque. Tous les vols en partance et \u00e0 destination de l&#39;a\u00e9roport de Malabo ont \u00e9t\u00e9 imm\u00e9diatement annul\u00e9s lorsque les premiers coups de feu ont \u00e9t\u00e9 tir\u00e9s, ont indiqu\u00e9 les responsables locaux de l&#39;\u00e9glise. <\/p>\n<p>D&#39;apr\u00e8s ce que disent les bulletins d&#39;information, on ne sait pas si ce sont des militants du delta du Niger ou des mercenaires non identifi\u00e9s qui ont d\u00e9clench\u00e9 les fusillades t\u00f4t ce matin l\u00e0. <\/p>\n<p>\u00ab J&#39;ai senti que Dieu nous dirigeait en emp\u00eachant notre voyage vers la Guin\u00e9e Equatoriale \u00e0 ce moment l\u00e0, \u00bb a d\u00e9clar\u00e9 Rosa Banks. <\/p>\n<p>Le s\u00e9jour du groupe en Guin\u00e9e Equatoriale faisait partie d&#39;une tourn\u00e9e de 11 jours du Centre-Ouest de l&#39;Afrique visant \u00e0 aider les officiels de l&#39;\u00e9glise \u00e0 \u00e9valuer les besoins des membres locaux et aussi \u00e0 les encourager, a d\u00e9clar\u00e9 Matthew Bediako. Quelques 3000 membres d&#39;\u00e9glise adorent dans 20 \u00e9glises \u00e0 travers la Guin\u00e9e Equatoriale, un pays d&#39;un demi-million d&#39;habitants. Des visites au Tchad, au Congo et au Gabon sont \u00e9galement au programme. <\/p>\n<p>Matthew Bediako et Rosa Banks se sont rendus au Tchad cet apr\u00e8s midi, et font des plans pour reprogrammer la visite en Guin\u00e9e Equatoriale plus tard ce mois ci, a indiqu\u00e9 Gilbert Wari. Un calme relatif est revenu dans la capitale apr\u00e8s que les forces gouvernementales aient repouss\u00e9 les agresseurs, mais les d\u00e9placements sont limit\u00e9s et l&#39;a\u00e9roport demeure ferm\u00e9, a fait savoir Allah-Ridy Kone, un pasteur Adventiste \u00e0 Malabo. <\/p>\n<p>En tant que troisi\u00e8me plus grand exportateur de p\u00e9trole d&#39;Afrique, la Guin\u00e9e Equatoriale est une cible pour des militants qui cherchent \u00e0 renverser le gouvernement et prendre le contr\u00f4le des riches r\u00e9serves de p\u00e9trole en mer du pays. Des conflits \u00e0 r\u00e9p\u00e9tition ont conduit \u00e0 des d\u00e9cennies d&#39;instabilit\u00e9 dans l&#39;ancienne colonie Espagnole. <\/p>\n<p>Les responsables locaux de l&#39;\u00e9glise ne font \u00e9tat d&#39;aucune perte en vies humaines ou de dommages aux propri\u00e9t\u00e9s de l&#39;\u00e9glise lors des r\u00e9centes attaques. Les forces gouvernementales ont abattu au moins un agresseur, et un autre groupe s&#39;est noy\u00e9 lorsque la Marine du pays a coul\u00e9 leur embarcation, d&#39;apr\u00e8s un rapport de l&#39;agence Reuters. <\/p>\n","protected":false},"excerpt":{"rendered":"<p>Une attaque survenue hier matin tr\u00e8s t\u00f4t dans la capitale de la Guin\u00e9e Equatoriale a contrari\u00e9 les plans que plusieurs dirigeants de l&#39;\u00e9glise Adventiste du Septi\u00e8me jour avaient de visiter la nation Ouest<\/p>\n","protected":false},"author":1,"featured_media":0,"comment_status":"closed","ping_status":"closed","sticky":false,"template":"","format":"standard","meta":{"_acf_changed":false,"footnotes":""},"categories":[9],"tags":[],"class_list":["post-13114","post","type-post","status-publish","format-standard","hentry","category-archive-fr"],"acf":[],"yoast_head":"<!-- This site is optimized with the Yoast SEO plugin v27.3 - https:\/\/yoast.com\/product\/yoast-seo-wordpress\/ -->\n<title>Une attaque des rebelles provoque le renvoi d&#039;une visite de l&#039;\u00e9glise en Guin\u00e9e Equatoriale. - \u00c9glise Adventiste Du Septieme Jour - Inter Am\u00e9rique Division<\/title>\n<meta name=\"robots\" content=\"index, follow, max-snippet:-1, max-image-preview:large, max-video-preview:-1\" \/>\n<link rel=\"canonical\" href=\"https:\/\/interamerica.org\/fr\/2009\/02\/une-attaque-des-rebelles-provoque-le-renvoi-dune-visite-de-leglise-en-guinee-equatoriale\/\" \/>\n<meta property=\"og:locale\" content=\"fr_FR\" \/>\n<meta property=\"og:type\" content=\"article\" \/>\n<meta property=\"og:title\" content=\"Une attaque des rebelles provoque le renvoi d&#039;une visite de l&#039;\u00e9glise en Guin\u00e9e Equatoriale. - \u00c9glise Adventiste Du Septieme Jour - Inter Am\u00e9rique Division\" \/>\n<meta property=\"og:description\" content=\"Une attaque survenue hier matin tr\u00e8s t\u00f4t dans la capitale de la Guin\u00e9e Equatoriale a contrari\u00e9 les plans que plusieurs dirigeants de l&#039;\u00e9glise Adventiste du Septi\u00e8me jour avaient de visiter la nation Ouest\" \/>\n<meta property=\"og:url\" content=\"https:\/\/interamerica.org\/fr\/2009\/02\/une-attaque-des-rebelles-provoque-le-renvoi-dune-visite-de-leglise-en-guinee-equatoriale\/\" \/>\n<meta property=\"og:site_name\" content=\"\u00c9glise Adventiste Du Septieme Jour - Inter Am\u00e9rique Division\" \/>\n<meta property=\"article:published_time\" content=\"2009-02-18T04:00:00+00:00\" \/>\n<meta property=\"article:modified_time\" content=\"2017-06-02T17:06:45+00:00\" \/>\n<meta name=\"author\" content=\"Lorenzo Verduzco\" \/>\n<meta name=\"twitter:card\" content=\"summary_large_image\" \/>\n<meta name=\"twitter:label1\" content=\"\u00c9crit par\" \/>\n\t<meta name=\"twitter:data1\" content=\"Lorenzo Verduzco\" \/>\n\t<meta name=\"twitter:label2\" content=\"Dur\u00e9e de lecture estim\u00e9e\" \/>\n\t<meta name=\"twitter:data2\" content=\"3 minutes\" \/>\n<script type=\"application\/ld+json\" class=\"yoast-schema-graph\">{\"@context\":\"https:\\\/\\\/schema.org\",\"@graph\":[{\"@type\":\"Article\",\"@id\":\"https:\\\/\\\/interamerica.org\\\/fr\\\/2009\\\/02\\\/une-attaque-des-rebelles-provoque-le-renvoi-dune-visite-de-leglise-en-guinee-equatoriale\\\/#article\",\"isPartOf\":{\"@id\":\"https:\\\/\\\/interamerica.org\\\/fr\\\/2009\\\/02\\\/une-attaque-des-rebelles-provoque-le-renvoi-dune-visite-de-leglise-en-guinee-equatoriale\\\/\"},\"author\":{\"name\":\"Lorenzo Verduzco\",\"@id\":\"https:\\\/\\\/interamerica.org\\\/fr\\\/#\\\/schema\\\/person\\\/68ede8bdc292885bb76c1e3810e73c39\"},\"headline\":\"Une attaque des rebelles provoque le renvoi d&#39;une visite de l&#39;\u00e9glise en Guin\u00e9e Equatoriale.\",\"datePublished\":\"2009-02-18T04:00:00+00:00\",\"dateModified\":\"2017-06-02T17:06:45+00:00\",\"mainEntityOfPage\":{\"@id\":\"https:\\\/\\\/interamerica.org\\\/fr\\\/2009\\\/02\\\/une-attaque-des-rebelles-provoque-le-renvoi-dune-visite-de-leglise-en-guinee-equatoriale\\\/\"},\"wordCount\":613,\"articleSection\":[\"Archive\"],\"inLanguage\":\"fr-FR\"},{\"@type\":\"WebPage\",\"@id\":\"https:\\\/\\\/interamerica.org\\\/fr\\\/2009\\\/02\\\/une-attaque-des-rebelles-provoque-le-renvoi-dune-visite-de-leglise-en-guinee-equatoriale\\\/\",\"url\":\"https:\\\/\\\/interamerica.org\\\/fr\\\/2009\\\/02\\\/une-attaque-des-rebelles-provoque-le-renvoi-dune-visite-de-leglise-en-guinee-equatoriale\\\/\",\"name\":\"Une attaque des rebelles provoque le renvoi d&#39;une visite de l&#39;\u00e9glise en Guin\u00e9e Equatoriale. - \u00c9glise Adventiste Du Septieme Jour - Inter Am\u00e9rique Division\",\"isPartOf\":{\"@id\":\"https:\\\/\\\/interamerica.org\\\/fr\\\/#website\"},\"datePublished\":\"2009-02-18T04:00:00+00:00\",\"dateModified\":\"2017-06-02T17:06:45+00:00\",\"author\":{\"@id\":\"https:\\\/\\\/interamerica.org\\\/fr\\\/#\\\/schema\\\/person\\\/68ede8bdc292885bb76c1e3810e73c39\"},\"breadcrumb\":{\"@id\":\"https:\\\/\\\/interamerica.org\\\/fr\\\/2009\\\/02\\\/une-attaque-des-rebelles-provoque-le-renvoi-dune-visite-de-leglise-en-guinee-equatoriale\\\/#breadcrumb\"},\"inLanguage\":\"fr-FR\",\"potentialAction\":[{\"@type\":\"ReadAction\",\"target\":[\"https:\\\/\\\/interamerica.org\\\/fr\\\/2009\\\/02\\\/une-attaque-des-rebelles-provoque-le-renvoi-dune-visite-de-leglise-en-guinee-equatoriale\\\/\"]}]},{\"@type\":\"BreadcrumbList\",\"@id\":\"https:\\\/\\\/interamerica.org\\\/fr\\\/2009\\\/02\\\/une-attaque-des-rebelles-provoque-le-renvoi-dune-visite-de-leglise-en-guinee-equatoriale\\\/#breadcrumb\",\"itemListElement\":[{\"@type\":\"ListItem\",\"position\":1,\"name\":\"Home\",\"item\":\"https:\\\/\\\/interamerica.org\\\/fr\\\/\"},{\"@type\":\"ListItem\",\"position\":2,\"name\":\"Une attaque des rebelles provoque le renvoi d&#39;une visite de l&#39;\u00e9glise en Guin\u00e9e Equatoriale.\"}]},{\"@type\":\"WebSite\",\"@id\":\"https:\\\/\\\/interamerica.org\\\/fr\\\/#website\",\"url\":\"https:\\\/\\\/interamerica.org\\\/fr\\\/\",\"name\":\"\u00c9glise Adventiste Du Septieme Jour - Inter Am\u00e9rique Division\",\"description\":\"\",\"potentialAction\":[{\"@type\":\"SearchAction\",\"target\":{\"@type\":\"EntryPoint\",\"urlTemplate\":\"https:\\\/\\\/interamerica.org\\\/fr\\\/?s={search_term_string}\"},\"query-input\":{\"@type\":\"PropertyValueSpecification\",\"valueRequired\":true,\"valueName\":\"search_term_string\"}}],\"inLanguage\":\"fr-FR\"},{\"@type\":\"Person\",\"@id\":\"https:\\\/\\\/interamerica.org\\\/fr\\\/#\\\/schema\\\/person\\\/68ede8bdc292885bb76c1e3810e73c39\",\"name\":\"Lorenzo Verduzco\",\"image\":{\"@type\":\"ImageObject\",\"inLanguage\":\"fr-FR\",\"@id\":\"https:\\\/\\\/secure.gravatar.com\\\/avatar\\\/fb81a55b6218459490a9c1dc841a34909185b81904c5337b4b27f7a6fd60c49e?s=96&d=mm&r=g\",\"url\":\"https:\\\/\\\/secure.gravatar.com\\\/avatar\\\/fb81a55b6218459490a9c1dc841a34909185b81904c5337b4b27f7a6fd60c49e?s=96&d=mm&r=g\",\"contentUrl\":\"https:\\\/\\\/secure.gravatar.com\\\/avatar\\\/fb81a55b6218459490a9c1dc841a34909185b81904c5337b4b27f7a6fd60c49e?s=96&d=mm&r=g\",\"caption\":\"Lorenzo Verduzco\"}}]}<\/script>\n<!-- \/ Yoast SEO plugin. -->","yoast_head_json":{"title":"Une attaque des rebelles provoque le renvoi d&#39;une visite de l&#39;\u00e9glise en Guin\u00e9e Equatoriale. - \u00c9glise Adventiste Du Septieme Jour - Inter Am\u00e9rique Division","robots":{"index":"index","follow":"follow","max-snippet":"max-snippet:-1","max-image-preview":"max-image-preview:large","max-video-preview":"max-video-preview:-1"},"canonical":"https:\/\/interamerica.org\/fr\/2009\/02\/une-attaque-des-rebelles-provoque-le-renvoi-dune-visite-de-leglise-en-guinee-equatoriale\/","og_locale":"fr_FR","og_type":"article","og_title":"Une attaque des rebelles provoque le renvoi d&#39;une visite de l&#39;\u00e9glise en Guin\u00e9e Equatoriale. - \u00c9glise Adventiste Du Septieme Jour - Inter Am\u00e9rique Division","og_description":"Une attaque survenue hier matin tr\u00e8s t\u00f4t dans la capitale de la Guin\u00e9e Equatoriale a contrari\u00e9 les plans que plusieurs dirigeants de l&#39;\u00e9glise Adventiste du Septi\u00e8me jour avaient de visiter la nation Ouest","og_url":"https:\/\/interamerica.org\/fr\/2009\/02\/une-attaque-des-rebelles-provoque-le-renvoi-dune-visite-de-leglise-en-guinee-equatoriale\/","og_site_name":"\u00c9glise Adventiste Du Septieme Jour - Inter Am\u00e9rique Division","article_published_time":"2009-02-18T04:00:00+00:00","article_modified_time":"2017-06-02T17:06:45+00:00","author":"Lorenzo Verduzco","twitter_card":"summary_large_image","twitter_misc":{"\u00c9crit par":"Lorenzo Verduzco","Dur\u00e9e de lecture estim\u00e9e":"3 minutes"},"schema":{"@context":"https:\/\/schema.org","@graph":[{"@type":"Article","@id":"https:\/\/interamerica.org\/fr\/2009\/02\/une-attaque-des-rebelles-provoque-le-renvoi-dune-visite-de-leglise-en-guinee-equatoriale\/#article","isPartOf":{"@id":"https:\/\/interamerica.org\/fr\/2009\/02\/une-attaque-des-rebelles-provoque-le-renvoi-dune-visite-de-leglise-en-guinee-equatoriale\/"},"author":{"name":"Lorenzo Verduzco","@id":"https:\/\/interamerica.org\/fr\/#\/schema\/person\/68ede8bdc292885bb76c1e3810e73c39"},"headline":"Une attaque des rebelles provoque le renvoi d&#39;une visite de l&#39;\u00e9glise en Guin\u00e9e Equatoriale.","datePublished":"2009-02-18T04:00:00+00:00","dateModified":"2017-06-02T17:06:45+00:00","mainEntityOfPage":{"@id":"https:\/\/interamerica.org\/fr\/2009\/02\/une-attaque-des-rebelles-provoque-le-renvoi-dune-visite-de-leglise-en-guinee-equatoriale\/"},"wordCount":613,"articleSection":["Archive"],"inLanguage":"fr-FR"},{"@type":"WebPage","@id":"https:\/\/interamerica.org\/fr\/2009\/02\/une-attaque-des-rebelles-provoque-le-renvoi-dune-visite-de-leglise-en-guinee-equatoriale\/","url":"https:\/\/interamerica.org\/fr\/2009\/02\/une-attaque-des-rebelles-provoque-le-renvoi-dune-visite-de-leglise-en-guinee-equatoriale\/","name":"Une attaque des rebelles provoque le renvoi d&#39;une visite de l&#39;\u00e9glise en Guin\u00e9e Equatoriale. - \u00c9glise Adventiste Du Septieme Jour - Inter Am\u00e9rique Division","isPartOf":{"@id":"https:\/\/interamerica.org\/fr\/#website"},"datePublished":"2009-02-18T04:00:00+00:00","dateModified":"2017-06-02T17:06:45+00:00","author":{"@id":"https:\/\/interamerica.org\/fr\/#\/schema\/person\/68ede8bdc292885bb76c1e3810e73c39"},"breadcrumb":{"@id":"https:\/\/interamerica.org\/fr\/2009\/02\/une-attaque-des-rebelles-provoque-le-renvoi-dune-visite-de-leglise-en-guinee-equatoriale\/#breadcrumb"},"inLanguage":"fr-FR","potentialAction":[{"@type":"ReadAction","target":["https:\/\/interamerica.org\/fr\/2009\/02\/une-attaque-des-rebelles-provoque-le-renvoi-dune-visite-de-leglise-en-guinee-equatoriale\/"]}]},{"@type":"BreadcrumbList","@id":"https:\/\/interamerica.org\/fr\/2009\/02\/une-attaque-des-rebelles-provoque-le-renvoi-dune-visite-de-leglise-en-guinee-equatoriale\/#breadcrumb","itemListElement":[{"@type":"ListItem","position":1,"name":"Home","item":"https:\/\/interamerica.org\/fr\/"},{"@type":"ListItem","position":2,"name":"Une attaque des rebelles provoque le renvoi d&#39;une visite de l&#39;\u00e9glise en Guin\u00e9e Equatoriale."}]},{"@type":"WebSite","@id":"https:\/\/interamerica.org\/fr\/#website","url":"https:\/\/interamerica.org\/fr\/","name":"\u00c9glise Adventiste Du Septieme Jour - Inter Am\u00e9rique Division","description":"","potentialAction":[{"@type":"SearchAction","target":{"@type":"EntryPoint","urlTemplate":"https:\/\/interamerica.org\/fr\/?s={search_term_string}"},"query-input":{"@type":"PropertyValueSpecification","valueRequired":true,"valueName":"search_term_string"}}],"inLanguage":"fr-FR"},{"@type":"Person","@id":"https:\/\/interamerica.org\/fr\/#\/schema\/person\/68ede8bdc292885bb76c1e3810e73c39","name":"Lorenzo Verduzco","image":{"@type":"ImageObject","inLanguage":"fr-FR","@id":"https:\/\/secure.gravatar.com\/avatar\/fb81a55b6218459490a9c1dc841a34909185b81904c5337b4b27f7a6fd60c49e?s=96&d=mm&r=g","url":"https:\/\/secure.gravatar.com\/avatar\/fb81a55b6218459490a9c1dc841a34909185b81904c5337b4b27f7a6fd60c49e?s=96&d=mm&r=g","contentUrl":"https:\/\/secure.gravatar.com\/avatar\/fb81a55b6218459490a9c1dc841a34909185b81904c5337b4b27f7a6fd60c49e?s=96&d=mm&r=g","caption":"Lorenzo Verduzco"}}]}},"_links":{"self":[{"href":"https:\/\/interamerica.org\/fr\/wp-json\/wp\/v2\/posts\/13114","targetHints":{"allow":["GET"]}}],"collection":[{"href":"https:\/\/interamerica.org\/fr\/wp-json\/wp\/v2\/posts"}],"about":[{"href":"https:\/\/interamerica.org\/fr\/wp-json\/wp\/v2\/types\/post"}],"author":[{"embeddable":true,"href":"https:\/\/interamerica.org\/fr\/wp-json\/wp\/v2\/users\/1"}],"replies":[{"embeddable":true,"href":"https:\/\/interamerica.org\/fr\/wp-json\/wp\/v2\/comments?post=13114"}],"version-history":[{"count":0,"href":"https:\/\/interamerica.org\/fr\/wp-json\/wp\/v2\/posts\/13114\/revisions"}],"wp:attachment":[{"href":"https:\/\/interamerica.org\/fr\/wp-json\/wp\/v2\/media?parent=13114"}],"wp:term":[{"taxonomy":"category","embeddable":true,"href":"https:\/\/interamerica.org\/fr\/wp-json\/wp\/v2\/categories?post=13114"},{"taxonomy":"post_tag","embeddable":true,"href":"https:\/\/interamerica.org\/fr\/wp-json\/wp\/v2\/tags?post=13114"}],"curies":[{"name":"wp","href":"https:\/\/api.w.org\/{rel}","templated":true}]}}