{"id":13116,"date":"2009-02-20T00:00:00","date_gmt":"2009-02-20T04:00:00","guid":{"rendered":"http:\/\/192.81.217.108\/interamerica\/2009\/02\/mexique-le-programme-de-dialogue-abordons-les-problemes-doit-bientot-commencer-en-direct-depuis-merida\/"},"modified":"2017-06-02T13:06:43","modified_gmt":"2017-06-02T17:06:43","slug":"mexique-le-programme-de-dialogue-abordons-les-problemes-doit-bientot-commencer-en-direct-depuis-merida","status":"publish","type":"post","link":"https:\/\/interamerica.org\/fr\/2009\/02\/mexique-le-programme-de-dialogue-abordons-les-problemes-doit-bientot-commencer-en-direct-depuis-merida\/","title":{"rendered":"Mexique: Le programme de dialogue Abordons les Probl\u00e8mes doit bient\u00f4t commencer en direct depuis Merida"},"content":{"rendered":"<p>20 F\u00e9vrier 2009 &#8211; Merida, Yucatan, Mexique&#8230;[Libna Stevens\/DIA] <\/p>\n<p>Branchez vous pour \u00e9couter un groupe de jeunes et de la\u00efcs ainsi que des pasteurs venant de l&#39;\u00e9glise Adventiste du Septi\u00e8me jour \u00e0 travers le Mexique qui discuteront avec les principaux dirigeants de l&#39;\u00e9glise en Inter Am\u00e9rique au cours d&#39;un programme sp\u00e9cial de dialogue le 21 f\u00e9vrier 2009. <\/p>\n<p>Le programme de deux heures et demi appel\u00e9 <strong >Abordons les Probl\u00e8mes<\/strong > Mexique, sera diffus\u00e9 en direct sur internet en espagnol depuis le Centro de Convenciones Siglo XXI \u00e0 Merida City dans le Yucatan, o\u00f9 plus de 5000 personnes assisteront \u00e0 ce programme sp\u00e9cial devant d\u00e9buter \u00e0 15h heure de Merida ou 16h heure de Miami. <\/p>\n<p>Pour suivre le programme sur le net, veuillez vous rendre sur le site <a  href=\"https:\/\/recursing-golick.147-182-135-0.plesk.page\/\">https:\/\/recursing-golick.147-182-135-0.plesk.page\/<\/a > <\/p>\n","protected":false},"excerpt":{"rendered":"<p>Branchez vous pour \u00e9couter un groupe de jeunes, de la\u00efcs ainsi que des pasteurs venant de l&#39;\u00e9glise Adventiste du Septi\u00e8me jour \u00e0 travers le Mexique, alors qu&#39;ils discuteront avec les principaux dirigeants de l&#39;<\/p>\n","protected":false},"author":1,"featured_media":0,"comment_status":"closed","ping_status":"closed","sticky":false,"template":"","format":"standard","meta":{"_acf_changed":false,"footnotes":""},"categories":[9],"tags":[],"class_list":["post-13116","post","type-post","status-publish","format-standard","hentry","category-archive-fr"],"acf":[],"yoast_head":"<!-- This site is optimized with the Yoast SEO plugin v27.3 - https:\/\/yoast.com\/product\/yoast-seo-wordpress\/ -->\n<title>Mexique: Le programme de dialogue Abordons les Probl\u00e8mes doit bient\u00f4t commencer en direct depuis Merida - \u00c9glise Adventiste Du Septieme Jour - Inter Am\u00e9rique Division<\/title>\n<meta name=\"robots\" content=\"index, follow, max-snippet:-1, max-image-preview:large, max-video-preview:-1\" \/>\n<link rel=\"canonical\" href=\"https:\/\/interamerica.org\/fr\/2009\/02\/mexique-le-programme-de-dialogue-abordons-les-problemes-doit-bientot-commencer-en-direct-depuis-merida\/\" \/>\n<meta property=\"og:locale\" content=\"fr_FR\" \/>\n<meta property=\"og:type\" content=\"article\" \/>\n<meta property=\"og:title\" content=\"Mexique: Le programme de dialogue Abordons les Probl\u00e8mes doit bient\u00f4t commencer en direct depuis Merida - \u00c9glise Adventiste Du Septieme Jour - Inter Am\u00e9rique Division\" \/>\n<meta property=\"og:description\" content=\"Branchez vous pour \u00e9couter un groupe de jeunes, de la\u00efcs ainsi que des pasteurs venant de l&#039;\u00e9glise Adventiste du Septi\u00e8me jour \u00e0 travers le Mexique, alors qu&#039;ils discuteront avec les principaux dirigeants de l&#039;\" \/>\n<meta property=\"og:url\" content=\"https:\/\/interamerica.org\/fr\/2009\/02\/mexique-le-programme-de-dialogue-abordons-les-problemes-doit-bientot-commencer-en-direct-depuis-merida\/\" \/>\n<meta property=\"og:site_name\" content=\"\u00c9glise Adventiste Du Septieme Jour - Inter Am\u00e9rique Division\" \/>\n<meta property=\"article:published_time\" content=\"2009-02-20T04:00:00+00:00\" \/>\n<meta property=\"article:modified_time\" content=\"2017-06-02T17:06:43+00:00\" \/>\n<meta name=\"author\" content=\"Lorenzo Verduzco\" \/>\n<meta name=\"twitter:card\" content=\"summary_large_image\" \/>\n<meta name=\"twitter:label1\" content=\"\u00c9crit par\" \/>\n\t<meta name=\"twitter:data1\" content=\"Lorenzo Verduzco\" \/>\n\t<meta name=\"twitter:label2\" content=\"Dur\u00e9e de lecture estim\u00e9e\" \/>\n\t<meta name=\"twitter:data2\" content=\"1 minute\" \/>\n<script type=\"application\/ld+json\" class=\"yoast-schema-graph\">{\"@context\":\"https:\\\/\\\/schema.org\",\"@graph\":[{\"@type\":\"Article\",\"@id\":\"https:\\\/\\\/interamerica.org\\\/fr\\\/2009\\\/02\\\/mexique-le-programme-de-dialogue-abordons-les-problemes-doit-bientot-commencer-en-direct-depuis-merida\\\/#article\",\"isPartOf\":{\"@id\":\"https:\\\/\\\/interamerica.org\\\/fr\\\/2009\\\/02\\\/mexique-le-programme-de-dialogue-abordons-les-problemes-doit-bientot-commencer-en-direct-depuis-merida\\\/\"},\"author\":{\"name\":\"Lorenzo Verduzco\",\"@id\":\"https:\\\/\\\/interamerica.org\\\/fr\\\/#\\\/schema\\\/person\\\/68ede8bdc292885bb76c1e3810e73c39\"},\"headline\":\"Mexique: Le programme de dialogue Abordons les Probl\u00e8mes doit bient\u00f4t commencer en direct depuis Merida\",\"datePublished\":\"2009-02-20T04:00:00+00:00\",\"dateModified\":\"2017-06-02T17:06:43+00:00\",\"mainEntityOfPage\":{\"@id\":\"https:\\\/\\\/interamerica.org\\\/fr\\\/2009\\\/02\\\/mexique-le-programme-de-dialogue-abordons-les-problemes-doit-bientot-commencer-en-direct-depuis-merida\\\/\"},\"wordCount\":153,\"articleSection\":[\"Archive\"],\"inLanguage\":\"fr-FR\"},{\"@type\":\"WebPage\",\"@id\":\"https:\\\/\\\/interamerica.org\\\/fr\\\/2009\\\/02\\\/mexique-le-programme-de-dialogue-abordons-les-problemes-doit-bientot-commencer-en-direct-depuis-merida\\\/\",\"url\":\"https:\\\/\\\/interamerica.org\\\/fr\\\/2009\\\/02\\\/mexique-le-programme-de-dialogue-abordons-les-problemes-doit-bientot-commencer-en-direct-depuis-merida\\\/\",\"name\":\"Mexique: Le programme de dialogue Abordons les Probl\u00e8mes doit bient\u00f4t commencer en direct depuis Merida - \u00c9glise Adventiste Du Septieme Jour - Inter Am\u00e9rique Division\",\"isPartOf\":{\"@id\":\"https:\\\/\\\/interamerica.org\\\/fr\\\/#website\"},\"datePublished\":\"2009-02-20T04:00:00+00:00\",\"dateModified\":\"2017-06-02T17:06:43+00:00\",\"author\":{\"@id\":\"https:\\\/\\\/interamerica.org\\\/fr\\\/#\\\/schema\\\/person\\\/68ede8bdc292885bb76c1e3810e73c39\"},\"breadcrumb\":{\"@id\":\"https:\\\/\\\/interamerica.org\\\/fr\\\/2009\\\/02\\\/mexique-le-programme-de-dialogue-abordons-les-problemes-doit-bientot-commencer-en-direct-depuis-merida\\\/#breadcrumb\"},\"inLanguage\":\"fr-FR\",\"potentialAction\":[{\"@type\":\"ReadAction\",\"target\":[\"https:\\\/\\\/interamerica.org\\\/fr\\\/2009\\\/02\\\/mexique-le-programme-de-dialogue-abordons-les-problemes-doit-bientot-commencer-en-direct-depuis-merida\\\/\"]}]},{\"@type\":\"BreadcrumbList\",\"@id\":\"https:\\\/\\\/interamerica.org\\\/fr\\\/2009\\\/02\\\/mexique-le-programme-de-dialogue-abordons-les-problemes-doit-bientot-commencer-en-direct-depuis-merida\\\/#breadcrumb\",\"itemListElement\":[{\"@type\":\"ListItem\",\"position\":1,\"name\":\"Home\",\"item\":\"https:\\\/\\\/interamerica.org\\\/fr\\\/\"},{\"@type\":\"ListItem\",\"position\":2,\"name\":\"Mexique: Le programme de dialogue Abordons les Probl\u00e8mes doit bient\u00f4t commencer en direct depuis Merida\"}]},{\"@type\":\"WebSite\",\"@id\":\"https:\\\/\\\/interamerica.org\\\/fr\\\/#website\",\"url\":\"https:\\\/\\\/interamerica.org\\\/fr\\\/\",\"name\":\"\u00c9glise Adventiste Du Septieme Jour - Inter Am\u00e9rique Division\",\"description\":\"\",\"potentialAction\":[{\"@type\":\"SearchAction\",\"target\":{\"@type\":\"EntryPoint\",\"urlTemplate\":\"https:\\\/\\\/interamerica.org\\\/fr\\\/?s={search_term_string}\"},\"query-input\":{\"@type\":\"PropertyValueSpecification\",\"valueRequired\":true,\"valueName\":\"search_term_string\"}}],\"inLanguage\":\"fr-FR\"},{\"@type\":\"Person\",\"@id\":\"https:\\\/\\\/interamerica.org\\\/fr\\\/#\\\/schema\\\/person\\\/68ede8bdc292885bb76c1e3810e73c39\",\"name\":\"Lorenzo Verduzco\",\"image\":{\"@type\":\"ImageObject\",\"inLanguage\":\"fr-FR\",\"@id\":\"https:\\\/\\\/secure.gravatar.com\\\/avatar\\\/fb81a55b6218459490a9c1dc841a34909185b81904c5337b4b27f7a6fd60c49e?s=96&d=mm&r=g\",\"url\":\"https:\\\/\\\/secure.gravatar.com\\\/avatar\\\/fb81a55b6218459490a9c1dc841a34909185b81904c5337b4b27f7a6fd60c49e?s=96&d=mm&r=g\",\"contentUrl\":\"https:\\\/\\\/secure.gravatar.com\\\/avatar\\\/fb81a55b6218459490a9c1dc841a34909185b81904c5337b4b27f7a6fd60c49e?s=96&d=mm&r=g\",\"caption\":\"Lorenzo Verduzco\"}}]}<\/script>\n<!-- \/ Yoast SEO plugin. -->","yoast_head_json":{"title":"Mexique: Le programme de dialogue Abordons les Probl\u00e8mes doit bient\u00f4t commencer en direct depuis Merida - \u00c9glise Adventiste Du Septieme Jour - Inter Am\u00e9rique Division","robots":{"index":"index","follow":"follow","max-snippet":"max-snippet:-1","max-image-preview":"max-image-preview:large","max-video-preview":"max-video-preview:-1"},"canonical":"https:\/\/interamerica.org\/fr\/2009\/02\/mexique-le-programme-de-dialogue-abordons-les-problemes-doit-bientot-commencer-en-direct-depuis-merida\/","og_locale":"fr_FR","og_type":"article","og_title":"Mexique: Le programme de dialogue Abordons les Probl\u00e8mes doit bient\u00f4t commencer en direct depuis Merida - \u00c9glise Adventiste Du Septieme Jour - Inter Am\u00e9rique Division","og_description":"Branchez vous pour \u00e9couter un groupe de jeunes, de la\u00efcs ainsi que des pasteurs venant de l&#39;\u00e9glise Adventiste du Septi\u00e8me jour \u00e0 travers le Mexique, alors qu&#39;ils discuteront avec les principaux dirigeants de l&#39;","og_url":"https:\/\/interamerica.org\/fr\/2009\/02\/mexique-le-programme-de-dialogue-abordons-les-problemes-doit-bientot-commencer-en-direct-depuis-merida\/","og_site_name":"\u00c9glise Adventiste Du Septieme Jour - Inter Am\u00e9rique Division","article_published_time":"2009-02-20T04:00:00+00:00","article_modified_time":"2017-06-02T17:06:43+00:00","author":"Lorenzo Verduzco","twitter_card":"summary_large_image","twitter_misc":{"\u00c9crit par":"Lorenzo Verduzco","Dur\u00e9e de lecture estim\u00e9e":"1 minute"},"schema":{"@context":"https:\/\/schema.org","@graph":[{"@type":"Article","@id":"https:\/\/interamerica.org\/fr\/2009\/02\/mexique-le-programme-de-dialogue-abordons-les-problemes-doit-bientot-commencer-en-direct-depuis-merida\/#article","isPartOf":{"@id":"https:\/\/interamerica.org\/fr\/2009\/02\/mexique-le-programme-de-dialogue-abordons-les-problemes-doit-bientot-commencer-en-direct-depuis-merida\/"},"author":{"name":"Lorenzo Verduzco","@id":"https:\/\/interamerica.org\/fr\/#\/schema\/person\/68ede8bdc292885bb76c1e3810e73c39"},"headline":"Mexique: Le programme de dialogue Abordons les Probl\u00e8mes doit bient\u00f4t commencer en direct depuis Merida","datePublished":"2009-02-20T04:00:00+00:00","dateModified":"2017-06-02T17:06:43+00:00","mainEntityOfPage":{"@id":"https:\/\/interamerica.org\/fr\/2009\/02\/mexique-le-programme-de-dialogue-abordons-les-problemes-doit-bientot-commencer-en-direct-depuis-merida\/"},"wordCount":153,"articleSection":["Archive"],"inLanguage":"fr-FR"},{"@type":"WebPage","@id":"https:\/\/interamerica.org\/fr\/2009\/02\/mexique-le-programme-de-dialogue-abordons-les-problemes-doit-bientot-commencer-en-direct-depuis-merida\/","url":"https:\/\/interamerica.org\/fr\/2009\/02\/mexique-le-programme-de-dialogue-abordons-les-problemes-doit-bientot-commencer-en-direct-depuis-merida\/","name":"Mexique: Le programme de dialogue Abordons les Probl\u00e8mes doit bient\u00f4t commencer en direct depuis Merida - \u00c9glise Adventiste Du Septieme Jour - Inter Am\u00e9rique Division","isPartOf":{"@id":"https:\/\/interamerica.org\/fr\/#website"},"datePublished":"2009-02-20T04:00:00+00:00","dateModified":"2017-06-02T17:06:43+00:00","author":{"@id":"https:\/\/interamerica.org\/fr\/#\/schema\/person\/68ede8bdc292885bb76c1e3810e73c39"},"breadcrumb":{"@id":"https:\/\/interamerica.org\/fr\/2009\/02\/mexique-le-programme-de-dialogue-abordons-les-problemes-doit-bientot-commencer-en-direct-depuis-merida\/#breadcrumb"},"inLanguage":"fr-FR","potentialAction":[{"@type":"ReadAction","target":["https:\/\/interamerica.org\/fr\/2009\/02\/mexique-le-programme-de-dialogue-abordons-les-problemes-doit-bientot-commencer-en-direct-depuis-merida\/"]}]},{"@type":"BreadcrumbList","@id":"https:\/\/interamerica.org\/fr\/2009\/02\/mexique-le-programme-de-dialogue-abordons-les-problemes-doit-bientot-commencer-en-direct-depuis-merida\/#breadcrumb","itemListElement":[{"@type":"ListItem","position":1,"name":"Home","item":"https:\/\/interamerica.org\/fr\/"},{"@type":"ListItem","position":2,"name":"Mexique: Le programme de dialogue Abordons les Probl\u00e8mes doit bient\u00f4t commencer en direct depuis Merida"}]},{"@type":"WebSite","@id":"https:\/\/interamerica.org\/fr\/#website","url":"https:\/\/interamerica.org\/fr\/","name":"\u00c9glise Adventiste Du Septieme Jour - Inter Am\u00e9rique Division","description":"","potentialAction":[{"@type":"SearchAction","target":{"@type":"EntryPoint","urlTemplate":"https:\/\/interamerica.org\/fr\/?s={search_term_string}"},"query-input":{"@type":"PropertyValueSpecification","valueRequired":true,"valueName":"search_term_string"}}],"inLanguage":"fr-FR"},{"@type":"Person","@id":"https:\/\/interamerica.org\/fr\/#\/schema\/person\/68ede8bdc292885bb76c1e3810e73c39","name":"Lorenzo Verduzco","image":{"@type":"ImageObject","inLanguage":"fr-FR","@id":"https:\/\/secure.gravatar.com\/avatar\/fb81a55b6218459490a9c1dc841a34909185b81904c5337b4b27f7a6fd60c49e?s=96&d=mm&r=g","url":"https:\/\/secure.gravatar.com\/avatar\/fb81a55b6218459490a9c1dc841a34909185b81904c5337b4b27f7a6fd60c49e?s=96&d=mm&r=g","contentUrl":"https:\/\/secure.gravatar.com\/avatar\/fb81a55b6218459490a9c1dc841a34909185b81904c5337b4b27f7a6fd60c49e?s=96&d=mm&r=g","caption":"Lorenzo Verduzco"}}]}},"_links":{"self":[{"href":"https:\/\/interamerica.org\/fr\/wp-json\/wp\/v2\/posts\/13116","targetHints":{"allow":["GET"]}}],"collection":[{"href":"https:\/\/interamerica.org\/fr\/wp-json\/wp\/v2\/posts"}],"about":[{"href":"https:\/\/interamerica.org\/fr\/wp-json\/wp\/v2\/types\/post"}],"author":[{"embeddable":true,"href":"https:\/\/interamerica.org\/fr\/wp-json\/wp\/v2\/users\/1"}],"replies":[{"embeddable":true,"href":"https:\/\/interamerica.org\/fr\/wp-json\/wp\/v2\/comments?post=13116"}],"version-history":[{"count":0,"href":"https:\/\/interamerica.org\/fr\/wp-json\/wp\/v2\/posts\/13116\/revisions"}],"wp:attachment":[{"href":"https:\/\/interamerica.org\/fr\/wp-json\/wp\/v2\/media?parent=13116"}],"wp:term":[{"taxonomy":"category","embeddable":true,"href":"https:\/\/interamerica.org\/fr\/wp-json\/wp\/v2\/categories?post=13116"},{"taxonomy":"post_tag","embeddable":true,"href":"https:\/\/interamerica.org\/fr\/wp-json\/wp\/v2\/tags?post=13116"}],"curies":[{"name":"wp","href":"https:\/\/api.w.org\/{rel}","templated":true}]}}