{"id":13117,"date":"2009-02-25T00:00:00","date_gmt":"2009-02-25T04:00:00","guid":{"rendered":"http:\/\/192.81.217.108\/interamerica\/2009\/02\/venezuela-les-recherches-continuent-au-neuvieme-jour-pour-retrouver-lavion-medical-disparu\/"},"modified":"2017-06-02T13:06:43","modified_gmt":"2017-06-02T17:06:43","slug":"venezuela-les-recherches-continuent-au-neuvieme-jour-pour-retrouver-lavion-medical-disparu","status":"publish","type":"post","link":"https:\/\/interamerica.org\/fr\/2009\/02\/venezuela-les-recherches-continuent-au-neuvieme-jour-pour-retrouver-lavion-medical-disparu\/","title":{"rendered":"Venezuela : Les recherches continuent au neuvi\u00e8me jour pour retrouver l&#39;avion m\u00e9dical disparu."},"content":{"rendered":"<p><em >25 F\u00e9vrier 2009<\/em > &#8211; Gran Sabana, Bolivar, Venezuela&#8230;[Libna Stevens] <\/p>\n<\/p>\n<p>Neuf jours se sont \u00e9coul\u00e9s depuis que l&#39;avion m\u00e9dical qui transportait trois Adventistes du Septi\u00e8me jour et quatre autres personnes a disparu dans la jungle de Gran Sabana au Venezuela; mais en d\u00e9pit des recherches et des op\u00e9rations de secours, aucune \u00e9pave ou survivants n&#39;ont \u00e9t\u00e9 retrouv\u00e9s. <em >(Voir le r\u00e9cit de la catastrophe ici).<\/em > <\/p>\n<\/p>\n<p>A bord de l&#39;avion port\u00e9 disparu se trouvait le pilote Robert Norton qui dirige l&#39;\u0153uvre de l&#39;Aviation M\u00e9dicale Adventiste au Venezuela, ainsi que son \u00e9pouse, et des patients qui \u00e9taient transport\u00e9s vers un lieu ad\u00e9quat pour qu&#39;ils re\u00e7oivent des soins m\u00e9dicaux. <\/p>\n<\/p>\n<p>Les recherches a\u00e9riennes et terrestres se sont intensifi\u00e9es pour retrouver l&#39;avion Cessna 182N disparu. <\/p>\n<\/p>\n<p>\u00ab Nos \u00e9quipes de recherche sur le terrain sont pass\u00e9es \u00e0 10 groupes qui ratissent la jungle, \u00bb a d\u00e9clar\u00e9 Rodolfo Escobar, directeur de communication pour l&#39;\u00e9glise Adventiste au Venezuela. \u00ab Nos membres d&#39;\u00e9glise, accompagn\u00e9s de villageois volontaires pour les recherches, vont continuer de chercher jusqu&#39;\u00e0 ce qu&#39;ils trouvent l&#39;avion. \u00bb <\/p>\n<\/p>\n<p>Escobar qui est inform\u00e9 chaque jour sur l&#39;\u00e9tat des recherches, a dit que la conviction des 106 personnes qui effectuent les recherches \u00e0 pied dans la jungle est une source d&#39;inspiration. Chaque \u00e9quipe de recherche est compos\u00e9e de 10 \u00e0 12 membres, y compris un m\u00e9decin. <\/p>\n<\/p>\n<p>Rodolfo Escobar a ajout\u00e9 qu&#39;il y a deux jours, un membre de l&#39;\u00e9quipe s&#39;\u00e9tait perdu mais avait \u00e9t\u00e9 retrouv\u00e9 le lendemain. <\/p>\n<\/p>\n<p>Deux h\u00e9licopt\u00e8res et deux petits avions ont poursuivis les recherches a\u00e9riennes. Ils se sont \u00e9galement av\u00e9r\u00e9s utiles pour parachuter de la nourriture et du mat\u00e9riel aux  chercheurs \u00e0 pied. <\/p>\n<\/p>\n<p>\u00ab  Beaucoup de ressources ont \u00e9t\u00e9 investies dans ces recherches et nous esp\u00e9rons toujours que nous trouverons bient\u00f4t l&#39;avion, \u00bb a indiqu\u00e9 Escobar. \u00ab Nous remettons la situation entre les mains de Dieu. \u00bb <\/p>\n","protected":false},"excerpt":{"rendered":"<p>Neuf jours se sont \u00e9coul\u00e9s depuis que l&#39;avion m\u00e9dical qui transportait trois Adventistes du Septi\u00e8me jour et quatre autres personnes a disparu dans la jungle de Gran Sabana au Venezuela; mais en d\u00e9pit des recherches<\/p>\n","protected":false},"author":1,"featured_media":0,"comment_status":"closed","ping_status":"closed","sticky":false,"template":"","format":"standard","meta":{"_acf_changed":false,"footnotes":""},"categories":[9],"tags":[],"class_list":["post-13117","post","type-post","status-publish","format-standard","hentry","category-archive-fr"],"acf":[],"yoast_head":"<!-- This site is optimized with the Yoast SEO plugin v27.3 - https:\/\/yoast.com\/product\/yoast-seo-wordpress\/ -->\n<title>Venezuela : Les recherches continuent au neuvi\u00e8me jour pour retrouver l&#039;avion m\u00e9dical disparu. - \u00c9glise Adventiste Du Septieme Jour - Inter Am\u00e9rique Division<\/title>\n<meta name=\"robots\" content=\"index, follow, max-snippet:-1, max-image-preview:large, max-video-preview:-1\" \/>\n<link rel=\"canonical\" href=\"https:\/\/interamerica.org\/fr\/2009\/02\/venezuela-les-recherches-continuent-au-neuvieme-jour-pour-retrouver-lavion-medical-disparu\/\" \/>\n<meta property=\"og:locale\" content=\"fr_FR\" \/>\n<meta property=\"og:type\" content=\"article\" \/>\n<meta property=\"og:title\" content=\"Venezuela : Les recherches continuent au neuvi\u00e8me jour pour retrouver l&#039;avion m\u00e9dical disparu. - \u00c9glise Adventiste Du Septieme Jour - Inter Am\u00e9rique Division\" \/>\n<meta property=\"og:description\" content=\"Neuf jours se sont \u00e9coul\u00e9s depuis que l&#039;avion m\u00e9dical qui transportait trois Adventistes du Septi\u00e8me jour et quatre autres personnes a disparu dans la jungle de Gran Sabana au Venezuela; mais en d\u00e9pit des recherches\" \/>\n<meta property=\"og:url\" content=\"https:\/\/interamerica.org\/fr\/2009\/02\/venezuela-les-recherches-continuent-au-neuvieme-jour-pour-retrouver-lavion-medical-disparu\/\" \/>\n<meta property=\"og:site_name\" content=\"\u00c9glise Adventiste Du Septieme Jour - Inter Am\u00e9rique Division\" \/>\n<meta property=\"article:published_time\" content=\"2009-02-25T04:00:00+00:00\" \/>\n<meta property=\"article:modified_time\" content=\"2017-06-02T17:06:43+00:00\" \/>\n<meta name=\"author\" content=\"Lorenzo Verduzco\" \/>\n<meta name=\"twitter:card\" content=\"summary_large_image\" \/>\n<meta name=\"twitter:label1\" content=\"\u00c9crit par\" \/>\n\t<meta name=\"twitter:data1\" content=\"Lorenzo Verduzco\" \/>\n\t<meta name=\"twitter:label2\" content=\"Dur\u00e9e de lecture estim\u00e9e\" \/>\n\t<meta name=\"twitter:data2\" content=\"2 minutes\" \/>\n<script type=\"application\/ld+json\" class=\"yoast-schema-graph\">{\"@context\":\"https:\\\/\\\/schema.org\",\"@graph\":[{\"@type\":\"Article\",\"@id\":\"https:\\\/\\\/interamerica.org\\\/fr\\\/2009\\\/02\\\/venezuela-les-recherches-continuent-au-neuvieme-jour-pour-retrouver-lavion-medical-disparu\\\/#article\",\"isPartOf\":{\"@id\":\"https:\\\/\\\/interamerica.org\\\/fr\\\/2009\\\/02\\\/venezuela-les-recherches-continuent-au-neuvieme-jour-pour-retrouver-lavion-medical-disparu\\\/\"},\"author\":{\"name\":\"Lorenzo Verduzco\",\"@id\":\"https:\\\/\\\/interamerica.org\\\/fr\\\/#\\\/schema\\\/person\\\/68ede8bdc292885bb76c1e3810e73c39\"},\"headline\":\"Venezuela : Les recherches continuent au neuvi\u00e8me jour pour retrouver l&#39;avion m\u00e9dical disparu.\",\"datePublished\":\"2009-02-25T04:00:00+00:00\",\"dateModified\":\"2017-06-02T17:06:43+00:00\",\"mainEntityOfPage\":{\"@id\":\"https:\\\/\\\/interamerica.org\\\/fr\\\/2009\\\/02\\\/venezuela-les-recherches-continuent-au-neuvieme-jour-pour-retrouver-lavion-medical-disparu\\\/\"},\"wordCount\":342,\"articleSection\":[\"Archive\"],\"inLanguage\":\"fr-FR\"},{\"@type\":\"WebPage\",\"@id\":\"https:\\\/\\\/interamerica.org\\\/fr\\\/2009\\\/02\\\/venezuela-les-recherches-continuent-au-neuvieme-jour-pour-retrouver-lavion-medical-disparu\\\/\",\"url\":\"https:\\\/\\\/interamerica.org\\\/fr\\\/2009\\\/02\\\/venezuela-les-recherches-continuent-au-neuvieme-jour-pour-retrouver-lavion-medical-disparu\\\/\",\"name\":\"Venezuela : Les recherches continuent au neuvi\u00e8me jour pour retrouver l&#39;avion m\u00e9dical disparu. - \u00c9glise Adventiste Du Septieme Jour - Inter Am\u00e9rique Division\",\"isPartOf\":{\"@id\":\"https:\\\/\\\/interamerica.org\\\/fr\\\/#website\"},\"datePublished\":\"2009-02-25T04:00:00+00:00\",\"dateModified\":\"2017-06-02T17:06:43+00:00\",\"author\":{\"@id\":\"https:\\\/\\\/interamerica.org\\\/fr\\\/#\\\/schema\\\/person\\\/68ede8bdc292885bb76c1e3810e73c39\"},\"breadcrumb\":{\"@id\":\"https:\\\/\\\/interamerica.org\\\/fr\\\/2009\\\/02\\\/venezuela-les-recherches-continuent-au-neuvieme-jour-pour-retrouver-lavion-medical-disparu\\\/#breadcrumb\"},\"inLanguage\":\"fr-FR\",\"potentialAction\":[{\"@type\":\"ReadAction\",\"target\":[\"https:\\\/\\\/interamerica.org\\\/fr\\\/2009\\\/02\\\/venezuela-les-recherches-continuent-au-neuvieme-jour-pour-retrouver-lavion-medical-disparu\\\/\"]}]},{\"@type\":\"BreadcrumbList\",\"@id\":\"https:\\\/\\\/interamerica.org\\\/fr\\\/2009\\\/02\\\/venezuela-les-recherches-continuent-au-neuvieme-jour-pour-retrouver-lavion-medical-disparu\\\/#breadcrumb\",\"itemListElement\":[{\"@type\":\"ListItem\",\"position\":1,\"name\":\"Home\",\"item\":\"https:\\\/\\\/interamerica.org\\\/fr\\\/\"},{\"@type\":\"ListItem\",\"position\":2,\"name\":\"Venezuela : Les recherches continuent au neuvi\u00e8me jour pour retrouver l&#39;avion m\u00e9dical disparu.\"}]},{\"@type\":\"WebSite\",\"@id\":\"https:\\\/\\\/interamerica.org\\\/fr\\\/#website\",\"url\":\"https:\\\/\\\/interamerica.org\\\/fr\\\/\",\"name\":\"\u00c9glise Adventiste Du Septieme Jour - Inter Am\u00e9rique Division\",\"description\":\"\",\"potentialAction\":[{\"@type\":\"SearchAction\",\"target\":{\"@type\":\"EntryPoint\",\"urlTemplate\":\"https:\\\/\\\/interamerica.org\\\/fr\\\/?s={search_term_string}\"},\"query-input\":{\"@type\":\"PropertyValueSpecification\",\"valueRequired\":true,\"valueName\":\"search_term_string\"}}],\"inLanguage\":\"fr-FR\"},{\"@type\":\"Person\",\"@id\":\"https:\\\/\\\/interamerica.org\\\/fr\\\/#\\\/schema\\\/person\\\/68ede8bdc292885bb76c1e3810e73c39\",\"name\":\"Lorenzo Verduzco\",\"image\":{\"@type\":\"ImageObject\",\"inLanguage\":\"fr-FR\",\"@id\":\"https:\\\/\\\/secure.gravatar.com\\\/avatar\\\/fb81a55b6218459490a9c1dc841a34909185b81904c5337b4b27f7a6fd60c49e?s=96&d=mm&r=g\",\"url\":\"https:\\\/\\\/secure.gravatar.com\\\/avatar\\\/fb81a55b6218459490a9c1dc841a34909185b81904c5337b4b27f7a6fd60c49e?s=96&d=mm&r=g\",\"contentUrl\":\"https:\\\/\\\/secure.gravatar.com\\\/avatar\\\/fb81a55b6218459490a9c1dc841a34909185b81904c5337b4b27f7a6fd60c49e?s=96&d=mm&r=g\",\"caption\":\"Lorenzo Verduzco\"}}]}<\/script>\n<!-- \/ Yoast SEO plugin. -->","yoast_head_json":{"title":"Venezuela : Les recherches continuent au neuvi\u00e8me jour pour retrouver l&#39;avion m\u00e9dical disparu. - \u00c9glise Adventiste Du Septieme Jour - Inter Am\u00e9rique Division","robots":{"index":"index","follow":"follow","max-snippet":"max-snippet:-1","max-image-preview":"max-image-preview:large","max-video-preview":"max-video-preview:-1"},"canonical":"https:\/\/interamerica.org\/fr\/2009\/02\/venezuela-les-recherches-continuent-au-neuvieme-jour-pour-retrouver-lavion-medical-disparu\/","og_locale":"fr_FR","og_type":"article","og_title":"Venezuela : Les recherches continuent au neuvi\u00e8me jour pour retrouver l&#39;avion m\u00e9dical disparu. - \u00c9glise Adventiste Du Septieme Jour - Inter Am\u00e9rique Division","og_description":"Neuf jours se sont \u00e9coul\u00e9s depuis que l&#39;avion m\u00e9dical qui transportait trois Adventistes du Septi\u00e8me jour et quatre autres personnes a disparu dans la jungle de Gran Sabana au Venezuela; mais en d\u00e9pit des recherches","og_url":"https:\/\/interamerica.org\/fr\/2009\/02\/venezuela-les-recherches-continuent-au-neuvieme-jour-pour-retrouver-lavion-medical-disparu\/","og_site_name":"\u00c9glise Adventiste Du Septieme Jour - Inter Am\u00e9rique Division","article_published_time":"2009-02-25T04:00:00+00:00","article_modified_time":"2017-06-02T17:06:43+00:00","author":"Lorenzo Verduzco","twitter_card":"summary_large_image","twitter_misc":{"\u00c9crit par":"Lorenzo Verduzco","Dur\u00e9e de lecture estim\u00e9e":"2 minutes"},"schema":{"@context":"https:\/\/schema.org","@graph":[{"@type":"Article","@id":"https:\/\/interamerica.org\/fr\/2009\/02\/venezuela-les-recherches-continuent-au-neuvieme-jour-pour-retrouver-lavion-medical-disparu\/#article","isPartOf":{"@id":"https:\/\/interamerica.org\/fr\/2009\/02\/venezuela-les-recherches-continuent-au-neuvieme-jour-pour-retrouver-lavion-medical-disparu\/"},"author":{"name":"Lorenzo Verduzco","@id":"https:\/\/interamerica.org\/fr\/#\/schema\/person\/68ede8bdc292885bb76c1e3810e73c39"},"headline":"Venezuela : Les recherches continuent au neuvi\u00e8me jour pour retrouver l&#39;avion m\u00e9dical disparu.","datePublished":"2009-02-25T04:00:00+00:00","dateModified":"2017-06-02T17:06:43+00:00","mainEntityOfPage":{"@id":"https:\/\/interamerica.org\/fr\/2009\/02\/venezuela-les-recherches-continuent-au-neuvieme-jour-pour-retrouver-lavion-medical-disparu\/"},"wordCount":342,"articleSection":["Archive"],"inLanguage":"fr-FR"},{"@type":"WebPage","@id":"https:\/\/interamerica.org\/fr\/2009\/02\/venezuela-les-recherches-continuent-au-neuvieme-jour-pour-retrouver-lavion-medical-disparu\/","url":"https:\/\/interamerica.org\/fr\/2009\/02\/venezuela-les-recherches-continuent-au-neuvieme-jour-pour-retrouver-lavion-medical-disparu\/","name":"Venezuela : Les recherches continuent au neuvi\u00e8me jour pour retrouver l&#39;avion m\u00e9dical disparu. - \u00c9glise Adventiste Du Septieme Jour - Inter Am\u00e9rique Division","isPartOf":{"@id":"https:\/\/interamerica.org\/fr\/#website"},"datePublished":"2009-02-25T04:00:00+00:00","dateModified":"2017-06-02T17:06:43+00:00","author":{"@id":"https:\/\/interamerica.org\/fr\/#\/schema\/person\/68ede8bdc292885bb76c1e3810e73c39"},"breadcrumb":{"@id":"https:\/\/interamerica.org\/fr\/2009\/02\/venezuela-les-recherches-continuent-au-neuvieme-jour-pour-retrouver-lavion-medical-disparu\/#breadcrumb"},"inLanguage":"fr-FR","potentialAction":[{"@type":"ReadAction","target":["https:\/\/interamerica.org\/fr\/2009\/02\/venezuela-les-recherches-continuent-au-neuvieme-jour-pour-retrouver-lavion-medical-disparu\/"]}]},{"@type":"BreadcrumbList","@id":"https:\/\/interamerica.org\/fr\/2009\/02\/venezuela-les-recherches-continuent-au-neuvieme-jour-pour-retrouver-lavion-medical-disparu\/#breadcrumb","itemListElement":[{"@type":"ListItem","position":1,"name":"Home","item":"https:\/\/interamerica.org\/fr\/"},{"@type":"ListItem","position":2,"name":"Venezuela : Les recherches continuent au neuvi\u00e8me jour pour retrouver l&#39;avion m\u00e9dical disparu."}]},{"@type":"WebSite","@id":"https:\/\/interamerica.org\/fr\/#website","url":"https:\/\/interamerica.org\/fr\/","name":"\u00c9glise Adventiste Du Septieme Jour - Inter Am\u00e9rique Division","description":"","potentialAction":[{"@type":"SearchAction","target":{"@type":"EntryPoint","urlTemplate":"https:\/\/interamerica.org\/fr\/?s={search_term_string}"},"query-input":{"@type":"PropertyValueSpecification","valueRequired":true,"valueName":"search_term_string"}}],"inLanguage":"fr-FR"},{"@type":"Person","@id":"https:\/\/interamerica.org\/fr\/#\/schema\/person\/68ede8bdc292885bb76c1e3810e73c39","name":"Lorenzo Verduzco","image":{"@type":"ImageObject","inLanguage":"fr-FR","@id":"https:\/\/secure.gravatar.com\/avatar\/fb81a55b6218459490a9c1dc841a34909185b81904c5337b4b27f7a6fd60c49e?s=96&d=mm&r=g","url":"https:\/\/secure.gravatar.com\/avatar\/fb81a55b6218459490a9c1dc841a34909185b81904c5337b4b27f7a6fd60c49e?s=96&d=mm&r=g","contentUrl":"https:\/\/secure.gravatar.com\/avatar\/fb81a55b6218459490a9c1dc841a34909185b81904c5337b4b27f7a6fd60c49e?s=96&d=mm&r=g","caption":"Lorenzo Verduzco"}}]}},"_links":{"self":[{"href":"https:\/\/interamerica.org\/fr\/wp-json\/wp\/v2\/posts\/13117","targetHints":{"allow":["GET"]}}],"collection":[{"href":"https:\/\/interamerica.org\/fr\/wp-json\/wp\/v2\/posts"}],"about":[{"href":"https:\/\/interamerica.org\/fr\/wp-json\/wp\/v2\/types\/post"}],"author":[{"embeddable":true,"href":"https:\/\/interamerica.org\/fr\/wp-json\/wp\/v2\/users\/1"}],"replies":[{"embeddable":true,"href":"https:\/\/interamerica.org\/fr\/wp-json\/wp\/v2\/comments?post=13117"}],"version-history":[{"count":0,"href":"https:\/\/interamerica.org\/fr\/wp-json\/wp\/v2\/posts\/13117\/revisions"}],"wp:attachment":[{"href":"https:\/\/interamerica.org\/fr\/wp-json\/wp\/v2\/media?parent=13117"}],"wp:term":[{"taxonomy":"category","embeddable":true,"href":"https:\/\/interamerica.org\/fr\/wp-json\/wp\/v2\/categories?post=13117"},{"taxonomy":"post_tag","embeddable":true,"href":"https:\/\/interamerica.org\/fr\/wp-json\/wp\/v2\/tags?post=13117"}],"curies":[{"name":"wp","href":"https:\/\/api.w.org\/{rel}","templated":true}]}}