{"id":13120,"date":"2009-02-27T00:00:00","date_gmt":"2009-02-27T04:00:00","guid":{"rendered":"http:\/\/192.81.217.108\/interamerica\/2009\/02\/le-programme-de-dialogue-de-linter-amerique-abordons-les-problemes-rassemble-leglise-au-mexique\/"},"modified":"2017-06-02T13:06:41","modified_gmt":"2017-06-02T17:06:41","slug":"le-programme-de-dialogue-de-linter-amerique-abordons-les-problemes-rassemble-leglise-au-mexique","status":"publish","type":"post","link":"https:\/\/interamerica.org\/fr\/2009\/02\/le-programme-de-dialogue-de-linter-amerique-abordons-les-problemes-rassemble-leglise-au-mexique\/","title":{"rendered":"Le programme de dialogue de l&#39;inter Am\u00e9rique Abordons les Probl\u00e8mes rassemble l&#39;\u00e9glise au Mexique"},"content":{"rendered":"<p><em >27 f\u00e9vrier 2009<\/em >, Merida, Yucatan, Mexique&#8230;[Libna Stevens\/DIA] <\/p>\n<p>Les Adventistes du Septi\u00e8me jour de toutes les \u00e9glises du  Mexique, sont venus de pr\u00e8s et de loin pour exprimer leurs pr\u00e9occupations et leurs questions aupr\u00e8s du pr\u00e9sident de la Division inter Am\u00e9ricaine (DIA) Isra\u00ebl Leito, au cours d&#39;un programme sp\u00e9cial diffus\u00e9 sur le net le 21 f\u00e9vrier 2009 depuis Merida dans le Yucatan au Mexique. <\/p>\n<p>Le programme, appel\u00e9  <em >Abordons les Probl\u00e8mes<\/em >, a rassembl\u00e9 de jeunes Adventistes et des la\u00efcs pour la troisi\u00e8me d&#39;une s\u00e9rie de conversations impromptues et sans montage entre les membres et les principaux dirigeants de l&#39;\u00e9glise. <\/p>\n<p>\u00ab C&#39;est un syst\u00e8me de sondage dynamique et moderne o\u00f9 des groupes repr\u00e9sentant le peuple s&#39;expriment de telle sorte que l&#39;on puisse avoir une id\u00e9e de ce que ressent le peuple [l&#39;\u00e9glise], \u00bb a dit pasteur Leito, alors qu&#39;il s&#39;adressait aux diff\u00e9rents groupes pr\u00e9sents. \u00ab Vous avez \u00e9t\u00e9 choisis par vos unions et vous vous \u00eates venus avec vos propres questions, et je suis ici pour r\u00e9pondre \u00e0 vos questions. \u00bb <\/p>\n<p>Les 42 membres qui composaient le groupe cible ont pos\u00e9 des questions sur la structure et l&#39;administration de l&#39;\u00e9glise, les initiatives en place, les pr\u00e9occupations financi\u00e8res ainsi que la mission et la vision de l&#39;\u00e9glise pour aujourd&#39;hui et pour l&#39;avenir. Il y a aussi eu des questions sur la musique et sa place dans l&#39;\u00e9glise pour am\u00e9liorer l&#39;exp\u00e9rience d&#39;adoration. <\/p>\n<p>Pasteur Leito a r\u00e9pondu, \u00ab l&#39;\u00e9glise a besoin d&#39;adorer ensemble, et en particulier de chanter ensemble, et quelques fois on ne met pas assez l&#39;accent sur le fait de se rassembler pour chanter. Si votre question concerne la qualit\u00e9 de la musique, l&#39;\u00e9glise laisse cette question \u00e0 l&#39;appr\u00e9ciation de chaque congr\u00e9gation qui doit savoir quel type de musique elle accepte, puisque ce qui peut \u00eatre bon pour une congr\u00e9gation peut ne pas \u00eatre acceptable pour une autre. \u00bb <\/p>\n<p>La question de la cr\u00e9ation d&#39;un d\u00e9partement de musique a aussi \u00e9t\u00e9 soulev\u00e9e. <\/p>\n<p>\u00ab  La Conf\u00e9rence G\u00e9n\u00e9rale a pris une d\u00e9cision pour que chaque organisation locale consid\u00e8re cette question parce que chaque culture est diff\u00e9rente et chaque congr\u00e9gation conna\u00eet son environnement et choisit la musique qui \u00e9l\u00e8vera les c\u0153urs de ceux qui viennent \u00e0 l&#39;\u00e9glise pour adorer, \u00bb a ajout\u00e9 pasteur Leito. <\/p>\n<p>La crise \u00e9conomique qui touche le monde et aussi l&#39;\u00e9glise aujourd&#39;hui a aussi \u00e9t\u00e9 \u00e9voqu\u00e9e. <\/p>\n<p>\u00ab Comment a r\u00e9agi l&#39;\u00e9glise en inter-Am\u00e9rique au milieu de la crise \u00e9conomique et a-t-elle consid\u00e9r\u00e9 de diminuer ses co\u00fbts de fonctionnement en d\u00e9pla\u00e7ant le si\u00e8ge de Miami vers un pays \u00e0 l&#39;int\u00e9rieur du territoire de la Division inter Am\u00e9ricaine ? \u00bb a demand\u00e9 Francisco Javier Gonzales de l&#39;\u00e9glise centrale dans l&#39;Union Mexicaine du Nord. <\/p>\n<p>Pasteur Leito a demand\u00e9 \u00e0 pasteur Filiberto Verduzco, tr\u00e9sorier de l&#39;\u00e9glise Adventiste en inter Am\u00e9rique de r\u00e9pondre. <\/p>\n<p>\u00ab Quand nous consid\u00e9rons l&#39;attitude du membre d&#39;\u00e9glise en inter Am\u00e9rique quand il s&#39;agit de donner, la seule chose que nous pouvons dire c&#39;est merci Seigneur pour l&#39;engagement que l&#39;on constate pour la r\u00e9alisation de la mission, \u00bb a dit pasteur Verduzco. \u00ab L&#39;\u00e9glise dans le territoire de l&#39;inter Am\u00e9rique a \u00e9t\u00e9 richement b\u00e9nie par la g\u00e9n\u00e9rosit\u00e9 de ses membres d&#39;\u00e9glise. \u00bb <\/p>\n<p>Pasteur Verduzco a poursuivi en disant que l&#39;administration de l&#39;\u00e9glise a pris des mesures pour r\u00e9duire les co\u00fbts en remettant \u00e0 plus tard certains programmes importants de l&#39;\u00e9glise, en g\u00e9rant prudemment les finances et en invitant les diff\u00e9rentes unions \u00e0 \u00eatre prudentes \u00e9galement dans leurs d\u00e9penses. <\/p>\n<p>Concernant une question sur le fait que le si\u00e8ge de la DIA se trouve \u00e0 Miami, pasteur Leito a indiqu\u00e9 que Miami \u00e9tait le meilleur centre de communication et de transport entre les diff\u00e9rents pays de l&#39;inter Am\u00e9rique. <\/p>\n<p>D&#39;autres questions ont tourn\u00e9 autour du grand nombre de programmes envoy\u00e9s aux \u00e9glises, des responsabilit\u00e9s administratives suppl\u00e9mentaires confi\u00e9es \u00e0 des pasteurs qui sont d\u00e9j\u00e0 surcharg\u00e9s, du besoin d&#39;avoir plus d&#39;emphase sur le message sanitaire et aussi du besoin croissant de mettre plus l&#39;accent sur l&#39;esprit de proph\u00e9tie dans les \u00e9glises aujourd&#39;hui. <\/p>\n<p>Concernant le d\u00e9fi d&#39;\u0153uvrer dans les grandes villes, Raul Johnatan Montiel de Mexico City a demand\u00e9 ce que faisait l&#39;\u00e9glise pour secourir ceux qui sont tomb\u00e9s dans la drogue, l&#39;alcoolisme et l&#39;immoralit\u00e9 sexuelle. <\/p>\n<p>\u00ab L&#39;\u00e9glise a-t-elle un programme professionnel qui puisse aider \u00e0 les amener \u00e0 Christ ? \u00bb a demand\u00e9 Montiel. <\/p>\n<p>\u00ab Je dois avouer que nous ne consacrons pas les fonds n\u00e9cessaires dans ce domaine, mais \u00e0 cause de l&#39;ampleur de la crise que conna\u00eet notre monde aujourd&#39;hui, je pense que nous pouvons accorder plus d&#39;attention \u00e0 ce d\u00e9fi et nous concentrer sur un programme professionnel qui peut aider, \u00bb a assur\u00e9 pasteur Leito. <\/p>\n<p>Une autre question a \u00e9t\u00e9 pos\u00e9e au sujet du fait qu&#39;il y a de plus en plus de personnes dans la communaut\u00e9 ayant des orientations sexuelles diff\u00e9rentes de celle approuv\u00e9e par la Bible. <\/p>\n<p>\u00ab La Division inter Am\u00e9ricaine a-t-elle un programme pour nous aider \u00e0 venir en aide \u00e0 ceux qui ont besoin d&#39;\u00eatre d\u00e9livr\u00e9es de cette situation (l&#39;homosexualit\u00e9) et \u00e0 les \u00e9vang\u00e9liser et les amener \u00e0 l&#39;\u00e9glise ? \u00bb a demand\u00e9 Yanely Sarate de Union Mexicaine inter Oc\u00e9anique. <\/p>\n<p>\u00ab C&#39;est une question extr\u00eamement importante \u00e0 l&#39;\u00e9poque o\u00f9 nous vivons, \u00bb a r\u00e9pondu pasteur Leito. <\/p>\n<p>\u00ab Malheureusement, nous n&#39;avons pas un programme qui s&#39;adresse \u00e0 ces personnes mais dans nos efforts d&#39;\u00e9vang\u00e9lisation en g\u00e9n\u00e9ral, nous leur ouvrons les portes comme nous le faisons pour le voleur ou l&#39;adult\u00e8re de telle sorte que tous puissent conna\u00eetre et accepter J\u00e9sus. \u00bb <\/p>\n<p>D&#39;autres questions se sont pench\u00e9es sur les programmes disponibles pour garder les nouveaux membres, la formation des nouveaux membres et des la\u00efcs pour mieux servir l&#39;\u00e9glise, le besoin d&#39;avoir plus de soutien pour les enfants dans l&#39;\u0153uvre d&#39;\u00e9vang\u00e9lisation et aussi les programmes suppl\u00e9mentaires pour aider les jeunes \u00e0 faire face aux d\u00e9fis d&#39;aujourd&#39;hui. <\/p>\n<p>Parmi les suggestions faites au pr\u00e9sident, il y a le besoin d&#39;avoir un r\u00e9seau en ligne pour les c\u00e9libataires en espagnol, des centres communautaires pour r\u00e9pondre non seulement aux besoins physiques mais aussi \u00e9motionnels, ainsi que de meilleurs outils pour la technologie de communication pour les \u00e9glises et les organisations de l&#39;\u00e9glise. <\/p>\n<p>D&#39;autres personnes ont exprim\u00e9 leur souhait de voir des programmes visant \u00e0 fortifier les enfants et les adolescents, des programmes pour aider les enfants de pasteurs, et le besoin d&#39;enseigner et d&#39;\u00e9quiper les jeunes afin qu&#39;ils deviennent des piliers de la v\u00e9rit\u00e9 dans l&#39;avenir. <\/p>\n<p>Raul Johnatan Montiel qui est dipl\u00f4m\u00e9 en administration industrielle et travaille \u00e0 Mexico City a indiqu\u00e9 qu&#39;il \u00e9tait tr\u00e8s heureux d&#39;avoir l&#39;opportunit\u00e9 de participer au programme <em >Abordons les Probl\u00e8mes<\/em >. <\/p>\n<p>\u00ab Je suis heureux de ce que les dirigeants de l&#39;\u00e9glise soient d\u00e9sireux de dialoguer pour progresser. Je crois que nous vivons \u00e0 une \u00e9poque importante, c&#39;est une p\u00e9riode de d\u00e9cision et le moment est arriv\u00e9 pour nous tous de nous \u00e9couter les uns les autres afin de trouver la meilleure mani\u00e8re d&#39;accomplir la mission, \u00bb a-t-il dit. <\/p>\n<p>De m\u00eame, Epitacio Dominguez de Veracruz a indiqu\u00e9 qu&#39;il \u00e9tait impressionn\u00e9 par l&#39;initiative de l&#39;\u00e9glise d&#39;avoir ce programme de dialogue. <\/p>\n<p>\u00ab Je crois que beaucoup de bonnes choses vont sortir de cette rencontre, \u00bb a-t-il confi\u00e9. \u00ab L&#39;\u00e9glise a de bon dirigeants qui ont une vision vers l&#39;avenir et je suis heureux d&#39;appartenir \u00e0 cette \u00e9glise. \u00bb <\/p>\n<p>Cr\u00e9er une meilleure organisation de l&#39;\u00e9glise est l&#39;un des principaux objectifs de ces dialogues entre les responsables de l&#39;\u00e9glise et les membres, selon ce que dit pasteur Balvin Braham, organisateur et adjoint au pr\u00e9sident de la DIA. <\/p>\n<p>\u00ab  Je vois des tendances claires qui se sont d\u00e9gag\u00e9es de ces trois derniers programmes de dialogue que nous avons eu jusqu&#39;ici, \u00bb a d\u00e9clar\u00e9 Balvin Graham. \u00ab Nous avons l&#39;intention de rassembler toutes ces pr\u00e9occupations et ces besoins et les pr\u00e9senter au comit\u00e9 et aux d\u00e9partement de la Division pour \u00e9tude et action d&#39;ici la fin de l&#39;ann\u00e9e. \u00bb <\/p>\n<p>Les prochaines \u00e9ditions du programme <em >Abordons les Probl\u00e8mes<\/em > seront quelque peu diff\u00e9rentes a indiqu\u00e9 pasteur Leito. <\/p>\n<p>\u00ab Apr\u00e8s avoir fait trois programmes impromptus, nous sommes convaincus qu&#39;il nous faut changer le format pour que \u00e7a soit davantage un style dialogue plut\u00f4t qu&#39;un style interview, \u00bb a dit pasteur Leito. \u00ab Jusqu&#39;ici \u00e7a a \u00e9t\u00e9 plut\u00f4t comme si ils interviewaient le pr\u00e9sident et j&#39;aimerais davantage dialoguer avec eux, avoir un peu plus leur r\u00e9action sur des probl\u00e8mes qui nous pr\u00e9occupent \u00e9galement et ainsi r\u00e9colter des informations qui nous seront utiles dans le cadre de nos prochaines planifications et aussi mesurer l&#39;\u00e9tendue ou l&#39;impact de notre planification strat\u00e9gique. \u00bb <\/p>\n<p>Les \u00e9missions <em >Abordons les Probl\u00e8mes<\/em > d\u00e9j\u00e0 diffus\u00e9es sur le net doivent \u00eatre diffus\u00e9es sur la chaine Adventiste Esperanza TV \u00e0 une date ult\u00e9rieure. <\/p>\n<p>Le prochain dialogue impromptu <em >Abordons les Probl\u00e8mes<\/em > aura lieu \u00e0 Port au Prince, Ha\u00efti, le 7 mars 2009. <\/p>\n<p>Pour plus d&#39;information sur le programme de dialogue de l&#39;inter Am\u00e9rique <em >Abordons les Probl\u00e8mes<\/em >, et pour suivre la prochaine diffusion sur le net, visiter le site <a  href=\"https:\/\/recursing-golick.147-182-135-0.plesk.page\/\">https:\/\/recursing-golick.147-182-135-0.plesk.page\/<\/a > <\/p>\n","protected":false},"excerpt":{"rendered":"<p>Les Adventistes du Septi\u00e8me jour de toutes les \u00e9glises du  Mexique, sont venus de pr\u00e8s et de loin pour exprimer leurs pr\u00e9occupations et leurs questions aupr\u00e8s du pr\u00e9sident de la Division inter Am\u00e9rica<\/p>\n","protected":false},"author":1,"featured_media":0,"comment_status":"closed","ping_status":"closed","sticky":false,"template":"","format":"standard","meta":{"_acf_changed":false,"footnotes":""},"categories":[9],"tags":[],"class_list":["post-13120","post","type-post","status-publish","format-standard","hentry","category-archive-fr"],"acf":[],"yoast_head":"<!-- This site is optimized with the Yoast SEO plugin v27.3 - https:\/\/yoast.com\/product\/yoast-seo-wordpress\/ -->\n<title>Le programme de dialogue de l&#039;inter Am\u00e9rique Abordons les Probl\u00e8mes rassemble l&#039;\u00e9glise au Mexique - \u00c9glise Adventiste Du Septieme Jour - Inter Am\u00e9rique Division<\/title>\n<meta name=\"robots\" content=\"index, follow, max-snippet:-1, max-image-preview:large, max-video-preview:-1\" \/>\n<link rel=\"canonical\" href=\"https:\/\/interamerica.org\/fr\/2009\/02\/le-programme-de-dialogue-de-linter-amerique-abordons-les-problemes-rassemble-leglise-au-mexique\/\" \/>\n<meta property=\"og:locale\" content=\"fr_FR\" \/>\n<meta property=\"og:type\" content=\"article\" \/>\n<meta property=\"og:title\" content=\"Le programme de dialogue de l&#039;inter Am\u00e9rique Abordons les Probl\u00e8mes rassemble l&#039;\u00e9glise au Mexique - \u00c9glise Adventiste Du Septieme Jour - Inter Am\u00e9rique Division\" \/>\n<meta property=\"og:description\" content=\"Les Adventistes du Septi\u00e8me jour de toutes les \u00e9glises du Mexique, sont venus de pr\u00e8s et de loin pour exprimer leurs pr\u00e9occupations et leurs questions aupr\u00e8s du pr\u00e9sident de la Division inter Am\u00e9rica\" \/>\n<meta property=\"og:url\" content=\"https:\/\/interamerica.org\/fr\/2009\/02\/le-programme-de-dialogue-de-linter-amerique-abordons-les-problemes-rassemble-leglise-au-mexique\/\" \/>\n<meta property=\"og:site_name\" content=\"\u00c9glise Adventiste Du Septieme Jour - Inter Am\u00e9rique Division\" \/>\n<meta property=\"article:published_time\" content=\"2009-02-27T04:00:00+00:00\" \/>\n<meta property=\"article:modified_time\" content=\"2017-06-02T17:06:41+00:00\" \/>\n<meta name=\"author\" content=\"Lorenzo Verduzco\" \/>\n<meta name=\"twitter:card\" content=\"summary_large_image\" \/>\n<meta name=\"twitter:label1\" content=\"\u00c9crit par\" \/>\n\t<meta name=\"twitter:data1\" content=\"Lorenzo Verduzco\" \/>\n\t<meta name=\"twitter:label2\" content=\"Dur\u00e9e de lecture estim\u00e9e\" \/>\n\t<meta name=\"twitter:data2\" content=\"8 minutes\" \/>\n<script type=\"application\/ld+json\" class=\"yoast-schema-graph\">{\"@context\":\"https:\\\/\\\/schema.org\",\"@graph\":[{\"@type\":\"Article\",\"@id\":\"https:\\\/\\\/interamerica.org\\\/fr\\\/2009\\\/02\\\/le-programme-de-dialogue-de-linter-amerique-abordons-les-problemes-rassemble-leglise-au-mexique\\\/#article\",\"isPartOf\":{\"@id\":\"https:\\\/\\\/interamerica.org\\\/fr\\\/2009\\\/02\\\/le-programme-de-dialogue-de-linter-amerique-abordons-les-problemes-rassemble-leglise-au-mexique\\\/\"},\"author\":{\"name\":\"Lorenzo Verduzco\",\"@id\":\"https:\\\/\\\/interamerica.org\\\/fr\\\/#\\\/schema\\\/person\\\/68ede8bdc292885bb76c1e3810e73c39\"},\"headline\":\"Le programme de dialogue de l&#39;inter Am\u00e9rique Abordons les Probl\u00e8mes rassemble l&#39;\u00e9glise au Mexique\",\"datePublished\":\"2009-02-27T04:00:00+00:00\",\"dateModified\":\"2017-06-02T17:06:41+00:00\",\"mainEntityOfPage\":{\"@id\":\"https:\\\/\\\/interamerica.org\\\/fr\\\/2009\\\/02\\\/le-programme-de-dialogue-de-linter-amerique-abordons-les-problemes-rassemble-leglise-au-mexique\\\/\"},\"wordCount\":1667,\"articleSection\":[\"Archive\"],\"inLanguage\":\"fr-FR\"},{\"@type\":\"WebPage\",\"@id\":\"https:\\\/\\\/interamerica.org\\\/fr\\\/2009\\\/02\\\/le-programme-de-dialogue-de-linter-amerique-abordons-les-problemes-rassemble-leglise-au-mexique\\\/\",\"url\":\"https:\\\/\\\/interamerica.org\\\/fr\\\/2009\\\/02\\\/le-programme-de-dialogue-de-linter-amerique-abordons-les-problemes-rassemble-leglise-au-mexique\\\/\",\"name\":\"Le programme de dialogue de l&#39;inter Am\u00e9rique Abordons les Probl\u00e8mes rassemble l&#39;\u00e9glise au Mexique - \u00c9glise Adventiste Du Septieme Jour - Inter Am\u00e9rique Division\",\"isPartOf\":{\"@id\":\"https:\\\/\\\/interamerica.org\\\/fr\\\/#website\"},\"datePublished\":\"2009-02-27T04:00:00+00:00\",\"dateModified\":\"2017-06-02T17:06:41+00:00\",\"author\":{\"@id\":\"https:\\\/\\\/interamerica.org\\\/fr\\\/#\\\/schema\\\/person\\\/68ede8bdc292885bb76c1e3810e73c39\"},\"breadcrumb\":{\"@id\":\"https:\\\/\\\/interamerica.org\\\/fr\\\/2009\\\/02\\\/le-programme-de-dialogue-de-linter-amerique-abordons-les-problemes-rassemble-leglise-au-mexique\\\/#breadcrumb\"},\"inLanguage\":\"fr-FR\",\"potentialAction\":[{\"@type\":\"ReadAction\",\"target\":[\"https:\\\/\\\/interamerica.org\\\/fr\\\/2009\\\/02\\\/le-programme-de-dialogue-de-linter-amerique-abordons-les-problemes-rassemble-leglise-au-mexique\\\/\"]}]},{\"@type\":\"BreadcrumbList\",\"@id\":\"https:\\\/\\\/interamerica.org\\\/fr\\\/2009\\\/02\\\/le-programme-de-dialogue-de-linter-amerique-abordons-les-problemes-rassemble-leglise-au-mexique\\\/#breadcrumb\",\"itemListElement\":[{\"@type\":\"ListItem\",\"position\":1,\"name\":\"Home\",\"item\":\"https:\\\/\\\/interamerica.org\\\/fr\\\/\"},{\"@type\":\"ListItem\",\"position\":2,\"name\":\"Le programme de dialogue de l&#39;inter Am\u00e9rique Abordons les Probl\u00e8mes rassemble l&#39;\u00e9glise au Mexique\"}]},{\"@type\":\"WebSite\",\"@id\":\"https:\\\/\\\/interamerica.org\\\/fr\\\/#website\",\"url\":\"https:\\\/\\\/interamerica.org\\\/fr\\\/\",\"name\":\"\u00c9glise Adventiste Du Septieme Jour - Inter Am\u00e9rique Division\",\"description\":\"\",\"potentialAction\":[{\"@type\":\"SearchAction\",\"target\":{\"@type\":\"EntryPoint\",\"urlTemplate\":\"https:\\\/\\\/interamerica.org\\\/fr\\\/?s={search_term_string}\"},\"query-input\":{\"@type\":\"PropertyValueSpecification\",\"valueRequired\":true,\"valueName\":\"search_term_string\"}}],\"inLanguage\":\"fr-FR\"},{\"@type\":\"Person\",\"@id\":\"https:\\\/\\\/interamerica.org\\\/fr\\\/#\\\/schema\\\/person\\\/68ede8bdc292885bb76c1e3810e73c39\",\"name\":\"Lorenzo Verduzco\",\"image\":{\"@type\":\"ImageObject\",\"inLanguage\":\"fr-FR\",\"@id\":\"https:\\\/\\\/secure.gravatar.com\\\/avatar\\\/fb81a55b6218459490a9c1dc841a34909185b81904c5337b4b27f7a6fd60c49e?s=96&d=mm&r=g\",\"url\":\"https:\\\/\\\/secure.gravatar.com\\\/avatar\\\/fb81a55b6218459490a9c1dc841a34909185b81904c5337b4b27f7a6fd60c49e?s=96&d=mm&r=g\",\"contentUrl\":\"https:\\\/\\\/secure.gravatar.com\\\/avatar\\\/fb81a55b6218459490a9c1dc841a34909185b81904c5337b4b27f7a6fd60c49e?s=96&d=mm&r=g\",\"caption\":\"Lorenzo Verduzco\"}}]}<\/script>\n<!-- \/ Yoast SEO plugin. -->","yoast_head_json":{"title":"Le programme de dialogue de l&#39;inter Am\u00e9rique Abordons les Probl\u00e8mes rassemble l&#39;\u00e9glise au Mexique - \u00c9glise Adventiste Du Septieme Jour - Inter Am\u00e9rique Division","robots":{"index":"index","follow":"follow","max-snippet":"max-snippet:-1","max-image-preview":"max-image-preview:large","max-video-preview":"max-video-preview:-1"},"canonical":"https:\/\/interamerica.org\/fr\/2009\/02\/le-programme-de-dialogue-de-linter-amerique-abordons-les-problemes-rassemble-leglise-au-mexique\/","og_locale":"fr_FR","og_type":"article","og_title":"Le programme de dialogue de l&#39;inter Am\u00e9rique Abordons les Probl\u00e8mes rassemble l&#39;\u00e9glise au Mexique - \u00c9glise Adventiste Du Septieme Jour - Inter Am\u00e9rique Division","og_description":"Les Adventistes du Septi\u00e8me jour de toutes les \u00e9glises du Mexique, sont venus de pr\u00e8s et de loin pour exprimer leurs pr\u00e9occupations et leurs questions aupr\u00e8s du pr\u00e9sident de la Division inter Am\u00e9rica","og_url":"https:\/\/interamerica.org\/fr\/2009\/02\/le-programme-de-dialogue-de-linter-amerique-abordons-les-problemes-rassemble-leglise-au-mexique\/","og_site_name":"\u00c9glise Adventiste Du Septieme Jour - Inter Am\u00e9rique Division","article_published_time":"2009-02-27T04:00:00+00:00","article_modified_time":"2017-06-02T17:06:41+00:00","author":"Lorenzo Verduzco","twitter_card":"summary_large_image","twitter_misc":{"\u00c9crit par":"Lorenzo Verduzco","Dur\u00e9e de lecture estim\u00e9e":"8 minutes"},"schema":{"@context":"https:\/\/schema.org","@graph":[{"@type":"Article","@id":"https:\/\/interamerica.org\/fr\/2009\/02\/le-programme-de-dialogue-de-linter-amerique-abordons-les-problemes-rassemble-leglise-au-mexique\/#article","isPartOf":{"@id":"https:\/\/interamerica.org\/fr\/2009\/02\/le-programme-de-dialogue-de-linter-amerique-abordons-les-problemes-rassemble-leglise-au-mexique\/"},"author":{"name":"Lorenzo Verduzco","@id":"https:\/\/interamerica.org\/fr\/#\/schema\/person\/68ede8bdc292885bb76c1e3810e73c39"},"headline":"Le programme de dialogue de l&#39;inter Am\u00e9rique Abordons les Probl\u00e8mes rassemble l&#39;\u00e9glise au Mexique","datePublished":"2009-02-27T04:00:00+00:00","dateModified":"2017-06-02T17:06:41+00:00","mainEntityOfPage":{"@id":"https:\/\/interamerica.org\/fr\/2009\/02\/le-programme-de-dialogue-de-linter-amerique-abordons-les-problemes-rassemble-leglise-au-mexique\/"},"wordCount":1667,"articleSection":["Archive"],"inLanguage":"fr-FR"},{"@type":"WebPage","@id":"https:\/\/interamerica.org\/fr\/2009\/02\/le-programme-de-dialogue-de-linter-amerique-abordons-les-problemes-rassemble-leglise-au-mexique\/","url":"https:\/\/interamerica.org\/fr\/2009\/02\/le-programme-de-dialogue-de-linter-amerique-abordons-les-problemes-rassemble-leglise-au-mexique\/","name":"Le programme de dialogue de l&#39;inter Am\u00e9rique Abordons les Probl\u00e8mes rassemble l&#39;\u00e9glise au Mexique - \u00c9glise Adventiste Du Septieme Jour - Inter Am\u00e9rique Division","isPartOf":{"@id":"https:\/\/interamerica.org\/fr\/#website"},"datePublished":"2009-02-27T04:00:00+00:00","dateModified":"2017-06-02T17:06:41+00:00","author":{"@id":"https:\/\/interamerica.org\/fr\/#\/schema\/person\/68ede8bdc292885bb76c1e3810e73c39"},"breadcrumb":{"@id":"https:\/\/interamerica.org\/fr\/2009\/02\/le-programme-de-dialogue-de-linter-amerique-abordons-les-problemes-rassemble-leglise-au-mexique\/#breadcrumb"},"inLanguage":"fr-FR","potentialAction":[{"@type":"ReadAction","target":["https:\/\/interamerica.org\/fr\/2009\/02\/le-programme-de-dialogue-de-linter-amerique-abordons-les-problemes-rassemble-leglise-au-mexique\/"]}]},{"@type":"BreadcrumbList","@id":"https:\/\/interamerica.org\/fr\/2009\/02\/le-programme-de-dialogue-de-linter-amerique-abordons-les-problemes-rassemble-leglise-au-mexique\/#breadcrumb","itemListElement":[{"@type":"ListItem","position":1,"name":"Home","item":"https:\/\/interamerica.org\/fr\/"},{"@type":"ListItem","position":2,"name":"Le programme de dialogue de l&#39;inter Am\u00e9rique Abordons les Probl\u00e8mes rassemble l&#39;\u00e9glise au Mexique"}]},{"@type":"WebSite","@id":"https:\/\/interamerica.org\/fr\/#website","url":"https:\/\/interamerica.org\/fr\/","name":"\u00c9glise Adventiste Du Septieme Jour - Inter Am\u00e9rique Division","description":"","potentialAction":[{"@type":"SearchAction","target":{"@type":"EntryPoint","urlTemplate":"https:\/\/interamerica.org\/fr\/?s={search_term_string}"},"query-input":{"@type":"PropertyValueSpecification","valueRequired":true,"valueName":"search_term_string"}}],"inLanguage":"fr-FR"},{"@type":"Person","@id":"https:\/\/interamerica.org\/fr\/#\/schema\/person\/68ede8bdc292885bb76c1e3810e73c39","name":"Lorenzo Verduzco","image":{"@type":"ImageObject","inLanguage":"fr-FR","@id":"https:\/\/secure.gravatar.com\/avatar\/fb81a55b6218459490a9c1dc841a34909185b81904c5337b4b27f7a6fd60c49e?s=96&d=mm&r=g","url":"https:\/\/secure.gravatar.com\/avatar\/fb81a55b6218459490a9c1dc841a34909185b81904c5337b4b27f7a6fd60c49e?s=96&d=mm&r=g","contentUrl":"https:\/\/secure.gravatar.com\/avatar\/fb81a55b6218459490a9c1dc841a34909185b81904c5337b4b27f7a6fd60c49e?s=96&d=mm&r=g","caption":"Lorenzo Verduzco"}}]}},"_links":{"self":[{"href":"https:\/\/interamerica.org\/fr\/wp-json\/wp\/v2\/posts\/13120","targetHints":{"allow":["GET"]}}],"collection":[{"href":"https:\/\/interamerica.org\/fr\/wp-json\/wp\/v2\/posts"}],"about":[{"href":"https:\/\/interamerica.org\/fr\/wp-json\/wp\/v2\/types\/post"}],"author":[{"embeddable":true,"href":"https:\/\/interamerica.org\/fr\/wp-json\/wp\/v2\/users\/1"}],"replies":[{"embeddable":true,"href":"https:\/\/interamerica.org\/fr\/wp-json\/wp\/v2\/comments?post=13120"}],"version-history":[{"count":0,"href":"https:\/\/interamerica.org\/fr\/wp-json\/wp\/v2\/posts\/13120\/revisions"}],"wp:attachment":[{"href":"https:\/\/interamerica.org\/fr\/wp-json\/wp\/v2\/media?parent=13120"}],"wp:term":[{"taxonomy":"category","embeddable":true,"href":"https:\/\/interamerica.org\/fr\/wp-json\/wp\/v2\/categories?post=13120"},{"taxonomy":"post_tag","embeddable":true,"href":"https:\/\/interamerica.org\/fr\/wp-json\/wp\/v2\/tags?post=13120"}],"curies":[{"name":"wp","href":"https:\/\/api.w.org\/{rel}","templated":true}]}}