{"id":13121,"date":"2009-02-27T00:00:00","date_gmt":"2009-02-27T04:00:00","guid":{"rendered":"http:\/\/192.81.217.108\/interamerica\/2009\/02\/le-reseau-de-television-de-leglise-adventiste-signe-un-contrat-avec-une-nouvelle-chaine-de-communication\/"},"modified":"2017-06-02T13:06:42","modified_gmt":"2017-06-02T17:06:42","slug":"le-reseau-de-television-de-leglise-adventiste-signe-un-contrat-avec-une-nouvelle-chaine-de-communication","status":"publish","type":"post","link":"https:\/\/interamerica.org\/fr\/2009\/02\/le-reseau-de-television-de-leglise-adventiste-signe-un-contrat-avec-une-nouvelle-chaine-de-communication\/","title":{"rendered":"Le r\u00e9seau de t\u00e9l\u00e9vision de l&#39;Eglise Adventiste signe un contrat avec une nouvelle cha\u00eene de communication."},"content":{"rendered":"<p>27 f\u00e9vrier 2009, Silver Spring, Maryland, Etats Unis&#8230; Staff de ANN <\/p>\n<p>Le r\u00e9seau officiel de t\u00e9l\u00e9vision de l&#39;Eglise Adventiste du Septi\u00e8me jour va se joindre au r\u00e9seau de programmation de base de DIRECTV \u00e0 la fin d&#39;avril, une d\u00e9cision qui d&#39;apr\u00e8s les dirigeants de Hope Channel permettra \u00e0 un plus grand nombre de t\u00e9l\u00e9spectateurs du r\u00e9seau de b\u00e9n\u00e9ficier d&#39;une programmation orient\u00e9e vers la vie familiale et d&#39;une audience plus diversifi\u00e9e. <\/p>\n<p>Le contrat avec DIRECTV &#8211;l&#39;un des fourrnisseurs de programme par satellite des Etats-Unis &#8212; marque la plus grande r\u00e9alisation m\u00e9diatique de l&#39;\u00e9glise de l&#39;Am\u00e9rique du nord ,\u00a0\u00bb a dit Mark Finley, pr\u00e9sident du Comit\u00e9 de Direction de Hope Channel, \u00e0 l&#39;occasion d&#39;une d\u00e9claration de presse de Hope Channel diffus\u00e9e aujourd&#39;hui.  Inaugur\u00e9 en 1994, DIRECTV peut s&#39;enorgueillir d&#39;avoir 17 millions de maisons abonn\u00e9es \u00e0 ses services. <\/p>\n<p>\u00ab\u00a0Nous nous r\u00e9jouissons de nous avoir joint \u00e0 DIRECTV,\u00a0\u00bb a d\u00e9clar\u00e9 le pr\u00e9sident de Hope Channel Brad Thorp, en d\u00e9clarant que Hope Channel est reconnaissant envers le fournisseur pour \u00a0\u00bb sa gracieuse r\u00e9ception et sa collaboration\u00a0\u00bb et pour avoir ajout\u00e9 la programmation du r\u00e9seau \u00e0 son paquet de base. <\/p>\n<p>Alors que les dirigeants de Hope Channel rapportaient que DIRECTV avait d\u00e9j\u00e0 \u00e9t\u00e9 impresionn\u00e9s par la diversit\u00e9 de sa programmation &#8212; particuli\u00e8rement son approche sur le plan \u00e9ducatif, sanitaire et familial &#8212; des projets sont \u00e9labor\u00e9s pour prioriser \u00ab\u00a0les programmes orient\u00e9s vers la communaut\u00e9,\u00a0\u00bb a dit Finley. <\/p>\n<p>Assign\u00e9 \u00e0 la Cha\u00eene 368 de DIRECTV du service du paquet de base, Hope Channel fera partie de plusieurs grandes cha\u00eenes destin\u00e9es aux nouvelles et \u00e0 l&#39;\u00e9ducation, d&#39;apr\u00e8s la d\u00e9claration de presse. <\/p><\/p>\n","protected":false},"excerpt":{"rendered":"<p>Le r\u00e9seau officiel de t\u00e9l\u00e9vision de l&#39;Eglise Adventiste du Septi\u00e8me jour va se joindre au r\u00e9seau de programmation de base de DIRECTV \u00e0 la fin d&#39;avril, une d\u00e9cision qui d&#39;apr\u00e8s les dirig<\/p>\n","protected":false},"author":1,"featured_media":0,"comment_status":"closed","ping_status":"closed","sticky":false,"template":"","format":"standard","meta":{"_acf_changed":false,"footnotes":""},"categories":[9],"tags":[],"class_list":["post-13121","post","type-post","status-publish","format-standard","hentry","category-archive-fr"],"acf":[],"yoast_head":"<!-- This site is optimized with the Yoast SEO plugin v27.3 - https:\/\/yoast.com\/product\/yoast-seo-wordpress\/ -->\n<title>Le r\u00e9seau de t\u00e9l\u00e9vision de l&#039;Eglise Adventiste signe un contrat avec une nouvelle cha\u00eene de communication. - \u00c9glise Adventiste Du Septieme Jour - Inter Am\u00e9rique Division<\/title>\n<meta name=\"robots\" content=\"index, follow, max-snippet:-1, max-image-preview:large, max-video-preview:-1\" \/>\n<link rel=\"canonical\" href=\"https:\/\/interamerica.org\/fr\/2009\/02\/le-reseau-de-television-de-leglise-adventiste-signe-un-contrat-avec-une-nouvelle-chaine-de-communication\/\" \/>\n<meta property=\"og:locale\" content=\"fr_FR\" \/>\n<meta property=\"og:type\" content=\"article\" \/>\n<meta property=\"og:title\" content=\"Le r\u00e9seau de t\u00e9l\u00e9vision de l&#039;Eglise Adventiste signe un contrat avec une nouvelle cha\u00eene de communication. - \u00c9glise Adventiste Du Septieme Jour - Inter Am\u00e9rique Division\" \/>\n<meta property=\"og:description\" content=\"Le r\u00e9seau officiel de t\u00e9l\u00e9vision de l&#039;Eglise Adventiste du Septi\u00e8me jour va se joindre au r\u00e9seau de programmation de base de DIRECTV \u00e0 la fin d&#039;avril, une d\u00e9cision qui d&#039;apr\u00e8s les dirig\" \/>\n<meta property=\"og:url\" content=\"https:\/\/interamerica.org\/fr\/2009\/02\/le-reseau-de-television-de-leglise-adventiste-signe-un-contrat-avec-une-nouvelle-chaine-de-communication\/\" \/>\n<meta property=\"og:site_name\" content=\"\u00c9glise Adventiste Du Septieme Jour - Inter Am\u00e9rique Division\" \/>\n<meta property=\"article:published_time\" content=\"2009-02-27T04:00:00+00:00\" \/>\n<meta property=\"article:modified_time\" content=\"2017-06-02T17:06:42+00:00\" \/>\n<meta name=\"author\" content=\"Lorenzo Verduzco\" \/>\n<meta name=\"twitter:card\" content=\"summary_large_image\" \/>\n<meta name=\"twitter:label1\" content=\"\u00c9crit par\" \/>\n\t<meta name=\"twitter:data1\" content=\"Lorenzo Verduzco\" \/>\n\t<meta name=\"twitter:label2\" content=\"Dur\u00e9e de lecture estim\u00e9e\" \/>\n\t<meta name=\"twitter:data2\" content=\"2 minutes\" \/>\n<script type=\"application\/ld+json\" class=\"yoast-schema-graph\">{\"@context\":\"https:\\\/\\\/schema.org\",\"@graph\":[{\"@type\":\"Article\",\"@id\":\"https:\\\/\\\/interamerica.org\\\/fr\\\/2009\\\/02\\\/le-reseau-de-television-de-leglise-adventiste-signe-un-contrat-avec-une-nouvelle-chaine-de-communication\\\/#article\",\"isPartOf\":{\"@id\":\"https:\\\/\\\/interamerica.org\\\/fr\\\/2009\\\/02\\\/le-reseau-de-television-de-leglise-adventiste-signe-un-contrat-avec-une-nouvelle-chaine-de-communication\\\/\"},\"author\":{\"name\":\"Lorenzo Verduzco\",\"@id\":\"https:\\\/\\\/interamerica.org\\\/fr\\\/#\\\/schema\\\/person\\\/68ede8bdc292885bb76c1e3810e73c39\"},\"headline\":\"Le r\u00e9seau de t\u00e9l\u00e9vision de l&#39;Eglise Adventiste signe un contrat avec une nouvelle cha\u00eene de communication.\",\"datePublished\":\"2009-02-27T04:00:00+00:00\",\"dateModified\":\"2017-06-02T17:06:42+00:00\",\"mainEntityOfPage\":{\"@id\":\"https:\\\/\\\/interamerica.org\\\/fr\\\/2009\\\/02\\\/le-reseau-de-television-de-leglise-adventiste-signe-un-contrat-avec-une-nouvelle-chaine-de-communication\\\/\"},\"wordCount\":322,\"articleSection\":[\"Archive\"],\"inLanguage\":\"fr-FR\"},{\"@type\":\"WebPage\",\"@id\":\"https:\\\/\\\/interamerica.org\\\/fr\\\/2009\\\/02\\\/le-reseau-de-television-de-leglise-adventiste-signe-un-contrat-avec-une-nouvelle-chaine-de-communication\\\/\",\"url\":\"https:\\\/\\\/interamerica.org\\\/fr\\\/2009\\\/02\\\/le-reseau-de-television-de-leglise-adventiste-signe-un-contrat-avec-une-nouvelle-chaine-de-communication\\\/\",\"name\":\"Le r\u00e9seau de t\u00e9l\u00e9vision de l&#39;Eglise Adventiste signe un contrat avec une nouvelle cha\u00eene de communication. - \u00c9glise Adventiste Du Septieme Jour - Inter Am\u00e9rique Division\",\"isPartOf\":{\"@id\":\"https:\\\/\\\/interamerica.org\\\/fr\\\/#website\"},\"datePublished\":\"2009-02-27T04:00:00+00:00\",\"dateModified\":\"2017-06-02T17:06:42+00:00\",\"author\":{\"@id\":\"https:\\\/\\\/interamerica.org\\\/fr\\\/#\\\/schema\\\/person\\\/68ede8bdc292885bb76c1e3810e73c39\"},\"breadcrumb\":{\"@id\":\"https:\\\/\\\/interamerica.org\\\/fr\\\/2009\\\/02\\\/le-reseau-de-television-de-leglise-adventiste-signe-un-contrat-avec-une-nouvelle-chaine-de-communication\\\/#breadcrumb\"},\"inLanguage\":\"fr-FR\",\"potentialAction\":[{\"@type\":\"ReadAction\",\"target\":[\"https:\\\/\\\/interamerica.org\\\/fr\\\/2009\\\/02\\\/le-reseau-de-television-de-leglise-adventiste-signe-un-contrat-avec-une-nouvelle-chaine-de-communication\\\/\"]}]},{\"@type\":\"BreadcrumbList\",\"@id\":\"https:\\\/\\\/interamerica.org\\\/fr\\\/2009\\\/02\\\/le-reseau-de-television-de-leglise-adventiste-signe-un-contrat-avec-une-nouvelle-chaine-de-communication\\\/#breadcrumb\",\"itemListElement\":[{\"@type\":\"ListItem\",\"position\":1,\"name\":\"Home\",\"item\":\"https:\\\/\\\/interamerica.org\\\/fr\\\/\"},{\"@type\":\"ListItem\",\"position\":2,\"name\":\"Le r\u00e9seau de t\u00e9l\u00e9vision de l&#39;Eglise Adventiste signe un contrat avec une nouvelle cha\u00eene de communication.\"}]},{\"@type\":\"WebSite\",\"@id\":\"https:\\\/\\\/interamerica.org\\\/fr\\\/#website\",\"url\":\"https:\\\/\\\/interamerica.org\\\/fr\\\/\",\"name\":\"\u00c9glise Adventiste Du Septieme Jour - Inter Am\u00e9rique Division\",\"description\":\"\",\"potentialAction\":[{\"@type\":\"SearchAction\",\"target\":{\"@type\":\"EntryPoint\",\"urlTemplate\":\"https:\\\/\\\/interamerica.org\\\/fr\\\/?s={search_term_string}\"},\"query-input\":{\"@type\":\"PropertyValueSpecification\",\"valueRequired\":true,\"valueName\":\"search_term_string\"}}],\"inLanguage\":\"fr-FR\"},{\"@type\":\"Person\",\"@id\":\"https:\\\/\\\/interamerica.org\\\/fr\\\/#\\\/schema\\\/person\\\/68ede8bdc292885bb76c1e3810e73c39\",\"name\":\"Lorenzo Verduzco\",\"image\":{\"@type\":\"ImageObject\",\"inLanguage\":\"fr-FR\",\"@id\":\"https:\\\/\\\/secure.gravatar.com\\\/avatar\\\/fb81a55b6218459490a9c1dc841a34909185b81904c5337b4b27f7a6fd60c49e?s=96&d=mm&r=g\",\"url\":\"https:\\\/\\\/secure.gravatar.com\\\/avatar\\\/fb81a55b6218459490a9c1dc841a34909185b81904c5337b4b27f7a6fd60c49e?s=96&d=mm&r=g\",\"contentUrl\":\"https:\\\/\\\/secure.gravatar.com\\\/avatar\\\/fb81a55b6218459490a9c1dc841a34909185b81904c5337b4b27f7a6fd60c49e?s=96&d=mm&r=g\",\"caption\":\"Lorenzo Verduzco\"}}]}<\/script>\n<!-- \/ Yoast SEO plugin. -->","yoast_head_json":{"title":"Le r\u00e9seau de t\u00e9l\u00e9vision de l&#39;Eglise Adventiste signe un contrat avec une nouvelle cha\u00eene de communication. - \u00c9glise Adventiste Du Septieme Jour - Inter Am\u00e9rique Division","robots":{"index":"index","follow":"follow","max-snippet":"max-snippet:-1","max-image-preview":"max-image-preview:large","max-video-preview":"max-video-preview:-1"},"canonical":"https:\/\/interamerica.org\/fr\/2009\/02\/le-reseau-de-television-de-leglise-adventiste-signe-un-contrat-avec-une-nouvelle-chaine-de-communication\/","og_locale":"fr_FR","og_type":"article","og_title":"Le r\u00e9seau de t\u00e9l\u00e9vision de l&#39;Eglise Adventiste signe un contrat avec une nouvelle cha\u00eene de communication. - \u00c9glise Adventiste Du Septieme Jour - Inter Am\u00e9rique Division","og_description":"Le r\u00e9seau officiel de t\u00e9l\u00e9vision de l&#39;Eglise Adventiste du Septi\u00e8me jour va se joindre au r\u00e9seau de programmation de base de DIRECTV \u00e0 la fin d&#39;avril, une d\u00e9cision qui d&#39;apr\u00e8s les dirig","og_url":"https:\/\/interamerica.org\/fr\/2009\/02\/le-reseau-de-television-de-leglise-adventiste-signe-un-contrat-avec-une-nouvelle-chaine-de-communication\/","og_site_name":"\u00c9glise Adventiste Du Septieme Jour - Inter Am\u00e9rique Division","article_published_time":"2009-02-27T04:00:00+00:00","article_modified_time":"2017-06-02T17:06:42+00:00","author":"Lorenzo Verduzco","twitter_card":"summary_large_image","twitter_misc":{"\u00c9crit par":"Lorenzo Verduzco","Dur\u00e9e de lecture estim\u00e9e":"2 minutes"},"schema":{"@context":"https:\/\/schema.org","@graph":[{"@type":"Article","@id":"https:\/\/interamerica.org\/fr\/2009\/02\/le-reseau-de-television-de-leglise-adventiste-signe-un-contrat-avec-une-nouvelle-chaine-de-communication\/#article","isPartOf":{"@id":"https:\/\/interamerica.org\/fr\/2009\/02\/le-reseau-de-television-de-leglise-adventiste-signe-un-contrat-avec-une-nouvelle-chaine-de-communication\/"},"author":{"name":"Lorenzo Verduzco","@id":"https:\/\/interamerica.org\/fr\/#\/schema\/person\/68ede8bdc292885bb76c1e3810e73c39"},"headline":"Le r\u00e9seau de t\u00e9l\u00e9vision de l&#39;Eglise Adventiste signe un contrat avec une nouvelle cha\u00eene de communication.","datePublished":"2009-02-27T04:00:00+00:00","dateModified":"2017-06-02T17:06:42+00:00","mainEntityOfPage":{"@id":"https:\/\/interamerica.org\/fr\/2009\/02\/le-reseau-de-television-de-leglise-adventiste-signe-un-contrat-avec-une-nouvelle-chaine-de-communication\/"},"wordCount":322,"articleSection":["Archive"],"inLanguage":"fr-FR"},{"@type":"WebPage","@id":"https:\/\/interamerica.org\/fr\/2009\/02\/le-reseau-de-television-de-leglise-adventiste-signe-un-contrat-avec-une-nouvelle-chaine-de-communication\/","url":"https:\/\/interamerica.org\/fr\/2009\/02\/le-reseau-de-television-de-leglise-adventiste-signe-un-contrat-avec-une-nouvelle-chaine-de-communication\/","name":"Le r\u00e9seau de t\u00e9l\u00e9vision de l&#39;Eglise Adventiste signe un contrat avec une nouvelle cha\u00eene de communication. - \u00c9glise Adventiste Du Septieme Jour - Inter Am\u00e9rique Division","isPartOf":{"@id":"https:\/\/interamerica.org\/fr\/#website"},"datePublished":"2009-02-27T04:00:00+00:00","dateModified":"2017-06-02T17:06:42+00:00","author":{"@id":"https:\/\/interamerica.org\/fr\/#\/schema\/person\/68ede8bdc292885bb76c1e3810e73c39"},"breadcrumb":{"@id":"https:\/\/interamerica.org\/fr\/2009\/02\/le-reseau-de-television-de-leglise-adventiste-signe-un-contrat-avec-une-nouvelle-chaine-de-communication\/#breadcrumb"},"inLanguage":"fr-FR","potentialAction":[{"@type":"ReadAction","target":["https:\/\/interamerica.org\/fr\/2009\/02\/le-reseau-de-television-de-leglise-adventiste-signe-un-contrat-avec-une-nouvelle-chaine-de-communication\/"]}]},{"@type":"BreadcrumbList","@id":"https:\/\/interamerica.org\/fr\/2009\/02\/le-reseau-de-television-de-leglise-adventiste-signe-un-contrat-avec-une-nouvelle-chaine-de-communication\/#breadcrumb","itemListElement":[{"@type":"ListItem","position":1,"name":"Home","item":"https:\/\/interamerica.org\/fr\/"},{"@type":"ListItem","position":2,"name":"Le r\u00e9seau de t\u00e9l\u00e9vision de l&#39;Eglise Adventiste signe un contrat avec une nouvelle cha\u00eene de communication."}]},{"@type":"WebSite","@id":"https:\/\/interamerica.org\/fr\/#website","url":"https:\/\/interamerica.org\/fr\/","name":"\u00c9glise Adventiste Du Septieme Jour - Inter Am\u00e9rique Division","description":"","potentialAction":[{"@type":"SearchAction","target":{"@type":"EntryPoint","urlTemplate":"https:\/\/interamerica.org\/fr\/?s={search_term_string}"},"query-input":{"@type":"PropertyValueSpecification","valueRequired":true,"valueName":"search_term_string"}}],"inLanguage":"fr-FR"},{"@type":"Person","@id":"https:\/\/interamerica.org\/fr\/#\/schema\/person\/68ede8bdc292885bb76c1e3810e73c39","name":"Lorenzo Verduzco","image":{"@type":"ImageObject","inLanguage":"fr-FR","@id":"https:\/\/secure.gravatar.com\/avatar\/fb81a55b6218459490a9c1dc841a34909185b81904c5337b4b27f7a6fd60c49e?s=96&d=mm&r=g","url":"https:\/\/secure.gravatar.com\/avatar\/fb81a55b6218459490a9c1dc841a34909185b81904c5337b4b27f7a6fd60c49e?s=96&d=mm&r=g","contentUrl":"https:\/\/secure.gravatar.com\/avatar\/fb81a55b6218459490a9c1dc841a34909185b81904c5337b4b27f7a6fd60c49e?s=96&d=mm&r=g","caption":"Lorenzo Verduzco"}}]}},"_links":{"self":[{"href":"https:\/\/interamerica.org\/fr\/wp-json\/wp\/v2\/posts\/13121","targetHints":{"allow":["GET"]}}],"collection":[{"href":"https:\/\/interamerica.org\/fr\/wp-json\/wp\/v2\/posts"}],"about":[{"href":"https:\/\/interamerica.org\/fr\/wp-json\/wp\/v2\/types\/post"}],"author":[{"embeddable":true,"href":"https:\/\/interamerica.org\/fr\/wp-json\/wp\/v2\/users\/1"}],"replies":[{"embeddable":true,"href":"https:\/\/interamerica.org\/fr\/wp-json\/wp\/v2\/comments?post=13121"}],"version-history":[{"count":0,"href":"https:\/\/interamerica.org\/fr\/wp-json\/wp\/v2\/posts\/13121\/revisions"}],"wp:attachment":[{"href":"https:\/\/interamerica.org\/fr\/wp-json\/wp\/v2\/media?parent=13121"}],"wp:term":[{"taxonomy":"category","embeddable":true,"href":"https:\/\/interamerica.org\/fr\/wp-json\/wp\/v2\/categories?post=13121"},{"taxonomy":"post_tag","embeddable":true,"href":"https:\/\/interamerica.org\/fr\/wp-json\/wp\/v2\/tags?post=13121"}],"curies":[{"name":"wp","href":"https:\/\/api.w.org\/{rel}","templated":true}]}}