{"id":13122,"date":"2009-03-03T00:00:00","date_gmt":"2009-03-03T04:00:00","guid":{"rendered":"http:\/\/192.81.217.108\/interamerica\/2009\/03\/union-des-antilles-leglise-a-une-nouvelle-direction\/"},"modified":"2017-06-02T13:06:40","modified_gmt":"2017-06-02T17:06:40","slug":"union-des-antilles-leglise-a-une-nouvelle-direction","status":"publish","type":"post","link":"https:\/\/interamerica.org\/fr\/2009\/03\/union-des-antilles-leglise-a-une-nouvelle-direction\/","title":{"rendered":"Union des Antilles: L&#39;\u00e9glise a une nouvelle direction"},"content":{"rendered":"<p><em >2 mars 2009<\/em >, Kingston, Jama\u00efque&#8230;Mark A. Keller, Editeur, <em >Adventist World<\/em > <\/p>\n<p>Plus d&#39;un quart de million d&#39;Adventistes du Septi\u00e8me jour dans l&#39;Union des Antilles ont une nouvelle direction \u00e0 partir d&#39;aujourd&#39;hui : le 28 f\u00e9vrier les pasteurs Derek Bignall et Glenn O. Samuels ont pris leurs fonctions en tant que pr\u00e9sident et secr\u00e9taire ex\u00e9cutif de l&#39;union de f\u00e9d\u00e9rations au cours d&#39;une c\u00e9r\u00e9monie tenue \u00e0 Kingston en Jama\u00efque. <\/p>\n<p>C&#39;est probablement la seule fois o\u00f9 Derek Bignall, 61 ans suivra son pr\u00e9d\u00e9cesseur dans la m\u00eame fonction : Dr Patrick Linton Allen, l&#39;ancien pr\u00e9sident de l&#39;union, est maintenant le Gouverneur G\u00e9n\u00e9ral ou encore chef d&#39;\u00e9tat de la Jama\u00efque. <\/p>\n<p>En r\u00e9pondant \u00e0 la question rh\u00e9torique visant \u00e0 savoir s&#39;il \u00e9tait pr\u00eat \u00e0 diriger, Bignall a dit, \u00ab Non. Nous avons un dirigeant, et c&#39;est le Seigneur J\u00e9sus Christ. Je suis pr\u00eat \u00e0 servir. \u00bb <\/p>\n<p>Derek Bignall a dit \u00e0 l&#39;auditoire rassembl\u00e9 \u00e0 l&#39;\u00e9glise Adventiste Andrews Memorial \u00e0 Kingston qu&#39;il n&#39;entrait pas en fonction pour marquer le temps mais pour aller de l&#39;avant. \u00bb <\/p>\n<p>Il a invit\u00e9 ceux qui l&#39;\u00e9coutaient \u00e0 \u00ab aider une personne chaque jour, \u00bb et a fait remarquer, \u00ab quel monde ce serait si les 263000 Adventistes du Septi\u00e8me jour dans l&#39;Union des Antilles d\u00e9lib\u00e9r\u00e9ment  aidaient une personne chaque jour. \u00bb <\/p>\n<p>Bignall a aussi d\u00e9clar\u00e9 que son administration serait marqu\u00e9e par l&#39;emphase mise sur la Bible et les \u00e9crits de l&#39;Esprit de proph\u00e9tie par  Ellen G. White, co-fondatrice et pionni\u00e8re du mouvement Adventiste. <\/p>\n<p>Ses remarques ont \u00e9t\u00e9 pr\u00e9c\u00e9d\u00e9es par des observations faites par Glenn Samuels qui arrive \u00e0 l&#39;Union apr\u00e8s avoir \u00e9t\u00e9 pr\u00e9sident de la F\u00e9d\u00e9ration de l&#39;Ouest de la Jama\u00efque. Dans ses remarques pasteur Samuels a fait l&#39;\u00e9loge Dr Allen en disant, \u00ab  Il nous a \u00e9t\u00e9 l\u00e9gu\u00e9 un h\u00e9ritage d&#39;une rare vision qui nous a interpell\u00e9&#8230;Nous croyons que l&#39;\u00e9glise de  Dieu doit croitre quels que soient les circonstances. \u00bb <\/p>\n<p>Au cours de ce qu&#39;il a indiqu\u00e9 \u00eatre sa \u00ab premi\u00e8re opportunit\u00e9 de s&#39;exprimer dans l&#39;\u00e9glise depuis la semaine derni\u00e8re, \u00bb Le Gouverneur General, Patrick Allen, ancien pr\u00e9sident de l&#39;Union, a parl\u00e9 chaleureusement de son successeur et du nouveau secr\u00e9taire ex\u00e9cutif. <\/p>\n<p>\u00ab Je vous les recommande comme des hommes d&#39;honneur, dignes de votre soutien, \u00bb a dit Dr Allen. \u00ab Je sais qu&#39;ils vous serviront bien. Nous leur souhaitons le meilleur, [et] je crois que nous avons une bonne administration \u00e0 l&#39;Union des Antilles. \u00bb <\/p>\n<p>Dr Herbert Thompson, pr\u00e9sident de Northern Caribbean University (NCU0, a d\u00e9clar\u00e9 qu&#39;il \u00e9tait \u00ab fier de ce que les dirigeants de notre Union soient tous des dipl\u00f4m\u00e9s de NCU, \u00bb et que Derek Bignall \u00ab doit nous r\u00e9veiller \u00e0 nouveau \u00bb alors qu&#39;il est \u00e0 la direction. <\/p>\n<p>Derek Bignall a servi en tant que secr\u00e9taire ex\u00e9cutif de l&#39;Union depuis 2005, apr\u00e8s plus de 34 ann\u00e9es de service dans la d\u00e9nomination. Dipl\u00f4m\u00e9 de West Indies College (maitenant NCU), et aussi d&#39;Andrews University \u00e0 Berrien Springs dans le Michigan, Bignall a une licence en th\u00e9ologie et une maitrise en \u00e9ducation. Il poursuit actuellement un doctorat \u00e0 NCU. Il est mari\u00e9 \u00e0 Yvonne et ils ont une fille, Shelli-Gaye Simone, qui est actuellement \u00e9tudiante \u00e0 NCU <\/p>\n<p>Dans l&#39;Union des Antilles, qui est compos\u00e9e  des territoires de la Jama\u00efque, des Bahamas, des iles Turk et Caicos et des iles Caimans, il ya plus de 262000 membres qui adorent dans plus de 735 congr\u00e9gations Adventistes. <\/p>\n","protected":false},"excerpt":{"rendered":"<p>Plus d&#39;un quart de million d&#39;Adventistes du Septi\u00e8me jour dans l&#39;Union des Antilles ont une nouvelle direction \u00e0 partir d&#39;aujourd&#39;hui : le 28 f\u00e9vrier les pasteurs Derek Bignall et Glenn O. Samuels ont pris le<\/p>\n","protected":false},"author":1,"featured_media":0,"comment_status":"closed","ping_status":"closed","sticky":false,"template":"","format":"standard","meta":{"_acf_changed":false,"footnotes":""},"categories":[9],"tags":[],"class_list":["post-13122","post","type-post","status-publish","format-standard","hentry","category-archive-fr"],"acf":[],"yoast_head":"<!-- This site is optimized with the Yoast SEO plugin v27.3 - https:\/\/yoast.com\/product\/yoast-seo-wordpress\/ -->\n<title>Union des Antilles: L&#039;\u00e9glise a une nouvelle direction - \u00c9glise Adventiste Du Septieme Jour - Inter Am\u00e9rique Division<\/title>\n<meta name=\"robots\" content=\"index, follow, max-snippet:-1, max-image-preview:large, max-video-preview:-1\" \/>\n<link rel=\"canonical\" href=\"https:\/\/interamerica.org\/fr\/2009\/03\/union-des-antilles-leglise-a-une-nouvelle-direction\/\" \/>\n<meta property=\"og:locale\" content=\"fr_FR\" \/>\n<meta property=\"og:type\" content=\"article\" \/>\n<meta property=\"og:title\" content=\"Union des Antilles: L&#039;\u00e9glise a une nouvelle direction - \u00c9glise Adventiste Du Septieme Jour - Inter Am\u00e9rique Division\" \/>\n<meta property=\"og:description\" content=\"Plus d&#039;un quart de million d&#039;Adventistes du Septi\u00e8me jour dans l&#039;Union des Antilles ont une nouvelle direction \u00e0 partir d&#039;aujourd&#039;hui : le 28 f\u00e9vrier les pasteurs Derek Bignall et Glenn O. Samuels ont pris le\" \/>\n<meta property=\"og:url\" content=\"https:\/\/interamerica.org\/fr\/2009\/03\/union-des-antilles-leglise-a-une-nouvelle-direction\/\" \/>\n<meta property=\"og:site_name\" content=\"\u00c9glise Adventiste Du Septieme Jour - Inter Am\u00e9rique Division\" \/>\n<meta property=\"article:published_time\" content=\"2009-03-03T04:00:00+00:00\" \/>\n<meta property=\"article:modified_time\" content=\"2017-06-02T17:06:40+00:00\" \/>\n<meta name=\"author\" content=\"Lorenzo Verduzco\" \/>\n<meta name=\"twitter:card\" content=\"summary_large_image\" \/>\n<meta name=\"twitter:label1\" content=\"\u00c9crit par\" \/>\n\t<meta name=\"twitter:data1\" content=\"Lorenzo Verduzco\" \/>\n\t<meta name=\"twitter:label2\" content=\"Dur\u00e9e de lecture estim\u00e9e\" \/>\n\t<meta name=\"twitter:data2\" content=\"3 minutes\" \/>\n<script type=\"application\/ld+json\" class=\"yoast-schema-graph\">{\"@context\":\"https:\\\/\\\/schema.org\",\"@graph\":[{\"@type\":\"Article\",\"@id\":\"https:\\\/\\\/interamerica.org\\\/fr\\\/2009\\\/03\\\/union-des-antilles-leglise-a-une-nouvelle-direction\\\/#article\",\"isPartOf\":{\"@id\":\"https:\\\/\\\/interamerica.org\\\/fr\\\/2009\\\/03\\\/union-des-antilles-leglise-a-une-nouvelle-direction\\\/\"},\"author\":{\"name\":\"Lorenzo Verduzco\",\"@id\":\"https:\\\/\\\/interamerica.org\\\/fr\\\/#\\\/schema\\\/person\\\/68ede8bdc292885bb76c1e3810e73c39\"},\"headline\":\"Union des Antilles: L&#39;\u00e9glise a une nouvelle direction\",\"datePublished\":\"2009-03-03T04:00:00+00:00\",\"dateModified\":\"2017-06-02T17:06:40+00:00\",\"mainEntityOfPage\":{\"@id\":\"https:\\\/\\\/interamerica.org\\\/fr\\\/2009\\\/03\\\/union-des-antilles-leglise-a-une-nouvelle-direction\\\/\"},\"wordCount\":617,\"articleSection\":[\"Archive\"],\"inLanguage\":\"fr-FR\"},{\"@type\":\"WebPage\",\"@id\":\"https:\\\/\\\/interamerica.org\\\/fr\\\/2009\\\/03\\\/union-des-antilles-leglise-a-une-nouvelle-direction\\\/\",\"url\":\"https:\\\/\\\/interamerica.org\\\/fr\\\/2009\\\/03\\\/union-des-antilles-leglise-a-une-nouvelle-direction\\\/\",\"name\":\"Union des Antilles: L&#39;\u00e9glise a une nouvelle direction - \u00c9glise Adventiste Du Septieme Jour - Inter Am\u00e9rique Division\",\"isPartOf\":{\"@id\":\"https:\\\/\\\/interamerica.org\\\/fr\\\/#website\"},\"datePublished\":\"2009-03-03T04:00:00+00:00\",\"dateModified\":\"2017-06-02T17:06:40+00:00\",\"author\":{\"@id\":\"https:\\\/\\\/interamerica.org\\\/fr\\\/#\\\/schema\\\/person\\\/68ede8bdc292885bb76c1e3810e73c39\"},\"breadcrumb\":{\"@id\":\"https:\\\/\\\/interamerica.org\\\/fr\\\/2009\\\/03\\\/union-des-antilles-leglise-a-une-nouvelle-direction\\\/#breadcrumb\"},\"inLanguage\":\"fr-FR\",\"potentialAction\":[{\"@type\":\"ReadAction\",\"target\":[\"https:\\\/\\\/interamerica.org\\\/fr\\\/2009\\\/03\\\/union-des-antilles-leglise-a-une-nouvelle-direction\\\/\"]}]},{\"@type\":\"BreadcrumbList\",\"@id\":\"https:\\\/\\\/interamerica.org\\\/fr\\\/2009\\\/03\\\/union-des-antilles-leglise-a-une-nouvelle-direction\\\/#breadcrumb\",\"itemListElement\":[{\"@type\":\"ListItem\",\"position\":1,\"name\":\"Home\",\"item\":\"https:\\\/\\\/interamerica.org\\\/fr\\\/\"},{\"@type\":\"ListItem\",\"position\":2,\"name\":\"Union des Antilles: L&#39;\u00e9glise a une nouvelle direction\"}]},{\"@type\":\"WebSite\",\"@id\":\"https:\\\/\\\/interamerica.org\\\/fr\\\/#website\",\"url\":\"https:\\\/\\\/interamerica.org\\\/fr\\\/\",\"name\":\"\u00c9glise Adventiste Du Septieme Jour - Inter Am\u00e9rique Division\",\"description\":\"\",\"potentialAction\":[{\"@type\":\"SearchAction\",\"target\":{\"@type\":\"EntryPoint\",\"urlTemplate\":\"https:\\\/\\\/interamerica.org\\\/fr\\\/?s={search_term_string}\"},\"query-input\":{\"@type\":\"PropertyValueSpecification\",\"valueRequired\":true,\"valueName\":\"search_term_string\"}}],\"inLanguage\":\"fr-FR\"},{\"@type\":\"Person\",\"@id\":\"https:\\\/\\\/interamerica.org\\\/fr\\\/#\\\/schema\\\/person\\\/68ede8bdc292885bb76c1e3810e73c39\",\"name\":\"Lorenzo Verduzco\",\"image\":{\"@type\":\"ImageObject\",\"inLanguage\":\"fr-FR\",\"@id\":\"https:\\\/\\\/secure.gravatar.com\\\/avatar\\\/fb81a55b6218459490a9c1dc841a34909185b81904c5337b4b27f7a6fd60c49e?s=96&d=mm&r=g\",\"url\":\"https:\\\/\\\/secure.gravatar.com\\\/avatar\\\/fb81a55b6218459490a9c1dc841a34909185b81904c5337b4b27f7a6fd60c49e?s=96&d=mm&r=g\",\"contentUrl\":\"https:\\\/\\\/secure.gravatar.com\\\/avatar\\\/fb81a55b6218459490a9c1dc841a34909185b81904c5337b4b27f7a6fd60c49e?s=96&d=mm&r=g\",\"caption\":\"Lorenzo Verduzco\"}}]}<\/script>\n<!-- \/ Yoast SEO plugin. -->","yoast_head_json":{"title":"Union des Antilles: L&#39;\u00e9glise a une nouvelle direction - \u00c9glise Adventiste Du Septieme Jour - Inter Am\u00e9rique Division","robots":{"index":"index","follow":"follow","max-snippet":"max-snippet:-1","max-image-preview":"max-image-preview:large","max-video-preview":"max-video-preview:-1"},"canonical":"https:\/\/interamerica.org\/fr\/2009\/03\/union-des-antilles-leglise-a-une-nouvelle-direction\/","og_locale":"fr_FR","og_type":"article","og_title":"Union des Antilles: L&#39;\u00e9glise a une nouvelle direction - \u00c9glise Adventiste Du Septieme Jour - Inter Am\u00e9rique Division","og_description":"Plus d&#39;un quart de million d&#39;Adventistes du Septi\u00e8me jour dans l&#39;Union des Antilles ont une nouvelle direction \u00e0 partir d&#39;aujourd&#39;hui : le 28 f\u00e9vrier les pasteurs Derek Bignall et Glenn O. Samuels ont pris le","og_url":"https:\/\/interamerica.org\/fr\/2009\/03\/union-des-antilles-leglise-a-une-nouvelle-direction\/","og_site_name":"\u00c9glise Adventiste Du Septieme Jour - Inter Am\u00e9rique Division","article_published_time":"2009-03-03T04:00:00+00:00","article_modified_time":"2017-06-02T17:06:40+00:00","author":"Lorenzo Verduzco","twitter_card":"summary_large_image","twitter_misc":{"\u00c9crit par":"Lorenzo Verduzco","Dur\u00e9e de lecture estim\u00e9e":"3 minutes"},"schema":{"@context":"https:\/\/schema.org","@graph":[{"@type":"Article","@id":"https:\/\/interamerica.org\/fr\/2009\/03\/union-des-antilles-leglise-a-une-nouvelle-direction\/#article","isPartOf":{"@id":"https:\/\/interamerica.org\/fr\/2009\/03\/union-des-antilles-leglise-a-une-nouvelle-direction\/"},"author":{"name":"Lorenzo Verduzco","@id":"https:\/\/interamerica.org\/fr\/#\/schema\/person\/68ede8bdc292885bb76c1e3810e73c39"},"headline":"Union des Antilles: L&#39;\u00e9glise a une nouvelle direction","datePublished":"2009-03-03T04:00:00+00:00","dateModified":"2017-06-02T17:06:40+00:00","mainEntityOfPage":{"@id":"https:\/\/interamerica.org\/fr\/2009\/03\/union-des-antilles-leglise-a-une-nouvelle-direction\/"},"wordCount":617,"articleSection":["Archive"],"inLanguage":"fr-FR"},{"@type":"WebPage","@id":"https:\/\/interamerica.org\/fr\/2009\/03\/union-des-antilles-leglise-a-une-nouvelle-direction\/","url":"https:\/\/interamerica.org\/fr\/2009\/03\/union-des-antilles-leglise-a-une-nouvelle-direction\/","name":"Union des Antilles: L&#39;\u00e9glise a une nouvelle direction - \u00c9glise Adventiste Du Septieme Jour - Inter Am\u00e9rique Division","isPartOf":{"@id":"https:\/\/interamerica.org\/fr\/#website"},"datePublished":"2009-03-03T04:00:00+00:00","dateModified":"2017-06-02T17:06:40+00:00","author":{"@id":"https:\/\/interamerica.org\/fr\/#\/schema\/person\/68ede8bdc292885bb76c1e3810e73c39"},"breadcrumb":{"@id":"https:\/\/interamerica.org\/fr\/2009\/03\/union-des-antilles-leglise-a-une-nouvelle-direction\/#breadcrumb"},"inLanguage":"fr-FR","potentialAction":[{"@type":"ReadAction","target":["https:\/\/interamerica.org\/fr\/2009\/03\/union-des-antilles-leglise-a-une-nouvelle-direction\/"]}]},{"@type":"BreadcrumbList","@id":"https:\/\/interamerica.org\/fr\/2009\/03\/union-des-antilles-leglise-a-une-nouvelle-direction\/#breadcrumb","itemListElement":[{"@type":"ListItem","position":1,"name":"Home","item":"https:\/\/interamerica.org\/fr\/"},{"@type":"ListItem","position":2,"name":"Union des Antilles: L&#39;\u00e9glise a une nouvelle direction"}]},{"@type":"WebSite","@id":"https:\/\/interamerica.org\/fr\/#website","url":"https:\/\/interamerica.org\/fr\/","name":"\u00c9glise Adventiste Du Septieme Jour - Inter Am\u00e9rique Division","description":"","potentialAction":[{"@type":"SearchAction","target":{"@type":"EntryPoint","urlTemplate":"https:\/\/interamerica.org\/fr\/?s={search_term_string}"},"query-input":{"@type":"PropertyValueSpecification","valueRequired":true,"valueName":"search_term_string"}}],"inLanguage":"fr-FR"},{"@type":"Person","@id":"https:\/\/interamerica.org\/fr\/#\/schema\/person\/68ede8bdc292885bb76c1e3810e73c39","name":"Lorenzo Verduzco","image":{"@type":"ImageObject","inLanguage":"fr-FR","@id":"https:\/\/secure.gravatar.com\/avatar\/fb81a55b6218459490a9c1dc841a34909185b81904c5337b4b27f7a6fd60c49e?s=96&d=mm&r=g","url":"https:\/\/secure.gravatar.com\/avatar\/fb81a55b6218459490a9c1dc841a34909185b81904c5337b4b27f7a6fd60c49e?s=96&d=mm&r=g","contentUrl":"https:\/\/secure.gravatar.com\/avatar\/fb81a55b6218459490a9c1dc841a34909185b81904c5337b4b27f7a6fd60c49e?s=96&d=mm&r=g","caption":"Lorenzo Verduzco"}}]}},"_links":{"self":[{"href":"https:\/\/interamerica.org\/fr\/wp-json\/wp\/v2\/posts\/13122","targetHints":{"allow":["GET"]}}],"collection":[{"href":"https:\/\/interamerica.org\/fr\/wp-json\/wp\/v2\/posts"}],"about":[{"href":"https:\/\/interamerica.org\/fr\/wp-json\/wp\/v2\/types\/post"}],"author":[{"embeddable":true,"href":"https:\/\/interamerica.org\/fr\/wp-json\/wp\/v2\/users\/1"}],"replies":[{"embeddable":true,"href":"https:\/\/interamerica.org\/fr\/wp-json\/wp\/v2\/comments?post=13122"}],"version-history":[{"count":0,"href":"https:\/\/interamerica.org\/fr\/wp-json\/wp\/v2\/posts\/13122\/revisions"}],"wp:attachment":[{"href":"https:\/\/interamerica.org\/fr\/wp-json\/wp\/v2\/media?parent=13122"}],"wp:term":[{"taxonomy":"category","embeddable":true,"href":"https:\/\/interamerica.org\/fr\/wp-json\/wp\/v2\/categories?post=13122"},{"taxonomy":"post_tag","embeddable":true,"href":"https:\/\/interamerica.org\/fr\/wp-json\/wp\/v2\/tags?post=13122"}],"curies":[{"name":"wp","href":"https:\/\/api.w.org\/{rel}","templated":true}]}}