{"id":13127,"date":"2009-03-12T00:00:00","date_gmt":"2009-03-12T04:00:00","guid":{"rendered":"http:\/\/192.81.217.108\/interamerica\/2009\/03\/porto-rico-messages-despoir-des-adventistes-du-septieme-jour\/"},"modified":"2017-06-02T13:06:38","modified_gmt":"2017-06-02T17:06:38","slug":"porto-rico-messages-despoir-des-adventistes-du-septieme-jour","status":"publish","type":"post","link":"https:\/\/interamerica.org\/fr\/2009\/03\/porto-rico-messages-despoir-des-adventistes-du-septieme-jour\/","title":{"rendered":"Porto Rico:  messages d&#39;espoir des Adventistes du Septi\u00e8me jour"},"content":{"rendered":"<p>11 mars 2009, San Juan, Porto Rico&#8230; (Libna Stevens\/DIA) <\/p>\n<p>D\u00e9cid\u00e9s \u00e0 imprimer une diff\u00e9rence positive, des milliers d&#39;Adventistes du Septi\u00e8me jour de Porto Rico ont manqu\u00e9 au service du sabbat dernier, 7 mars, en vue de distribuer des messages d&#39;espoir \u00e0 leurs communaut\u00e9s, qui affrontent une violence croissante. <\/p>\n<p>Les membres d&#39;\u00e9glise ont gratuitement distribu\u00e9 une revue de 16 pages intitul\u00e9e \u00ab\u00a0Une Vision de la Famille Porto Ricaine.\u00a0\u00bb  La distribution massive est la seconde entreprise de ce genre organis\u00e9e par l&#39;\u00e9glise.  Au d\u00e9but de l&#39;ann\u00e9e derni\u00e8re environ 250.000 revues avaient \u00e9t\u00e9 distribu\u00e9es. <\/p>\n<p>\u00ab\u00a0Ce programme a \u00e9t\u00e9 formidable une fois de plus cette ann\u00e9e,\u00a0\u00bb a dit Pasteur Freddy Sosa, directeur des communications de l&#39;\u00e9glise de Porto Rico.  \u00ab\u00a0La revue de cette ann\u00e9e est la suite du projet de l&#39;ann\u00e9e derni\u00e8re qui a d\u00e9but\u00e9 une campagne de pr\u00e9vention destin\u00e9e \u00e0 la famille en vue d&#39;offrir des conseils importants aux parents dans leur vie familiale quotidienne.\u00a0\u00bb <\/p>\n<p>D&#39;apr\u00e8s Sosa, Plus de 350.000 magazines ont \u00e9t\u00e9 distribu\u00e9s de maisons en maisons et dans le commerce en un seul jour.  Le co\u00fbt de l&#39;impression et de la promotion des programmes radiodiffus\u00e9s et t\u00e9l\u00e9vis\u00e9s de cette activit\u00e9 s&#39;est \u00e9lev\u00e9 \u00e0 $106.000.  Les dirigeants d&#39;\u00e9glise croient que cet investissement est d&#39;une grande importance en vue de soulager les maux de la jeunesse actuelle. <\/p>\n<p>D&#39;une mani\u00e8re sp\u00e9ciale la revue vise les enfants, en offrant des articles qui se rapportent \u00e0 la vie morale et spirituelle des enfants, les cons\u00e9quences de l&#39;abandon scolaire pr\u00e9matur\u00e9, l&#39;\u00e9ducation des enfants handicap\u00e9s, l&#39;ob\u00e9sit\u00e9, la communication avec les enfants, parmi tant d&#39;autres sujets. <\/p>\n<p>Au cours d&#39;une conf\u00e9rence de presse tenue avant le d\u00e9roulement de ce programme, le Pr\u00e9sident de l&#39;Eglise Adventiste de Porto Rico, Jose A. Rodriguez a d\u00e9clar\u00e9 que la revue a eu pour but de conseiller et d&#39;\u00e9duquer les familles de l&#39;\u00eele. <\/p>\n<p>\u00ab\u00a0Nous sommes conscients des probl\u00e8mes que confrontent actuellement les parents et les enfants et avons accept\u00e9 le d\u00e9fi de poursuivre la promotion d&#39;une \u00e9ducation int\u00e9grale pour permettre \u00e0 notre soci\u00e9t\u00e9 d&#39;utiliser les outils qui conviennent en vue de prendre de bonnes d\u00e9cisions,\u00a0\u00bb a dit Pasteur Rodriguez. <\/p>\n<p>Cette activit\u00e9 qui fait partie de plusieurs autres a d\u00e9but\u00e9 l&#39;ann\u00e9e derni\u00e8re dans le but de favoriser un style de vie exempt de violence au sein des familles et des enfants et ce qui a permis \u00e0 l&#39;\u00e9glise de se faire conna\u00eetre, a dit Sosa. <\/p>\n<p>Le mois dernier, l&#39;\u00e9glise a entam\u00e9 la diffusion d&#39;une  s\u00e9rie de messages t\u00e9l\u00e9vis\u00e9s d&#39;une dur\u00e9e de 60 secondes sur la plus grande station de t\u00e9l\u00e9vision de Porto Rico WAPA au cours des programmes de grande \u00e9coute des jours de la semaine, a avanc\u00e9 Sosa.  Peu apr\u00e8s, la station de t\u00e9l\u00e9vision Univision de Porto Rico a commenc\u00e9 \u00e0 \u00e9mettre le m\u00eame message de 60 secondes au cours de son programme des nouvelles du matin. <\/p>\n<p>Les programmes varient entre les sujets couvrant la haine, le suicide et le crime et l&#39;obtention du bonheur en suivant le Christ. <\/p>\n<p>\u00ab\u00a0Nous sommes tellement heureux d&#39;avoir eu une r\u00e9ponse aussi positive des t\u00e9l\u00e9spectateurs et le bureau de notre union a re\u00e7u des douzaines d&#39;appels de gens en qu\u00eate de conseil, d&#39;aide et de formation,\u00a0\u00bb dit-il <\/p>\n<p>Les programmes doivent se poursuivre au cours de l&#39;ann\u00e9e.  Ils font  partie d&#39;un plus grand projet de l&#39;\u00e9glise Adventiste de Porto Rico en vue d&#39;apporter des solutions aux probl\u00e8mes sociaux de l&#39;\u00eele.  A pr\u00e9sent, Sosa a d\u00e9clar\u00e9 que l&#39;\u00e9glise n&#39;a pas l&#39;intention de distribuer la revue l&#39;ann\u00e9e prochaine mais les autres projets et activit\u00e9s se poursuivront. <\/p>\n<p>Il y a plus de 36.000 Adventistes du Septi\u00e8me jour qui adorent au sein de 330 \u00e9glises et congr\u00e9gations.  Compos\u00e9e de territoires r\u00e9gionaux, l&#39;\u00e9glise dirige deux stations de radio, 20 \u00e9coles primaires et deux \u00e9coles secondaires, un h\u00f4pital, ainsi qu&#39;une universit\u00e9 \u00e0 travers l&#39;\u00eele.      <\/p>\n","protected":false},"excerpt":{"rendered":"<p>D\u00e9cid\u00e9s \u00e0 imprimer une diff\u00e9rence positive, des milliers d&#39;Adventistes du Septi\u00e8me jour de Porto Rico ont manqu\u00e9 au service du sabbat dernier, 7 mars, en vue de distribuer des messages d&#39;espoir \u00e0 le<\/p>\n","protected":false},"author":1,"featured_media":0,"comment_status":"closed","ping_status":"closed","sticky":false,"template":"","format":"standard","meta":{"_acf_changed":false,"footnotes":""},"categories":[9],"tags":[],"class_list":["post-13127","post","type-post","status-publish","format-standard","hentry","category-archive-fr"],"acf":[],"yoast_head":"<!-- This site is optimized with the Yoast SEO plugin v27.3 - https:\/\/yoast.com\/product\/yoast-seo-wordpress\/ -->\n<title>Porto Rico: messages d&#039;espoir des Adventistes du Septi\u00e8me jour - \u00c9glise Adventiste Du Septieme Jour - Inter Am\u00e9rique Division<\/title>\n<meta name=\"robots\" content=\"index, follow, max-snippet:-1, max-image-preview:large, max-video-preview:-1\" \/>\n<link rel=\"canonical\" href=\"https:\/\/interamerica.org\/fr\/2009\/03\/porto-rico-messages-despoir-des-adventistes-du-septieme-jour\/\" \/>\n<meta property=\"og:locale\" content=\"fr_FR\" \/>\n<meta property=\"og:type\" content=\"article\" \/>\n<meta property=\"og:title\" content=\"Porto Rico: messages d&#039;espoir des Adventistes du Septi\u00e8me jour - \u00c9glise Adventiste Du Septieme Jour - Inter Am\u00e9rique Division\" \/>\n<meta property=\"og:description\" content=\"D\u00e9cid\u00e9s \u00e0 imprimer une diff\u00e9rence positive, des milliers d&#039;Adventistes du Septi\u00e8me jour de Porto Rico ont manqu\u00e9 au service du sabbat dernier, 7 mars, en vue de distribuer des messages d&#039;espoir \u00e0 le\" \/>\n<meta property=\"og:url\" content=\"https:\/\/interamerica.org\/fr\/2009\/03\/porto-rico-messages-despoir-des-adventistes-du-septieme-jour\/\" \/>\n<meta property=\"og:site_name\" content=\"\u00c9glise Adventiste Du Septieme Jour - Inter Am\u00e9rique Division\" \/>\n<meta property=\"article:published_time\" content=\"2009-03-12T04:00:00+00:00\" \/>\n<meta property=\"article:modified_time\" content=\"2017-06-02T17:06:38+00:00\" \/>\n<meta name=\"author\" content=\"Lorenzo Verduzco\" \/>\n<meta name=\"twitter:card\" content=\"summary_large_image\" \/>\n<meta name=\"twitter:label1\" content=\"\u00c9crit par\" \/>\n\t<meta name=\"twitter:data1\" content=\"Lorenzo Verduzco\" \/>\n\t<meta name=\"twitter:label2\" content=\"Dur\u00e9e de lecture estim\u00e9e\" \/>\n\t<meta name=\"twitter:data2\" content=\"4 minutes\" \/>\n<script type=\"application\/ld+json\" class=\"yoast-schema-graph\">{\"@context\":\"https:\\\/\\\/schema.org\",\"@graph\":[{\"@type\":\"Article\",\"@id\":\"https:\\\/\\\/interamerica.org\\\/fr\\\/2009\\\/03\\\/porto-rico-messages-despoir-des-adventistes-du-septieme-jour\\\/#article\",\"isPartOf\":{\"@id\":\"https:\\\/\\\/interamerica.org\\\/fr\\\/2009\\\/03\\\/porto-rico-messages-despoir-des-adventistes-du-septieme-jour\\\/\"},\"author\":{\"name\":\"Lorenzo Verduzco\",\"@id\":\"https:\\\/\\\/interamerica.org\\\/fr\\\/#\\\/schema\\\/person\\\/68ede8bdc292885bb76c1e3810e73c39\"},\"headline\":\"Porto Rico: messages d&#39;espoir des Adventistes du Septi\u00e8me jour\",\"datePublished\":\"2009-03-12T04:00:00+00:00\",\"dateModified\":\"2017-06-02T17:06:38+00:00\",\"mainEntityOfPage\":{\"@id\":\"https:\\\/\\\/interamerica.org\\\/fr\\\/2009\\\/03\\\/porto-rico-messages-despoir-des-adventistes-du-septieme-jour\\\/\"},\"wordCount\":725,\"articleSection\":[\"Archive\"],\"inLanguage\":\"fr-FR\"},{\"@type\":\"WebPage\",\"@id\":\"https:\\\/\\\/interamerica.org\\\/fr\\\/2009\\\/03\\\/porto-rico-messages-despoir-des-adventistes-du-septieme-jour\\\/\",\"url\":\"https:\\\/\\\/interamerica.org\\\/fr\\\/2009\\\/03\\\/porto-rico-messages-despoir-des-adventistes-du-septieme-jour\\\/\",\"name\":\"Porto Rico: messages d&#39;espoir des Adventistes du Septi\u00e8me jour - \u00c9glise Adventiste Du Septieme Jour - Inter Am\u00e9rique Division\",\"isPartOf\":{\"@id\":\"https:\\\/\\\/interamerica.org\\\/fr\\\/#website\"},\"datePublished\":\"2009-03-12T04:00:00+00:00\",\"dateModified\":\"2017-06-02T17:06:38+00:00\",\"author\":{\"@id\":\"https:\\\/\\\/interamerica.org\\\/fr\\\/#\\\/schema\\\/person\\\/68ede8bdc292885bb76c1e3810e73c39\"},\"breadcrumb\":{\"@id\":\"https:\\\/\\\/interamerica.org\\\/fr\\\/2009\\\/03\\\/porto-rico-messages-despoir-des-adventistes-du-septieme-jour\\\/#breadcrumb\"},\"inLanguage\":\"fr-FR\",\"potentialAction\":[{\"@type\":\"ReadAction\",\"target\":[\"https:\\\/\\\/interamerica.org\\\/fr\\\/2009\\\/03\\\/porto-rico-messages-despoir-des-adventistes-du-septieme-jour\\\/\"]}]},{\"@type\":\"BreadcrumbList\",\"@id\":\"https:\\\/\\\/interamerica.org\\\/fr\\\/2009\\\/03\\\/porto-rico-messages-despoir-des-adventistes-du-septieme-jour\\\/#breadcrumb\",\"itemListElement\":[{\"@type\":\"ListItem\",\"position\":1,\"name\":\"Home\",\"item\":\"https:\\\/\\\/interamerica.org\\\/fr\\\/\"},{\"@type\":\"ListItem\",\"position\":2,\"name\":\"Porto Rico: messages d&#39;espoir des Adventistes du Septi\u00e8me jour\"}]},{\"@type\":\"WebSite\",\"@id\":\"https:\\\/\\\/interamerica.org\\\/fr\\\/#website\",\"url\":\"https:\\\/\\\/interamerica.org\\\/fr\\\/\",\"name\":\"\u00c9glise Adventiste Du Septieme Jour - Inter Am\u00e9rique Division\",\"description\":\"\",\"potentialAction\":[{\"@type\":\"SearchAction\",\"target\":{\"@type\":\"EntryPoint\",\"urlTemplate\":\"https:\\\/\\\/interamerica.org\\\/fr\\\/?s={search_term_string}\"},\"query-input\":{\"@type\":\"PropertyValueSpecification\",\"valueRequired\":true,\"valueName\":\"search_term_string\"}}],\"inLanguage\":\"fr-FR\"},{\"@type\":\"Person\",\"@id\":\"https:\\\/\\\/interamerica.org\\\/fr\\\/#\\\/schema\\\/person\\\/68ede8bdc292885bb76c1e3810e73c39\",\"name\":\"Lorenzo Verduzco\",\"image\":{\"@type\":\"ImageObject\",\"inLanguage\":\"fr-FR\",\"@id\":\"https:\\\/\\\/secure.gravatar.com\\\/avatar\\\/fb81a55b6218459490a9c1dc841a34909185b81904c5337b4b27f7a6fd60c49e?s=96&d=mm&r=g\",\"url\":\"https:\\\/\\\/secure.gravatar.com\\\/avatar\\\/fb81a55b6218459490a9c1dc841a34909185b81904c5337b4b27f7a6fd60c49e?s=96&d=mm&r=g\",\"contentUrl\":\"https:\\\/\\\/secure.gravatar.com\\\/avatar\\\/fb81a55b6218459490a9c1dc841a34909185b81904c5337b4b27f7a6fd60c49e?s=96&d=mm&r=g\",\"caption\":\"Lorenzo Verduzco\"}}]}<\/script>\n<!-- \/ Yoast SEO plugin. -->","yoast_head_json":{"title":"Porto Rico: messages d&#39;espoir des Adventistes du Septi\u00e8me jour - \u00c9glise Adventiste Du Septieme Jour - Inter Am\u00e9rique Division","robots":{"index":"index","follow":"follow","max-snippet":"max-snippet:-1","max-image-preview":"max-image-preview:large","max-video-preview":"max-video-preview:-1"},"canonical":"https:\/\/interamerica.org\/fr\/2009\/03\/porto-rico-messages-despoir-des-adventistes-du-septieme-jour\/","og_locale":"fr_FR","og_type":"article","og_title":"Porto Rico: messages d&#39;espoir des Adventistes du Septi\u00e8me jour - \u00c9glise Adventiste Du Septieme Jour - Inter Am\u00e9rique Division","og_description":"D\u00e9cid\u00e9s \u00e0 imprimer une diff\u00e9rence positive, des milliers d&#39;Adventistes du Septi\u00e8me jour de Porto Rico ont manqu\u00e9 au service du sabbat dernier, 7 mars, en vue de distribuer des messages d&#39;espoir \u00e0 le","og_url":"https:\/\/interamerica.org\/fr\/2009\/03\/porto-rico-messages-despoir-des-adventistes-du-septieme-jour\/","og_site_name":"\u00c9glise Adventiste Du Septieme Jour - Inter Am\u00e9rique Division","article_published_time":"2009-03-12T04:00:00+00:00","article_modified_time":"2017-06-02T17:06:38+00:00","author":"Lorenzo Verduzco","twitter_card":"summary_large_image","twitter_misc":{"\u00c9crit par":"Lorenzo Verduzco","Dur\u00e9e de lecture estim\u00e9e":"4 minutes"},"schema":{"@context":"https:\/\/schema.org","@graph":[{"@type":"Article","@id":"https:\/\/interamerica.org\/fr\/2009\/03\/porto-rico-messages-despoir-des-adventistes-du-septieme-jour\/#article","isPartOf":{"@id":"https:\/\/interamerica.org\/fr\/2009\/03\/porto-rico-messages-despoir-des-adventistes-du-septieme-jour\/"},"author":{"name":"Lorenzo Verduzco","@id":"https:\/\/interamerica.org\/fr\/#\/schema\/person\/68ede8bdc292885bb76c1e3810e73c39"},"headline":"Porto Rico: messages d&#39;espoir des Adventistes du Septi\u00e8me jour","datePublished":"2009-03-12T04:00:00+00:00","dateModified":"2017-06-02T17:06:38+00:00","mainEntityOfPage":{"@id":"https:\/\/interamerica.org\/fr\/2009\/03\/porto-rico-messages-despoir-des-adventistes-du-septieme-jour\/"},"wordCount":725,"articleSection":["Archive"],"inLanguage":"fr-FR"},{"@type":"WebPage","@id":"https:\/\/interamerica.org\/fr\/2009\/03\/porto-rico-messages-despoir-des-adventistes-du-septieme-jour\/","url":"https:\/\/interamerica.org\/fr\/2009\/03\/porto-rico-messages-despoir-des-adventistes-du-septieme-jour\/","name":"Porto Rico: messages d&#39;espoir des Adventistes du Septi\u00e8me jour - \u00c9glise Adventiste Du Septieme Jour - Inter Am\u00e9rique Division","isPartOf":{"@id":"https:\/\/interamerica.org\/fr\/#website"},"datePublished":"2009-03-12T04:00:00+00:00","dateModified":"2017-06-02T17:06:38+00:00","author":{"@id":"https:\/\/interamerica.org\/fr\/#\/schema\/person\/68ede8bdc292885bb76c1e3810e73c39"},"breadcrumb":{"@id":"https:\/\/interamerica.org\/fr\/2009\/03\/porto-rico-messages-despoir-des-adventistes-du-septieme-jour\/#breadcrumb"},"inLanguage":"fr-FR","potentialAction":[{"@type":"ReadAction","target":["https:\/\/interamerica.org\/fr\/2009\/03\/porto-rico-messages-despoir-des-adventistes-du-septieme-jour\/"]}]},{"@type":"BreadcrumbList","@id":"https:\/\/interamerica.org\/fr\/2009\/03\/porto-rico-messages-despoir-des-adventistes-du-septieme-jour\/#breadcrumb","itemListElement":[{"@type":"ListItem","position":1,"name":"Home","item":"https:\/\/interamerica.org\/fr\/"},{"@type":"ListItem","position":2,"name":"Porto Rico: messages d&#39;espoir des Adventistes du Septi\u00e8me jour"}]},{"@type":"WebSite","@id":"https:\/\/interamerica.org\/fr\/#website","url":"https:\/\/interamerica.org\/fr\/","name":"\u00c9glise Adventiste Du Septieme Jour - Inter Am\u00e9rique Division","description":"","potentialAction":[{"@type":"SearchAction","target":{"@type":"EntryPoint","urlTemplate":"https:\/\/interamerica.org\/fr\/?s={search_term_string}"},"query-input":{"@type":"PropertyValueSpecification","valueRequired":true,"valueName":"search_term_string"}}],"inLanguage":"fr-FR"},{"@type":"Person","@id":"https:\/\/interamerica.org\/fr\/#\/schema\/person\/68ede8bdc292885bb76c1e3810e73c39","name":"Lorenzo Verduzco","image":{"@type":"ImageObject","inLanguage":"fr-FR","@id":"https:\/\/secure.gravatar.com\/avatar\/fb81a55b6218459490a9c1dc841a34909185b81904c5337b4b27f7a6fd60c49e?s=96&d=mm&r=g","url":"https:\/\/secure.gravatar.com\/avatar\/fb81a55b6218459490a9c1dc841a34909185b81904c5337b4b27f7a6fd60c49e?s=96&d=mm&r=g","contentUrl":"https:\/\/secure.gravatar.com\/avatar\/fb81a55b6218459490a9c1dc841a34909185b81904c5337b4b27f7a6fd60c49e?s=96&d=mm&r=g","caption":"Lorenzo Verduzco"}}]}},"_links":{"self":[{"href":"https:\/\/interamerica.org\/fr\/wp-json\/wp\/v2\/posts\/13127","targetHints":{"allow":["GET"]}}],"collection":[{"href":"https:\/\/interamerica.org\/fr\/wp-json\/wp\/v2\/posts"}],"about":[{"href":"https:\/\/interamerica.org\/fr\/wp-json\/wp\/v2\/types\/post"}],"author":[{"embeddable":true,"href":"https:\/\/interamerica.org\/fr\/wp-json\/wp\/v2\/users\/1"}],"replies":[{"embeddable":true,"href":"https:\/\/interamerica.org\/fr\/wp-json\/wp\/v2\/comments?post=13127"}],"version-history":[{"count":0,"href":"https:\/\/interamerica.org\/fr\/wp-json\/wp\/v2\/posts\/13127\/revisions"}],"wp:attachment":[{"href":"https:\/\/interamerica.org\/fr\/wp-json\/wp\/v2\/media?parent=13127"}],"wp:term":[{"taxonomy":"category","embeddable":true,"href":"https:\/\/interamerica.org\/fr\/wp-json\/wp\/v2\/categories?post=13127"},{"taxonomy":"post_tag","embeddable":true,"href":"https:\/\/interamerica.org\/fr\/wp-json\/wp\/v2\/tags?post=13127"}],"curies":[{"name":"wp","href":"https:\/\/api.w.org\/{rel}","templated":true}]}}