{"id":13128,"date":"2009-03-16T00:00:00","date_gmt":"2009-03-16T04:00:00","guid":{"rendered":"http:\/\/192.81.217.108\/interamerica\/2009\/03\/jamaique-luniversite-adventiste-obtient-une-autorisation-demettre-sur-toute-lile\/"},"modified":"2017-06-02T13:06:36","modified_gmt":"2017-06-02T17:06:36","slug":"jamaique-luniversite-adventiste-obtient-une-autorisation-demettre-sur-toute-lile","status":"publish","type":"post","link":"https:\/\/interamerica.org\/fr\/2009\/03\/jamaique-luniversite-adventiste-obtient-une-autorisation-demettre-sur-toute-lile\/","title":{"rendered":"Jama\u00efque: L&#39;universit\u00e9 Adventiste obtient une autorisation d&#39;\u00e9mettre sur toute l&#39;ile"},"content":{"rendered":"<p><em >15 mars 2009<\/em >&#8211; Mandeville, Jama\u00efque&#8230;[Nigel Coke\/DIA] <\/p>\n<p>L&#39;Universit\u00e9 du Nord de la Cara\u00efbe (NCU) a obtenu une autorisation d&#39;\u00e9mettre sur toute l&#39;ile par la Commission de Diffusion Audiovisuelle de la Jama\u00efque. Cette information a \u00e9t\u00e9 r\u00e9v\u00e9l\u00e9e par le pr\u00e9sident de NCU, Dr Herbert Thompson, au cours du service d&#39;installation du pr\u00e9sident et du secr\u00e9taire nouvellement \u00e9lus de la F\u00e9d\u00e9ration Ouest de la Jama\u00efque, tenu \u00e0 Montego Bay en Jama\u00efque le samedi 14 mars 2009. <\/p>\n<p>\u00ab Nous sommes ravis d&#39;avoir re\u00e7u cette autorisation, \u00bb a d\u00e9clar\u00e9 Dr Thompson. \u00ab Ce que cela signifie, c&#39;est que nous allons devoir nous organiser et donner le ton pour offrir la meilleure qualit\u00e9 en terme de programmation radiophonique. Ce que je peux dire, connaissant les dirigeants et les membres de notre \u00e9glise, c&#39;est que la Commission de Diffusion Audiovisuelle Publique n&#39;aura \u00e0 sanctionner rien de ce que nous diffuserons. Nous tacherons d&#39;exalter Christ, et de nous assurer que le public entendra des paroles religieuses et saines. \u00bb <\/p>\n<p>L&#39;annonce faite et accueillie par de forts applaudissements de la congr\u00e9gation arrive apr\u00e8s huit ans d&#39;attente de la part de NCU qui avait fait la demande d&#39;autorisation depuis 2001. A l&#39;\u00e9poque, le nombre d&#39;\u00e9tudiants \u00e9tait de 2000 compar\u00e9 \u00e0 la population de 5600 \u00e9tudiants actuellement. <\/p>\n<p>\u00ab C&#39;est une bonne nouvelle et un jour radieux dans la vie de notre \u00e9glise et en particulier pour NCU \u00bb a d\u00e9clar\u00e9 pasteur Derek Bignall, pr\u00e9sident de l&#39;Union des Antilles et pr\u00e9sident du conseil d&#39;\u00e9tablissement de NCU. \u00ab C&#39;est une glorieuse opportunit\u00e9 pour nous d&#39;offrir \u00e0 la nation une programmation bonne et saine qui permettra de pr\u00e9senter notre message au sujet de l&#39;\u00e9l\u00e9vation de la personne, ainsi que l&#39;espoir que les gens peuvent trouver \u00e0 travers la parole inspir\u00e9e, mais aussi des chants et des programmes de discussion. C&#39;est une merveilleuse r\u00e9ponse \u00e0 nos pri\u00e8res et nous disons, \u00e0 Dieu soit la gloire ! \u00bb <\/p>\n<p>Actuellement, l&#39;universit\u00e9 fait fonctionner une station de campus depuis le site principal du campus de Mandeville, elle \u00e9met sur les 88.3 en FM. <\/p>\n<p>Dr Thompson a poursuivi en disant que \u00ab l&#39;universit\u00e9 utilisera ceci comme un \u00e9l\u00e9ment fondamental dans la formation de ses \u00e9tudiants en communication de masse parce que notre d\u00e9partement d&#39;\u00e9tudes en communication est plein de vie et tr\u00e8s demand\u00e9, et on retrouve parmi les meilleurs personnes actives dans les medias dans ce pays, des dipl\u00f4m\u00e9s de notre programme. \u00bb <\/p>\n<p>Compl\u00e8te avec des informations, de la publicit\u00e9 et de la programmation, la station de radio sera une  \u00ab alternative viable, mais une station Adventiste du Septi\u00e8me jour, \u00bb a ajout\u00e9 Thompson. <\/p>\n<p>NCU est l&#39;institution phare de l&#39;Union des Antilles et est l&#39;universit\u00e9 Adventiste ayant le plus grand nombre d&#39;\u00e9tudiants \u00e0 l&#39;\u00e9chelle mondiale. <\/p>\n","protected":false},"excerpt":{"rendered":"<p>L&#39;Universit\u00e9 du Nord de la Cara\u00efbe (NCU) a obtenu une autorisation d&#39;\u00e9mettre sur toute l&#39;ile par la Commission de Diffusion Audiovisuelle de la Jama\u00efque. Cette information a \u00e9t\u00e9 r\u00e9v\u00e9l&#038;e<\/p>\n","protected":false},"author":1,"featured_media":0,"comment_status":"closed","ping_status":"closed","sticky":false,"template":"","format":"standard","meta":{"_acf_changed":false,"footnotes":""},"categories":[9],"tags":[],"class_list":["post-13128","post","type-post","status-publish","format-standard","hentry","category-archive-fr"],"acf":[],"yoast_head":"<!-- This site is optimized with the Yoast SEO plugin v27.3 - https:\/\/yoast.com\/product\/yoast-seo-wordpress\/ -->\n<title>Jama\u00efque: L&#039;universit\u00e9 Adventiste obtient une autorisation d&#039;\u00e9mettre sur toute l&#039;ile - \u00c9glise Adventiste Du Septieme Jour - Inter Am\u00e9rique Division<\/title>\n<meta name=\"robots\" content=\"index, follow, max-snippet:-1, max-image-preview:large, max-video-preview:-1\" \/>\n<link rel=\"canonical\" href=\"https:\/\/interamerica.org\/fr\/2009\/03\/jamaique-luniversite-adventiste-obtient-une-autorisation-demettre-sur-toute-lile\/\" \/>\n<meta property=\"og:locale\" content=\"fr_FR\" \/>\n<meta property=\"og:type\" content=\"article\" \/>\n<meta property=\"og:title\" content=\"Jama\u00efque: L&#039;universit\u00e9 Adventiste obtient une autorisation d&#039;\u00e9mettre sur toute l&#039;ile - \u00c9glise Adventiste Du Septieme Jour - Inter Am\u00e9rique Division\" \/>\n<meta property=\"og:description\" content=\"L&#039;Universit\u00e9 du Nord de la Cara\u00efbe (NCU) a obtenu une autorisation d&#039;\u00e9mettre sur toute l&#039;ile par la Commission de Diffusion Audiovisuelle de la Jama\u00efque. Cette information a \u00e9t\u00e9 r\u00e9v\u00e9l&amp;e\" \/>\n<meta property=\"og:url\" content=\"https:\/\/interamerica.org\/fr\/2009\/03\/jamaique-luniversite-adventiste-obtient-une-autorisation-demettre-sur-toute-lile\/\" \/>\n<meta property=\"og:site_name\" content=\"\u00c9glise Adventiste Du Septieme Jour - Inter Am\u00e9rique Division\" \/>\n<meta property=\"article:published_time\" content=\"2009-03-16T04:00:00+00:00\" \/>\n<meta property=\"article:modified_time\" content=\"2017-06-02T17:06:36+00:00\" \/>\n<meta name=\"author\" content=\"Lorenzo Verduzco\" \/>\n<meta name=\"twitter:card\" content=\"summary_large_image\" \/>\n<meta name=\"twitter:label1\" content=\"\u00c9crit par\" \/>\n\t<meta name=\"twitter:data1\" content=\"Lorenzo Verduzco\" \/>\n\t<meta name=\"twitter:label2\" content=\"Dur\u00e9e de lecture estim\u00e9e\" \/>\n\t<meta name=\"twitter:data2\" content=\"2 minutes\" \/>\n<script type=\"application\/ld+json\" class=\"yoast-schema-graph\">{\"@context\":\"https:\\\/\\\/schema.org\",\"@graph\":[{\"@type\":\"Article\",\"@id\":\"https:\\\/\\\/interamerica.org\\\/fr\\\/2009\\\/03\\\/jamaique-luniversite-adventiste-obtient-une-autorisation-demettre-sur-toute-lile\\\/#article\",\"isPartOf\":{\"@id\":\"https:\\\/\\\/interamerica.org\\\/fr\\\/2009\\\/03\\\/jamaique-luniversite-adventiste-obtient-une-autorisation-demettre-sur-toute-lile\\\/\"},\"author\":{\"name\":\"Lorenzo Verduzco\",\"@id\":\"https:\\\/\\\/interamerica.org\\\/fr\\\/#\\\/schema\\\/person\\\/68ede8bdc292885bb76c1e3810e73c39\"},\"headline\":\"Jama\u00efque: L&#39;universit\u00e9 Adventiste obtient une autorisation d&#39;\u00e9mettre sur toute l&#39;ile\",\"datePublished\":\"2009-03-16T04:00:00+00:00\",\"dateModified\":\"2017-06-02T17:06:36+00:00\",\"mainEntityOfPage\":{\"@id\":\"https:\\\/\\\/interamerica.org\\\/fr\\\/2009\\\/03\\\/jamaique-luniversite-adventiste-obtient-une-autorisation-demettre-sur-toute-lile\\\/\"},\"wordCount\":496,\"articleSection\":[\"Archive\"],\"inLanguage\":\"fr-FR\"},{\"@type\":\"WebPage\",\"@id\":\"https:\\\/\\\/interamerica.org\\\/fr\\\/2009\\\/03\\\/jamaique-luniversite-adventiste-obtient-une-autorisation-demettre-sur-toute-lile\\\/\",\"url\":\"https:\\\/\\\/interamerica.org\\\/fr\\\/2009\\\/03\\\/jamaique-luniversite-adventiste-obtient-une-autorisation-demettre-sur-toute-lile\\\/\",\"name\":\"Jama\u00efque: L&#39;universit\u00e9 Adventiste obtient une autorisation d&#39;\u00e9mettre sur toute l&#39;ile - \u00c9glise Adventiste Du Septieme Jour - Inter Am\u00e9rique Division\",\"isPartOf\":{\"@id\":\"https:\\\/\\\/interamerica.org\\\/fr\\\/#website\"},\"datePublished\":\"2009-03-16T04:00:00+00:00\",\"dateModified\":\"2017-06-02T17:06:36+00:00\",\"author\":{\"@id\":\"https:\\\/\\\/interamerica.org\\\/fr\\\/#\\\/schema\\\/person\\\/68ede8bdc292885bb76c1e3810e73c39\"},\"breadcrumb\":{\"@id\":\"https:\\\/\\\/interamerica.org\\\/fr\\\/2009\\\/03\\\/jamaique-luniversite-adventiste-obtient-une-autorisation-demettre-sur-toute-lile\\\/#breadcrumb\"},\"inLanguage\":\"fr-FR\",\"potentialAction\":[{\"@type\":\"ReadAction\",\"target\":[\"https:\\\/\\\/interamerica.org\\\/fr\\\/2009\\\/03\\\/jamaique-luniversite-adventiste-obtient-une-autorisation-demettre-sur-toute-lile\\\/\"]}]},{\"@type\":\"BreadcrumbList\",\"@id\":\"https:\\\/\\\/interamerica.org\\\/fr\\\/2009\\\/03\\\/jamaique-luniversite-adventiste-obtient-une-autorisation-demettre-sur-toute-lile\\\/#breadcrumb\",\"itemListElement\":[{\"@type\":\"ListItem\",\"position\":1,\"name\":\"Home\",\"item\":\"https:\\\/\\\/interamerica.org\\\/fr\\\/\"},{\"@type\":\"ListItem\",\"position\":2,\"name\":\"Jama\u00efque: L&#39;universit\u00e9 Adventiste obtient une autorisation d&#39;\u00e9mettre sur toute l&#39;ile\"}]},{\"@type\":\"WebSite\",\"@id\":\"https:\\\/\\\/interamerica.org\\\/fr\\\/#website\",\"url\":\"https:\\\/\\\/interamerica.org\\\/fr\\\/\",\"name\":\"\u00c9glise Adventiste Du Septieme Jour - Inter Am\u00e9rique Division\",\"description\":\"\",\"potentialAction\":[{\"@type\":\"SearchAction\",\"target\":{\"@type\":\"EntryPoint\",\"urlTemplate\":\"https:\\\/\\\/interamerica.org\\\/fr\\\/?s={search_term_string}\"},\"query-input\":{\"@type\":\"PropertyValueSpecification\",\"valueRequired\":true,\"valueName\":\"search_term_string\"}}],\"inLanguage\":\"fr-FR\"},{\"@type\":\"Person\",\"@id\":\"https:\\\/\\\/interamerica.org\\\/fr\\\/#\\\/schema\\\/person\\\/68ede8bdc292885bb76c1e3810e73c39\",\"name\":\"Lorenzo Verduzco\",\"image\":{\"@type\":\"ImageObject\",\"inLanguage\":\"fr-FR\",\"@id\":\"https:\\\/\\\/secure.gravatar.com\\\/avatar\\\/fb81a55b6218459490a9c1dc841a34909185b81904c5337b4b27f7a6fd60c49e?s=96&d=mm&r=g\",\"url\":\"https:\\\/\\\/secure.gravatar.com\\\/avatar\\\/fb81a55b6218459490a9c1dc841a34909185b81904c5337b4b27f7a6fd60c49e?s=96&d=mm&r=g\",\"contentUrl\":\"https:\\\/\\\/secure.gravatar.com\\\/avatar\\\/fb81a55b6218459490a9c1dc841a34909185b81904c5337b4b27f7a6fd60c49e?s=96&d=mm&r=g\",\"caption\":\"Lorenzo Verduzco\"}}]}<\/script>\n<!-- \/ Yoast SEO plugin. -->","yoast_head_json":{"title":"Jama\u00efque: L&#39;universit\u00e9 Adventiste obtient une autorisation d&#39;\u00e9mettre sur toute l&#39;ile - \u00c9glise Adventiste Du Septieme Jour - Inter Am\u00e9rique Division","robots":{"index":"index","follow":"follow","max-snippet":"max-snippet:-1","max-image-preview":"max-image-preview:large","max-video-preview":"max-video-preview:-1"},"canonical":"https:\/\/interamerica.org\/fr\/2009\/03\/jamaique-luniversite-adventiste-obtient-une-autorisation-demettre-sur-toute-lile\/","og_locale":"fr_FR","og_type":"article","og_title":"Jama\u00efque: L&#39;universit\u00e9 Adventiste obtient une autorisation d&#39;\u00e9mettre sur toute l&#39;ile - \u00c9glise Adventiste Du Septieme Jour - Inter Am\u00e9rique Division","og_description":"L&#39;Universit\u00e9 du Nord de la Cara\u00efbe (NCU) a obtenu une autorisation d&#39;\u00e9mettre sur toute l&#39;ile par la Commission de Diffusion Audiovisuelle de la Jama\u00efque. Cette information a \u00e9t\u00e9 r\u00e9v\u00e9l&e","og_url":"https:\/\/interamerica.org\/fr\/2009\/03\/jamaique-luniversite-adventiste-obtient-une-autorisation-demettre-sur-toute-lile\/","og_site_name":"\u00c9glise Adventiste Du Septieme Jour - Inter Am\u00e9rique Division","article_published_time":"2009-03-16T04:00:00+00:00","article_modified_time":"2017-06-02T17:06:36+00:00","author":"Lorenzo Verduzco","twitter_card":"summary_large_image","twitter_misc":{"\u00c9crit par":"Lorenzo Verduzco","Dur\u00e9e de lecture estim\u00e9e":"2 minutes"},"schema":{"@context":"https:\/\/schema.org","@graph":[{"@type":"Article","@id":"https:\/\/interamerica.org\/fr\/2009\/03\/jamaique-luniversite-adventiste-obtient-une-autorisation-demettre-sur-toute-lile\/#article","isPartOf":{"@id":"https:\/\/interamerica.org\/fr\/2009\/03\/jamaique-luniversite-adventiste-obtient-une-autorisation-demettre-sur-toute-lile\/"},"author":{"name":"Lorenzo Verduzco","@id":"https:\/\/interamerica.org\/fr\/#\/schema\/person\/68ede8bdc292885bb76c1e3810e73c39"},"headline":"Jama\u00efque: L&#39;universit\u00e9 Adventiste obtient une autorisation d&#39;\u00e9mettre sur toute l&#39;ile","datePublished":"2009-03-16T04:00:00+00:00","dateModified":"2017-06-02T17:06:36+00:00","mainEntityOfPage":{"@id":"https:\/\/interamerica.org\/fr\/2009\/03\/jamaique-luniversite-adventiste-obtient-une-autorisation-demettre-sur-toute-lile\/"},"wordCount":496,"articleSection":["Archive"],"inLanguage":"fr-FR"},{"@type":"WebPage","@id":"https:\/\/interamerica.org\/fr\/2009\/03\/jamaique-luniversite-adventiste-obtient-une-autorisation-demettre-sur-toute-lile\/","url":"https:\/\/interamerica.org\/fr\/2009\/03\/jamaique-luniversite-adventiste-obtient-une-autorisation-demettre-sur-toute-lile\/","name":"Jama\u00efque: L&#39;universit\u00e9 Adventiste obtient une autorisation d&#39;\u00e9mettre sur toute l&#39;ile - \u00c9glise Adventiste Du Septieme Jour - Inter Am\u00e9rique Division","isPartOf":{"@id":"https:\/\/interamerica.org\/fr\/#website"},"datePublished":"2009-03-16T04:00:00+00:00","dateModified":"2017-06-02T17:06:36+00:00","author":{"@id":"https:\/\/interamerica.org\/fr\/#\/schema\/person\/68ede8bdc292885bb76c1e3810e73c39"},"breadcrumb":{"@id":"https:\/\/interamerica.org\/fr\/2009\/03\/jamaique-luniversite-adventiste-obtient-une-autorisation-demettre-sur-toute-lile\/#breadcrumb"},"inLanguage":"fr-FR","potentialAction":[{"@type":"ReadAction","target":["https:\/\/interamerica.org\/fr\/2009\/03\/jamaique-luniversite-adventiste-obtient-une-autorisation-demettre-sur-toute-lile\/"]}]},{"@type":"BreadcrumbList","@id":"https:\/\/interamerica.org\/fr\/2009\/03\/jamaique-luniversite-adventiste-obtient-une-autorisation-demettre-sur-toute-lile\/#breadcrumb","itemListElement":[{"@type":"ListItem","position":1,"name":"Home","item":"https:\/\/interamerica.org\/fr\/"},{"@type":"ListItem","position":2,"name":"Jama\u00efque: L&#39;universit\u00e9 Adventiste obtient une autorisation d&#39;\u00e9mettre sur toute l&#39;ile"}]},{"@type":"WebSite","@id":"https:\/\/interamerica.org\/fr\/#website","url":"https:\/\/interamerica.org\/fr\/","name":"\u00c9glise Adventiste Du Septieme Jour - Inter Am\u00e9rique Division","description":"","potentialAction":[{"@type":"SearchAction","target":{"@type":"EntryPoint","urlTemplate":"https:\/\/interamerica.org\/fr\/?s={search_term_string}"},"query-input":{"@type":"PropertyValueSpecification","valueRequired":true,"valueName":"search_term_string"}}],"inLanguage":"fr-FR"},{"@type":"Person","@id":"https:\/\/interamerica.org\/fr\/#\/schema\/person\/68ede8bdc292885bb76c1e3810e73c39","name":"Lorenzo Verduzco","image":{"@type":"ImageObject","inLanguage":"fr-FR","@id":"https:\/\/secure.gravatar.com\/avatar\/fb81a55b6218459490a9c1dc841a34909185b81904c5337b4b27f7a6fd60c49e?s=96&d=mm&r=g","url":"https:\/\/secure.gravatar.com\/avatar\/fb81a55b6218459490a9c1dc841a34909185b81904c5337b4b27f7a6fd60c49e?s=96&d=mm&r=g","contentUrl":"https:\/\/secure.gravatar.com\/avatar\/fb81a55b6218459490a9c1dc841a34909185b81904c5337b4b27f7a6fd60c49e?s=96&d=mm&r=g","caption":"Lorenzo Verduzco"}}]}},"_links":{"self":[{"href":"https:\/\/interamerica.org\/fr\/wp-json\/wp\/v2\/posts\/13128","targetHints":{"allow":["GET"]}}],"collection":[{"href":"https:\/\/interamerica.org\/fr\/wp-json\/wp\/v2\/posts"}],"about":[{"href":"https:\/\/interamerica.org\/fr\/wp-json\/wp\/v2\/types\/post"}],"author":[{"embeddable":true,"href":"https:\/\/interamerica.org\/fr\/wp-json\/wp\/v2\/users\/1"}],"replies":[{"embeddable":true,"href":"https:\/\/interamerica.org\/fr\/wp-json\/wp\/v2\/comments?post=13128"}],"version-history":[{"count":0,"href":"https:\/\/interamerica.org\/fr\/wp-json\/wp\/v2\/posts\/13128\/revisions"}],"wp:attachment":[{"href":"https:\/\/interamerica.org\/fr\/wp-json\/wp\/v2\/media?parent=13128"}],"wp:term":[{"taxonomy":"category","embeddable":true,"href":"https:\/\/interamerica.org\/fr\/wp-json\/wp\/v2\/categories?post=13128"},{"taxonomy":"post_tag","embeddable":true,"href":"https:\/\/interamerica.org\/fr\/wp-json\/wp\/v2\/tags?post=13128"}],"curies":[{"name":"wp","href":"https:\/\/api.w.org\/{rel}","templated":true}]}}