{"id":13130,"date":"2009-03-16T00:00:00","date_gmt":"2009-03-16T04:00:00","guid":{"rendered":"http:\/\/192.81.217.108\/interamerica\/2009\/03\/des-dirigeants-adventistes-ainsi-que-lambassadeur-roumain-reaffirment-leur-engagement-a-la-liberte\/"},"modified":"2017-06-02T13:06:37","modified_gmt":"2017-06-02T17:06:37","slug":"des-dirigeants-adventistes-ainsi-que-lambassadeur-roumain-reaffirment-leur-engagement-a-la-liberte","status":"publish","type":"post","link":"https:\/\/interamerica.org\/fr\/2009\/03\/des-dirigeants-adventistes-ainsi-que-lambassadeur-roumain-reaffirment-leur-engagement-a-la-liberte\/","title":{"rendered":"Des dirigeants Adventistes, ainsi que l&#39;Ambassadeur Roumain r\u00e9affirment leur engagement \u00e0 la libert\u00e9"},"content":{"rendered":"<p>12 mars 2009, Silver Spring, Maryland, Etats-Unis&#8230; Mark A. Kellner, R\u00e9dacteur des Nouvelles, Monde Adventiste\/ANN <\/p>\n<p>La pr\u00e9sence des 100.000 Chr\u00e9tiens Adventistes du Septi\u00e8me jour en Roumanie est la \u00ab\u00a0preuve\u00a0\u00bb que l&#39;\u00e9glise contribue au progr\u00e8s de la nation, a dit l&#39;Ambassadeur Adrian Vierita, \u00e9missaire de la Roumanie aupr\u00e8s des Etats-Unis, au cours d&#39;un d\u00e9jeun\u00ear qui a eu lieu aujourd&#39;hui au si\u00e8ge principal de l&#39;\u00e9glise Adventiste mondiale. <\/p>\n<p>Vierita, qui est en poste \u00e0 Washington, D.C. au cours des 14 derniers mois, a rencontr\u00e9 Jan Paulsen, pr\u00e9sident de l&#39;\u00e9glise mondiale, et des officiels de l&#39;\u00e9glise avant la rencontre  du d\u00e9jeun\u00ear.  L&#39;Eglise Adventiste du Septi\u00e8me jour a \u00e9t\u00e9 \u00e9tablie en Roumanie depuis 1868. <\/p>\n<p>Apr\u00e8s la r\u00e9volution de 1989, le message Adventiste a \u00e9t\u00e9 bien accueilli par le grand public du pays, et en recevant Vierita et sa femme, Codrina, Pasteur Paulsen a dit, \u00ab\u00a0Je veux vous remercier ainsi que votre nation pour le respect des droits de l&#39;homme,\u00a0\u00bb sp\u00e9cialement pour ce qui a rapport \u00e0 la libert\u00e9 relgieuse. <\/p>\n<p>Paulsen a aussi rappel\u00e9 que les Adventistes dirigent plus de 60 institutions \u00e9ducatives en Roumanie, et que l&#39;\u00e9ducation a toujours occup\u00e9 une place de pr\u00e9dilection chez les Adventistes du Septi\u00e8me jour.  Nous voulons \u00eatre plus (qu&#39;une) commununaut\u00e9 religieuse.\u00a0\u00bb <\/p>\n<p>Paulsen a d\u00e9clar\u00e9 \u00e0 Vierita que l&#39;\u00e9glise voudrait \u00ab\u00a0s&#39;associer \u00e0 la construction de la nation et de la communaut\u00e9.\u00a0\u00bb  Il a aussi offert le plein support de l&#39;\u00e9glise aux citoyens du pays. <\/p>\n<p>Dr. John Graz, directeur du d\u00e9partement des Affaires Publiques et de Libert\u00e9 Religieuse, a avanc\u00e9 que l&#39;Adventisme est consid\u00e9r\u00e9 comme \u00e9glise officielle de la Roumanie et a exprim\u00e9 son appr\u00e9ciation pour ce statut.  En introduisant l&#39;Ambassadeur, Graz a fait remarqu\u00e9 que Mme. Vierita \u00e9tait aussi une conseill\u00e8re \u00e0 l&#39;Ambassade Roumaine. <\/p>\n<p>Les Adventistes de Roumanie sont bien consid\u00e9r\u00e9s pour leur contribution \u00e0 la libert\u00e9 religieuse au sein d&#39;un pays qui a connu de s\u00e9v\u00e8res restrictions sur le plan des droits de l&#39;homme sous le r\u00e9gime communiste, a dit Graz. <\/p>\n<p>\u00ab\u00a0J&#39;ai un grand respect et une appr\u00e9ciation pour l&#39;Eglise Adventiste du Septi\u00e8me jour,\u00a0\u00bb a dit Vierita.  \u00ab\u00a0(Votre) Eglise est bien consid\u00e9r\u00e9e par les autorit\u00e9s Roumaines.\u00a0\u00bb  En soulignant que plusieurs des dirigeants de l&#39;\u00e9glise mondiale qui participaient au d\u00e9jeuner avaient d\u00e9j\u00e0 visit\u00e9 le pays, a-t-il poursuivi, \u00ab\u00a0Sans doute vous avez ressenti que vous \u00e9tiez les bienvenus dans mon pays.\u00a0\u00bb          <\/p>\n","protected":false},"excerpt":{"rendered":"<p>La pr\u00e9sence des 100.000 Chr\u00e9tiens Adventistes du Septi\u00e8me jour en Roumanie est la \u00ab\u00a0preuve\u00a0\u00bb que l&#39;\u00e9glise contribue au progr\u00e8s de la nation, a dit l&#39;Ambassadeur Adrian Vierita, \u00e9missaire de la Roum<\/p>\n","protected":false},"author":1,"featured_media":0,"comment_status":"closed","ping_status":"closed","sticky":false,"template":"","format":"standard","meta":{"_acf_changed":false,"footnotes":""},"categories":[9],"tags":[],"class_list":["post-13130","post","type-post","status-publish","format-standard","hentry","category-archive-fr"],"acf":[],"yoast_head":"<!-- This site is optimized with the Yoast SEO plugin v27.3 - https:\/\/yoast.com\/product\/yoast-seo-wordpress\/ -->\n<title>Des dirigeants Adventistes, ainsi que l&#039;Ambassadeur Roumain r\u00e9affirment leur engagement \u00e0 la libert\u00e9 - \u00c9glise Adventiste Du Septieme Jour - Inter Am\u00e9rique Division<\/title>\n<meta name=\"robots\" content=\"index, follow, max-snippet:-1, max-image-preview:large, max-video-preview:-1\" \/>\n<link rel=\"canonical\" href=\"https:\/\/interamerica.org\/fr\/2009\/03\/des-dirigeants-adventistes-ainsi-que-lambassadeur-roumain-reaffirment-leur-engagement-a-la-liberte\/\" \/>\n<meta property=\"og:locale\" content=\"fr_FR\" \/>\n<meta property=\"og:type\" content=\"article\" \/>\n<meta property=\"og:title\" content=\"Des dirigeants Adventistes, ainsi que l&#039;Ambassadeur Roumain r\u00e9affirment leur engagement \u00e0 la libert\u00e9 - \u00c9glise Adventiste Du Septieme Jour - Inter Am\u00e9rique Division\" \/>\n<meta property=\"og:description\" content=\"La pr\u00e9sence des 100.000 Chr\u00e9tiens Adventistes du Septi\u00e8me jour en Roumanie est la &quot;preuve&quot; que l&#039;\u00e9glise contribue au progr\u00e8s de la nation, a dit l&#039;Ambassadeur Adrian Vierita, \u00e9missaire de la Roum\" \/>\n<meta property=\"og:url\" content=\"https:\/\/interamerica.org\/fr\/2009\/03\/des-dirigeants-adventistes-ainsi-que-lambassadeur-roumain-reaffirment-leur-engagement-a-la-liberte\/\" \/>\n<meta property=\"og:site_name\" content=\"\u00c9glise Adventiste Du Septieme Jour - Inter Am\u00e9rique Division\" \/>\n<meta property=\"article:published_time\" content=\"2009-03-16T04:00:00+00:00\" \/>\n<meta property=\"article:modified_time\" content=\"2017-06-02T17:06:37+00:00\" \/>\n<meta name=\"author\" content=\"Lorenzo Verduzco\" \/>\n<meta name=\"twitter:card\" content=\"summary_large_image\" \/>\n<meta name=\"twitter:label1\" content=\"\u00c9crit par\" \/>\n\t<meta name=\"twitter:data1\" content=\"Lorenzo Verduzco\" \/>\n\t<meta name=\"twitter:label2\" content=\"Dur\u00e9e de lecture estim\u00e9e\" \/>\n\t<meta name=\"twitter:data2\" content=\"2 minutes\" \/>\n<script type=\"application\/ld+json\" class=\"yoast-schema-graph\">{\"@context\":\"https:\\\/\\\/schema.org\",\"@graph\":[{\"@type\":\"Article\",\"@id\":\"https:\\\/\\\/interamerica.org\\\/fr\\\/2009\\\/03\\\/des-dirigeants-adventistes-ainsi-que-lambassadeur-roumain-reaffirment-leur-engagement-a-la-liberte\\\/#article\",\"isPartOf\":{\"@id\":\"https:\\\/\\\/interamerica.org\\\/fr\\\/2009\\\/03\\\/des-dirigeants-adventistes-ainsi-que-lambassadeur-roumain-reaffirment-leur-engagement-a-la-liberte\\\/\"},\"author\":{\"name\":\"Lorenzo Verduzco\",\"@id\":\"https:\\\/\\\/interamerica.org\\\/fr\\\/#\\\/schema\\\/person\\\/68ede8bdc292885bb76c1e3810e73c39\"},\"headline\":\"Des dirigeants Adventistes, ainsi que l&#39;Ambassadeur Roumain r\u00e9affirment leur engagement \u00e0 la libert\u00e9\",\"datePublished\":\"2009-03-16T04:00:00+00:00\",\"dateModified\":\"2017-06-02T17:06:37+00:00\",\"mainEntityOfPage\":{\"@id\":\"https:\\\/\\\/interamerica.org\\\/fr\\\/2009\\\/03\\\/des-dirigeants-adventistes-ainsi-que-lambassadeur-roumain-reaffirment-leur-engagement-a-la-liberte\\\/\"},\"wordCount\":440,\"articleSection\":[\"Archive\"],\"inLanguage\":\"fr-FR\"},{\"@type\":\"WebPage\",\"@id\":\"https:\\\/\\\/interamerica.org\\\/fr\\\/2009\\\/03\\\/des-dirigeants-adventistes-ainsi-que-lambassadeur-roumain-reaffirment-leur-engagement-a-la-liberte\\\/\",\"url\":\"https:\\\/\\\/interamerica.org\\\/fr\\\/2009\\\/03\\\/des-dirigeants-adventistes-ainsi-que-lambassadeur-roumain-reaffirment-leur-engagement-a-la-liberte\\\/\",\"name\":\"Des dirigeants Adventistes, ainsi que l&#39;Ambassadeur Roumain r\u00e9affirment leur engagement \u00e0 la libert\u00e9 - \u00c9glise Adventiste Du Septieme Jour - Inter Am\u00e9rique Division\",\"isPartOf\":{\"@id\":\"https:\\\/\\\/interamerica.org\\\/fr\\\/#website\"},\"datePublished\":\"2009-03-16T04:00:00+00:00\",\"dateModified\":\"2017-06-02T17:06:37+00:00\",\"author\":{\"@id\":\"https:\\\/\\\/interamerica.org\\\/fr\\\/#\\\/schema\\\/person\\\/68ede8bdc292885bb76c1e3810e73c39\"},\"breadcrumb\":{\"@id\":\"https:\\\/\\\/interamerica.org\\\/fr\\\/2009\\\/03\\\/des-dirigeants-adventistes-ainsi-que-lambassadeur-roumain-reaffirment-leur-engagement-a-la-liberte\\\/#breadcrumb\"},\"inLanguage\":\"fr-FR\",\"potentialAction\":[{\"@type\":\"ReadAction\",\"target\":[\"https:\\\/\\\/interamerica.org\\\/fr\\\/2009\\\/03\\\/des-dirigeants-adventistes-ainsi-que-lambassadeur-roumain-reaffirment-leur-engagement-a-la-liberte\\\/\"]}]},{\"@type\":\"BreadcrumbList\",\"@id\":\"https:\\\/\\\/interamerica.org\\\/fr\\\/2009\\\/03\\\/des-dirigeants-adventistes-ainsi-que-lambassadeur-roumain-reaffirment-leur-engagement-a-la-liberte\\\/#breadcrumb\",\"itemListElement\":[{\"@type\":\"ListItem\",\"position\":1,\"name\":\"Home\",\"item\":\"https:\\\/\\\/interamerica.org\\\/fr\\\/\"},{\"@type\":\"ListItem\",\"position\":2,\"name\":\"Des dirigeants Adventistes, ainsi que l&#39;Ambassadeur Roumain r\u00e9affirment leur engagement \u00e0 la libert\u00e9\"}]},{\"@type\":\"WebSite\",\"@id\":\"https:\\\/\\\/interamerica.org\\\/fr\\\/#website\",\"url\":\"https:\\\/\\\/interamerica.org\\\/fr\\\/\",\"name\":\"\u00c9glise Adventiste Du Septieme Jour - Inter Am\u00e9rique Division\",\"description\":\"\",\"potentialAction\":[{\"@type\":\"SearchAction\",\"target\":{\"@type\":\"EntryPoint\",\"urlTemplate\":\"https:\\\/\\\/interamerica.org\\\/fr\\\/?s={search_term_string}\"},\"query-input\":{\"@type\":\"PropertyValueSpecification\",\"valueRequired\":true,\"valueName\":\"search_term_string\"}}],\"inLanguage\":\"fr-FR\"},{\"@type\":\"Person\",\"@id\":\"https:\\\/\\\/interamerica.org\\\/fr\\\/#\\\/schema\\\/person\\\/68ede8bdc292885bb76c1e3810e73c39\",\"name\":\"Lorenzo Verduzco\",\"image\":{\"@type\":\"ImageObject\",\"inLanguage\":\"fr-FR\",\"@id\":\"https:\\\/\\\/secure.gravatar.com\\\/avatar\\\/fb81a55b6218459490a9c1dc841a34909185b81904c5337b4b27f7a6fd60c49e?s=96&d=mm&r=g\",\"url\":\"https:\\\/\\\/secure.gravatar.com\\\/avatar\\\/fb81a55b6218459490a9c1dc841a34909185b81904c5337b4b27f7a6fd60c49e?s=96&d=mm&r=g\",\"contentUrl\":\"https:\\\/\\\/secure.gravatar.com\\\/avatar\\\/fb81a55b6218459490a9c1dc841a34909185b81904c5337b4b27f7a6fd60c49e?s=96&d=mm&r=g\",\"caption\":\"Lorenzo Verduzco\"}}]}<\/script>\n<!-- \/ Yoast SEO plugin. -->","yoast_head_json":{"title":"Des dirigeants Adventistes, ainsi que l&#39;Ambassadeur Roumain r\u00e9affirment leur engagement \u00e0 la libert\u00e9 - \u00c9glise Adventiste Du Septieme Jour - Inter Am\u00e9rique Division","robots":{"index":"index","follow":"follow","max-snippet":"max-snippet:-1","max-image-preview":"max-image-preview:large","max-video-preview":"max-video-preview:-1"},"canonical":"https:\/\/interamerica.org\/fr\/2009\/03\/des-dirigeants-adventistes-ainsi-que-lambassadeur-roumain-reaffirment-leur-engagement-a-la-liberte\/","og_locale":"fr_FR","og_type":"article","og_title":"Des dirigeants Adventistes, ainsi que l&#39;Ambassadeur Roumain r\u00e9affirment leur engagement \u00e0 la libert\u00e9 - \u00c9glise Adventiste Du Septieme Jour - Inter Am\u00e9rique Division","og_description":"La pr\u00e9sence des 100.000 Chr\u00e9tiens Adventistes du Septi\u00e8me jour en Roumanie est la \"preuve\" que l&#39;\u00e9glise contribue au progr\u00e8s de la nation, a dit l&#39;Ambassadeur Adrian Vierita, \u00e9missaire de la Roum","og_url":"https:\/\/interamerica.org\/fr\/2009\/03\/des-dirigeants-adventistes-ainsi-que-lambassadeur-roumain-reaffirment-leur-engagement-a-la-liberte\/","og_site_name":"\u00c9glise Adventiste Du Septieme Jour - Inter Am\u00e9rique Division","article_published_time":"2009-03-16T04:00:00+00:00","article_modified_time":"2017-06-02T17:06:37+00:00","author":"Lorenzo Verduzco","twitter_card":"summary_large_image","twitter_misc":{"\u00c9crit par":"Lorenzo Verduzco","Dur\u00e9e de lecture estim\u00e9e":"2 minutes"},"schema":{"@context":"https:\/\/schema.org","@graph":[{"@type":"Article","@id":"https:\/\/interamerica.org\/fr\/2009\/03\/des-dirigeants-adventistes-ainsi-que-lambassadeur-roumain-reaffirment-leur-engagement-a-la-liberte\/#article","isPartOf":{"@id":"https:\/\/interamerica.org\/fr\/2009\/03\/des-dirigeants-adventistes-ainsi-que-lambassadeur-roumain-reaffirment-leur-engagement-a-la-liberte\/"},"author":{"name":"Lorenzo Verduzco","@id":"https:\/\/interamerica.org\/fr\/#\/schema\/person\/68ede8bdc292885bb76c1e3810e73c39"},"headline":"Des dirigeants Adventistes, ainsi que l&#39;Ambassadeur Roumain r\u00e9affirment leur engagement \u00e0 la libert\u00e9","datePublished":"2009-03-16T04:00:00+00:00","dateModified":"2017-06-02T17:06:37+00:00","mainEntityOfPage":{"@id":"https:\/\/interamerica.org\/fr\/2009\/03\/des-dirigeants-adventistes-ainsi-que-lambassadeur-roumain-reaffirment-leur-engagement-a-la-liberte\/"},"wordCount":440,"articleSection":["Archive"],"inLanguage":"fr-FR"},{"@type":"WebPage","@id":"https:\/\/interamerica.org\/fr\/2009\/03\/des-dirigeants-adventistes-ainsi-que-lambassadeur-roumain-reaffirment-leur-engagement-a-la-liberte\/","url":"https:\/\/interamerica.org\/fr\/2009\/03\/des-dirigeants-adventistes-ainsi-que-lambassadeur-roumain-reaffirment-leur-engagement-a-la-liberte\/","name":"Des dirigeants Adventistes, ainsi que l&#39;Ambassadeur Roumain r\u00e9affirment leur engagement \u00e0 la libert\u00e9 - \u00c9glise Adventiste Du Septieme Jour - Inter Am\u00e9rique Division","isPartOf":{"@id":"https:\/\/interamerica.org\/fr\/#website"},"datePublished":"2009-03-16T04:00:00+00:00","dateModified":"2017-06-02T17:06:37+00:00","author":{"@id":"https:\/\/interamerica.org\/fr\/#\/schema\/person\/68ede8bdc292885bb76c1e3810e73c39"},"breadcrumb":{"@id":"https:\/\/interamerica.org\/fr\/2009\/03\/des-dirigeants-adventistes-ainsi-que-lambassadeur-roumain-reaffirment-leur-engagement-a-la-liberte\/#breadcrumb"},"inLanguage":"fr-FR","potentialAction":[{"@type":"ReadAction","target":["https:\/\/interamerica.org\/fr\/2009\/03\/des-dirigeants-adventistes-ainsi-que-lambassadeur-roumain-reaffirment-leur-engagement-a-la-liberte\/"]}]},{"@type":"BreadcrumbList","@id":"https:\/\/interamerica.org\/fr\/2009\/03\/des-dirigeants-adventistes-ainsi-que-lambassadeur-roumain-reaffirment-leur-engagement-a-la-liberte\/#breadcrumb","itemListElement":[{"@type":"ListItem","position":1,"name":"Home","item":"https:\/\/interamerica.org\/fr\/"},{"@type":"ListItem","position":2,"name":"Des dirigeants Adventistes, ainsi que l&#39;Ambassadeur Roumain r\u00e9affirment leur engagement \u00e0 la libert\u00e9"}]},{"@type":"WebSite","@id":"https:\/\/interamerica.org\/fr\/#website","url":"https:\/\/interamerica.org\/fr\/","name":"\u00c9glise Adventiste Du Septieme Jour - Inter Am\u00e9rique Division","description":"","potentialAction":[{"@type":"SearchAction","target":{"@type":"EntryPoint","urlTemplate":"https:\/\/interamerica.org\/fr\/?s={search_term_string}"},"query-input":{"@type":"PropertyValueSpecification","valueRequired":true,"valueName":"search_term_string"}}],"inLanguage":"fr-FR"},{"@type":"Person","@id":"https:\/\/interamerica.org\/fr\/#\/schema\/person\/68ede8bdc292885bb76c1e3810e73c39","name":"Lorenzo Verduzco","image":{"@type":"ImageObject","inLanguage":"fr-FR","@id":"https:\/\/secure.gravatar.com\/avatar\/fb81a55b6218459490a9c1dc841a34909185b81904c5337b4b27f7a6fd60c49e?s=96&d=mm&r=g","url":"https:\/\/secure.gravatar.com\/avatar\/fb81a55b6218459490a9c1dc841a34909185b81904c5337b4b27f7a6fd60c49e?s=96&d=mm&r=g","contentUrl":"https:\/\/secure.gravatar.com\/avatar\/fb81a55b6218459490a9c1dc841a34909185b81904c5337b4b27f7a6fd60c49e?s=96&d=mm&r=g","caption":"Lorenzo Verduzco"}}]}},"_links":{"self":[{"href":"https:\/\/interamerica.org\/fr\/wp-json\/wp\/v2\/posts\/13130","targetHints":{"allow":["GET"]}}],"collection":[{"href":"https:\/\/interamerica.org\/fr\/wp-json\/wp\/v2\/posts"}],"about":[{"href":"https:\/\/interamerica.org\/fr\/wp-json\/wp\/v2\/types\/post"}],"author":[{"embeddable":true,"href":"https:\/\/interamerica.org\/fr\/wp-json\/wp\/v2\/users\/1"}],"replies":[{"embeddable":true,"href":"https:\/\/interamerica.org\/fr\/wp-json\/wp\/v2\/comments?post=13130"}],"version-history":[{"count":0,"href":"https:\/\/interamerica.org\/fr\/wp-json\/wp\/v2\/posts\/13130\/revisions"}],"wp:attachment":[{"href":"https:\/\/interamerica.org\/fr\/wp-json\/wp\/v2\/media?parent=13130"}],"wp:term":[{"taxonomy":"category","embeddable":true,"href":"https:\/\/interamerica.org\/fr\/wp-json\/wp\/v2\/categories?post=13130"},{"taxonomy":"post_tag","embeddable":true,"href":"https:\/\/interamerica.org\/fr\/wp-json\/wp\/v2\/tags?post=13130"}],"curies":[{"name":"wp","href":"https:\/\/api.w.org\/{rel}","templated":true}]}}