{"id":13131,"date":"2009-03-17T00:00:00","date_gmt":"2009-03-17T04:00:00","guid":{"rendered":"http:\/\/192.81.217.108\/interamerica\/2009\/03\/des-organisations-adventistes-de-bienfaisance-honorent-le-jour-mondial-de-leau\/"},"modified":"2017-06-02T13:06:35","modified_gmt":"2017-06-02T17:06:35","slug":"des-organisations-adventistes-de-bienfaisance-honorent-le-jour-mondial-de-leau","status":"publish","type":"post","link":"https:\/\/interamerica.org\/fr\/2009\/03\/des-organisations-adventistes-de-bienfaisance-honorent-le-jour-mondial-de-leau\/","title":{"rendered":"Des organisations Adventistes de bienfaisance honorent le Jour Mondial de l&#39;Eau"},"content":{"rendered":"<p>17 mars 2009, Silver Spring, Maryland, Etats-Unis&#8230; Staff ANN <\/p>\n<p>Des organisations Adventistes de bienfaisance observent le Jour Mondial de l&#39;Eau le 22 mars en poursuivant la construction de puits durables et am\u00e9liorer le syst\u00e8me sanitaire de centaines de milliers de personnes \u00e0 travers le monde. <\/p>\n<p>Le Jour Mondial de l&#39;Eau, choisi en 1993 apr\u00e8s la Conf\u00e9rence des Nations Unies sur l&#39;Environnement et le D\u00e9veloppement (UNCED), est un jour international destin\u00e9 \u00e0 promouvoir la conscientisation sur le probl\u00e8me d&#39;un milliard de gens qui n&#39;ont pas acc\u00e8s \u00e0 l&#39;eau potable. <\/p>\n<p>En Mozambique, l&#39;Agence Adventiste de D\u00e9veloppement et de Secours (ADRA) ainsi que les Volontaires de Maranatha International travaillent en vue d&#39;assurer un meilleur acc\u00e8s \u00e0 l&#39;eau potable, \u00e0 ce pays o\u00f9 70 pour cent de la population vit sans cette eau, d&#39;apr\u00e8s ce qu&#39;ont d\u00e9clar\u00e9 les dirigeants de ces organisations. <\/p>\n<p>ADRA, l&#39;organisation internationale de bienfaisance de l&#39;Eglise Adventiste du Septi\u00e8me jour, s&#39;associe \u00e0 l&#39;organisation de secours \u00ab\u00a0Samaritan&#39;s Purse pour l&#39;execution d&#39;un projet de plusieurs milliers de dollars qui inclut la distribution de l&#39;eau potable \u00e0 des milliers de Mozambicains. Les organisations assurent des m\u00e9thodes de filtration de l&#39;eau et la r\u00e9paration des pompes manuelles et le forage de puits. <\/p>\n<p>Les Volontaires de Maranatha International, une organisation de support de l&#39;Eglise Adventiste, a d\u00e9j\u00e0 achev\u00e9 le forage de 100 puits assez profonds en Monzambique et fait des plans pour forer environ 700 autres puits dans l&#39;avenir.  Plus de 400.000 personnes auront acc\u00e8s \u00e0 l&#39;eau potable apr\u00e8s que ces puits seront for\u00e9s. <\/p>\n<p>Un autre projet d&#39;ADRA pourvoira de l&#39;eau pure \u00e0 plus de 14.000 habitants des \u00eeles de Little Andaman, d&#39;Andaman et de Nicobar, qui font toutes partie du territoire de l&#39;Inde.  Le projet, qui a d\u00e9but\u00e9 en 2007, consiste \u00e0 r\u00e9habiliter les puits et am\u00e9liorer l&#39;hygi\u00e8ne de l&#39;eau dans les \u00eeles d\u00e9vast\u00e9es par le tsunami de d\u00e9cembre 2004. <\/p>\n<p>Pour plus d&#39;informations concernant  les projets se rapportant \u00e0 l&#39;eau, visitez adra.org et maranatha.org  <\/p><\/p>\n","protected":false},"excerpt":{"rendered":"<p>Des organisations Adventistes de bienfaisance observent le Jour Mondial de l&#39;Eau le 22 mars en poursuivant la construction de puits durables et am\u00e9liorer le syst\u00e8me sanitaire de centaines de milliers de personnes \u00e0 travers le mond<\/p>\n","protected":false},"author":1,"featured_media":0,"comment_status":"closed","ping_status":"closed","sticky":false,"template":"","format":"standard","meta":{"_acf_changed":false,"footnotes":""},"categories":[9],"tags":[],"class_list":["post-13131","post","type-post","status-publish","format-standard","hentry","category-archive-fr"],"acf":[],"yoast_head":"<!-- This site is optimized with the Yoast SEO plugin v27.3 - https:\/\/yoast.com\/product\/yoast-seo-wordpress\/ -->\n<title>Des organisations Adventistes de bienfaisance honorent le Jour Mondial de l&#039;Eau - \u00c9glise Adventiste Du Septieme Jour - Inter Am\u00e9rique Division<\/title>\n<meta name=\"robots\" content=\"index, follow, max-snippet:-1, max-image-preview:large, max-video-preview:-1\" \/>\n<link rel=\"canonical\" href=\"https:\/\/interamerica.org\/fr\/2009\/03\/des-organisations-adventistes-de-bienfaisance-honorent-le-jour-mondial-de-leau\/\" \/>\n<meta property=\"og:locale\" content=\"fr_FR\" \/>\n<meta property=\"og:type\" content=\"article\" \/>\n<meta property=\"og:title\" content=\"Des organisations Adventistes de bienfaisance honorent le Jour Mondial de l&#039;Eau - \u00c9glise Adventiste Du Septieme Jour - Inter Am\u00e9rique Division\" \/>\n<meta property=\"og:description\" content=\"Des organisations Adventistes de bienfaisance observent le Jour Mondial de l&#039;Eau le 22 mars en poursuivant la construction de puits durables et am\u00e9liorer le syst\u00e8me sanitaire de centaines de milliers de personnes \u00e0 travers le mond\" \/>\n<meta property=\"og:url\" content=\"https:\/\/interamerica.org\/fr\/2009\/03\/des-organisations-adventistes-de-bienfaisance-honorent-le-jour-mondial-de-leau\/\" \/>\n<meta property=\"og:site_name\" content=\"\u00c9glise Adventiste Du Septieme Jour - Inter Am\u00e9rique Division\" \/>\n<meta property=\"article:published_time\" content=\"2009-03-17T04:00:00+00:00\" \/>\n<meta property=\"article:modified_time\" content=\"2017-06-02T17:06:35+00:00\" \/>\n<meta name=\"author\" content=\"Lorenzo Verduzco\" \/>\n<meta name=\"twitter:card\" content=\"summary_large_image\" \/>\n<meta name=\"twitter:label1\" content=\"\u00c9crit par\" \/>\n\t<meta name=\"twitter:data1\" content=\"Lorenzo Verduzco\" \/>\n\t<meta name=\"twitter:label2\" content=\"Dur\u00e9e de lecture estim\u00e9e\" \/>\n\t<meta name=\"twitter:data2\" content=\"2 minutes\" \/>\n<script type=\"application\/ld+json\" class=\"yoast-schema-graph\">{\"@context\":\"https:\\\/\\\/schema.org\",\"@graph\":[{\"@type\":\"Article\",\"@id\":\"https:\\\/\\\/interamerica.org\\\/fr\\\/2009\\\/03\\\/des-organisations-adventistes-de-bienfaisance-honorent-le-jour-mondial-de-leau\\\/#article\",\"isPartOf\":{\"@id\":\"https:\\\/\\\/interamerica.org\\\/fr\\\/2009\\\/03\\\/des-organisations-adventistes-de-bienfaisance-honorent-le-jour-mondial-de-leau\\\/\"},\"author\":{\"name\":\"Lorenzo Verduzco\",\"@id\":\"https:\\\/\\\/interamerica.org\\\/fr\\\/#\\\/schema\\\/person\\\/68ede8bdc292885bb76c1e3810e73c39\"},\"headline\":\"Des organisations Adventistes de bienfaisance honorent le Jour Mondial de l&#39;Eau\",\"datePublished\":\"2009-03-17T04:00:00+00:00\",\"dateModified\":\"2017-06-02T17:06:35+00:00\",\"mainEntityOfPage\":{\"@id\":\"https:\\\/\\\/interamerica.org\\\/fr\\\/2009\\\/03\\\/des-organisations-adventistes-de-bienfaisance-honorent-le-jour-mondial-de-leau\\\/\"},\"wordCount\":367,\"articleSection\":[\"Archive\"],\"inLanguage\":\"fr-FR\"},{\"@type\":\"WebPage\",\"@id\":\"https:\\\/\\\/interamerica.org\\\/fr\\\/2009\\\/03\\\/des-organisations-adventistes-de-bienfaisance-honorent-le-jour-mondial-de-leau\\\/\",\"url\":\"https:\\\/\\\/interamerica.org\\\/fr\\\/2009\\\/03\\\/des-organisations-adventistes-de-bienfaisance-honorent-le-jour-mondial-de-leau\\\/\",\"name\":\"Des organisations Adventistes de bienfaisance honorent le Jour Mondial de l&#39;Eau - \u00c9glise Adventiste Du Septieme Jour - Inter Am\u00e9rique Division\",\"isPartOf\":{\"@id\":\"https:\\\/\\\/interamerica.org\\\/fr\\\/#website\"},\"datePublished\":\"2009-03-17T04:00:00+00:00\",\"dateModified\":\"2017-06-02T17:06:35+00:00\",\"author\":{\"@id\":\"https:\\\/\\\/interamerica.org\\\/fr\\\/#\\\/schema\\\/person\\\/68ede8bdc292885bb76c1e3810e73c39\"},\"breadcrumb\":{\"@id\":\"https:\\\/\\\/interamerica.org\\\/fr\\\/2009\\\/03\\\/des-organisations-adventistes-de-bienfaisance-honorent-le-jour-mondial-de-leau\\\/#breadcrumb\"},\"inLanguage\":\"fr-FR\",\"potentialAction\":[{\"@type\":\"ReadAction\",\"target\":[\"https:\\\/\\\/interamerica.org\\\/fr\\\/2009\\\/03\\\/des-organisations-adventistes-de-bienfaisance-honorent-le-jour-mondial-de-leau\\\/\"]}]},{\"@type\":\"BreadcrumbList\",\"@id\":\"https:\\\/\\\/interamerica.org\\\/fr\\\/2009\\\/03\\\/des-organisations-adventistes-de-bienfaisance-honorent-le-jour-mondial-de-leau\\\/#breadcrumb\",\"itemListElement\":[{\"@type\":\"ListItem\",\"position\":1,\"name\":\"Home\",\"item\":\"https:\\\/\\\/interamerica.org\\\/fr\\\/\"},{\"@type\":\"ListItem\",\"position\":2,\"name\":\"Des organisations Adventistes de bienfaisance honorent le Jour Mondial de l&#39;Eau\"}]},{\"@type\":\"WebSite\",\"@id\":\"https:\\\/\\\/interamerica.org\\\/fr\\\/#website\",\"url\":\"https:\\\/\\\/interamerica.org\\\/fr\\\/\",\"name\":\"\u00c9glise Adventiste Du Septieme Jour - Inter Am\u00e9rique Division\",\"description\":\"\",\"potentialAction\":[{\"@type\":\"SearchAction\",\"target\":{\"@type\":\"EntryPoint\",\"urlTemplate\":\"https:\\\/\\\/interamerica.org\\\/fr\\\/?s={search_term_string}\"},\"query-input\":{\"@type\":\"PropertyValueSpecification\",\"valueRequired\":true,\"valueName\":\"search_term_string\"}}],\"inLanguage\":\"fr-FR\"},{\"@type\":\"Person\",\"@id\":\"https:\\\/\\\/interamerica.org\\\/fr\\\/#\\\/schema\\\/person\\\/68ede8bdc292885bb76c1e3810e73c39\",\"name\":\"Lorenzo Verduzco\",\"image\":{\"@type\":\"ImageObject\",\"inLanguage\":\"fr-FR\",\"@id\":\"https:\\\/\\\/secure.gravatar.com\\\/avatar\\\/fb81a55b6218459490a9c1dc841a34909185b81904c5337b4b27f7a6fd60c49e?s=96&d=mm&r=g\",\"url\":\"https:\\\/\\\/secure.gravatar.com\\\/avatar\\\/fb81a55b6218459490a9c1dc841a34909185b81904c5337b4b27f7a6fd60c49e?s=96&d=mm&r=g\",\"contentUrl\":\"https:\\\/\\\/secure.gravatar.com\\\/avatar\\\/fb81a55b6218459490a9c1dc841a34909185b81904c5337b4b27f7a6fd60c49e?s=96&d=mm&r=g\",\"caption\":\"Lorenzo Verduzco\"}}]}<\/script>\n<!-- \/ Yoast SEO plugin. -->","yoast_head_json":{"title":"Des organisations Adventistes de bienfaisance honorent le Jour Mondial de l&#39;Eau - \u00c9glise Adventiste Du Septieme Jour - Inter Am\u00e9rique Division","robots":{"index":"index","follow":"follow","max-snippet":"max-snippet:-1","max-image-preview":"max-image-preview:large","max-video-preview":"max-video-preview:-1"},"canonical":"https:\/\/interamerica.org\/fr\/2009\/03\/des-organisations-adventistes-de-bienfaisance-honorent-le-jour-mondial-de-leau\/","og_locale":"fr_FR","og_type":"article","og_title":"Des organisations Adventistes de bienfaisance honorent le Jour Mondial de l&#39;Eau - \u00c9glise Adventiste Du Septieme Jour - Inter Am\u00e9rique Division","og_description":"Des organisations Adventistes de bienfaisance observent le Jour Mondial de l&#39;Eau le 22 mars en poursuivant la construction de puits durables et am\u00e9liorer le syst\u00e8me sanitaire de centaines de milliers de personnes \u00e0 travers le mond","og_url":"https:\/\/interamerica.org\/fr\/2009\/03\/des-organisations-adventistes-de-bienfaisance-honorent-le-jour-mondial-de-leau\/","og_site_name":"\u00c9glise Adventiste Du Septieme Jour - Inter Am\u00e9rique Division","article_published_time":"2009-03-17T04:00:00+00:00","article_modified_time":"2017-06-02T17:06:35+00:00","author":"Lorenzo Verduzco","twitter_card":"summary_large_image","twitter_misc":{"\u00c9crit par":"Lorenzo Verduzco","Dur\u00e9e de lecture estim\u00e9e":"2 minutes"},"schema":{"@context":"https:\/\/schema.org","@graph":[{"@type":"Article","@id":"https:\/\/interamerica.org\/fr\/2009\/03\/des-organisations-adventistes-de-bienfaisance-honorent-le-jour-mondial-de-leau\/#article","isPartOf":{"@id":"https:\/\/interamerica.org\/fr\/2009\/03\/des-organisations-adventistes-de-bienfaisance-honorent-le-jour-mondial-de-leau\/"},"author":{"name":"Lorenzo Verduzco","@id":"https:\/\/interamerica.org\/fr\/#\/schema\/person\/68ede8bdc292885bb76c1e3810e73c39"},"headline":"Des organisations Adventistes de bienfaisance honorent le Jour Mondial de l&#39;Eau","datePublished":"2009-03-17T04:00:00+00:00","dateModified":"2017-06-02T17:06:35+00:00","mainEntityOfPage":{"@id":"https:\/\/interamerica.org\/fr\/2009\/03\/des-organisations-adventistes-de-bienfaisance-honorent-le-jour-mondial-de-leau\/"},"wordCount":367,"articleSection":["Archive"],"inLanguage":"fr-FR"},{"@type":"WebPage","@id":"https:\/\/interamerica.org\/fr\/2009\/03\/des-organisations-adventistes-de-bienfaisance-honorent-le-jour-mondial-de-leau\/","url":"https:\/\/interamerica.org\/fr\/2009\/03\/des-organisations-adventistes-de-bienfaisance-honorent-le-jour-mondial-de-leau\/","name":"Des organisations Adventistes de bienfaisance honorent le Jour Mondial de l&#39;Eau - \u00c9glise Adventiste Du Septieme Jour - Inter Am\u00e9rique Division","isPartOf":{"@id":"https:\/\/interamerica.org\/fr\/#website"},"datePublished":"2009-03-17T04:00:00+00:00","dateModified":"2017-06-02T17:06:35+00:00","author":{"@id":"https:\/\/interamerica.org\/fr\/#\/schema\/person\/68ede8bdc292885bb76c1e3810e73c39"},"breadcrumb":{"@id":"https:\/\/interamerica.org\/fr\/2009\/03\/des-organisations-adventistes-de-bienfaisance-honorent-le-jour-mondial-de-leau\/#breadcrumb"},"inLanguage":"fr-FR","potentialAction":[{"@type":"ReadAction","target":["https:\/\/interamerica.org\/fr\/2009\/03\/des-organisations-adventistes-de-bienfaisance-honorent-le-jour-mondial-de-leau\/"]}]},{"@type":"BreadcrumbList","@id":"https:\/\/interamerica.org\/fr\/2009\/03\/des-organisations-adventistes-de-bienfaisance-honorent-le-jour-mondial-de-leau\/#breadcrumb","itemListElement":[{"@type":"ListItem","position":1,"name":"Home","item":"https:\/\/interamerica.org\/fr\/"},{"@type":"ListItem","position":2,"name":"Des organisations Adventistes de bienfaisance honorent le Jour Mondial de l&#39;Eau"}]},{"@type":"WebSite","@id":"https:\/\/interamerica.org\/fr\/#website","url":"https:\/\/interamerica.org\/fr\/","name":"\u00c9glise Adventiste Du Septieme Jour - Inter Am\u00e9rique Division","description":"","potentialAction":[{"@type":"SearchAction","target":{"@type":"EntryPoint","urlTemplate":"https:\/\/interamerica.org\/fr\/?s={search_term_string}"},"query-input":{"@type":"PropertyValueSpecification","valueRequired":true,"valueName":"search_term_string"}}],"inLanguage":"fr-FR"},{"@type":"Person","@id":"https:\/\/interamerica.org\/fr\/#\/schema\/person\/68ede8bdc292885bb76c1e3810e73c39","name":"Lorenzo Verduzco","image":{"@type":"ImageObject","inLanguage":"fr-FR","@id":"https:\/\/secure.gravatar.com\/avatar\/fb81a55b6218459490a9c1dc841a34909185b81904c5337b4b27f7a6fd60c49e?s=96&d=mm&r=g","url":"https:\/\/secure.gravatar.com\/avatar\/fb81a55b6218459490a9c1dc841a34909185b81904c5337b4b27f7a6fd60c49e?s=96&d=mm&r=g","contentUrl":"https:\/\/secure.gravatar.com\/avatar\/fb81a55b6218459490a9c1dc841a34909185b81904c5337b4b27f7a6fd60c49e?s=96&d=mm&r=g","caption":"Lorenzo Verduzco"}}]}},"_links":{"self":[{"href":"https:\/\/interamerica.org\/fr\/wp-json\/wp\/v2\/posts\/13131","targetHints":{"allow":["GET"]}}],"collection":[{"href":"https:\/\/interamerica.org\/fr\/wp-json\/wp\/v2\/posts"}],"about":[{"href":"https:\/\/interamerica.org\/fr\/wp-json\/wp\/v2\/types\/post"}],"author":[{"embeddable":true,"href":"https:\/\/interamerica.org\/fr\/wp-json\/wp\/v2\/users\/1"}],"replies":[{"embeddable":true,"href":"https:\/\/interamerica.org\/fr\/wp-json\/wp\/v2\/comments?post=13131"}],"version-history":[{"count":0,"href":"https:\/\/interamerica.org\/fr\/wp-json\/wp\/v2\/posts\/13131\/revisions"}],"wp:attachment":[{"href":"https:\/\/interamerica.org\/fr\/wp-json\/wp\/v2\/media?parent=13131"}],"wp:term":[{"taxonomy":"category","embeddable":true,"href":"https:\/\/interamerica.org\/fr\/wp-json\/wp\/v2\/categories?post=13131"},{"taxonomy":"post_tag","embeddable":true,"href":"https:\/\/interamerica.org\/fr\/wp-json\/wp\/v2\/tags?post=13131"}],"curies":[{"name":"wp","href":"https:\/\/api.w.org\/{rel}","templated":true}]}}