{"id":13135,"date":"2009-03-24T00:00:00","date_gmt":"2009-03-24T04:00:00","guid":{"rendered":"http:\/\/192.81.217.108\/interamerica\/2009\/03\/la-chaine-de-television-de-leglise-adventiste-debute-la-construction-dun-nouveau-studio\/"},"modified":"2017-06-02T13:06:33","modified_gmt":"2017-06-02T17:06:33","slug":"la-chaine-de-television-de-leglise-adventiste-debute-la-construction-dun-nouveau-studio","status":"publish","type":"post","link":"https:\/\/interamerica.org\/fr\/2009\/03\/la-chaine-de-television-de-leglise-adventiste-debute-la-construction-dun-nouveau-studio\/","title":{"rendered":"La chaine de t\u00e9l\u00e9vision de l&#39;\u00e9glise Adventiste d\u00e9bute la construction d&#39;un nouveau studio"},"content":{"rendered":"<p><em >24 mars 2009, Silver Spring, Maryland<\/em >, Etats-Unis&#8230;AZnsel Oliver&#8230;ANN <\/p>\n<p>Depuis son lancement en 2003, la chaine de t\u00e9l\u00e9vision Adventiste, Hope Channel a fonctionn\u00e9 depuis un studio situ\u00e9 au sous sol du si\u00e8ge de l&#39;\u00e9glise Adventiste \u00e0 Silver Spring dans le Maryland. La surface du studio actuelle est juste suffisante pour un plateau, et les assistants de production ont besoin d&#39;une demi-journ\u00e9e parfois pour changer les d\u00e9cors pour les diff\u00e9rents programmes. <\/p>\n<p>Un nouveau b\u00e2timent polyvalent, d&#39;un co\u00fbt de 5 millions de dollars et offrant plus de 900 m\u00b2 de surface de studios et de l&#39;espace pour six plateaux devrait changer tout cela. Les nouvelles installations aideront la chaine Chr\u00e9tienne internationale \u00e0 \u00eatre plus comp\u00e9titive sur la sc\u00e8ne globale avec plus d&#39;efficacit\u00e9 et de productivit\u00e9, c&#39;est ce qu&#39;ont affirm\u00e9 les responsables de l&#39;\u00e9glise au cours d&#39;une c\u00e9r\u00e9monie de pose de pierre le 24 mars. <\/p>\n<p>Le pr\u00e9sident de l&#39;\u00e9glise Adventiste mondiale, Jan Paulsen, a marqu\u00e9 l&#39;occasion en utilisant une pelleteuse de plus de 30 tonnes pour creuser dans la pelouse au sud de la propri\u00e9t\u00e9 du si\u00e8ge de l&#39;\u00e9glise alors que les vice pr\u00e9sidents et les repr\u00e9sentants de la soci\u00e9t\u00e9 de construction ont utilis\u00e9 des pelles pour creuser. <\/p>\n<p>\u00ab En consid\u00e9rant les six derni\u00e8res ann\u00e9es, c&#39;est \u00e9tonnant de voir le chemin qu&#39;on a parcouru, \u00bb a dit Jan Paulsen \u00e0 propos de la chaine de t\u00e9l\u00e9vision. <\/p>\n<p>Hope Channel produit des \u00e9missions en cinq langues \u00e0 travers le monde. La chaine utilise aussi 11 satellites diff\u00e9rents pour diffuser ses programmes dans le monde et offre des chaines en plusieurs langues sur le net, y compris le chinois, le norv\u00e9gien et le tch\u00e8que. <\/p>\n<p>Le mois dernier, la chaine a sign\u00e9 un accord avec DIRECTV, un des plus grands op\u00e9rateurs de diffusion satellitaire aux Etats-Unis. <\/p>\n<p>\u00ab Il nous faut am\u00e9liorer la qualit\u00e9 de nos programmes de fa\u00e7on significative, parce que maintenant nous nous trouvons face aux g\u00e9ants de la t\u00e9l\u00e9vision, \u00bb a d\u00e9clar\u00e9 Mark Finley, pr\u00e9sident du comit\u00e9 directeur de Hope Channel. <\/p>\n<p>Les nouveaux studios qui offrent suffisamment de place pour avoir plusieurs plateaux, aideront les producteurs \u00e0 augmenter le nombre des programmes a indiqu\u00e9 Mark Finley. Les nouveaux studios permettront \u00e9galement de se mettre en liaison avec les 50 centres de media Adventistes \u00e0 travers le monde, a-t-il ajout\u00e9. <\/p>\n<p>Le nouveau b\u00e2timent devrait pouvoir offrir un espace total de plus de 7000 m\u00b2. Les plans incluent deux \u00e9tages et un sous sol o\u00f9 seront install\u00e9s une r\u00e9gie et un espace de stockage. La toiture est con\u00e7ue pour recevoir de la v\u00e9g\u00e9tation, laquelle absorbera les eaux de pluie et aidera \u00e0 r\u00e9duire l&#39;usure. <\/p>\n<p>\u00ab C&#39;est une construction qui nous enthousiasme, \u00bb a d\u00e9clar\u00e9 Don Smith, pr\u00e9sident de Conewago Enterprises, soci\u00e9t\u00e9 de construction en charge du projet. <\/p>\n<p>Il y a plusieurs ann\u00e9es, les responsables de projets de l&#39;\u00e9glise ont consid\u00e9r\u00e9 plusieurs sites \u00e0 l&#39;int\u00e9rieur du b\u00e2timent o\u00f9 se trouve le si\u00e8ge pour le studio, y compris l&#39;atrium, la cafeteria et les autres espaces de travail. En d\u00e9pit de r\u00e9centes restrictions budg\u00e9taires au si\u00e8ge de l&#39;\u00e9glise, les dirigeants ont d\u00e9cid\u00e9 d&#39;aller de l&#39;avant avec ce projet \u00e0 cause de contrats d\u00e9j\u00e0 sign\u00e9s qu&#39;il aurait \u00e9t\u00e9 cher de ren\u00e9gocier. <\/p>\n<p>Le b\u00e2timent est cens\u00e9 \u00eatre achev\u00e9 d&#39;ici 300 jours, a indiqu\u00e9 Bob Lemon, le tr\u00e9sorier de l&#39;\u00e9glise adventiste mondiale et pr\u00e9sident du comit\u00e9 de construction. D&#39;apr\u00e8s lui, le projet devrait rester dans les limites du budget vu que les co\u00fbts de construction ont r\u00e9cemment chut\u00e9. <\/p>\n<p>\u00ab Nous esp\u00e9rons avoir la b\u00e9n\u00e9diction de Dieu sur ce projet, \u00bb a ajout\u00e9 Bob Lemon. <\/p>\n","protected":false},"excerpt":{"rendered":"<p>Depuis son lancement en 2003, la chaine de t\u00e9l\u00e9vision Adventiste, Hope Channel a fonctionn\u00e9 depuis un studio situ\u00e9 au sous sol du si\u00e8ge de l&#39;\u00e9glise Adventiste \u00e0 Silver Spring dans le Maryland.<\/p>\n","protected":false},"author":1,"featured_media":0,"comment_status":"closed","ping_status":"closed","sticky":false,"template":"","format":"standard","meta":{"_acf_changed":false,"footnotes":""},"categories":[9],"tags":[],"class_list":["post-13135","post","type-post","status-publish","format-standard","hentry","category-archive-fr"],"acf":[],"yoast_head":"<!-- This site is optimized with the Yoast SEO plugin v27.3 - https:\/\/yoast.com\/product\/yoast-seo-wordpress\/ -->\n<title>La chaine de t\u00e9l\u00e9vision de l&#039;\u00e9glise Adventiste d\u00e9bute la construction d&#039;un nouveau studio - \u00c9glise Adventiste Du Septieme Jour - Inter Am\u00e9rique Division<\/title>\n<meta name=\"robots\" content=\"index, follow, max-snippet:-1, max-image-preview:large, max-video-preview:-1\" \/>\n<link rel=\"canonical\" href=\"https:\/\/interamerica.org\/fr\/2009\/03\/la-chaine-de-television-de-leglise-adventiste-debute-la-construction-dun-nouveau-studio\/\" \/>\n<meta property=\"og:locale\" content=\"fr_FR\" \/>\n<meta property=\"og:type\" content=\"article\" \/>\n<meta property=\"og:title\" content=\"La chaine de t\u00e9l\u00e9vision de l&#039;\u00e9glise Adventiste d\u00e9bute la construction d&#039;un nouveau studio - \u00c9glise Adventiste Du Septieme Jour - Inter Am\u00e9rique Division\" \/>\n<meta property=\"og:description\" content=\"Depuis son lancement en 2003, la chaine de t\u00e9l\u00e9vision Adventiste, Hope Channel a fonctionn\u00e9 depuis un studio situ\u00e9 au sous sol du si\u00e8ge de l&#039;\u00e9glise Adventiste \u00e0 Silver Spring dans le Maryland.\" \/>\n<meta property=\"og:url\" content=\"https:\/\/interamerica.org\/fr\/2009\/03\/la-chaine-de-television-de-leglise-adventiste-debute-la-construction-dun-nouveau-studio\/\" \/>\n<meta property=\"og:site_name\" content=\"\u00c9glise Adventiste Du Septieme Jour - Inter Am\u00e9rique Division\" \/>\n<meta property=\"article:published_time\" content=\"2009-03-24T04:00:00+00:00\" \/>\n<meta property=\"article:modified_time\" content=\"2017-06-02T17:06:33+00:00\" \/>\n<meta name=\"author\" content=\"Lorenzo Verduzco\" \/>\n<meta name=\"twitter:card\" content=\"summary_large_image\" \/>\n<meta name=\"twitter:label1\" content=\"\u00c9crit par\" \/>\n\t<meta name=\"twitter:data1\" content=\"Lorenzo Verduzco\" \/>\n\t<meta name=\"twitter:label2\" content=\"Dur\u00e9e de lecture estim\u00e9e\" \/>\n\t<meta name=\"twitter:data2\" content=\"3 minutes\" \/>\n<script type=\"application\/ld+json\" class=\"yoast-schema-graph\">{\"@context\":\"https:\\\/\\\/schema.org\",\"@graph\":[{\"@type\":\"Article\",\"@id\":\"https:\\\/\\\/interamerica.org\\\/fr\\\/2009\\\/03\\\/la-chaine-de-television-de-leglise-adventiste-debute-la-construction-dun-nouveau-studio\\\/#article\",\"isPartOf\":{\"@id\":\"https:\\\/\\\/interamerica.org\\\/fr\\\/2009\\\/03\\\/la-chaine-de-television-de-leglise-adventiste-debute-la-construction-dun-nouveau-studio\\\/\"},\"author\":{\"name\":\"Lorenzo Verduzco\",\"@id\":\"https:\\\/\\\/interamerica.org\\\/fr\\\/#\\\/schema\\\/person\\\/68ede8bdc292885bb76c1e3810e73c39\"},\"headline\":\"La chaine de t\u00e9l\u00e9vision de l&#39;\u00e9glise Adventiste d\u00e9bute la construction d&#39;un nouveau studio\",\"datePublished\":\"2009-03-24T04:00:00+00:00\",\"dateModified\":\"2017-06-02T17:06:33+00:00\",\"mainEntityOfPage\":{\"@id\":\"https:\\\/\\\/interamerica.org\\\/fr\\\/2009\\\/03\\\/la-chaine-de-television-de-leglise-adventiste-debute-la-construction-dun-nouveau-studio\\\/\"},\"wordCount\":665,\"articleSection\":[\"Archive\"],\"inLanguage\":\"fr-FR\"},{\"@type\":\"WebPage\",\"@id\":\"https:\\\/\\\/interamerica.org\\\/fr\\\/2009\\\/03\\\/la-chaine-de-television-de-leglise-adventiste-debute-la-construction-dun-nouveau-studio\\\/\",\"url\":\"https:\\\/\\\/interamerica.org\\\/fr\\\/2009\\\/03\\\/la-chaine-de-television-de-leglise-adventiste-debute-la-construction-dun-nouveau-studio\\\/\",\"name\":\"La chaine de t\u00e9l\u00e9vision de l&#39;\u00e9glise Adventiste d\u00e9bute la construction d&#39;un nouveau studio - \u00c9glise Adventiste Du Septieme Jour - Inter Am\u00e9rique Division\",\"isPartOf\":{\"@id\":\"https:\\\/\\\/interamerica.org\\\/fr\\\/#website\"},\"datePublished\":\"2009-03-24T04:00:00+00:00\",\"dateModified\":\"2017-06-02T17:06:33+00:00\",\"author\":{\"@id\":\"https:\\\/\\\/interamerica.org\\\/fr\\\/#\\\/schema\\\/person\\\/68ede8bdc292885bb76c1e3810e73c39\"},\"breadcrumb\":{\"@id\":\"https:\\\/\\\/interamerica.org\\\/fr\\\/2009\\\/03\\\/la-chaine-de-television-de-leglise-adventiste-debute-la-construction-dun-nouveau-studio\\\/#breadcrumb\"},\"inLanguage\":\"fr-FR\",\"potentialAction\":[{\"@type\":\"ReadAction\",\"target\":[\"https:\\\/\\\/interamerica.org\\\/fr\\\/2009\\\/03\\\/la-chaine-de-television-de-leglise-adventiste-debute-la-construction-dun-nouveau-studio\\\/\"]}]},{\"@type\":\"BreadcrumbList\",\"@id\":\"https:\\\/\\\/interamerica.org\\\/fr\\\/2009\\\/03\\\/la-chaine-de-television-de-leglise-adventiste-debute-la-construction-dun-nouveau-studio\\\/#breadcrumb\",\"itemListElement\":[{\"@type\":\"ListItem\",\"position\":1,\"name\":\"Home\",\"item\":\"https:\\\/\\\/interamerica.org\\\/fr\\\/\"},{\"@type\":\"ListItem\",\"position\":2,\"name\":\"La chaine de t\u00e9l\u00e9vision de l&#39;\u00e9glise Adventiste d\u00e9bute la construction d&#39;un nouveau studio\"}]},{\"@type\":\"WebSite\",\"@id\":\"https:\\\/\\\/interamerica.org\\\/fr\\\/#website\",\"url\":\"https:\\\/\\\/interamerica.org\\\/fr\\\/\",\"name\":\"\u00c9glise Adventiste Du Septieme Jour - Inter Am\u00e9rique Division\",\"description\":\"\",\"potentialAction\":[{\"@type\":\"SearchAction\",\"target\":{\"@type\":\"EntryPoint\",\"urlTemplate\":\"https:\\\/\\\/interamerica.org\\\/fr\\\/?s={search_term_string}\"},\"query-input\":{\"@type\":\"PropertyValueSpecification\",\"valueRequired\":true,\"valueName\":\"search_term_string\"}}],\"inLanguage\":\"fr-FR\"},{\"@type\":\"Person\",\"@id\":\"https:\\\/\\\/interamerica.org\\\/fr\\\/#\\\/schema\\\/person\\\/68ede8bdc292885bb76c1e3810e73c39\",\"name\":\"Lorenzo Verduzco\",\"image\":{\"@type\":\"ImageObject\",\"inLanguage\":\"fr-FR\",\"@id\":\"https:\\\/\\\/secure.gravatar.com\\\/avatar\\\/fb81a55b6218459490a9c1dc841a34909185b81904c5337b4b27f7a6fd60c49e?s=96&d=mm&r=g\",\"url\":\"https:\\\/\\\/secure.gravatar.com\\\/avatar\\\/fb81a55b6218459490a9c1dc841a34909185b81904c5337b4b27f7a6fd60c49e?s=96&d=mm&r=g\",\"contentUrl\":\"https:\\\/\\\/secure.gravatar.com\\\/avatar\\\/fb81a55b6218459490a9c1dc841a34909185b81904c5337b4b27f7a6fd60c49e?s=96&d=mm&r=g\",\"caption\":\"Lorenzo Verduzco\"}}]}<\/script>\n<!-- \/ Yoast SEO plugin. -->","yoast_head_json":{"title":"La chaine de t\u00e9l\u00e9vision de l&#39;\u00e9glise Adventiste d\u00e9bute la construction d&#39;un nouveau studio - \u00c9glise Adventiste Du Septieme Jour - Inter Am\u00e9rique Division","robots":{"index":"index","follow":"follow","max-snippet":"max-snippet:-1","max-image-preview":"max-image-preview:large","max-video-preview":"max-video-preview:-1"},"canonical":"https:\/\/interamerica.org\/fr\/2009\/03\/la-chaine-de-television-de-leglise-adventiste-debute-la-construction-dun-nouveau-studio\/","og_locale":"fr_FR","og_type":"article","og_title":"La chaine de t\u00e9l\u00e9vision de l&#39;\u00e9glise Adventiste d\u00e9bute la construction d&#39;un nouveau studio - \u00c9glise Adventiste Du Septieme Jour - Inter Am\u00e9rique Division","og_description":"Depuis son lancement en 2003, la chaine de t\u00e9l\u00e9vision Adventiste, Hope Channel a fonctionn\u00e9 depuis un studio situ\u00e9 au sous sol du si\u00e8ge de l&#39;\u00e9glise Adventiste \u00e0 Silver Spring dans le Maryland.","og_url":"https:\/\/interamerica.org\/fr\/2009\/03\/la-chaine-de-television-de-leglise-adventiste-debute-la-construction-dun-nouveau-studio\/","og_site_name":"\u00c9glise Adventiste Du Septieme Jour - Inter Am\u00e9rique Division","article_published_time":"2009-03-24T04:00:00+00:00","article_modified_time":"2017-06-02T17:06:33+00:00","author":"Lorenzo Verduzco","twitter_card":"summary_large_image","twitter_misc":{"\u00c9crit par":"Lorenzo Verduzco","Dur\u00e9e de lecture estim\u00e9e":"3 minutes"},"schema":{"@context":"https:\/\/schema.org","@graph":[{"@type":"Article","@id":"https:\/\/interamerica.org\/fr\/2009\/03\/la-chaine-de-television-de-leglise-adventiste-debute-la-construction-dun-nouveau-studio\/#article","isPartOf":{"@id":"https:\/\/interamerica.org\/fr\/2009\/03\/la-chaine-de-television-de-leglise-adventiste-debute-la-construction-dun-nouveau-studio\/"},"author":{"name":"Lorenzo Verduzco","@id":"https:\/\/interamerica.org\/fr\/#\/schema\/person\/68ede8bdc292885bb76c1e3810e73c39"},"headline":"La chaine de t\u00e9l\u00e9vision de l&#39;\u00e9glise Adventiste d\u00e9bute la construction d&#39;un nouveau studio","datePublished":"2009-03-24T04:00:00+00:00","dateModified":"2017-06-02T17:06:33+00:00","mainEntityOfPage":{"@id":"https:\/\/interamerica.org\/fr\/2009\/03\/la-chaine-de-television-de-leglise-adventiste-debute-la-construction-dun-nouveau-studio\/"},"wordCount":665,"articleSection":["Archive"],"inLanguage":"fr-FR"},{"@type":"WebPage","@id":"https:\/\/interamerica.org\/fr\/2009\/03\/la-chaine-de-television-de-leglise-adventiste-debute-la-construction-dun-nouveau-studio\/","url":"https:\/\/interamerica.org\/fr\/2009\/03\/la-chaine-de-television-de-leglise-adventiste-debute-la-construction-dun-nouveau-studio\/","name":"La chaine de t\u00e9l\u00e9vision de l&#39;\u00e9glise Adventiste d\u00e9bute la construction d&#39;un nouveau studio - \u00c9glise Adventiste Du Septieme Jour - Inter Am\u00e9rique Division","isPartOf":{"@id":"https:\/\/interamerica.org\/fr\/#website"},"datePublished":"2009-03-24T04:00:00+00:00","dateModified":"2017-06-02T17:06:33+00:00","author":{"@id":"https:\/\/interamerica.org\/fr\/#\/schema\/person\/68ede8bdc292885bb76c1e3810e73c39"},"breadcrumb":{"@id":"https:\/\/interamerica.org\/fr\/2009\/03\/la-chaine-de-television-de-leglise-adventiste-debute-la-construction-dun-nouveau-studio\/#breadcrumb"},"inLanguage":"fr-FR","potentialAction":[{"@type":"ReadAction","target":["https:\/\/interamerica.org\/fr\/2009\/03\/la-chaine-de-television-de-leglise-adventiste-debute-la-construction-dun-nouveau-studio\/"]}]},{"@type":"BreadcrumbList","@id":"https:\/\/interamerica.org\/fr\/2009\/03\/la-chaine-de-television-de-leglise-adventiste-debute-la-construction-dun-nouveau-studio\/#breadcrumb","itemListElement":[{"@type":"ListItem","position":1,"name":"Home","item":"https:\/\/interamerica.org\/fr\/"},{"@type":"ListItem","position":2,"name":"La chaine de t\u00e9l\u00e9vision de l&#39;\u00e9glise Adventiste d\u00e9bute la construction d&#39;un nouveau studio"}]},{"@type":"WebSite","@id":"https:\/\/interamerica.org\/fr\/#website","url":"https:\/\/interamerica.org\/fr\/","name":"\u00c9glise Adventiste Du Septieme Jour - Inter Am\u00e9rique Division","description":"","potentialAction":[{"@type":"SearchAction","target":{"@type":"EntryPoint","urlTemplate":"https:\/\/interamerica.org\/fr\/?s={search_term_string}"},"query-input":{"@type":"PropertyValueSpecification","valueRequired":true,"valueName":"search_term_string"}}],"inLanguage":"fr-FR"},{"@type":"Person","@id":"https:\/\/interamerica.org\/fr\/#\/schema\/person\/68ede8bdc292885bb76c1e3810e73c39","name":"Lorenzo Verduzco","image":{"@type":"ImageObject","inLanguage":"fr-FR","@id":"https:\/\/secure.gravatar.com\/avatar\/fb81a55b6218459490a9c1dc841a34909185b81904c5337b4b27f7a6fd60c49e?s=96&d=mm&r=g","url":"https:\/\/secure.gravatar.com\/avatar\/fb81a55b6218459490a9c1dc841a34909185b81904c5337b4b27f7a6fd60c49e?s=96&d=mm&r=g","contentUrl":"https:\/\/secure.gravatar.com\/avatar\/fb81a55b6218459490a9c1dc841a34909185b81904c5337b4b27f7a6fd60c49e?s=96&d=mm&r=g","caption":"Lorenzo Verduzco"}}]}},"_links":{"self":[{"href":"https:\/\/interamerica.org\/fr\/wp-json\/wp\/v2\/posts\/13135","targetHints":{"allow":["GET"]}}],"collection":[{"href":"https:\/\/interamerica.org\/fr\/wp-json\/wp\/v2\/posts"}],"about":[{"href":"https:\/\/interamerica.org\/fr\/wp-json\/wp\/v2\/types\/post"}],"author":[{"embeddable":true,"href":"https:\/\/interamerica.org\/fr\/wp-json\/wp\/v2\/users\/1"}],"replies":[{"embeddable":true,"href":"https:\/\/interamerica.org\/fr\/wp-json\/wp\/v2\/comments?post=13135"}],"version-history":[{"count":0,"href":"https:\/\/interamerica.org\/fr\/wp-json\/wp\/v2\/posts\/13135\/revisions"}],"wp:attachment":[{"href":"https:\/\/interamerica.org\/fr\/wp-json\/wp\/v2\/media?parent=13135"}],"wp:term":[{"taxonomy":"category","embeddable":true,"href":"https:\/\/interamerica.org\/fr\/wp-json\/wp\/v2\/categories?post=13135"},{"taxonomy":"post_tag","embeddable":true,"href":"https:\/\/interamerica.org\/fr\/wp-json\/wp\/v2\/tags?post=13135"}],"curies":[{"name":"wp","href":"https:\/\/api.w.org\/{rel}","templated":true}]}}