{"id":13136,"date":"2009-03-26T00:00:00","date_gmt":"2009-03-26T04:00:00","guid":{"rendered":"http:\/\/192.81.217.108\/interamerica\/2009\/03\/linter-amerique-celebre-le-travail-de-ses-colporteurs-au-cours-dun-congres-special\/"},"modified":"2017-06-02T13:06:33","modified_gmt":"2017-06-02T17:06:33","slug":"linter-amerique-celebre-le-travail-de-ses-colporteurs-au-cours-dun-congres-special","status":"publish","type":"post","link":"https:\/\/interamerica.org\/fr\/2009\/03\/linter-amerique-celebre-le-travail-de-ses-colporteurs-au-cours-dun-congres-special\/","title":{"rendered":"L&#39;inter Am\u00e9rique c\u00e9l\u00e8bre le travail de ses colporteurs au cours d&#39;un congr\u00e8s sp\u00e9cial."},"content":{"rendered":"<p><em >26 mars 2009<\/em >, La Havane, Cuba&#8230;[Libna Stevens\/DIA] <\/p>\n<p>Depuis ses d\u00e9buts dans les ann\u00e9es 1860, l&#39;\u00e9glise Adventiste du Septi\u00e8me jour s&#39;est beaucoup appuy\u00e9e sur la distribution de litt\u00e9rature pour r\u00e9pandre l&#39;\u00e9vangile. Aujourd&#39;hui, plus de 150 ans plus tard, il y a plus de 200 pays et territoires qui ont b\u00e9n\u00e9fici\u00e9 des publications Adventistes \u00e0 travers le monde. Dans la Division Inter Am\u00e9ricaine (DIA), la parole imprim\u00e9e continue d&#39;\u00eatre une partie int\u00e9grante de l&#39;\u00e9vang\u00e9lisation dans l&#39;\u00e9glise \u00e0 travers son vaste territoire. <\/p>\n<p>R\u00e9cemment encore, l&#39;\u00e9glise en inter Am\u00e9rique a c\u00e9l\u00e9br\u00e9 son premier programme \u00e0 l&#39;\u00e9chelle de la Division honorant les meilleurs colporteurs au cours d&#39;un programme historique tenu \u00e0 la Havane  \u00e0 Cuba du 10 au 14 mars 2009. <\/p>\n<p>Plus de 350 des meilleurs colporteurs \u00e0 travers les 17 principales unions se sont rassembl\u00e9s pour une conf\u00e9rence de quatre jours o\u00f9 ils ont \u00e9t\u00e9 honor\u00e9s et encourag\u00e9s \u00e0 continuer le travail pour terminer l&#39;\u0153uvre alors qu&#39;ils vont de maison en maison, d&#39;entreprise en entreprise, r\u00e9pandant le message du salut \u00e0 travers la vente de livres. <\/p>\n<p>Pasteur Mirto Presentacion, directeur du minist\u00e8re des Publications pour l&#39;\u00e9glise Adventiste en inter Am\u00e9rique et organisateur du programme, a d\u00e9clar\u00e9 que ce programme avait une mission sp\u00e9ciale et aurait du organiser depuis longtemps. <\/p>\n<p>\u00ab En dehors du fait de c\u00e9l\u00e9brer nos meilleurs colporteurs en inter Am\u00e9rique, de les \u00e9quiper pour se mettre en r\u00e9seau, \u00e9couter leur t\u00e9moignage de succ\u00e8s, il \u00e9tait important pour nous de soutenir nos fr\u00e8res et s\u0153urs de Cuba, \u00bb a indiqu\u00e9 pasteur Presentacion. <\/p>\n<p>Le congr\u00e8s n&#39;\u00e9tait pas un rassemblement de plus, c&#39;\u00e9tait un voyage missionnaire \u00e0 Cuba, a ajout\u00e9 pasteur Presentacion. \u00ab  L&#39;id\u00e9e \u00e9tait de faire en sorte que chaque colporteur et chaque directeur de publications se rende au programme en amenant avec lui\/elle, une bible, un livre de l&#39;Esprit de proph\u00e9tie et un cantique, \u00bb a-t-il ajout\u00e9. <\/p>\n<p> \u00ab C&#39;\u00e9tait si extraordinaire de voir comment chacun de ceux qui participaient au congr\u00e8s est venu avec plus qu&#39;une collection de livres, des valises de v\u00eatements, des chaussures et des effets de toilette&#8230;c&#39;\u00e9tait vraiment une d\u00e9marche missionnaire, \u00bb a ajout\u00e9 pasteur Presentacion. <\/p>\n<p>Il y avait juste quelques s\u00e9minaires offerts. Beaucoup plus de temps a \u00e9t\u00e9 accord\u00e9 \u00e0 chacun des meilleurs colporteurs de chaque union afin qu&#39;ils  partagent avec leurs pairs et les dirigeants d&#39;\u00e9glise, leurs m\u00e9thodes et leurs strat\u00e9gies pour toucher les foyers et les entreprises. Ils ont \u00e9galement partag\u00e9 des exp\u00e9riences de succ\u00e8s o\u00f9 des personnes se sont jointes \u00e0 l&#39;\u00e9glise \u00e0 la suite de leurs efforts. <\/p>\n<p>De plus, les colporteurs ont \u00e9t\u00e9 honor\u00e9s pour leur contribution dans la vente de publications et le gain d&#39;\u00e2mes. <\/p>\n<p>Le titre de champion des ventes de publications en inter Am\u00e9rique est all\u00e9 \u00e0 Elva Corina Morales, qui a vendu pour plus de 80000 dollars de livres l&#39;ann\u00e9e derni\u00e8re dans l&#39;union inter oc\u00e9anique du Mexique. <\/p>\n<p>Elva Morales, 27 ans, a commenc\u00e9 \u00e0 colporter il y a quatre ans. Elle \u00e9tait heureuse de faire partie du voyage \u00e0 Cuba pour le programme. <\/p>\n<p>\u00ab Ca a \u00e9t\u00e9 une excellente exp\u00e9rience, \u00bb a confi\u00e9 Elva Morales, qui dit qu&#39;elle croit avoir \u00e9t\u00e9 appel\u00e9e \u00e0 partager la v\u00e9rit\u00e9. <\/p>\n<p>\u00ab Je sais que je suis n\u00e9e pour servir Dieu et que j&#39;ai \u00e9t\u00e9 plac\u00e9e dans cette \u0153uvre. J&#39;ai vu comment des portes se sont ouvertes pour moi afin que je rencontre diverses personnes qui ont faim et soif et qui ont besoin de conna\u00eetre Dieu, \u00bb a-t-elle ajout\u00e9. <\/p>\n<p>En tant que championne des colporteurs de la DIA, Elva Morales a re\u00e7u un Pocket Cin\u00e9ma V10, un projecteur portable \u00e0 utiliser dans ses pr\u00e9sentations. <\/p>\n<p>Christian Soquet de l&#39;Union des Antilles Fran\u00e7aises a vendu pour plus de 60000 dollars de publications l&#39;ann\u00e9e derni\u00e8re, le deuxi\u00e8me plus important montant. <\/p>\n<p>Theresa de Jesus de Rojas du Salvador dans l&#39;Union mi centrale Am\u00e9ricaine est la colporteuse championne de l&#39;inter Am\u00e9rique pour ce qui est du nombre d&#39;\u00e2mes gagn\u00e9es. A la suite de son travail, elle a amen\u00e9 125 personnes \u00e0 l&#39;\u00e9glise en 2008 En seconde position derri\u00e8re de Jesus de Rojas, il y a Saintel Octavius d&#39;Ha\u00efti avec 104 personnes baptis\u00e9es l&#39;ann\u00e9e derni\u00e8re. <\/p>\n<p>Maria Magdalena Villareal de Chiapas dans le sud du Mexique, qui est sourde et muette, s&#39;est exprim\u00e9e avec l&#39;aide d&#39;un traducteur au cours du programme, et a rapport\u00e9 comment elle a pu mettre en place un petit groupe de 54 nouveaux membres \u00e0 la suite de son travail de colportage. <\/p>\n<p>Pour les centaines de personnes qui ont assist\u00e9 au programme, la mission du minist\u00e8re des publications \u00e9tait claire et tr\u00e8s estim\u00e9e. <\/p>\n<p>\u00ab Notre mission a \u00e9t\u00e9 de faire du travail missionnaire \u00e0 travers la vente d&#39;ouvrages, \u00bb a dit pasteur Presentacion. \u00ab En d&#39;autres termes, la philosophie de l&#39;\u00e9glise Adventiste n&#39;est pas de vendre et d&#39;attendre que viennent les \u00e2mes, c&#39;est de faire du travail missionnaire \u00e0 travers le minist\u00e8re des publications, et c&#39;est ce qui se produit dans notre territoire. \u00bb <\/p>\n<p>A propos des 7800 colporteurs \u00e0 plein temps, \u00e0 temps partiel, et \u00e9tudiants colporteurs en inter Am\u00e9rique, les dirigeants d&#39;\u00e9glise croient fermement que leur travail est pertinent et fait partie int\u00e9grante de l&#39;\u00e9vang\u00e9lisation aujourd&#39;hui. <\/p>\n<p>\u00ab Nous croyons fermement que les colporteurs font une contribution majeure dans le gain des \u00e2mes dans la division, \u00bb a dit pasteur Leito, pr\u00e9sident de l&#39;\u00e9glise Adventiste en inter Am\u00e9rique. \u00ab Pas seulement directement par rapport \u00e0 leur implication, mais en frappant aux portes, ils obtiennent des informations et des contacts que nous ne pourrions avoir autrement, donc directement et indirectement, ils am\u00e8nent des centaines d&#39;\u00e2mes. \u00bb <\/p>\n<p>Au cours de l&#39;ouverture et de la cl\u00f4ture du congr\u00e8s, pasteur Leito a fait l&#39;\u00e9loge du travail des colporteurs et les a assur\u00e9 qu&#39;ils sont une partie vitale du progr\u00e8s de l&#39;\u00e9glise en inter Am\u00e9rique et s&#39;est engag\u00e9 \u00e0 \u0153uvrer pour s&#39;assurer que l&#39;\u00e9glise puissent faire les arrangements financiers ad\u00e9quats dans leurs pays pour leur retraite. <\/p>\n<p>Pasteur Howard Faigao, directeur du minist\u00e8re des publications pour l&#39;\u00e9glise adventiste mondiale, a pr\u00e9sent\u00e9 un s\u00e9minaire et s&#39;est adress\u00e9 aux colporteurs  sur leur mission et a mis l&#39;accent sur le fait que leur \u0153uvre est fondamentale dans le minist\u00e8re \u00e9vang\u00e9lique. <\/p>\n<p>Pasteur Presentacion, qui a connu le message Adventiste gr\u00e2ce \u00e0 un colporteur et est devenu colporteur lui-m\u00eame \u00e0 l&#39;\u00e2ge de 17 ans, est toujours passionn\u00e9 au sujet de l&#39;\u0153uvre des colporteurs. <\/p>\n<p>\u00ab Aller de maison en maison pour pr\u00e9senter  la v\u00e9rit\u00e9 fonctionne encore aujourd&#39;hui, \u00bb a d\u00e9clar\u00e9 pasteur Presentacion. \u00ab Les gens ont besoin de savoir comment faire face \u00e0 leurs probl\u00e8mes financiers, leurs probl\u00e8mes de sant\u00e9, leurs probl\u00e8mes conjugaux, ils ont des enfants et sont \u00e0 la recherche de spiritualit\u00e9, donc il y a encore du travail pour le colporteur. \u00bb <\/p>\n<p>Apr\u00e8s avoir servi l&#39;\u00e9glise pendant plus de 37 ans en tant directeur du minist\u00e8re des publications au niveau de la f\u00e9d\u00e9ration, de l&#39;union et de la division, pasteur Presentacion dit que la m\u00e9thode de base du colportage n&#39;a pas chang\u00e9. D&#39;apr\u00e8s lui peut \u00eatre que des approches diff\u00e9rentes avec de nouvelles technologies peuvent varier mais le colportage a encore sa place et on en a encore besoin aujourd&#39;hui. Au cours des 5 derni\u00e8res ann\u00e9es, le nombre de colporteur en inter Am\u00e9rique est pass\u00e9 de 5000 \u00e0 7800. <\/p>\n<p>De nos jours les colporteurs utilisent des fichiers mp3 dans leurs ipods ou zunes et pr\u00e9sentent leurs catalogues de publications ainsi que des s\u00e9minaires de pr\u00e9sentation dans les foyers et les entreprises \u00e0 l&#39;aide de projecteurs portables, a indiqu\u00e9 pasteur Presentacion. <\/p>\n<p>\u00ab Ce programme \u00e0 Cuba a cr\u00e9\u00e9 une formidable opportunit\u00e9 pour le travail d&#39;\u00e9quipe parmi les colporteurs et les dirigeants afin qu&#39;ils tendent la main \u00e0 [Cuba] o\u00f9 le colportage a \u00e9t\u00e9 inexistant pendant plus de 50 ans, \u00bb a d\u00e9clar\u00e9 pasteur Presentacion. \u00ab Il y a eu un extraordinaire d\u00e9versement de bien pour nos fr\u00e8res ici. \u00bb Les directeurs de publications des unions et les colporteurs ont offert la bible et d&#39;autres livres au cours d&#39;une c\u00e9r\u00e9monie sp\u00e9ciale samedi apr\u00e8s midi avant \u00e0 la fin du programme. <\/p>\n<p>Pasteur Daniel Fontaine, pr\u00e9sident de l&#39;Eglise Adventiste \u00e0 Cuba a d\u00e9clar\u00e9 que le programme a \u00e9t\u00e9 marqu\u00e9 par l&#39;amour et la compassion que les colporteurs ont t\u00e9moign\u00e9s pour leur travail. <\/p>\n<p>\u00ab Nous esp\u00e9rons que les circonstances changeront  afin que nos colporteurs puissent faire leur travail sur l&#39;\u00eele \u00e0 nouveau, \u00bb a dit pasteur Fontaine. \u00ab L&#39;\u00e9glise Adventiste  \u00e0 Cuba a d\u00e9but\u00e9 gr\u00e2ce au travail de deux colporteurs et la mission doit se terminer par l&#39;\u0153uvre des publications. \u00bb <\/p>\n<p>Les dirigeants d&#39;\u00e9glise parlent d\u00e9j\u00e0 du prochain congr\u00e8s des colporteurs de la division au cours du prochain quinquennat. <\/p>\n<p>Le minist\u00e8re des publications de l&#39;Eglise Adventiste du Septi\u00e8me jour existe afin de proclamer, \u00e0 travers les m\u00e9dias, l&#39;\u00e9vangile d&#39;espoir au monde entier en cette g\u00e9n\u00e9ration. <\/p>\n<p>Il vise \u00e0 \u00e9lever et donner de la dignit\u00e9 aux gens en les amenant \u00e0 vivre mieux physiquement, socialement, et spirituellement, les pr\u00e9parant ainsi pour le monde avenir ; \u00e0 encourager et \u00e9quiper chacun \u00e0 partager la bonne nouvelle de J\u00e9sus et de sa seconde venue ; et aussi \u00e0 affermir la foi personnelle \u00e0 travers l&#39;\u00e9ducation spirituelle qui r\u00e9sulte du partage de la lumi\u00e8re avec le autres. <\/p>\n<p>Pour en savoir plus sur les informations et les pr\u00e9sentations au programme au cours du congr\u00e8s de colporteurs de la DIA \u00e0 Cuba, visitez le site <a  href=\"https:\/\/recursing-golick.147-182-135-0.plesk.page\/\">https:\/\/recursing-golick.147-182-135-0.plesk.page\/<\/a > ou allez sur <a  href=\"http:\/\/cuba09.interamerica.org\/\">http:\/\/cuba09.interamerica.org\/<\/a > <\/p>\n","protected":false},"excerpt":{"rendered":"<p>Depuis ses d\u00e9buts dans les ann\u00e9es 1860, l&#39;\u00e9glise Adventiste du Septi\u00e8me jour s&#39;est beaucoup appuy\u00e9e sur la distribution de litt\u00e9rature pour r\u00e9pandre l&#39;\u00e9vangile. Aujourd&#39;hui, plus de 1<\/p>\n","protected":false},"author":1,"featured_media":0,"comment_status":"closed","ping_status":"closed","sticky":false,"template":"","format":"standard","meta":{"_acf_changed":false,"footnotes":""},"categories":[9],"tags":[],"class_list":["post-13136","post","type-post","status-publish","format-standard","hentry","category-archive-fr"],"acf":[],"yoast_head":"<!-- This site is optimized with the Yoast SEO plugin v27.3 - https:\/\/yoast.com\/product\/yoast-seo-wordpress\/ -->\n<title>L&#039;inter Am\u00e9rique c\u00e9l\u00e8bre le travail de ses colporteurs au cours d&#039;un congr\u00e8s sp\u00e9cial. - \u00c9glise Adventiste Du Septieme Jour - Inter Am\u00e9rique Division<\/title>\n<meta name=\"robots\" content=\"index, follow, max-snippet:-1, max-image-preview:large, max-video-preview:-1\" \/>\n<link rel=\"canonical\" href=\"https:\/\/interamerica.org\/fr\/2009\/03\/linter-amerique-celebre-le-travail-de-ses-colporteurs-au-cours-dun-congres-special\/\" \/>\n<meta property=\"og:locale\" content=\"fr_FR\" \/>\n<meta property=\"og:type\" content=\"article\" \/>\n<meta property=\"og:title\" content=\"L&#039;inter Am\u00e9rique c\u00e9l\u00e8bre le travail de ses colporteurs au cours d&#039;un congr\u00e8s sp\u00e9cial. - \u00c9glise Adventiste Du Septieme Jour - Inter Am\u00e9rique Division\" \/>\n<meta property=\"og:description\" content=\"Depuis ses d\u00e9buts dans les ann\u00e9es 1860, l&#039;\u00e9glise Adventiste du Septi\u00e8me jour s&#039;est beaucoup appuy\u00e9e sur la distribution de litt\u00e9rature pour r\u00e9pandre l&#039;\u00e9vangile. Aujourd&#039;hui, plus de 1\" \/>\n<meta property=\"og:url\" content=\"https:\/\/interamerica.org\/fr\/2009\/03\/linter-amerique-celebre-le-travail-de-ses-colporteurs-au-cours-dun-congres-special\/\" \/>\n<meta property=\"og:site_name\" content=\"\u00c9glise Adventiste Du Septieme Jour - Inter Am\u00e9rique Division\" \/>\n<meta property=\"article:published_time\" content=\"2009-03-26T04:00:00+00:00\" \/>\n<meta property=\"article:modified_time\" content=\"2017-06-02T17:06:33+00:00\" \/>\n<meta name=\"author\" content=\"Lorenzo Verduzco\" \/>\n<meta name=\"twitter:card\" content=\"summary_large_image\" \/>\n<meta name=\"twitter:label1\" content=\"\u00c9crit par\" \/>\n\t<meta name=\"twitter:data1\" content=\"Lorenzo Verduzco\" \/>\n\t<meta name=\"twitter:label2\" content=\"Dur\u00e9e de lecture estim\u00e9e\" \/>\n\t<meta name=\"twitter:data2\" content=\"8 minutes\" \/>\n<script type=\"application\/ld+json\" class=\"yoast-schema-graph\">{\"@context\":\"https:\\\/\\\/schema.org\",\"@graph\":[{\"@type\":\"Article\",\"@id\":\"https:\\\/\\\/interamerica.org\\\/fr\\\/2009\\\/03\\\/linter-amerique-celebre-le-travail-de-ses-colporteurs-au-cours-dun-congres-special\\\/#article\",\"isPartOf\":{\"@id\":\"https:\\\/\\\/interamerica.org\\\/fr\\\/2009\\\/03\\\/linter-amerique-celebre-le-travail-de-ses-colporteurs-au-cours-dun-congres-special\\\/\"},\"author\":{\"name\":\"Lorenzo Verduzco\",\"@id\":\"https:\\\/\\\/interamerica.org\\\/fr\\\/#\\\/schema\\\/person\\\/68ede8bdc292885bb76c1e3810e73c39\"},\"headline\":\"L&#39;inter Am\u00e9rique c\u00e9l\u00e8bre le travail de ses colporteurs au cours d&#39;un congr\u00e8s sp\u00e9cial.\",\"datePublished\":\"2009-03-26T04:00:00+00:00\",\"dateModified\":\"2017-06-02T17:06:33+00:00\",\"mainEntityOfPage\":{\"@id\":\"https:\\\/\\\/interamerica.org\\\/fr\\\/2009\\\/03\\\/linter-amerique-celebre-le-travail-de-ses-colporteurs-au-cours-dun-congres-special\\\/\"},\"wordCount\":1690,\"articleSection\":[\"Archive\"],\"inLanguage\":\"fr-FR\"},{\"@type\":\"WebPage\",\"@id\":\"https:\\\/\\\/interamerica.org\\\/fr\\\/2009\\\/03\\\/linter-amerique-celebre-le-travail-de-ses-colporteurs-au-cours-dun-congres-special\\\/\",\"url\":\"https:\\\/\\\/interamerica.org\\\/fr\\\/2009\\\/03\\\/linter-amerique-celebre-le-travail-de-ses-colporteurs-au-cours-dun-congres-special\\\/\",\"name\":\"L&#39;inter Am\u00e9rique c\u00e9l\u00e8bre le travail de ses colporteurs au cours d&#39;un congr\u00e8s sp\u00e9cial. - \u00c9glise Adventiste Du Septieme Jour - Inter Am\u00e9rique Division\",\"isPartOf\":{\"@id\":\"https:\\\/\\\/interamerica.org\\\/fr\\\/#website\"},\"datePublished\":\"2009-03-26T04:00:00+00:00\",\"dateModified\":\"2017-06-02T17:06:33+00:00\",\"author\":{\"@id\":\"https:\\\/\\\/interamerica.org\\\/fr\\\/#\\\/schema\\\/person\\\/68ede8bdc292885bb76c1e3810e73c39\"},\"breadcrumb\":{\"@id\":\"https:\\\/\\\/interamerica.org\\\/fr\\\/2009\\\/03\\\/linter-amerique-celebre-le-travail-de-ses-colporteurs-au-cours-dun-congres-special\\\/#breadcrumb\"},\"inLanguage\":\"fr-FR\",\"potentialAction\":[{\"@type\":\"ReadAction\",\"target\":[\"https:\\\/\\\/interamerica.org\\\/fr\\\/2009\\\/03\\\/linter-amerique-celebre-le-travail-de-ses-colporteurs-au-cours-dun-congres-special\\\/\"]}]},{\"@type\":\"BreadcrumbList\",\"@id\":\"https:\\\/\\\/interamerica.org\\\/fr\\\/2009\\\/03\\\/linter-amerique-celebre-le-travail-de-ses-colporteurs-au-cours-dun-congres-special\\\/#breadcrumb\",\"itemListElement\":[{\"@type\":\"ListItem\",\"position\":1,\"name\":\"Home\",\"item\":\"https:\\\/\\\/interamerica.org\\\/fr\\\/\"},{\"@type\":\"ListItem\",\"position\":2,\"name\":\"L&#39;inter Am\u00e9rique c\u00e9l\u00e8bre le travail de ses colporteurs au cours d&#39;un congr\u00e8s sp\u00e9cial.\"}]},{\"@type\":\"WebSite\",\"@id\":\"https:\\\/\\\/interamerica.org\\\/fr\\\/#website\",\"url\":\"https:\\\/\\\/interamerica.org\\\/fr\\\/\",\"name\":\"\u00c9glise Adventiste Du Septieme Jour - Inter Am\u00e9rique Division\",\"description\":\"\",\"potentialAction\":[{\"@type\":\"SearchAction\",\"target\":{\"@type\":\"EntryPoint\",\"urlTemplate\":\"https:\\\/\\\/interamerica.org\\\/fr\\\/?s={search_term_string}\"},\"query-input\":{\"@type\":\"PropertyValueSpecification\",\"valueRequired\":true,\"valueName\":\"search_term_string\"}}],\"inLanguage\":\"fr-FR\"},{\"@type\":\"Person\",\"@id\":\"https:\\\/\\\/interamerica.org\\\/fr\\\/#\\\/schema\\\/person\\\/68ede8bdc292885bb76c1e3810e73c39\",\"name\":\"Lorenzo Verduzco\",\"image\":{\"@type\":\"ImageObject\",\"inLanguage\":\"fr-FR\",\"@id\":\"https:\\\/\\\/secure.gravatar.com\\\/avatar\\\/fb81a55b6218459490a9c1dc841a34909185b81904c5337b4b27f7a6fd60c49e?s=96&d=mm&r=g\",\"url\":\"https:\\\/\\\/secure.gravatar.com\\\/avatar\\\/fb81a55b6218459490a9c1dc841a34909185b81904c5337b4b27f7a6fd60c49e?s=96&d=mm&r=g\",\"contentUrl\":\"https:\\\/\\\/secure.gravatar.com\\\/avatar\\\/fb81a55b6218459490a9c1dc841a34909185b81904c5337b4b27f7a6fd60c49e?s=96&d=mm&r=g\",\"caption\":\"Lorenzo Verduzco\"}}]}<\/script>\n<!-- \/ Yoast SEO plugin. -->","yoast_head_json":{"title":"L&#39;inter Am\u00e9rique c\u00e9l\u00e8bre le travail de ses colporteurs au cours d&#39;un congr\u00e8s sp\u00e9cial. - \u00c9glise Adventiste Du Septieme Jour - Inter Am\u00e9rique Division","robots":{"index":"index","follow":"follow","max-snippet":"max-snippet:-1","max-image-preview":"max-image-preview:large","max-video-preview":"max-video-preview:-1"},"canonical":"https:\/\/interamerica.org\/fr\/2009\/03\/linter-amerique-celebre-le-travail-de-ses-colporteurs-au-cours-dun-congres-special\/","og_locale":"fr_FR","og_type":"article","og_title":"L&#39;inter Am\u00e9rique c\u00e9l\u00e8bre le travail de ses colporteurs au cours d&#39;un congr\u00e8s sp\u00e9cial. - \u00c9glise Adventiste Du Septieme Jour - Inter Am\u00e9rique Division","og_description":"Depuis ses d\u00e9buts dans les ann\u00e9es 1860, l&#39;\u00e9glise Adventiste du Septi\u00e8me jour s&#39;est beaucoup appuy\u00e9e sur la distribution de litt\u00e9rature pour r\u00e9pandre l&#39;\u00e9vangile. Aujourd&#39;hui, plus de 1","og_url":"https:\/\/interamerica.org\/fr\/2009\/03\/linter-amerique-celebre-le-travail-de-ses-colporteurs-au-cours-dun-congres-special\/","og_site_name":"\u00c9glise Adventiste Du Septieme Jour - Inter Am\u00e9rique Division","article_published_time":"2009-03-26T04:00:00+00:00","article_modified_time":"2017-06-02T17:06:33+00:00","author":"Lorenzo Verduzco","twitter_card":"summary_large_image","twitter_misc":{"\u00c9crit par":"Lorenzo Verduzco","Dur\u00e9e de lecture estim\u00e9e":"8 minutes"},"schema":{"@context":"https:\/\/schema.org","@graph":[{"@type":"Article","@id":"https:\/\/interamerica.org\/fr\/2009\/03\/linter-amerique-celebre-le-travail-de-ses-colporteurs-au-cours-dun-congres-special\/#article","isPartOf":{"@id":"https:\/\/interamerica.org\/fr\/2009\/03\/linter-amerique-celebre-le-travail-de-ses-colporteurs-au-cours-dun-congres-special\/"},"author":{"name":"Lorenzo Verduzco","@id":"https:\/\/interamerica.org\/fr\/#\/schema\/person\/68ede8bdc292885bb76c1e3810e73c39"},"headline":"L&#39;inter Am\u00e9rique c\u00e9l\u00e8bre le travail de ses colporteurs au cours d&#39;un congr\u00e8s sp\u00e9cial.","datePublished":"2009-03-26T04:00:00+00:00","dateModified":"2017-06-02T17:06:33+00:00","mainEntityOfPage":{"@id":"https:\/\/interamerica.org\/fr\/2009\/03\/linter-amerique-celebre-le-travail-de-ses-colporteurs-au-cours-dun-congres-special\/"},"wordCount":1690,"articleSection":["Archive"],"inLanguage":"fr-FR"},{"@type":"WebPage","@id":"https:\/\/interamerica.org\/fr\/2009\/03\/linter-amerique-celebre-le-travail-de-ses-colporteurs-au-cours-dun-congres-special\/","url":"https:\/\/interamerica.org\/fr\/2009\/03\/linter-amerique-celebre-le-travail-de-ses-colporteurs-au-cours-dun-congres-special\/","name":"L&#39;inter Am\u00e9rique c\u00e9l\u00e8bre le travail de ses colporteurs au cours d&#39;un congr\u00e8s sp\u00e9cial. - \u00c9glise Adventiste Du Septieme Jour - Inter Am\u00e9rique Division","isPartOf":{"@id":"https:\/\/interamerica.org\/fr\/#website"},"datePublished":"2009-03-26T04:00:00+00:00","dateModified":"2017-06-02T17:06:33+00:00","author":{"@id":"https:\/\/interamerica.org\/fr\/#\/schema\/person\/68ede8bdc292885bb76c1e3810e73c39"},"breadcrumb":{"@id":"https:\/\/interamerica.org\/fr\/2009\/03\/linter-amerique-celebre-le-travail-de-ses-colporteurs-au-cours-dun-congres-special\/#breadcrumb"},"inLanguage":"fr-FR","potentialAction":[{"@type":"ReadAction","target":["https:\/\/interamerica.org\/fr\/2009\/03\/linter-amerique-celebre-le-travail-de-ses-colporteurs-au-cours-dun-congres-special\/"]}]},{"@type":"BreadcrumbList","@id":"https:\/\/interamerica.org\/fr\/2009\/03\/linter-amerique-celebre-le-travail-de-ses-colporteurs-au-cours-dun-congres-special\/#breadcrumb","itemListElement":[{"@type":"ListItem","position":1,"name":"Home","item":"https:\/\/interamerica.org\/fr\/"},{"@type":"ListItem","position":2,"name":"L&#39;inter Am\u00e9rique c\u00e9l\u00e8bre le travail de ses colporteurs au cours d&#39;un congr\u00e8s sp\u00e9cial."}]},{"@type":"WebSite","@id":"https:\/\/interamerica.org\/fr\/#website","url":"https:\/\/interamerica.org\/fr\/","name":"\u00c9glise Adventiste Du Septieme Jour - Inter Am\u00e9rique Division","description":"","potentialAction":[{"@type":"SearchAction","target":{"@type":"EntryPoint","urlTemplate":"https:\/\/interamerica.org\/fr\/?s={search_term_string}"},"query-input":{"@type":"PropertyValueSpecification","valueRequired":true,"valueName":"search_term_string"}}],"inLanguage":"fr-FR"},{"@type":"Person","@id":"https:\/\/interamerica.org\/fr\/#\/schema\/person\/68ede8bdc292885bb76c1e3810e73c39","name":"Lorenzo Verduzco","image":{"@type":"ImageObject","inLanguage":"fr-FR","@id":"https:\/\/secure.gravatar.com\/avatar\/fb81a55b6218459490a9c1dc841a34909185b81904c5337b4b27f7a6fd60c49e?s=96&d=mm&r=g","url":"https:\/\/secure.gravatar.com\/avatar\/fb81a55b6218459490a9c1dc841a34909185b81904c5337b4b27f7a6fd60c49e?s=96&d=mm&r=g","contentUrl":"https:\/\/secure.gravatar.com\/avatar\/fb81a55b6218459490a9c1dc841a34909185b81904c5337b4b27f7a6fd60c49e?s=96&d=mm&r=g","caption":"Lorenzo Verduzco"}}]}},"_links":{"self":[{"href":"https:\/\/interamerica.org\/fr\/wp-json\/wp\/v2\/posts\/13136","targetHints":{"allow":["GET"]}}],"collection":[{"href":"https:\/\/interamerica.org\/fr\/wp-json\/wp\/v2\/posts"}],"about":[{"href":"https:\/\/interamerica.org\/fr\/wp-json\/wp\/v2\/types\/post"}],"author":[{"embeddable":true,"href":"https:\/\/interamerica.org\/fr\/wp-json\/wp\/v2\/users\/1"}],"replies":[{"embeddable":true,"href":"https:\/\/interamerica.org\/fr\/wp-json\/wp\/v2\/comments?post=13136"}],"version-history":[{"count":0,"href":"https:\/\/interamerica.org\/fr\/wp-json\/wp\/v2\/posts\/13136\/revisions"}],"wp:attachment":[{"href":"https:\/\/interamerica.org\/fr\/wp-json\/wp\/v2\/media?parent=13136"}],"wp:term":[{"taxonomy":"category","embeddable":true,"href":"https:\/\/interamerica.org\/fr\/wp-json\/wp\/v2\/categories?post=13136"},{"taxonomy":"post_tag","embeddable":true,"href":"https:\/\/interamerica.org\/fr\/wp-json\/wp\/v2\/tags?post=13136"}],"curies":[{"name":"wp","href":"https:\/\/api.w.org\/{rel}","templated":true}]}}