{"id":13144,"date":"2009-04-11T00:00:00","date_gmt":"2009-04-11T04:00:00","guid":{"rendered":"http:\/\/192.81.217.108\/interamerica\/2009\/04\/sud-du-mexique-la-strategie-de-leglise-amene-la-croissance\/"},"modified":"2017-06-02T13:06:28","modified_gmt":"2017-06-02T17:06:28","slug":"sud-du-mexique-la-strategie-de-leglise-amene-la-croissance","status":"publish","type":"post","link":"https:\/\/interamerica.org\/fr\/2009\/04\/sud-du-mexique-la-strategie-de-leglise-amene-la-croissance\/","title":{"rendered":"Sud du Mexique : La strat\u00e9gie de l&#39;\u00e9glise am\u00e8ne la croissance"},"content":{"rendered":"<p>11  avril 2009 &#8211; Merida, Yucatan, Mexico [Raul Lozano\/ DIA] <\/p>\n<p>L&#39;\u00e9glise Adventiste du Septi\u00e8me jour du sud du Mexique a r\u00e9cemment scind\u00e9 une de ses f\u00e9d\u00e9rations locales en deux. La F\u00e9d\u00e9ration de Tabasco s&#39;est divis\u00e9e pour donner la F\u00e9d\u00e9ration Centrale de Tabasco et la Mission de Tabasco Est. Cette nouvelle addition \u00e0 cette r\u00e9gion de l&#39;\u00e9glise est le r\u00e9sultat d&#39;une croissance rapide de l&#39;effectif de membres. Les responsables locaux de l&#39;\u00e9glise attribuent la croissance \u00e0 la planification et au travail r\u00e9alis\u00e9 dans leur territoire pendant pr\u00e8s de 10 ans. <\/p>\n<p>Malgr\u00e9 la s\u00e9paration de l&#39;Union Mexicaine du Sud en deux unions en novembre 2001 avec un effectif restant de 232901, le nombre de membres a progress\u00e9 pour atteindre 279940 en 2008. Cette croissance a eu un impact sur le nombre d&#39;\u00e9glises et de groupe \u00e0 travers la r\u00e9gion. En 2001 il y avait 2638 \u00e9glises. A la fin de 2008 il y en avait 3299. <\/p>\n<p>Cette croissance a oblig\u00e9 les dirigeants de l&#39;union \u00e0 embaucher plus de pasteurs. Selon les dirigeants d&#39;\u00e9glise, 20 nouveaux districts en moyenne sont organis\u00e9s chaque ann\u00e9e. Chaque ann\u00e9e, environ seize pasteurs sont embauch\u00e9s  d\u00e8s leur sortie du s\u00e9minaire et sont appel\u00e9s \u00e0 s&#39;occuper d&#39;un millier de membres en moyenne. Les dimes ont \u00e9galement augment\u00e9 de 290% entre 2007 et 2008, et les offrandes ont progress\u00e9 de 305 % au cours de la m\u00eame p\u00e9riode. <\/p>\n<p><br  \/>\u00ab Il a fallu 10 ans pour en arriver l\u00e0 \u00bb a dit pasteur David Javier, pr\u00e9sident de l&#39;\u00e9glise Adventiste dans le sud du Mexique. \u00abTout cela peut \u00eatre attribu\u00e9 \u00e0 une strat\u00e9gie en cinq points \u00bb <\/p>\n<p>Apres cinq mois de S.W.O.T. (Forces, Faiblesses, Opportunit\u00e9s, et Menaces), et une analyse impliquant toutes les \u00e9glises  locales et leurs  pasteurs, un plan a \u00e9t\u00e9 mis sur pied et appliqu\u00e9 dans tout le territoire d&#39;apr\u00e8s les explications de pasteur Javier. <\/p>\n<p>\u00ab Tout d&#39;abord, les dirigeants de l&#39;Union et de la F\u00e9d\u00e9ration encouragent les pasteurs \u00e0 exercer un minist\u00e8re complet visant \u00e0 atteindre une croissance unifi\u00e9e&#39; en s&#39;assurant que les \u00e9glises ont un plan de d\u00e9veloppement dans tous les domaines et pour toutes les tranches d&#39;\u00e2ge, \u00bb a-t-il expliqu\u00e9. \u00ab Deuxi\u00e8mement, les dirigeants de l&#39;Union mettent l&#39;emphase sur des m\u00e9thodes d&#39;\u00e9vang\u00e9lisation sp\u00e9cifiques tels que les groupes de croissance, la p\u00e9n\u00e9tration de nouveaux territoires, le recrutement de la\u00efcs, les visites de maison en maison, les campagnes d&#39;\u00e9vang\u00e9lisation dans les foyers et dans les \u00e9glises, ainsi que des services \u00e0 la communaut\u00e9 et d&#39;autres activit\u00e9s du m\u00eame genre. \u00bb  <\/p>\n<p>Troisi\u00e8mement, a expliqu\u00e9 pasteur Javier, les dirigeants de l&#39;\u00e9glise forment les pasteurs, les la\u00efcs, les dirigeants de jeunesse, les enseignants et les administrateurs financiers. Quatri\u00e8mement, les dirigeants de toutes f\u00e9d\u00e9rations travaillent \u00e0 garder leurs indices financiers \u00e0 leur niveau optimal. Cinqui\u00e8mement les dirigeants de f\u00e9d\u00e9rations organisent leurs r\u00e9gions en zones o\u00f9 un officiel de la f\u00e9d\u00e9ration dirigera cinq pasteurs. De cette fa\u00e7on, les objectifs et le travail des pasteurs sont soutenu de pr\u00e8s. <\/p>\n<p>\u00ab L&#39;\u00e9tape la plus importante pour nous quand il s&#39;est agi d&#39;atteindre ce stade actuel, a \u00e9t\u00e9 l&#39;\u00e9valuation. \u00bb a indiqu\u00e9 pasteur Javier. \u00ab Nous programmons des sessions d&#39;\u00e9valuation chaque ann\u00e9e. \u00bb <\/p>\n<p>Dans un proche avenir a ajout\u00e9 pasteur Javier, le plan est de rassembler toutes les informations et de faire de l&#39;Union Mexicaine du Sud, un cas d&#39;\u00e9tude qui sera publi\u00e9 dans un livre. <\/p>\n<p>\u00ab Peut \u00eatre que d&#39;autres dirigeants pourront profiter de ce que le Seigneur nous a enseign\u00e9 a-t-il encore indiqu\u00e9. <\/p>\n","protected":false},"excerpt":{"rendered":"<p>L&#39;\u00e9glise Adventiste du Septi\u00e8me jour du sud du Mexique a r\u00e9cemment scind\u00e9 une de ses f\u00e9d\u00e9rations locales en deux. La F\u00e9d\u00e9ration de Tabasco s&#39;est divis\u00e9e pour donner la F\u00e9d&#038;eacut<\/p>\n","protected":false},"author":1,"featured_media":0,"comment_status":"closed","ping_status":"closed","sticky":false,"template":"","format":"standard","meta":{"_acf_changed":false,"footnotes":""},"categories":[9],"tags":[],"class_list":["post-13144","post","type-post","status-publish","format-standard","hentry","category-archive-fr"],"acf":[],"yoast_head":"<!-- This site is optimized with the Yoast SEO plugin v27.3 - https:\/\/yoast.com\/product\/yoast-seo-wordpress\/ -->\n<title>Sud du Mexique : La strat\u00e9gie de l&#039;\u00e9glise am\u00e8ne la croissance - \u00c9glise Adventiste Du Septieme Jour - Inter Am\u00e9rique Division<\/title>\n<meta name=\"robots\" content=\"index, follow, max-snippet:-1, max-image-preview:large, max-video-preview:-1\" \/>\n<link rel=\"canonical\" href=\"https:\/\/interamerica.org\/fr\/2009\/04\/sud-du-mexique-la-strategie-de-leglise-amene-la-croissance\/\" \/>\n<meta property=\"og:locale\" content=\"fr_FR\" \/>\n<meta property=\"og:type\" content=\"article\" \/>\n<meta property=\"og:title\" content=\"Sud du Mexique : La strat\u00e9gie de l&#039;\u00e9glise am\u00e8ne la croissance - \u00c9glise Adventiste Du Septieme Jour - Inter Am\u00e9rique Division\" \/>\n<meta property=\"og:description\" content=\"L&#039;\u00e9glise Adventiste du Septi\u00e8me jour du sud du Mexique a r\u00e9cemment scind\u00e9 une de ses f\u00e9d\u00e9rations locales en deux. La F\u00e9d\u00e9ration de Tabasco s&#039;est divis\u00e9e pour donner la F\u00e9d&amp;eacut\" \/>\n<meta property=\"og:url\" content=\"https:\/\/interamerica.org\/fr\/2009\/04\/sud-du-mexique-la-strategie-de-leglise-amene-la-croissance\/\" \/>\n<meta property=\"og:site_name\" content=\"\u00c9glise Adventiste Du Septieme Jour - Inter Am\u00e9rique Division\" \/>\n<meta property=\"article:published_time\" content=\"2009-04-11T04:00:00+00:00\" \/>\n<meta property=\"article:modified_time\" content=\"2017-06-02T17:06:28+00:00\" \/>\n<meta name=\"author\" content=\"Lorenzo Verduzco\" \/>\n<meta name=\"twitter:card\" content=\"summary_large_image\" \/>\n<meta name=\"twitter:label1\" content=\"\u00c9crit par\" \/>\n\t<meta name=\"twitter:data1\" content=\"Lorenzo Verduzco\" \/>\n\t<meta name=\"twitter:label2\" content=\"Dur\u00e9e de lecture estim\u00e9e\" \/>\n\t<meta name=\"twitter:data2\" content=\"3 minutes\" \/>\n<script type=\"application\/ld+json\" class=\"yoast-schema-graph\">{\"@context\":\"https:\\\/\\\/schema.org\",\"@graph\":[{\"@type\":\"Article\",\"@id\":\"https:\\\/\\\/interamerica.org\\\/fr\\\/2009\\\/04\\\/sud-du-mexique-la-strategie-de-leglise-amene-la-croissance\\\/#article\",\"isPartOf\":{\"@id\":\"https:\\\/\\\/interamerica.org\\\/fr\\\/2009\\\/04\\\/sud-du-mexique-la-strategie-de-leglise-amene-la-croissance\\\/\"},\"author\":{\"name\":\"Lorenzo Verduzco\",\"@id\":\"https:\\\/\\\/interamerica.org\\\/fr\\\/#\\\/schema\\\/person\\\/68ede8bdc292885bb76c1e3810e73c39\"},\"headline\":\"Sud du Mexique : La strat\u00e9gie de l&#39;\u00e9glise am\u00e8ne la croissance\",\"datePublished\":\"2009-04-11T04:00:00+00:00\",\"dateModified\":\"2017-06-02T17:06:28+00:00\",\"mainEntityOfPage\":{\"@id\":\"https:\\\/\\\/interamerica.org\\\/fr\\\/2009\\\/04\\\/sud-du-mexique-la-strategie-de-leglise-amene-la-croissance\\\/\"},\"wordCount\":632,\"articleSection\":[\"Archive\"],\"inLanguage\":\"fr-FR\"},{\"@type\":\"WebPage\",\"@id\":\"https:\\\/\\\/interamerica.org\\\/fr\\\/2009\\\/04\\\/sud-du-mexique-la-strategie-de-leglise-amene-la-croissance\\\/\",\"url\":\"https:\\\/\\\/interamerica.org\\\/fr\\\/2009\\\/04\\\/sud-du-mexique-la-strategie-de-leglise-amene-la-croissance\\\/\",\"name\":\"Sud du Mexique : La strat\u00e9gie de l&#39;\u00e9glise am\u00e8ne la croissance - \u00c9glise Adventiste Du Septieme Jour - Inter Am\u00e9rique Division\",\"isPartOf\":{\"@id\":\"https:\\\/\\\/interamerica.org\\\/fr\\\/#website\"},\"datePublished\":\"2009-04-11T04:00:00+00:00\",\"dateModified\":\"2017-06-02T17:06:28+00:00\",\"author\":{\"@id\":\"https:\\\/\\\/interamerica.org\\\/fr\\\/#\\\/schema\\\/person\\\/68ede8bdc292885bb76c1e3810e73c39\"},\"breadcrumb\":{\"@id\":\"https:\\\/\\\/interamerica.org\\\/fr\\\/2009\\\/04\\\/sud-du-mexique-la-strategie-de-leglise-amene-la-croissance\\\/#breadcrumb\"},\"inLanguage\":\"fr-FR\",\"potentialAction\":[{\"@type\":\"ReadAction\",\"target\":[\"https:\\\/\\\/interamerica.org\\\/fr\\\/2009\\\/04\\\/sud-du-mexique-la-strategie-de-leglise-amene-la-croissance\\\/\"]}]},{\"@type\":\"BreadcrumbList\",\"@id\":\"https:\\\/\\\/interamerica.org\\\/fr\\\/2009\\\/04\\\/sud-du-mexique-la-strategie-de-leglise-amene-la-croissance\\\/#breadcrumb\",\"itemListElement\":[{\"@type\":\"ListItem\",\"position\":1,\"name\":\"Home\",\"item\":\"https:\\\/\\\/interamerica.org\\\/fr\\\/\"},{\"@type\":\"ListItem\",\"position\":2,\"name\":\"Sud du Mexique : La strat\u00e9gie de l&#39;\u00e9glise am\u00e8ne la croissance\"}]},{\"@type\":\"WebSite\",\"@id\":\"https:\\\/\\\/interamerica.org\\\/fr\\\/#website\",\"url\":\"https:\\\/\\\/interamerica.org\\\/fr\\\/\",\"name\":\"\u00c9glise Adventiste Du Septieme Jour - Inter Am\u00e9rique Division\",\"description\":\"\",\"potentialAction\":[{\"@type\":\"SearchAction\",\"target\":{\"@type\":\"EntryPoint\",\"urlTemplate\":\"https:\\\/\\\/interamerica.org\\\/fr\\\/?s={search_term_string}\"},\"query-input\":{\"@type\":\"PropertyValueSpecification\",\"valueRequired\":true,\"valueName\":\"search_term_string\"}}],\"inLanguage\":\"fr-FR\"},{\"@type\":\"Person\",\"@id\":\"https:\\\/\\\/interamerica.org\\\/fr\\\/#\\\/schema\\\/person\\\/68ede8bdc292885bb76c1e3810e73c39\",\"name\":\"Lorenzo Verduzco\",\"image\":{\"@type\":\"ImageObject\",\"inLanguage\":\"fr-FR\",\"@id\":\"https:\\\/\\\/secure.gravatar.com\\\/avatar\\\/fb81a55b6218459490a9c1dc841a34909185b81904c5337b4b27f7a6fd60c49e?s=96&d=mm&r=g\",\"url\":\"https:\\\/\\\/secure.gravatar.com\\\/avatar\\\/fb81a55b6218459490a9c1dc841a34909185b81904c5337b4b27f7a6fd60c49e?s=96&d=mm&r=g\",\"contentUrl\":\"https:\\\/\\\/secure.gravatar.com\\\/avatar\\\/fb81a55b6218459490a9c1dc841a34909185b81904c5337b4b27f7a6fd60c49e?s=96&d=mm&r=g\",\"caption\":\"Lorenzo Verduzco\"}}]}<\/script>\n<!-- \/ Yoast SEO plugin. -->","yoast_head_json":{"title":"Sud du Mexique : La strat\u00e9gie de l&#39;\u00e9glise am\u00e8ne la croissance - \u00c9glise Adventiste Du Septieme Jour - Inter Am\u00e9rique Division","robots":{"index":"index","follow":"follow","max-snippet":"max-snippet:-1","max-image-preview":"max-image-preview:large","max-video-preview":"max-video-preview:-1"},"canonical":"https:\/\/interamerica.org\/fr\/2009\/04\/sud-du-mexique-la-strategie-de-leglise-amene-la-croissance\/","og_locale":"fr_FR","og_type":"article","og_title":"Sud du Mexique : La strat\u00e9gie de l&#39;\u00e9glise am\u00e8ne la croissance - \u00c9glise Adventiste Du Septieme Jour - Inter Am\u00e9rique Division","og_description":"L&#39;\u00e9glise Adventiste du Septi\u00e8me jour du sud du Mexique a r\u00e9cemment scind\u00e9 une de ses f\u00e9d\u00e9rations locales en deux. La F\u00e9d\u00e9ration de Tabasco s&#39;est divis\u00e9e pour donner la F\u00e9d&eacut","og_url":"https:\/\/interamerica.org\/fr\/2009\/04\/sud-du-mexique-la-strategie-de-leglise-amene-la-croissance\/","og_site_name":"\u00c9glise Adventiste Du Septieme Jour - Inter Am\u00e9rique Division","article_published_time":"2009-04-11T04:00:00+00:00","article_modified_time":"2017-06-02T17:06:28+00:00","author":"Lorenzo Verduzco","twitter_card":"summary_large_image","twitter_misc":{"\u00c9crit par":"Lorenzo Verduzco","Dur\u00e9e de lecture estim\u00e9e":"3 minutes"},"schema":{"@context":"https:\/\/schema.org","@graph":[{"@type":"Article","@id":"https:\/\/interamerica.org\/fr\/2009\/04\/sud-du-mexique-la-strategie-de-leglise-amene-la-croissance\/#article","isPartOf":{"@id":"https:\/\/interamerica.org\/fr\/2009\/04\/sud-du-mexique-la-strategie-de-leglise-amene-la-croissance\/"},"author":{"name":"Lorenzo Verduzco","@id":"https:\/\/interamerica.org\/fr\/#\/schema\/person\/68ede8bdc292885bb76c1e3810e73c39"},"headline":"Sud du Mexique : La strat\u00e9gie de l&#39;\u00e9glise am\u00e8ne la croissance","datePublished":"2009-04-11T04:00:00+00:00","dateModified":"2017-06-02T17:06:28+00:00","mainEntityOfPage":{"@id":"https:\/\/interamerica.org\/fr\/2009\/04\/sud-du-mexique-la-strategie-de-leglise-amene-la-croissance\/"},"wordCount":632,"articleSection":["Archive"],"inLanguage":"fr-FR"},{"@type":"WebPage","@id":"https:\/\/interamerica.org\/fr\/2009\/04\/sud-du-mexique-la-strategie-de-leglise-amene-la-croissance\/","url":"https:\/\/interamerica.org\/fr\/2009\/04\/sud-du-mexique-la-strategie-de-leglise-amene-la-croissance\/","name":"Sud du Mexique : La strat\u00e9gie de l&#39;\u00e9glise am\u00e8ne la croissance - \u00c9glise Adventiste Du Septieme Jour - Inter Am\u00e9rique Division","isPartOf":{"@id":"https:\/\/interamerica.org\/fr\/#website"},"datePublished":"2009-04-11T04:00:00+00:00","dateModified":"2017-06-02T17:06:28+00:00","author":{"@id":"https:\/\/interamerica.org\/fr\/#\/schema\/person\/68ede8bdc292885bb76c1e3810e73c39"},"breadcrumb":{"@id":"https:\/\/interamerica.org\/fr\/2009\/04\/sud-du-mexique-la-strategie-de-leglise-amene-la-croissance\/#breadcrumb"},"inLanguage":"fr-FR","potentialAction":[{"@type":"ReadAction","target":["https:\/\/interamerica.org\/fr\/2009\/04\/sud-du-mexique-la-strategie-de-leglise-amene-la-croissance\/"]}]},{"@type":"BreadcrumbList","@id":"https:\/\/interamerica.org\/fr\/2009\/04\/sud-du-mexique-la-strategie-de-leglise-amene-la-croissance\/#breadcrumb","itemListElement":[{"@type":"ListItem","position":1,"name":"Home","item":"https:\/\/interamerica.org\/fr\/"},{"@type":"ListItem","position":2,"name":"Sud du Mexique : La strat\u00e9gie de l&#39;\u00e9glise am\u00e8ne la croissance"}]},{"@type":"WebSite","@id":"https:\/\/interamerica.org\/fr\/#website","url":"https:\/\/interamerica.org\/fr\/","name":"\u00c9glise Adventiste Du Septieme Jour - Inter Am\u00e9rique Division","description":"","potentialAction":[{"@type":"SearchAction","target":{"@type":"EntryPoint","urlTemplate":"https:\/\/interamerica.org\/fr\/?s={search_term_string}"},"query-input":{"@type":"PropertyValueSpecification","valueRequired":true,"valueName":"search_term_string"}}],"inLanguage":"fr-FR"},{"@type":"Person","@id":"https:\/\/interamerica.org\/fr\/#\/schema\/person\/68ede8bdc292885bb76c1e3810e73c39","name":"Lorenzo Verduzco","image":{"@type":"ImageObject","inLanguage":"fr-FR","@id":"https:\/\/secure.gravatar.com\/avatar\/fb81a55b6218459490a9c1dc841a34909185b81904c5337b4b27f7a6fd60c49e?s=96&d=mm&r=g","url":"https:\/\/secure.gravatar.com\/avatar\/fb81a55b6218459490a9c1dc841a34909185b81904c5337b4b27f7a6fd60c49e?s=96&d=mm&r=g","contentUrl":"https:\/\/secure.gravatar.com\/avatar\/fb81a55b6218459490a9c1dc841a34909185b81904c5337b4b27f7a6fd60c49e?s=96&d=mm&r=g","caption":"Lorenzo Verduzco"}}]}},"_links":{"self":[{"href":"https:\/\/interamerica.org\/fr\/wp-json\/wp\/v2\/posts\/13144","targetHints":{"allow":["GET"]}}],"collection":[{"href":"https:\/\/interamerica.org\/fr\/wp-json\/wp\/v2\/posts"}],"about":[{"href":"https:\/\/interamerica.org\/fr\/wp-json\/wp\/v2\/types\/post"}],"author":[{"embeddable":true,"href":"https:\/\/interamerica.org\/fr\/wp-json\/wp\/v2\/users\/1"}],"replies":[{"embeddable":true,"href":"https:\/\/interamerica.org\/fr\/wp-json\/wp\/v2\/comments?post=13144"}],"version-history":[{"count":0,"href":"https:\/\/interamerica.org\/fr\/wp-json\/wp\/v2\/posts\/13144\/revisions"}],"wp:attachment":[{"href":"https:\/\/interamerica.org\/fr\/wp-json\/wp\/v2\/media?parent=13144"}],"wp:term":[{"taxonomy":"category","embeddable":true,"href":"https:\/\/interamerica.org\/fr\/wp-json\/wp\/v2\/categories?post=13144"},{"taxonomy":"post_tag","embeddable":true,"href":"https:\/\/interamerica.org\/fr\/wp-json\/wp\/v2\/tags?post=13144"}],"curies":[{"name":"wp","href":"https:\/\/api.w.org\/{rel}","templated":true}]}}