{"id":13147,"date":"2009-04-15T00:00:00","date_gmt":"2009-04-15T04:00:00","guid":{"rendered":"http:\/\/192.81.217.108\/interamerica\/2009\/04\/leglise-adventiste-retient-la-date-du-24-octobre-pour-le-sabbat-de-la-creation\/"},"modified":"2017-06-02T13:06:26","modified_gmt":"2017-06-02T17:06:26","slug":"leglise-adventiste-retient-la-date-du-24-octobre-pour-le-sabbat-de-la-creation","status":"publish","type":"post","link":"https:\/\/interamerica.org\/fr\/2009\/04\/leglise-adventiste-retient-la-date-du-24-octobre-pour-le-sabbat-de-la-creation\/","title":{"rendered":"L&#39;Eglise Adventiste retient la date du 24 octobre pour le Sabbat de la Cr\u00e9ation"},"content":{"rendered":"<p>14 avril 2009, Silver Spring, Maryland, Etats Unis&#8230;Ansel Oliver\/ANN <\/p>\n<p>Nikolaus Satelmajer a eu une id\u00e9e apr\u00e8s avoir appris que des centaines d&#39;\u00e9glises et de synagogues ont c\u00e9l\u00e9br\u00e9 le \u00ab Weekend de l&#39;Evolution \u00bb au cours des trois derni\u00e8res ann\u00e9es. <\/p>\n<p>Satelmajer, l&#39;\u00e9diteur du magazine de l&#39;\u00e9glise Adventiste Ministry a donc pens\u00e9 : \u00ab pourquoi n&#39;avons-nous pas un jour pour mettre l&#39;accent sur la cr\u00e9ation ? \u00bb <\/p>\n<p>La semaine derni\u00e8re, les dirigeants mondiaux de la d\u00e9nomination ont souscrit \u00e0 cette id\u00e9e, votant d&#39;approuver le \u00ab Sabbat de la Cr\u00e9ation \u00bb, une journ\u00e9e pour mettre l&#39;emphase sur Dieu en tant que notre Cr\u00e9ateur. Cette journ\u00e9e d&#39;emphase devrait avoir lieu le samedi 24 octobre. <\/p>\n<p>\u00ab Ce n&#39;est pas dans le but d&#39;entrer dans un d\u00e9bat sur l&#39;\u00e9volution contre la cr\u00e9ation, mais pour mettre l&#39;accent sur Dieu notre Cr\u00e9ateur \u00bb a dit Satelmajer aux d\u00e9l\u00e9gu\u00e9s r\u00e9unis au si\u00e8ge mondial de l&#39;\u00e9glise \u00e0 Silver Spring dans le Maryland aux Etats Unis. <\/p>\n<p>Le Week end de l&#39;Evolution est organis\u00e9 chaque ann\u00e9e \u00e0 une date proche de l&#39;anniversaire du scientifique Charles Darwin, auteur de \u00ab l&#39;Origine des Esp\u00e8ces. \u00bb  Des centaines de congr\u00e9gations participantes soutiennent une cr\u00e9ation combin\u00e9e \u00e0 l&#39;\u00e9volution, selon le Projet de la Lettre du Clerg\u00e9, l&#39;organisation qui sponsorise l&#39;op\u00e9ration. <\/p>\n<p>L&#39;Eglise Adventiste du Septi\u00e8me jour enseigne une cr\u00e9ation du monde en sept jours litt\u00e9raux. <\/p>\n<p>\u00ab La principale influence de l&#39;\u0153uvre de Darwin a \u00e9t\u00e9 de s\u00e9parer Dieu du monde, \u00bb a d\u00e9clar\u00e9 James Gibson, directeur de l&#39;Institut de Recherche Geoscientifique de la d\u00e9nomination situ\u00e9 \u00e0 Loma Linda en Californie. \u00ab Notre message de cr\u00e9ation vise \u00e0 unir Dieu au monde dans l&#39;esprit des gens. \u00bb <\/p>\n<p>Gibson a d\u00e9clar\u00e9 que l&#39;un des doctrines centrales de la th\u00e9ologie Adventiste, le Message des Trois Anges dans l&#39;Apocalypse, inclue la croyance en la cr\u00e9ation. <\/p>\n<p>\u00ab Il me semble que lorsque nous c\u00e9l\u00e9brons le Message des Trois Anges, en r\u00e9alit\u00e9 nous c\u00e9l\u00e9brons aussi la cr\u00e9ation, \u00bb a-t-il dit faisant r\u00e9f\u00e9rence au message du premier ange invitant \u00e0 adorer Christ le Cr\u00e9ateur. <\/p>\n<p>\u00ab Parfois, je pense qu&#39;il y a eu trop de temps pass\u00e9 \u00e0 soulever des questions et \u00e0 d\u00e9battre alors que nous devrions dire : \u2018explorons la signification de Dieu en tant que notre Cr\u00e9ateur&#39; \u00bb <\/p>\n<p>Les dirigeants de l&#39;Eglise ont fait savoir que plus d&#39;information au sujet du Sabbat de la Cr\u00e9ation seront disponibles en Juillet. <\/p>\n","protected":false},"excerpt":{"rendered":"<p>Nikolaus Satelmajer a eu une id\u00e9e apr\u00e8s avoir appris que des centaines d&#39;\u00e9glises et de synagogues ont c\u00e9l\u00e9br\u00e9 le \u00ab Weekend de l&#39;Evolution \u00bb au cours des trois derni\u00e8res ann\u00e9<\/p>\n","protected":false},"author":1,"featured_media":0,"comment_status":"closed","ping_status":"closed","sticky":false,"template":"","format":"standard","meta":{"_acf_changed":false,"footnotes":""},"categories":[9],"tags":[],"class_list":["post-13147","post","type-post","status-publish","format-standard","hentry","category-archive-fr"],"acf":[],"yoast_head":"<!-- This site is optimized with the Yoast SEO plugin v27.3 - https:\/\/yoast.com\/product\/yoast-seo-wordpress\/ -->\n<title>L&#039;Eglise Adventiste retient la date du 24 octobre pour le Sabbat de la Cr\u00e9ation - \u00c9glise Adventiste Du Septieme Jour - Inter Am\u00e9rique Division<\/title>\n<meta name=\"robots\" content=\"index, follow, max-snippet:-1, max-image-preview:large, max-video-preview:-1\" \/>\n<link rel=\"canonical\" href=\"https:\/\/interamerica.org\/fr\/2009\/04\/leglise-adventiste-retient-la-date-du-24-octobre-pour-le-sabbat-de-la-creation\/\" \/>\n<meta property=\"og:locale\" content=\"fr_FR\" \/>\n<meta property=\"og:type\" content=\"article\" \/>\n<meta property=\"og:title\" content=\"L&#039;Eglise Adventiste retient la date du 24 octobre pour le Sabbat de la Cr\u00e9ation - \u00c9glise Adventiste Du Septieme Jour - Inter Am\u00e9rique Division\" \/>\n<meta property=\"og:description\" content=\"Nikolaus Satelmajer a eu une id\u00e9e apr\u00e8s avoir appris que des centaines d&#039;\u00e9glises et de synagogues ont c\u00e9l\u00e9br\u00e9 le \u00ab Weekend de l&#039;Evolution \u00bb au cours des trois derni\u00e8res ann\u00e9\" \/>\n<meta property=\"og:url\" content=\"https:\/\/interamerica.org\/fr\/2009\/04\/leglise-adventiste-retient-la-date-du-24-octobre-pour-le-sabbat-de-la-creation\/\" \/>\n<meta property=\"og:site_name\" content=\"\u00c9glise Adventiste Du Septieme Jour - Inter Am\u00e9rique Division\" \/>\n<meta property=\"article:published_time\" content=\"2009-04-15T04:00:00+00:00\" \/>\n<meta property=\"article:modified_time\" content=\"2017-06-02T17:06:26+00:00\" \/>\n<meta name=\"author\" content=\"Lorenzo Verduzco\" \/>\n<meta name=\"twitter:card\" content=\"summary_large_image\" \/>\n<meta name=\"twitter:label1\" content=\"\u00c9crit par\" \/>\n\t<meta name=\"twitter:data1\" content=\"Lorenzo Verduzco\" \/>\n\t<meta name=\"twitter:label2\" content=\"Dur\u00e9e de lecture estim\u00e9e\" \/>\n\t<meta name=\"twitter:data2\" content=\"2 minutes\" \/>\n<script type=\"application\/ld+json\" class=\"yoast-schema-graph\">{\"@context\":\"https:\\\/\\\/schema.org\",\"@graph\":[{\"@type\":\"Article\",\"@id\":\"https:\\\/\\\/interamerica.org\\\/fr\\\/2009\\\/04\\\/leglise-adventiste-retient-la-date-du-24-octobre-pour-le-sabbat-de-la-creation\\\/#article\",\"isPartOf\":{\"@id\":\"https:\\\/\\\/interamerica.org\\\/fr\\\/2009\\\/04\\\/leglise-adventiste-retient-la-date-du-24-octobre-pour-le-sabbat-de-la-creation\\\/\"},\"author\":{\"name\":\"Lorenzo Verduzco\",\"@id\":\"https:\\\/\\\/interamerica.org\\\/fr\\\/#\\\/schema\\\/person\\\/68ede8bdc292885bb76c1e3810e73c39\"},\"headline\":\"L&#39;Eglise Adventiste retient la date du 24 octobre pour le Sabbat de la Cr\u00e9ation\",\"datePublished\":\"2009-04-15T04:00:00+00:00\",\"dateModified\":\"2017-06-02T17:06:26+00:00\",\"mainEntityOfPage\":{\"@id\":\"https:\\\/\\\/interamerica.org\\\/fr\\\/2009\\\/04\\\/leglise-adventiste-retient-la-date-du-24-octobre-pour-le-sabbat-de-la-creation\\\/\"},\"wordCount\":450,\"articleSection\":[\"Archive\"],\"inLanguage\":\"fr-FR\"},{\"@type\":\"WebPage\",\"@id\":\"https:\\\/\\\/interamerica.org\\\/fr\\\/2009\\\/04\\\/leglise-adventiste-retient-la-date-du-24-octobre-pour-le-sabbat-de-la-creation\\\/\",\"url\":\"https:\\\/\\\/interamerica.org\\\/fr\\\/2009\\\/04\\\/leglise-adventiste-retient-la-date-du-24-octobre-pour-le-sabbat-de-la-creation\\\/\",\"name\":\"L&#39;Eglise Adventiste retient la date du 24 octobre pour le Sabbat de la Cr\u00e9ation - \u00c9glise Adventiste Du Septieme Jour - Inter Am\u00e9rique Division\",\"isPartOf\":{\"@id\":\"https:\\\/\\\/interamerica.org\\\/fr\\\/#website\"},\"datePublished\":\"2009-04-15T04:00:00+00:00\",\"dateModified\":\"2017-06-02T17:06:26+00:00\",\"author\":{\"@id\":\"https:\\\/\\\/interamerica.org\\\/fr\\\/#\\\/schema\\\/person\\\/68ede8bdc292885bb76c1e3810e73c39\"},\"breadcrumb\":{\"@id\":\"https:\\\/\\\/interamerica.org\\\/fr\\\/2009\\\/04\\\/leglise-adventiste-retient-la-date-du-24-octobre-pour-le-sabbat-de-la-creation\\\/#breadcrumb\"},\"inLanguage\":\"fr-FR\",\"potentialAction\":[{\"@type\":\"ReadAction\",\"target\":[\"https:\\\/\\\/interamerica.org\\\/fr\\\/2009\\\/04\\\/leglise-adventiste-retient-la-date-du-24-octobre-pour-le-sabbat-de-la-creation\\\/\"]}]},{\"@type\":\"BreadcrumbList\",\"@id\":\"https:\\\/\\\/interamerica.org\\\/fr\\\/2009\\\/04\\\/leglise-adventiste-retient-la-date-du-24-octobre-pour-le-sabbat-de-la-creation\\\/#breadcrumb\",\"itemListElement\":[{\"@type\":\"ListItem\",\"position\":1,\"name\":\"Home\",\"item\":\"https:\\\/\\\/interamerica.org\\\/fr\\\/\"},{\"@type\":\"ListItem\",\"position\":2,\"name\":\"L&#39;Eglise Adventiste retient la date du 24 octobre pour le Sabbat de la Cr\u00e9ation\"}]},{\"@type\":\"WebSite\",\"@id\":\"https:\\\/\\\/interamerica.org\\\/fr\\\/#website\",\"url\":\"https:\\\/\\\/interamerica.org\\\/fr\\\/\",\"name\":\"\u00c9glise Adventiste Du Septieme Jour - Inter Am\u00e9rique Division\",\"description\":\"\",\"potentialAction\":[{\"@type\":\"SearchAction\",\"target\":{\"@type\":\"EntryPoint\",\"urlTemplate\":\"https:\\\/\\\/interamerica.org\\\/fr\\\/?s={search_term_string}\"},\"query-input\":{\"@type\":\"PropertyValueSpecification\",\"valueRequired\":true,\"valueName\":\"search_term_string\"}}],\"inLanguage\":\"fr-FR\"},{\"@type\":\"Person\",\"@id\":\"https:\\\/\\\/interamerica.org\\\/fr\\\/#\\\/schema\\\/person\\\/68ede8bdc292885bb76c1e3810e73c39\",\"name\":\"Lorenzo Verduzco\",\"image\":{\"@type\":\"ImageObject\",\"inLanguage\":\"fr-FR\",\"@id\":\"https:\\\/\\\/secure.gravatar.com\\\/avatar\\\/fb81a55b6218459490a9c1dc841a34909185b81904c5337b4b27f7a6fd60c49e?s=96&d=mm&r=g\",\"url\":\"https:\\\/\\\/secure.gravatar.com\\\/avatar\\\/fb81a55b6218459490a9c1dc841a34909185b81904c5337b4b27f7a6fd60c49e?s=96&d=mm&r=g\",\"contentUrl\":\"https:\\\/\\\/secure.gravatar.com\\\/avatar\\\/fb81a55b6218459490a9c1dc841a34909185b81904c5337b4b27f7a6fd60c49e?s=96&d=mm&r=g\",\"caption\":\"Lorenzo Verduzco\"}}]}<\/script>\n<!-- \/ Yoast SEO plugin. -->","yoast_head_json":{"title":"L&#39;Eglise Adventiste retient la date du 24 octobre pour le Sabbat de la Cr\u00e9ation - \u00c9glise Adventiste Du Septieme Jour - Inter Am\u00e9rique Division","robots":{"index":"index","follow":"follow","max-snippet":"max-snippet:-1","max-image-preview":"max-image-preview:large","max-video-preview":"max-video-preview:-1"},"canonical":"https:\/\/interamerica.org\/fr\/2009\/04\/leglise-adventiste-retient-la-date-du-24-octobre-pour-le-sabbat-de-la-creation\/","og_locale":"fr_FR","og_type":"article","og_title":"L&#39;Eglise Adventiste retient la date du 24 octobre pour le Sabbat de la Cr\u00e9ation - \u00c9glise Adventiste Du Septieme Jour - Inter Am\u00e9rique Division","og_description":"Nikolaus Satelmajer a eu une id\u00e9e apr\u00e8s avoir appris que des centaines d&#39;\u00e9glises et de synagogues ont c\u00e9l\u00e9br\u00e9 le \u00ab Weekend de l&#39;Evolution \u00bb au cours des trois derni\u00e8res ann\u00e9","og_url":"https:\/\/interamerica.org\/fr\/2009\/04\/leglise-adventiste-retient-la-date-du-24-octobre-pour-le-sabbat-de-la-creation\/","og_site_name":"\u00c9glise Adventiste Du Septieme Jour - Inter Am\u00e9rique Division","article_published_time":"2009-04-15T04:00:00+00:00","article_modified_time":"2017-06-02T17:06:26+00:00","author":"Lorenzo Verduzco","twitter_card":"summary_large_image","twitter_misc":{"\u00c9crit par":"Lorenzo Verduzco","Dur\u00e9e de lecture estim\u00e9e":"2 minutes"},"schema":{"@context":"https:\/\/schema.org","@graph":[{"@type":"Article","@id":"https:\/\/interamerica.org\/fr\/2009\/04\/leglise-adventiste-retient-la-date-du-24-octobre-pour-le-sabbat-de-la-creation\/#article","isPartOf":{"@id":"https:\/\/interamerica.org\/fr\/2009\/04\/leglise-adventiste-retient-la-date-du-24-octobre-pour-le-sabbat-de-la-creation\/"},"author":{"name":"Lorenzo Verduzco","@id":"https:\/\/interamerica.org\/fr\/#\/schema\/person\/68ede8bdc292885bb76c1e3810e73c39"},"headline":"L&#39;Eglise Adventiste retient la date du 24 octobre pour le Sabbat de la Cr\u00e9ation","datePublished":"2009-04-15T04:00:00+00:00","dateModified":"2017-06-02T17:06:26+00:00","mainEntityOfPage":{"@id":"https:\/\/interamerica.org\/fr\/2009\/04\/leglise-adventiste-retient-la-date-du-24-octobre-pour-le-sabbat-de-la-creation\/"},"wordCount":450,"articleSection":["Archive"],"inLanguage":"fr-FR"},{"@type":"WebPage","@id":"https:\/\/interamerica.org\/fr\/2009\/04\/leglise-adventiste-retient-la-date-du-24-octobre-pour-le-sabbat-de-la-creation\/","url":"https:\/\/interamerica.org\/fr\/2009\/04\/leglise-adventiste-retient-la-date-du-24-octobre-pour-le-sabbat-de-la-creation\/","name":"L&#39;Eglise Adventiste retient la date du 24 octobre pour le Sabbat de la Cr\u00e9ation - \u00c9glise Adventiste Du Septieme Jour - Inter Am\u00e9rique Division","isPartOf":{"@id":"https:\/\/interamerica.org\/fr\/#website"},"datePublished":"2009-04-15T04:00:00+00:00","dateModified":"2017-06-02T17:06:26+00:00","author":{"@id":"https:\/\/interamerica.org\/fr\/#\/schema\/person\/68ede8bdc292885bb76c1e3810e73c39"},"breadcrumb":{"@id":"https:\/\/interamerica.org\/fr\/2009\/04\/leglise-adventiste-retient-la-date-du-24-octobre-pour-le-sabbat-de-la-creation\/#breadcrumb"},"inLanguage":"fr-FR","potentialAction":[{"@type":"ReadAction","target":["https:\/\/interamerica.org\/fr\/2009\/04\/leglise-adventiste-retient-la-date-du-24-octobre-pour-le-sabbat-de-la-creation\/"]}]},{"@type":"BreadcrumbList","@id":"https:\/\/interamerica.org\/fr\/2009\/04\/leglise-adventiste-retient-la-date-du-24-octobre-pour-le-sabbat-de-la-creation\/#breadcrumb","itemListElement":[{"@type":"ListItem","position":1,"name":"Home","item":"https:\/\/interamerica.org\/fr\/"},{"@type":"ListItem","position":2,"name":"L&#39;Eglise Adventiste retient la date du 24 octobre pour le Sabbat de la Cr\u00e9ation"}]},{"@type":"WebSite","@id":"https:\/\/interamerica.org\/fr\/#website","url":"https:\/\/interamerica.org\/fr\/","name":"\u00c9glise Adventiste Du Septieme Jour - Inter Am\u00e9rique Division","description":"","potentialAction":[{"@type":"SearchAction","target":{"@type":"EntryPoint","urlTemplate":"https:\/\/interamerica.org\/fr\/?s={search_term_string}"},"query-input":{"@type":"PropertyValueSpecification","valueRequired":true,"valueName":"search_term_string"}}],"inLanguage":"fr-FR"},{"@type":"Person","@id":"https:\/\/interamerica.org\/fr\/#\/schema\/person\/68ede8bdc292885bb76c1e3810e73c39","name":"Lorenzo Verduzco","image":{"@type":"ImageObject","inLanguage":"fr-FR","@id":"https:\/\/secure.gravatar.com\/avatar\/fb81a55b6218459490a9c1dc841a34909185b81904c5337b4b27f7a6fd60c49e?s=96&d=mm&r=g","url":"https:\/\/secure.gravatar.com\/avatar\/fb81a55b6218459490a9c1dc841a34909185b81904c5337b4b27f7a6fd60c49e?s=96&d=mm&r=g","contentUrl":"https:\/\/secure.gravatar.com\/avatar\/fb81a55b6218459490a9c1dc841a34909185b81904c5337b4b27f7a6fd60c49e?s=96&d=mm&r=g","caption":"Lorenzo Verduzco"}}]}},"_links":{"self":[{"href":"https:\/\/interamerica.org\/fr\/wp-json\/wp\/v2\/posts\/13147","targetHints":{"allow":["GET"]}}],"collection":[{"href":"https:\/\/interamerica.org\/fr\/wp-json\/wp\/v2\/posts"}],"about":[{"href":"https:\/\/interamerica.org\/fr\/wp-json\/wp\/v2\/types\/post"}],"author":[{"embeddable":true,"href":"https:\/\/interamerica.org\/fr\/wp-json\/wp\/v2\/users\/1"}],"replies":[{"embeddable":true,"href":"https:\/\/interamerica.org\/fr\/wp-json\/wp\/v2\/comments?post=13147"}],"version-history":[{"count":0,"href":"https:\/\/interamerica.org\/fr\/wp-json\/wp\/v2\/posts\/13147\/revisions"}],"wp:attachment":[{"href":"https:\/\/interamerica.org\/fr\/wp-json\/wp\/v2\/media?parent=13147"}],"wp:term":[{"taxonomy":"category","embeddable":true,"href":"https:\/\/interamerica.org\/fr\/wp-json\/wp\/v2\/categories?post=13147"},{"taxonomy":"post_tag","embeddable":true,"href":"https:\/\/interamerica.org\/fr\/wp-json\/wp\/v2\/tags?post=13147"}],"curies":[{"name":"wp","href":"https:\/\/api.w.org\/{rel}","templated":true}]}}