{"id":13148,"date":"2009-04-15T00:00:00","date_gmt":"2009-04-15T04:00:00","guid":{"rendered":"http:\/\/192.81.217.108\/interamerica\/2009\/04\/haiti-le-personnel-du-bureau-principal-de-leglise-vient-au-secours-de-sa-communaute-la-plus-proche\/"},"modified":"2017-06-02T13:06:26","modified_gmt":"2017-06-02T17:06:26","slug":"haiti-le-personnel-du-bureau-principal-de-leglise-vient-au-secours-de-sa-communaute-la-plus-proche","status":"publish","type":"post","link":"https:\/\/interamerica.org\/fr\/2009\/04\/haiti-le-personnel-du-bureau-principal-de-leglise-vient-au-secours-de-sa-communaute-la-plus-proche\/","title":{"rendered":"Haiti:  le personnel du bureau principal de l&#39;\u00e9glise vient au secours de sa communaut\u00e9 la plus proche"},"content":{"rendered":"<p>15 avril 2009 &#8211; Port-au-Prince, Ha\u00efti&#8230; (Staff de la DIA) <\/p>\n<p>Les administrateurs de l&#39;\u00e9glise Adventiste du Septi\u00e8me jour et le personnel du bureau du si\u00e8ge principal de l&#39;\u00e9glise qui se trouve \u00e0 Port-au-Prince, Haiti ont choisi de prendre un cong\u00e9 sp\u00e9cial au cours de l&#39;apr\u00e8s-midi du 2 avril 2009 pour venir en aide \u00e0 plus de 160 familles de leur communaut\u00e9. <\/p>\n<p>C&#39;\u00e9tait un volet d&#39;un programme sp\u00e9cial qui avait r\u00e9uni des organisations Adventistes dans le but d&#39;aider les plus d\u00e9sh\u00e9rit\u00e9s du faubourg de la Cit\u00e9 J\u00e9r\u00e9mie en leur offrant de la nourriture, des soins m\u00e9dicaux, et des v\u00eatements. <\/p>\n<p>Notre but etait d&#39;\u00e9tablir une relation plus \u00e9troite avec les gens de la communaut\u00e9 et leur faire part du travail accompli par l&#39;\u00e9glise Adventiste \u00e0 travers les bureaux de ses quatre missions et de ses cinq institutions,\u00a0\u00bb a dit Pierre Caporal, secr\u00e9taire ex\u00e9cutif de l&#39;\u00e9glise d&#39;Ha\u00efti.  \u00ab\u00a0C&#39;\u00e9tait aussi une bonne opportunit\u00e9 pour les attirer \u00e0 J\u00e9sus-Christ.\u00a0\u00bb <\/p>\n<p>Au cours d&#39;une c\u00e9r\u00e9monie sp\u00e9ciale avant la distribution, les dirigeants d&#39;\u00e9glise ont rencontr\u00e9 les dirigeants de la communaut\u00e9 et ont offert quelques pamphlets et adress\u00e9 des mots d&#39;encouragment. <\/p>\n<p>Le maire de Delmas Gael Jean a f\u00e9licit\u00e9 les dirigeants de l&#39;\u00e9glise pour leur travail accompli au sein de la nation et les a remerci\u00e9s pour leur programme sp\u00e9cial en faveur de Delmas. <\/p>\n<p>\u00ab\u00a0Ceci me rappelle la merveilleuse rencontre de J\u00e9sus-Christ quand il n&#39;a pas seulement pr\u00e9sent\u00e9 Son Evangile de salut, mais il a aussi r\u00e9pondu \u00e0 leurs besoins, en gu\u00e9rissant les malades et en nourrissant les affam\u00e9s,\u00a0\u00bb a d\u00e9clar\u00e9 le Maire Jean. <\/p>\n<p>Le personnel de l&#39;Hopital Adventiste s&#39;\u00e9tait aussi joint au programme en offrant des soins m\u00e9dicaux et des examens de d\u00e9pistage du VIH, ainsi que du mat\u00e9riel destin\u00e9 aux soins d&#39;hygi\u00e8ne \u00e0 chaque famille. <\/p>\n<p>L&#39;Agence Adventiste de D\u00e9veloppement et de Secours (ADRA) en Haiti a aid\u00e9 \u00e0 l&#39;organisation du programme.  ADRA a aussi offert des bo\u00eetes de nourriture.  Le directeur d&#39;ADRA d&#39;Haiti Fritz Bissereth a annonc\u00e9 que l&#39;agence allait achever la construction d&#39;un puits \u00e0 Cit\u00e9 J\u00e9r\u00e9mie o\u00f9 la population a grandement besoin d&#39;eau. <\/p>\n<p>Aussi les autres organisations non-gouvernementales pr\u00e9sentes ont remerci\u00e9 l&#39;Eglise Adventiste pour son engagement \u00e0 aider les gens de la communaut\u00e9. <\/p>\n<p>Pasteur Th\u00e9art Saint-Pierre, pr\u00e9sident de l&#39;oeuvre en Haiti, a remerci\u00e9 tous ceux qui ont aid\u00e9 et a avanc\u00e9 que c&#39;\u00e9tait une autre \u00ab\u00a0opportunit\u00e9 de pr\u00eacher l&#39;Evangile aux voisins.\u00a0\u00bb <\/p>\n<p>Les 26 \u00e9glises et le personnel du bureau du si\u00e8ge principal de l&#39;\u00e9glise se r\u00e9jouissent des retomb\u00e9es de ce programme et font des plans pour atteindre d&#39;autres quartiers de la communaut\u00e9 au cours des prochains mois, a dit Caporal.       <\/p>\n","protected":false},"excerpt":{"rendered":"<p>Les administrateurs de l&#39;\u00e9glise Adventiste du Septi\u00e8me jour et le personnel du bureau du si\u00e8ge principal de l&#39;\u00e9glise qui se trouve \u00e0 Port-au-Prince, Haiti ont choisi de prendre un cong\u00e9 sp\u00e9cial au c<\/p>\n","protected":false},"author":1,"featured_media":0,"comment_status":"closed","ping_status":"closed","sticky":false,"template":"","format":"standard","meta":{"_acf_changed":false,"footnotes":""},"categories":[9],"tags":[],"class_list":["post-13148","post","type-post","status-publish","format-standard","hentry","category-archive-fr"],"acf":[],"yoast_head":"<!-- This site is optimized with the Yoast SEO plugin v27.3 - https:\/\/yoast.com\/product\/yoast-seo-wordpress\/ -->\n<title>Haiti: le personnel du bureau principal de l&#039;\u00e9glise vient au secours de sa communaut\u00e9 la plus proche - \u00c9glise Adventiste Du Septieme Jour - Inter Am\u00e9rique Division<\/title>\n<meta name=\"robots\" content=\"index, follow, max-snippet:-1, max-image-preview:large, max-video-preview:-1\" \/>\n<link rel=\"canonical\" href=\"https:\/\/interamerica.org\/fr\/2009\/04\/haiti-le-personnel-du-bureau-principal-de-leglise-vient-au-secours-de-sa-communaute-la-plus-proche\/\" \/>\n<meta property=\"og:locale\" content=\"fr_FR\" \/>\n<meta property=\"og:type\" content=\"article\" \/>\n<meta property=\"og:title\" content=\"Haiti: le personnel du bureau principal de l&#039;\u00e9glise vient au secours de sa communaut\u00e9 la plus proche - \u00c9glise Adventiste Du Septieme Jour - Inter Am\u00e9rique Division\" \/>\n<meta property=\"og:description\" content=\"Les administrateurs de l&#039;\u00e9glise Adventiste du Septi\u00e8me jour et le personnel du bureau du si\u00e8ge principal de l&#039;\u00e9glise qui se trouve \u00e0 Port-au-Prince, Haiti ont choisi de prendre un cong\u00e9 sp\u00e9cial au c\" \/>\n<meta property=\"og:url\" content=\"https:\/\/interamerica.org\/fr\/2009\/04\/haiti-le-personnel-du-bureau-principal-de-leglise-vient-au-secours-de-sa-communaute-la-plus-proche\/\" \/>\n<meta property=\"og:site_name\" content=\"\u00c9glise Adventiste Du Septieme Jour - Inter Am\u00e9rique Division\" \/>\n<meta property=\"article:published_time\" content=\"2009-04-15T04:00:00+00:00\" \/>\n<meta property=\"article:modified_time\" content=\"2017-06-02T17:06:26+00:00\" \/>\n<meta name=\"author\" content=\"Lorenzo Verduzco\" \/>\n<meta name=\"twitter:card\" content=\"summary_large_image\" \/>\n<meta name=\"twitter:label1\" content=\"\u00c9crit par\" \/>\n\t<meta name=\"twitter:data1\" content=\"Lorenzo Verduzco\" \/>\n\t<meta name=\"twitter:label2\" content=\"Dur\u00e9e de lecture estim\u00e9e\" \/>\n\t<meta name=\"twitter:data2\" content=\"2 minutes\" \/>\n<script type=\"application\/ld+json\" class=\"yoast-schema-graph\">{\"@context\":\"https:\\\/\\\/schema.org\",\"@graph\":[{\"@type\":\"Article\",\"@id\":\"https:\\\/\\\/interamerica.org\\\/fr\\\/2009\\\/04\\\/haiti-le-personnel-du-bureau-principal-de-leglise-vient-au-secours-de-sa-communaute-la-plus-proche\\\/#article\",\"isPartOf\":{\"@id\":\"https:\\\/\\\/interamerica.org\\\/fr\\\/2009\\\/04\\\/haiti-le-personnel-du-bureau-principal-de-leglise-vient-au-secours-de-sa-communaute-la-plus-proche\\\/\"},\"author\":{\"name\":\"Lorenzo Verduzco\",\"@id\":\"https:\\\/\\\/interamerica.org\\\/fr\\\/#\\\/schema\\\/person\\\/68ede8bdc292885bb76c1e3810e73c39\"},\"headline\":\"Haiti: le personnel du bureau principal de l&#39;\u00e9glise vient au secours de sa communaut\u00e9 la plus proche\",\"datePublished\":\"2009-04-15T04:00:00+00:00\",\"dateModified\":\"2017-06-02T17:06:26+00:00\",\"mainEntityOfPage\":{\"@id\":\"https:\\\/\\\/interamerica.org\\\/fr\\\/2009\\\/04\\\/haiti-le-personnel-du-bureau-principal-de-leglise-vient-au-secours-de-sa-communaute-la-plus-proche\\\/\"},\"wordCount\":505,\"articleSection\":[\"Archive\"],\"inLanguage\":\"fr-FR\"},{\"@type\":\"WebPage\",\"@id\":\"https:\\\/\\\/interamerica.org\\\/fr\\\/2009\\\/04\\\/haiti-le-personnel-du-bureau-principal-de-leglise-vient-au-secours-de-sa-communaute-la-plus-proche\\\/\",\"url\":\"https:\\\/\\\/interamerica.org\\\/fr\\\/2009\\\/04\\\/haiti-le-personnel-du-bureau-principal-de-leglise-vient-au-secours-de-sa-communaute-la-plus-proche\\\/\",\"name\":\"Haiti: le personnel du bureau principal de l&#39;\u00e9glise vient au secours de sa communaut\u00e9 la plus proche - \u00c9glise Adventiste Du Septieme Jour - Inter Am\u00e9rique Division\",\"isPartOf\":{\"@id\":\"https:\\\/\\\/interamerica.org\\\/fr\\\/#website\"},\"datePublished\":\"2009-04-15T04:00:00+00:00\",\"dateModified\":\"2017-06-02T17:06:26+00:00\",\"author\":{\"@id\":\"https:\\\/\\\/interamerica.org\\\/fr\\\/#\\\/schema\\\/person\\\/68ede8bdc292885bb76c1e3810e73c39\"},\"breadcrumb\":{\"@id\":\"https:\\\/\\\/interamerica.org\\\/fr\\\/2009\\\/04\\\/haiti-le-personnel-du-bureau-principal-de-leglise-vient-au-secours-de-sa-communaute-la-plus-proche\\\/#breadcrumb\"},\"inLanguage\":\"fr-FR\",\"potentialAction\":[{\"@type\":\"ReadAction\",\"target\":[\"https:\\\/\\\/interamerica.org\\\/fr\\\/2009\\\/04\\\/haiti-le-personnel-du-bureau-principal-de-leglise-vient-au-secours-de-sa-communaute-la-plus-proche\\\/\"]}]},{\"@type\":\"BreadcrumbList\",\"@id\":\"https:\\\/\\\/interamerica.org\\\/fr\\\/2009\\\/04\\\/haiti-le-personnel-du-bureau-principal-de-leglise-vient-au-secours-de-sa-communaute-la-plus-proche\\\/#breadcrumb\",\"itemListElement\":[{\"@type\":\"ListItem\",\"position\":1,\"name\":\"Home\",\"item\":\"https:\\\/\\\/interamerica.org\\\/fr\\\/\"},{\"@type\":\"ListItem\",\"position\":2,\"name\":\"Haiti: le personnel du bureau principal de l&#39;\u00e9glise vient au secours de sa communaut\u00e9 la plus proche\"}]},{\"@type\":\"WebSite\",\"@id\":\"https:\\\/\\\/interamerica.org\\\/fr\\\/#website\",\"url\":\"https:\\\/\\\/interamerica.org\\\/fr\\\/\",\"name\":\"\u00c9glise Adventiste Du Septieme Jour - Inter Am\u00e9rique Division\",\"description\":\"\",\"potentialAction\":[{\"@type\":\"SearchAction\",\"target\":{\"@type\":\"EntryPoint\",\"urlTemplate\":\"https:\\\/\\\/interamerica.org\\\/fr\\\/?s={search_term_string}\"},\"query-input\":{\"@type\":\"PropertyValueSpecification\",\"valueRequired\":true,\"valueName\":\"search_term_string\"}}],\"inLanguage\":\"fr-FR\"},{\"@type\":\"Person\",\"@id\":\"https:\\\/\\\/interamerica.org\\\/fr\\\/#\\\/schema\\\/person\\\/68ede8bdc292885bb76c1e3810e73c39\",\"name\":\"Lorenzo Verduzco\",\"image\":{\"@type\":\"ImageObject\",\"inLanguage\":\"fr-FR\",\"@id\":\"https:\\\/\\\/secure.gravatar.com\\\/avatar\\\/fb81a55b6218459490a9c1dc841a34909185b81904c5337b4b27f7a6fd60c49e?s=96&d=mm&r=g\",\"url\":\"https:\\\/\\\/secure.gravatar.com\\\/avatar\\\/fb81a55b6218459490a9c1dc841a34909185b81904c5337b4b27f7a6fd60c49e?s=96&d=mm&r=g\",\"contentUrl\":\"https:\\\/\\\/secure.gravatar.com\\\/avatar\\\/fb81a55b6218459490a9c1dc841a34909185b81904c5337b4b27f7a6fd60c49e?s=96&d=mm&r=g\",\"caption\":\"Lorenzo Verduzco\"}}]}<\/script>\n<!-- \/ Yoast SEO plugin. -->","yoast_head_json":{"title":"Haiti: le personnel du bureau principal de l&#39;\u00e9glise vient au secours de sa communaut\u00e9 la plus proche - \u00c9glise Adventiste Du Septieme Jour - Inter Am\u00e9rique Division","robots":{"index":"index","follow":"follow","max-snippet":"max-snippet:-1","max-image-preview":"max-image-preview:large","max-video-preview":"max-video-preview:-1"},"canonical":"https:\/\/interamerica.org\/fr\/2009\/04\/haiti-le-personnel-du-bureau-principal-de-leglise-vient-au-secours-de-sa-communaute-la-plus-proche\/","og_locale":"fr_FR","og_type":"article","og_title":"Haiti: le personnel du bureau principal de l&#39;\u00e9glise vient au secours de sa communaut\u00e9 la plus proche - \u00c9glise Adventiste Du Septieme Jour - Inter Am\u00e9rique Division","og_description":"Les administrateurs de l&#39;\u00e9glise Adventiste du Septi\u00e8me jour et le personnel du bureau du si\u00e8ge principal de l&#39;\u00e9glise qui se trouve \u00e0 Port-au-Prince, Haiti ont choisi de prendre un cong\u00e9 sp\u00e9cial au c","og_url":"https:\/\/interamerica.org\/fr\/2009\/04\/haiti-le-personnel-du-bureau-principal-de-leglise-vient-au-secours-de-sa-communaute-la-plus-proche\/","og_site_name":"\u00c9glise Adventiste Du Septieme Jour - Inter Am\u00e9rique Division","article_published_time":"2009-04-15T04:00:00+00:00","article_modified_time":"2017-06-02T17:06:26+00:00","author":"Lorenzo Verduzco","twitter_card":"summary_large_image","twitter_misc":{"\u00c9crit par":"Lorenzo Verduzco","Dur\u00e9e de lecture estim\u00e9e":"2 minutes"},"schema":{"@context":"https:\/\/schema.org","@graph":[{"@type":"Article","@id":"https:\/\/interamerica.org\/fr\/2009\/04\/haiti-le-personnel-du-bureau-principal-de-leglise-vient-au-secours-de-sa-communaute-la-plus-proche\/#article","isPartOf":{"@id":"https:\/\/interamerica.org\/fr\/2009\/04\/haiti-le-personnel-du-bureau-principal-de-leglise-vient-au-secours-de-sa-communaute-la-plus-proche\/"},"author":{"name":"Lorenzo Verduzco","@id":"https:\/\/interamerica.org\/fr\/#\/schema\/person\/68ede8bdc292885bb76c1e3810e73c39"},"headline":"Haiti: le personnel du bureau principal de l&#39;\u00e9glise vient au secours de sa communaut\u00e9 la plus proche","datePublished":"2009-04-15T04:00:00+00:00","dateModified":"2017-06-02T17:06:26+00:00","mainEntityOfPage":{"@id":"https:\/\/interamerica.org\/fr\/2009\/04\/haiti-le-personnel-du-bureau-principal-de-leglise-vient-au-secours-de-sa-communaute-la-plus-proche\/"},"wordCount":505,"articleSection":["Archive"],"inLanguage":"fr-FR"},{"@type":"WebPage","@id":"https:\/\/interamerica.org\/fr\/2009\/04\/haiti-le-personnel-du-bureau-principal-de-leglise-vient-au-secours-de-sa-communaute-la-plus-proche\/","url":"https:\/\/interamerica.org\/fr\/2009\/04\/haiti-le-personnel-du-bureau-principal-de-leglise-vient-au-secours-de-sa-communaute-la-plus-proche\/","name":"Haiti: le personnel du bureau principal de l&#39;\u00e9glise vient au secours de sa communaut\u00e9 la plus proche - \u00c9glise Adventiste Du Septieme Jour - Inter Am\u00e9rique Division","isPartOf":{"@id":"https:\/\/interamerica.org\/fr\/#website"},"datePublished":"2009-04-15T04:00:00+00:00","dateModified":"2017-06-02T17:06:26+00:00","author":{"@id":"https:\/\/interamerica.org\/fr\/#\/schema\/person\/68ede8bdc292885bb76c1e3810e73c39"},"breadcrumb":{"@id":"https:\/\/interamerica.org\/fr\/2009\/04\/haiti-le-personnel-du-bureau-principal-de-leglise-vient-au-secours-de-sa-communaute-la-plus-proche\/#breadcrumb"},"inLanguage":"fr-FR","potentialAction":[{"@type":"ReadAction","target":["https:\/\/interamerica.org\/fr\/2009\/04\/haiti-le-personnel-du-bureau-principal-de-leglise-vient-au-secours-de-sa-communaute-la-plus-proche\/"]}]},{"@type":"BreadcrumbList","@id":"https:\/\/interamerica.org\/fr\/2009\/04\/haiti-le-personnel-du-bureau-principal-de-leglise-vient-au-secours-de-sa-communaute-la-plus-proche\/#breadcrumb","itemListElement":[{"@type":"ListItem","position":1,"name":"Home","item":"https:\/\/interamerica.org\/fr\/"},{"@type":"ListItem","position":2,"name":"Haiti: le personnel du bureau principal de l&#39;\u00e9glise vient au secours de sa communaut\u00e9 la plus proche"}]},{"@type":"WebSite","@id":"https:\/\/interamerica.org\/fr\/#website","url":"https:\/\/interamerica.org\/fr\/","name":"\u00c9glise Adventiste Du Septieme Jour - Inter Am\u00e9rique Division","description":"","potentialAction":[{"@type":"SearchAction","target":{"@type":"EntryPoint","urlTemplate":"https:\/\/interamerica.org\/fr\/?s={search_term_string}"},"query-input":{"@type":"PropertyValueSpecification","valueRequired":true,"valueName":"search_term_string"}}],"inLanguage":"fr-FR"},{"@type":"Person","@id":"https:\/\/interamerica.org\/fr\/#\/schema\/person\/68ede8bdc292885bb76c1e3810e73c39","name":"Lorenzo Verduzco","image":{"@type":"ImageObject","inLanguage":"fr-FR","@id":"https:\/\/secure.gravatar.com\/avatar\/fb81a55b6218459490a9c1dc841a34909185b81904c5337b4b27f7a6fd60c49e?s=96&d=mm&r=g","url":"https:\/\/secure.gravatar.com\/avatar\/fb81a55b6218459490a9c1dc841a34909185b81904c5337b4b27f7a6fd60c49e?s=96&d=mm&r=g","contentUrl":"https:\/\/secure.gravatar.com\/avatar\/fb81a55b6218459490a9c1dc841a34909185b81904c5337b4b27f7a6fd60c49e?s=96&d=mm&r=g","caption":"Lorenzo Verduzco"}}]}},"_links":{"self":[{"href":"https:\/\/interamerica.org\/fr\/wp-json\/wp\/v2\/posts\/13148","targetHints":{"allow":["GET"]}}],"collection":[{"href":"https:\/\/interamerica.org\/fr\/wp-json\/wp\/v2\/posts"}],"about":[{"href":"https:\/\/interamerica.org\/fr\/wp-json\/wp\/v2\/types\/post"}],"author":[{"embeddable":true,"href":"https:\/\/interamerica.org\/fr\/wp-json\/wp\/v2\/users\/1"}],"replies":[{"embeddable":true,"href":"https:\/\/interamerica.org\/fr\/wp-json\/wp\/v2\/comments?post=13148"}],"version-history":[{"count":0,"href":"https:\/\/interamerica.org\/fr\/wp-json\/wp\/v2\/posts\/13148\/revisions"}],"wp:attachment":[{"href":"https:\/\/interamerica.org\/fr\/wp-json\/wp\/v2\/media?parent=13148"}],"wp:term":[{"taxonomy":"category","embeddable":true,"href":"https:\/\/interamerica.org\/fr\/wp-json\/wp\/v2\/categories?post=13148"},{"taxonomy":"post_tag","embeddable":true,"href":"https:\/\/interamerica.org\/fr\/wp-json\/wp\/v2\/tags?post=13148"}],"curies":[{"name":"wp","href":"https:\/\/api.w.org\/{rel}","templated":true}]}}