{"id":131997,"date":"2025-08-07T15:03:56","date_gmt":"2025-08-07T19:03:56","guid":{"rendered":"https:\/\/interamerica.org\/?p=131997"},"modified":"2025-08-08T16:21:22","modified_gmt":"2025-08-08T20:21:22","slug":"un-nouveau-documentaire-presente-des-recits-de-guerison-et-despoir","status":"publish","type":"post","link":"https:\/\/interamerica.org\/fr\/2025\/08\/un-nouveau-documentaire-presente-des-recits-de-guerison-et-despoir\/","title":{"rendered":"Un nouveau documentaire pr\u00e9sente des r\u00e9cits de gu\u00e9rison et d\u2019espoir"},"content":{"rendered":"<p><em>Le nouveau film de Hope Channel Inter-Am\u00e9rique capture des exp\u00e9riences de vie r\u00e9elle, un impact r\u00e9el sur la gu\u00e9rison, la foi et le service.<\/em><\/p>\n<p>7 Ao\u00fbt 2025 | Miami, Floride, \u00c9tats-Unis | Libna Stevens, Actualit\u00e9s de la Division Inter Am\u00e9ricaine<\/p>\n<p>Un nouveau documentaire de Hope Channel Inter-Am\u00e9rique met en lumi\u00e8re la fa\u00e7on dont les minist\u00e8res de la sant\u00e9 transforment des vies sur le territoire de la Division Inter Am\u00e9ricaine (DIA), en pr\u00e9sentant des r\u00e9cits de gu\u00e9rison, d\u2019espoir et de mission en action.<\/p>\n<p data-start=\"437\" data-end=\"921\">R\u00e9cemment pr\u00e9sent\u00e9 en premi\u00e8re projection, le film, intitul\u00e9 <em data-start=\"509\" data-end=\"522\">Life Tested<\/em>\u2014(\u00e0 l&rsquo;\u00c9preuve de la Vie) met en lumi\u00e8re l\u2019engagement du d\u00e9partement des minist\u00e8res de la sant\u00e9 de la DIA \u00e0 toucher la vie d\u2019un million de personnes chaque ann\u00e9e gr\u00e2ce \u00e0 une approche de la sant\u00e9 \u00e0 la fois globale et fond\u00e9e sur la foi. Plut\u00f4t que de se contenter de faire \u00e9tat de statistiques ou de pr\u00e9senter des initiatives, le documentaire donne un visage humain \u00e0 la mission de l\u2019\u00c9glise en relatant quatre histoires captivantes de lutte, de r\u00e9silience et d\u2019espoir au Mexique, \u00e0 Cuba, au Venezuela et en Ha\u00efti, ont d\u00e9clar\u00e9 les dirigeants de l\u2019\u00c9glise.<\/p>\n<p><div id=\"attachment_131921\" style=\"width: 941px\" class=\"wp-caption aligncenter\"><img fetchpriority=\"high\" decoding=\"async\" aria-describedby=\"caption-attachment-131921\" class=\" wp-image-131920\" src=\"https:\/\/interamerica.org\/wp-content\/uploads\/2025\/08\/life-tested-english-rev.jpeg\" alt=\"\" width=\"931\" height=\"524\" srcset=\"https:\/\/interamerica.org\/wp-content\/uploads\/2025\/08\/life-tested-english-rev.jpeg 1000w, https:\/\/interamerica.org\/wp-content\/uploads\/2025\/08\/life-tested-english-rev-300x169.jpeg 300w, https:\/\/interamerica.org\/wp-content\/uploads\/2025\/08\/life-tested-english-rev-768x432.jpeg 768w\" sizes=\"(max-width: 931px) 100vw, 931px\" \/><p id=\"caption-attachment-131921\" class=\"wp-caption-text\"><em data-start=\"113\" data-end=\"126\">\u00ab\u00a0Life Tested\u00a0\u00bb<\/em> (A l\u2019\u00c9preuve de la Vie) \u00bb est un nouveau documentaire qui relate quatre histoires captivantes de lutte, de r\u00e9silience et d\u2019espoir, maintenant disponibles sur Hope Channel Inter-Am\u00e9rique. [Image : Hope Channel Inter-Am\u00e9rique]<\/p><\/div><strong>Montrer ce que signifie r\u00e9ellement avoir un impact <\/strong><\/p>\n<p>\u00ab Lorsque nous disons que nous avons un impact sur des vies, cela ne signifie rien \u00e0 moins qu\u2019on ne le voie r\u00e9ellement, \u00bb a d\u00e9clar\u00e9 Dr Franck G\u00e9n\u00e9us, directeur des minist\u00e8res de la Sant\u00e9 de la DIA. \u00ab Ce documentaire pr\u00e9sente ce \u00e0 quoi ressemble cette transformation. \u00bb<\/p>\n<p>Ce film de 33 minutes relate les parcours personnels d\u2019un dentiste au service de communaut\u00e9s isol\u00e9es dans l\u2019Amazonie, d\u2019un jeune homme confront\u00e9 \u00e0 une exp\u00e9rience de mort imminente, d\u2019un m\u00e9decin inspir\u00e9 par un miracle \u00e0 consacrer sa vie au service, et d\u2019un ambulancier qui risque sa vie chaque jour avec une foi in\u00e9branlable. Ensemble, leurs histoires repr\u00e9sentent ce que les responsables de la sant\u00e9 de la r\u00e9gion appellent \u00ab l\u2019espoir confirm\u00e9, \u00bb a soulign\u00e9 le Dr G\u00e9n\u00e9us.<\/p>\n<p>\u00ab Ce ne sont pas simplement des histoires de gu\u00e9rison, \u00bb a-t-il d\u00e9clar\u00e9. \u00ab Ce sont des histoires de foi, de r\u00e9silience et d\u2019engagement total au service, m\u00eame dans des circonstances mettant votre vie en danger. \u00bb<\/p>\n<p>Abel M\u00e1rquez, directeur ex\u00e9cutif de Hope Channel Inter-Am\u00e9rique, a soulign\u00e9 que l\u2019objectif du documentaire va au-del\u00e0 de la simple pr\u00e9sentation de projets.<\/p>\n<p><div id=\"attachment_131859\" style=\"width: 907px\" class=\"wp-caption aligncenter\"><img decoding=\"async\" aria-describedby=\"caption-attachment-131859\" class=\" wp-image-131858\" src=\"https:\/\/interamerica.org\/wp-content\/uploads\/2025\/08\/franck-geneus-gcsession-life-tested.jpg\" alt=\"\" width=\"897\" height=\"590\" srcset=\"https:\/\/interamerica.org\/wp-content\/uploads\/2025\/08\/franck-geneus-gcsession-life-tested.jpg 1024w, https:\/\/interamerica.org\/wp-content\/uploads\/2025\/08\/franck-geneus-gcsession-life-tested-300x197.jpg 300w, https:\/\/interamerica.org\/wp-content\/uploads\/2025\/08\/franck-geneus-gcsession-life-tested-768x506.jpg 768w\" sizes=\"(max-width: 897px) 100vw, 897px\" \/><p id=\"caption-attachment-131859\" class=\"wp-caption-text\">Franck G\u00e9n\u00e9us, docteur en m\u00e9decine et directeur des Minist\u00e8res de la Sant\u00e9 de la Division Inter Am\u00e9ricaine, parle du documentaire quelques instants avant la premi\u00e8re du film \u00e0 Saint-Louis, dans le Missouri, aux \u00c9tats-Unis, le 8 juillet 2025. [Photo : Avec l\u2019aimable autorisation de Franck G\u00e9n\u00e9us]<\/p><\/div>\u00ab Notre objectif n\u2019est pas seulement de montrer le d\u00e9vouement avec lequel diff\u00e9rents groupes et individus partagent l\u2019espoir et la gu\u00e9rison, mais aussi de raconter l\u2019histoire de personnes vivant dans des r\u00e9gions recul\u00e9es, o\u00f9 la foi est v\u00e9cue, quels que soient les autres besoins, \u00bb a d\u00e9clar\u00e9 Abel M\u00e1rquez.<\/p>\n<p><strong>Filmer l\u2019humanit\u00e9, la foi et les secondes chances<\/strong><\/p>\n<p>Selon Lizbeth Elejalde, productrice de <em>Life Tested<\/em> (A l\u2019\u00c9preuve de la Vie), la puissance du film r\u00e9side dans son authenticit\u00e9 et sa r\u00e9sonance \u00e9motionnelle. \u00ab Quand tout semble s\u2019arr\u00eater, il y a quelque chose qui continue de battre : l\u2019espoir, \u00bb a-t-elle d\u00e9clar\u00e9. \u00ab Plus qu\u2019un documentaire sur la sant\u00e9, c\u2019est un vibrant t\u00e9moignage d\u2019humanit\u00e9, de courage et de seconde chance. Il invite les spectateurs \u00e0 croire en l\u2019impossible. C\u2019est une porte ouverte, une porte ouverte sur ce qui nous soutient v\u00e9ritablement. \u00bb<\/p>\n<p>Pendant une ann\u00e9e, les \u00e9quipes de cinq centres m\u00e9dias de la cha\u00eene, situ\u00e9s dans le Chiapas, au Venezuela, \u00e0 Cuba, \u00e0 Montemorelos et \u00e0 Miami, ont travaill\u00e9 ensemble pour voyager des endroits les plus recul\u00e9s de l\u2019Amazonie jusqu\u2019aux couloirs silencieux d\u2019un h\u00f4pital, a expliqu\u00e9 Lizbeth Elejalde.<\/p>\n<p>\u00ab Tout cela a \u00e9t\u00e9 r\u00e9alis\u00e9 dans le but de saisir, par des images et des t\u00e9moignages, comment la foi, le service et la compassion s\u2019entrem\u00ealent l\u00e0 o\u00f9 les besoins humains sont profonds, \u00bb a-t-elle ajout\u00e9. \u00ab Le r\u00e9sultat place le spectateur dans le r\u00f4le du t\u00e9moin du travail des missions m\u00e9dicales, centr\u00e9es non seulement sur la sant\u00e9 physique, mais aussi sur la pleine restauration de l\u2019\u00eatre humain. \u00bb<\/p>\n<p><div id=\"attachment_131853\" style=\"width: 939px\" class=\"wp-caption aligncenter\"><img decoding=\"async\" aria-describedby=\"caption-attachment-131853\" class=\" wp-image-131852\" src=\"https:\/\/interamerica.org\/wp-content\/uploads\/2025\/08\/lie-tested-gcs2025-screen.jpg\" alt=\"\" width=\"929\" height=\"642\" srcset=\"https:\/\/interamerica.org\/wp-content\/uploads\/2025\/08\/lie-tested-gcs2025-screen.jpg 1000w, https:\/\/interamerica.org\/wp-content\/uploads\/2025\/08\/lie-tested-gcs2025-screen-300x207.jpg 300w, https:\/\/interamerica.org\/wp-content\/uploads\/2025\/08\/lie-tested-gcs2025-screen-768x531.jpg 768w\" sizes=\"(max-width: 929px) 100vw, 929px\" \/><p id=\"caption-attachment-131853\" class=\"wp-caption-text\">Extrait de <em data-start=\"110\" data-end=\"123\">A l&rsquo;\u00c9preuve de la Vie<\/em> lors de sa projection inaugurale pendant la 62\u00e8me Session de la Conf\u00e9rence G\u00e9n\u00e9rale \u00e0 Saint-Louis, dans le Missouri, le 8 juillet 2025. [Photo : Lizbeth Elejalde\/DIA]<\/p><\/div>Abel M\u00e1rquez a soulign\u00e9 comment la r\u00e9alisation du film a \u00e9t\u00e9 rendue possible gr\u00e2ce \u00e0 un r\u00e9seau collaboratif de centres de production dans toute la r\u00e9gion.<\/p>\n<p>\u00ab Un aspect essentiel \u00e0 souligner est qu\u2019\u00e0 HCIA, nous travaillons en r\u00e9seau, en collaboration avec les centres de production des unions, \u00bb a d\u00e9clar\u00e9 Abel M\u00e1rquez. \u00ab Dans ce cas, travailler avec les diff\u00e9rents centres r\u00e9partis dans plusieurs pays, qui vont jusqu\u2019au niveau de l\u2019\u00e9glise locale, enrichit non seulement la production, mais aussi la collaboration dans le grand r\u00e9seau que nous formons. \u00bb<\/p>\n<p><strong>Une vision de l\u2019Implication Totale dans la Sant\u00e9<\/strong><\/p>\n<p>Le documentaire est \u00e9galement une repr\u00e9sentation visuelle de l\u2019initiative qui se d\u00e9veloppe dans la division : \u00ab Implication Totale dans la Sant\u00e9, \u00bb un mod\u00e8le qui encourage tous les membres d\u2019\u00e9glise \u00e0 prendre part aux minist\u00e8res de la sant\u00e9, et pas seulement les professionnels form\u00e9s.<\/p>\n<p>\u00ab Nous ne mettons pas en place un groupe d\u2019\u00e9lite form\u00e9 d\u2019experts en mati\u00e8re de sant\u00e9, \u00bb a d\u00e9clar\u00e9 Dr G\u00e9n\u00e9us. \u00ab Rendre visite \u00e0 quelqu\u2019un, ou prier avec les malades c\u2019est \u00eatre impliqu\u00e9 dans le minist\u00e8re de la sant\u00e9. Chacun a quelque chose \u00e0 apporter. \u00bb<\/p>\n<p><div id=\"attachment_131850\" style=\"width: 928px\" class=\"wp-caption aligncenter\"><img loading=\"lazy\" decoding=\"async\" aria-describedby=\"caption-attachment-131850\" class=\" wp-image-131849\" src=\"https:\/\/interamerica.org\/wp-content\/uploads\/2025\/08\/life-tested-hcia-gcs2025.jpg\" alt=\"\" width=\"918\" height=\"614\" srcset=\"https:\/\/interamerica.org\/wp-content\/uploads\/2025\/08\/life-tested-hcia-gcs2025.jpg 1000w, https:\/\/interamerica.org\/wp-content\/uploads\/2025\/08\/life-tested-hcia-gcs2025-300x201.jpg 300w, https:\/\/interamerica.org\/wp-content\/uploads\/2025\/08\/life-tested-hcia-gcs2025-768x514.jpg 768w\" sizes=\"(max-width: 918px) 100vw, 918px\" \/><p id=\"caption-attachment-131850\" class=\"wp-caption-text\">Lizbeth Elejalde (au centre), productrice de<em data-start=\"134\" data-end=\"147\">Life Tested<\/em> (A l\u2019\u00c9preuve de la Vie), et Abel M\u00e1rquez (\u00e0 droite), directeur ex\u00e9cutif de Hope Channel Inter-Am\u00e9rique, pr\u00e9sentent le nouveau documentaire aux c\u00f4t\u00e9s du Dr Franck G\u00e9n\u00e9us lors d\u2019une projection \u00e0 Saint-Louis, dans le Missouri, en juillet. [Photo : Roel Cea]<\/p><\/div>Cette vision, a-t-il dit, est organis\u00e9e autour d\u2019un cadre strat\u00e9gique appel\u00e9 DREAM, acronyme de D\u00e9tection, Restauration, \u00c9ducation, Accompagnement et Maintien. \u00ab A travers ce mod\u00e8le, les \u00e9glises locales et les institutions de la Division Inter Am\u00e9ricaine s\u2019engagent dans des activit\u00e9s allant des expositions sur la sant\u00e9 et des missions m\u00e9dicales \u00e0 l\u2019\u00e9ducation sur les modes de vie sains en passant par le soutien \u00e9motionnel et spirituel, \u00bb a-t-il d\u00e9clar\u00e9.<\/p>\n<p><strong>Un cadre avec un impact mesurable<\/strong><\/p>\n<p>Pour mesurer l\u2019efficacit\u00e9 de ces efforts, la Division a mis en place une nouvelle application de donn\u00e9es en temps r\u00e9el, <a href=\"http:\/\/www.onemillon.org\/\">www.onemillon.org<\/a>, permettant aux dirigeants de suivre l\u2019impact et d\u2019identifier les besoins sur l\u2019ensemble du territoire.<\/p>\n<p>Le lancement officiel de <em>Life Tested<\/em> (A l\u2019\u00c9preuve de la Vie) \u00bb a eu lieu le 8 juillet 2025, lors d\u2019une pr\u00e9sentation sp\u00e9ciale \u00e0 la 62\u00e8me Session de la Conf\u00e9rence G\u00e9n\u00e9rale \u00e0 Saint-Louis, dans le Missouri. Le film est disponible sur Hope Channel Inter-Am\u00e9rique en espagnol et en anglais.<\/p>\n<p>\u00ab Nous voulons que le monde entier sache que la Division Inter Am\u00e9ricaine avance avec force, avec une vision unie pour la sant\u00e9, \u00bb a d\u00e9clar\u00e9 Dr G\u00e9n\u00e9us.<\/p>\n<p>Pour voir le film \u00e0 la demande et consulter d\u2019autres ressources, visitez le site <a href=\"https:\/\/hopechannelinteramerica.org\/\">hopechannelinteramerica.org<\/a><\/p>\n<p>Traduction: Patrick Luciathe<\/p>\n","protected":false},"excerpt":{"rendered":"<p>Le nouveau film de Hope Channel Inter-Am\u00e9rique capture des exp\u00e9riences de vie r\u00e9elle, un impact r\u00e9el sur la gu\u00e9rison, la foi et le service. 7 Ao\u00fbt 2025 | Miami, Floride,&#8230;<\/p>\n","protected":false},"author":3,"featured_media":131921,"comment_status":"closed","ping_status":"closed","sticky":false,"template":"","format":"standard","meta":{"_acf_changed":false,"footnotes":""},"categories":[20,19],"tags":[],"class_list":["post-131997","post","type-post","status-publish","format-standard","has-post-thumbnail","hentry","category-nouvelles-du-siege-de-la-division","category-rss-francais"],"acf":[],"yoast_head":"<!-- This site is optimized with the Yoast SEO plugin v27.3 - https:\/\/yoast.com\/product\/yoast-seo-wordpress\/ -->\n<title>Un nouveau documentaire pr\u00e9sente des r\u00e9cits de gu\u00e9rison et d\u2019espoir - \u00c9glise Adventiste Du Septieme Jour - Inter Am\u00e9rique Division<\/title>\n<meta name=\"robots\" content=\"index, follow, max-snippet:-1, max-image-preview:large, max-video-preview:-1\" \/>\n<link rel=\"canonical\" href=\"https:\/\/interamerica.org\/fr\/2025\/08\/un-nouveau-documentaire-presente-des-recits-de-guerison-et-despoir\/\" \/>\n<meta property=\"og:locale\" content=\"fr_FR\" \/>\n<meta property=\"og:type\" content=\"article\" \/>\n<meta property=\"og:title\" content=\"Un nouveau documentaire pr\u00e9sente des r\u00e9cits de gu\u00e9rison et d\u2019espoir - \u00c9glise Adventiste Du Septieme Jour - Inter Am\u00e9rique Division\" \/>\n<meta property=\"og:description\" content=\"Le nouveau film de Hope Channel Inter-Am\u00e9rique capture des exp\u00e9riences de vie r\u00e9elle, un impact r\u00e9el sur la gu\u00e9rison, la foi et le service. 7 Ao\u00fbt 2025 | Miami, Floride,...\" \/>\n<meta property=\"og:url\" content=\"https:\/\/interamerica.org\/fr\/2025\/08\/un-nouveau-documentaire-presente-des-recits-de-guerison-et-despoir\/\" \/>\n<meta property=\"og:site_name\" content=\"\u00c9glise Adventiste Du Septieme Jour - Inter Am\u00e9rique Division\" \/>\n<meta property=\"article:published_time\" content=\"2025-08-07T19:03:56+00:00\" \/>\n<meta property=\"article:modified_time\" content=\"2025-08-08T20:21:22+00:00\" \/>\n<meta property=\"og:image\" content=\"https:\/\/interamerica.org\/wp-content\/uploads\/2025\/08\/life-tested-english-rev.jpeg\" \/>\n\t<meta property=\"og:image:width\" content=\"1000\" \/>\n\t<meta property=\"og:image:height\" content=\"563\" \/>\n\t<meta property=\"og:image:type\" content=\"image\/jpeg\" \/>\n<meta name=\"author\" content=\"libna\" \/>\n<meta name=\"twitter:card\" content=\"summary_large_image\" \/>\n<meta name=\"twitter:label1\" content=\"\u00c9crit par\" \/>\n\t<meta name=\"twitter:data1\" content=\"libna\" \/>\n\t<meta name=\"twitter:label2\" content=\"Dur\u00e9e de lecture estim\u00e9e\" \/>\n\t<meta name=\"twitter:data2\" content=\"7 minutes\" \/>\n<script type=\"application\/ld+json\" class=\"yoast-schema-graph\">{\"@context\":\"https:\\\/\\\/schema.org\",\"@graph\":[{\"@type\":\"Article\",\"@id\":\"https:\\\/\\\/interamerica.org\\\/fr\\\/2025\\\/08\\\/un-nouveau-documentaire-presente-des-recits-de-guerison-et-despoir\\\/#article\",\"isPartOf\":{\"@id\":\"https:\\\/\\\/interamerica.org\\\/fr\\\/2025\\\/08\\\/un-nouveau-documentaire-presente-des-recits-de-guerison-et-despoir\\\/\"},\"author\":{\"name\":\"libna\",\"@id\":\"https:\\\/\\\/interamerica.org\\\/fr\\\/#\\\/schema\\\/person\\\/29998f2bc2d8bd0d38662909289b54f1\"},\"headline\":\"Un nouveau documentaire pr\u00e9sente des r\u00e9cits de gu\u00e9rison et d\u2019espoir\",\"datePublished\":\"2025-08-07T19:03:56+00:00\",\"dateModified\":\"2025-08-08T20:21:22+00:00\",\"mainEntityOfPage\":{\"@id\":\"https:\\\/\\\/interamerica.org\\\/fr\\\/2025\\\/08\\\/un-nouveau-documentaire-presente-des-recits-de-guerison-et-despoir\\\/\"},\"wordCount\":1361,\"image\":{\"@id\":\"https:\\\/\\\/interamerica.org\\\/fr\\\/2025\\\/08\\\/un-nouveau-documentaire-presente-des-recits-de-guerison-et-despoir\\\/#primaryimage\"},\"thumbnailUrl\":\"https:\\\/\\\/interamerica.org\\\/wp-content\\\/uploads\\\/2025\\\/08\\\/life-tested-english-rev.jpeg\",\"articleSection\":[\"Nouvelles du si\u00e8ge de la division\",\"RSS Fran\u00e7ais\"],\"inLanguage\":\"fr-FR\"},{\"@type\":\"WebPage\",\"@id\":\"https:\\\/\\\/interamerica.org\\\/fr\\\/2025\\\/08\\\/un-nouveau-documentaire-presente-des-recits-de-guerison-et-despoir\\\/\",\"url\":\"https:\\\/\\\/interamerica.org\\\/fr\\\/2025\\\/08\\\/un-nouveau-documentaire-presente-des-recits-de-guerison-et-despoir\\\/\",\"name\":\"Un nouveau documentaire pr\u00e9sente des r\u00e9cits de gu\u00e9rison et d\u2019espoir - \u00c9glise Adventiste Du Septieme Jour - Inter Am\u00e9rique Division\",\"isPartOf\":{\"@id\":\"https:\\\/\\\/interamerica.org\\\/fr\\\/#website\"},\"primaryImageOfPage\":{\"@id\":\"https:\\\/\\\/interamerica.org\\\/fr\\\/2025\\\/08\\\/un-nouveau-documentaire-presente-des-recits-de-guerison-et-despoir\\\/#primaryimage\"},\"image\":{\"@id\":\"https:\\\/\\\/interamerica.org\\\/fr\\\/2025\\\/08\\\/un-nouveau-documentaire-presente-des-recits-de-guerison-et-despoir\\\/#primaryimage\"},\"thumbnailUrl\":\"https:\\\/\\\/interamerica.org\\\/wp-content\\\/uploads\\\/2025\\\/08\\\/life-tested-english-rev.jpeg\",\"datePublished\":\"2025-08-07T19:03:56+00:00\",\"dateModified\":\"2025-08-08T20:21:22+00:00\",\"author\":{\"@id\":\"https:\\\/\\\/interamerica.org\\\/fr\\\/#\\\/schema\\\/person\\\/29998f2bc2d8bd0d38662909289b54f1\"},\"breadcrumb\":{\"@id\":\"https:\\\/\\\/interamerica.org\\\/fr\\\/2025\\\/08\\\/un-nouveau-documentaire-presente-des-recits-de-guerison-et-despoir\\\/#breadcrumb\"},\"inLanguage\":\"fr-FR\",\"potentialAction\":[{\"@type\":\"ReadAction\",\"target\":[\"https:\\\/\\\/interamerica.org\\\/fr\\\/2025\\\/08\\\/un-nouveau-documentaire-presente-des-recits-de-guerison-et-despoir\\\/\"]}]},{\"@type\":\"ImageObject\",\"inLanguage\":\"fr-FR\",\"@id\":\"https:\\\/\\\/interamerica.org\\\/fr\\\/2025\\\/08\\\/un-nouveau-documentaire-presente-des-recits-de-guerison-et-despoir\\\/#primaryimage\",\"url\":\"https:\\\/\\\/interamerica.org\\\/wp-content\\\/uploads\\\/2025\\\/08\\\/life-tested-english-rev.jpeg\",\"contentUrl\":\"https:\\\/\\\/interamerica.org\\\/wp-content\\\/uploads\\\/2025\\\/08\\\/life-tested-english-rev.jpeg\",\"width\":1000,\"height\":563,\"caption\":\"[Image: Hope Channel Inter-America]\"},{\"@type\":\"BreadcrumbList\",\"@id\":\"https:\\\/\\\/interamerica.org\\\/fr\\\/2025\\\/08\\\/un-nouveau-documentaire-presente-des-recits-de-guerison-et-despoir\\\/#breadcrumb\",\"itemListElement\":[{\"@type\":\"ListItem\",\"position\":1,\"name\":\"Home\",\"item\":\"https:\\\/\\\/interamerica.org\\\/fr\\\/\"},{\"@type\":\"ListItem\",\"position\":2,\"name\":\"Un nouveau documentaire pr\u00e9sente des r\u00e9cits de gu\u00e9rison et d\u2019espoir\"}]},{\"@type\":\"WebSite\",\"@id\":\"https:\\\/\\\/interamerica.org\\\/fr\\\/#website\",\"url\":\"https:\\\/\\\/interamerica.org\\\/fr\\\/\",\"name\":\"\u00c9glise Adventiste Du Septieme Jour - Inter Am\u00e9rique Division\",\"description\":\"\",\"potentialAction\":[{\"@type\":\"SearchAction\",\"target\":{\"@type\":\"EntryPoint\",\"urlTemplate\":\"https:\\\/\\\/interamerica.org\\\/fr\\\/?s={search_term_string}\"},\"query-input\":{\"@type\":\"PropertyValueSpecification\",\"valueRequired\":true,\"valueName\":\"search_term_string\"}}],\"inLanguage\":\"fr-FR\"},{\"@type\":\"Person\",\"@id\":\"https:\\\/\\\/interamerica.org\\\/fr\\\/#\\\/schema\\\/person\\\/29998f2bc2d8bd0d38662909289b54f1\",\"name\":\"libna\",\"image\":{\"@type\":\"ImageObject\",\"inLanguage\":\"fr-FR\",\"@id\":\"https:\\\/\\\/secure.gravatar.com\\\/avatar\\\/7c5bd30ae4b47a9ba3c856590957fd1d96dc588bf3ac05719d247e126840331f?s=96&d=mm&r=g\",\"url\":\"https:\\\/\\\/secure.gravatar.com\\\/avatar\\\/7c5bd30ae4b47a9ba3c856590957fd1d96dc588bf3ac05719d247e126840331f?s=96&d=mm&r=g\",\"contentUrl\":\"https:\\\/\\\/secure.gravatar.com\\\/avatar\\\/7c5bd30ae4b47a9ba3c856590957fd1d96dc588bf3ac05719d247e126840331f?s=96&d=mm&r=g\",\"caption\":\"libna\"}}]}<\/script>\n<!-- \/ Yoast SEO plugin. -->","yoast_head_json":{"title":"Un nouveau documentaire pr\u00e9sente des r\u00e9cits de gu\u00e9rison et d\u2019espoir - \u00c9glise Adventiste Du Septieme Jour - Inter Am\u00e9rique Division","robots":{"index":"index","follow":"follow","max-snippet":"max-snippet:-1","max-image-preview":"max-image-preview:large","max-video-preview":"max-video-preview:-1"},"canonical":"https:\/\/interamerica.org\/fr\/2025\/08\/un-nouveau-documentaire-presente-des-recits-de-guerison-et-despoir\/","og_locale":"fr_FR","og_type":"article","og_title":"Un nouveau documentaire pr\u00e9sente des r\u00e9cits de gu\u00e9rison et d\u2019espoir - \u00c9glise Adventiste Du Septieme Jour - Inter Am\u00e9rique Division","og_description":"Le nouveau film de Hope Channel Inter-Am\u00e9rique capture des exp\u00e9riences de vie r\u00e9elle, un impact r\u00e9el sur la gu\u00e9rison, la foi et le service. 7 Ao\u00fbt 2025 | Miami, Floride,...","og_url":"https:\/\/interamerica.org\/fr\/2025\/08\/un-nouveau-documentaire-presente-des-recits-de-guerison-et-despoir\/","og_site_name":"\u00c9glise Adventiste Du Septieme Jour - Inter Am\u00e9rique Division","article_published_time":"2025-08-07T19:03:56+00:00","article_modified_time":"2025-08-08T20:21:22+00:00","og_image":[{"width":1000,"height":563,"url":"https:\/\/interamerica.org\/wp-content\/uploads\/2025\/08\/life-tested-english-rev.jpeg","type":"image\/jpeg"}],"author":"libna","twitter_card":"summary_large_image","twitter_misc":{"\u00c9crit par":"libna","Dur\u00e9e de lecture estim\u00e9e":"7 minutes"},"schema":{"@context":"https:\/\/schema.org","@graph":[{"@type":"Article","@id":"https:\/\/interamerica.org\/fr\/2025\/08\/un-nouveau-documentaire-presente-des-recits-de-guerison-et-despoir\/#article","isPartOf":{"@id":"https:\/\/interamerica.org\/fr\/2025\/08\/un-nouveau-documentaire-presente-des-recits-de-guerison-et-despoir\/"},"author":{"name":"libna","@id":"https:\/\/interamerica.org\/fr\/#\/schema\/person\/29998f2bc2d8bd0d38662909289b54f1"},"headline":"Un nouveau documentaire pr\u00e9sente des r\u00e9cits de gu\u00e9rison et d\u2019espoir","datePublished":"2025-08-07T19:03:56+00:00","dateModified":"2025-08-08T20:21:22+00:00","mainEntityOfPage":{"@id":"https:\/\/interamerica.org\/fr\/2025\/08\/un-nouveau-documentaire-presente-des-recits-de-guerison-et-despoir\/"},"wordCount":1361,"image":{"@id":"https:\/\/interamerica.org\/fr\/2025\/08\/un-nouveau-documentaire-presente-des-recits-de-guerison-et-despoir\/#primaryimage"},"thumbnailUrl":"https:\/\/interamerica.org\/wp-content\/uploads\/2025\/08\/life-tested-english-rev.jpeg","articleSection":["Nouvelles du si\u00e8ge de la division","RSS Fran\u00e7ais"],"inLanguage":"fr-FR"},{"@type":"WebPage","@id":"https:\/\/interamerica.org\/fr\/2025\/08\/un-nouveau-documentaire-presente-des-recits-de-guerison-et-despoir\/","url":"https:\/\/interamerica.org\/fr\/2025\/08\/un-nouveau-documentaire-presente-des-recits-de-guerison-et-despoir\/","name":"Un nouveau documentaire pr\u00e9sente des r\u00e9cits de gu\u00e9rison et d\u2019espoir - \u00c9glise Adventiste Du Septieme Jour - Inter Am\u00e9rique Division","isPartOf":{"@id":"https:\/\/interamerica.org\/fr\/#website"},"primaryImageOfPage":{"@id":"https:\/\/interamerica.org\/fr\/2025\/08\/un-nouveau-documentaire-presente-des-recits-de-guerison-et-despoir\/#primaryimage"},"image":{"@id":"https:\/\/interamerica.org\/fr\/2025\/08\/un-nouveau-documentaire-presente-des-recits-de-guerison-et-despoir\/#primaryimage"},"thumbnailUrl":"https:\/\/interamerica.org\/wp-content\/uploads\/2025\/08\/life-tested-english-rev.jpeg","datePublished":"2025-08-07T19:03:56+00:00","dateModified":"2025-08-08T20:21:22+00:00","author":{"@id":"https:\/\/interamerica.org\/fr\/#\/schema\/person\/29998f2bc2d8bd0d38662909289b54f1"},"breadcrumb":{"@id":"https:\/\/interamerica.org\/fr\/2025\/08\/un-nouveau-documentaire-presente-des-recits-de-guerison-et-despoir\/#breadcrumb"},"inLanguage":"fr-FR","potentialAction":[{"@type":"ReadAction","target":["https:\/\/interamerica.org\/fr\/2025\/08\/un-nouveau-documentaire-presente-des-recits-de-guerison-et-despoir\/"]}]},{"@type":"ImageObject","inLanguage":"fr-FR","@id":"https:\/\/interamerica.org\/fr\/2025\/08\/un-nouveau-documentaire-presente-des-recits-de-guerison-et-despoir\/#primaryimage","url":"https:\/\/interamerica.org\/wp-content\/uploads\/2025\/08\/life-tested-english-rev.jpeg","contentUrl":"https:\/\/interamerica.org\/wp-content\/uploads\/2025\/08\/life-tested-english-rev.jpeg","width":1000,"height":563,"caption":"[Image: Hope Channel Inter-America]"},{"@type":"BreadcrumbList","@id":"https:\/\/interamerica.org\/fr\/2025\/08\/un-nouveau-documentaire-presente-des-recits-de-guerison-et-despoir\/#breadcrumb","itemListElement":[{"@type":"ListItem","position":1,"name":"Home","item":"https:\/\/interamerica.org\/fr\/"},{"@type":"ListItem","position":2,"name":"Un nouveau documentaire pr\u00e9sente des r\u00e9cits de gu\u00e9rison et d\u2019espoir"}]},{"@type":"WebSite","@id":"https:\/\/interamerica.org\/fr\/#website","url":"https:\/\/interamerica.org\/fr\/","name":"\u00c9glise Adventiste Du Septieme Jour - Inter Am\u00e9rique Division","description":"","potentialAction":[{"@type":"SearchAction","target":{"@type":"EntryPoint","urlTemplate":"https:\/\/interamerica.org\/fr\/?s={search_term_string}"},"query-input":{"@type":"PropertyValueSpecification","valueRequired":true,"valueName":"search_term_string"}}],"inLanguage":"fr-FR"},{"@type":"Person","@id":"https:\/\/interamerica.org\/fr\/#\/schema\/person\/29998f2bc2d8bd0d38662909289b54f1","name":"libna","image":{"@type":"ImageObject","inLanguage":"fr-FR","@id":"https:\/\/secure.gravatar.com\/avatar\/7c5bd30ae4b47a9ba3c856590957fd1d96dc588bf3ac05719d247e126840331f?s=96&d=mm&r=g","url":"https:\/\/secure.gravatar.com\/avatar\/7c5bd30ae4b47a9ba3c856590957fd1d96dc588bf3ac05719d247e126840331f?s=96&d=mm&r=g","contentUrl":"https:\/\/secure.gravatar.com\/avatar\/7c5bd30ae4b47a9ba3c856590957fd1d96dc588bf3ac05719d247e126840331f?s=96&d=mm&r=g","caption":"libna"}}]}},"_links":{"self":[{"href":"https:\/\/interamerica.org\/fr\/wp-json\/wp\/v2\/posts\/131997","targetHints":{"allow":["GET"]}}],"collection":[{"href":"https:\/\/interamerica.org\/fr\/wp-json\/wp\/v2\/posts"}],"about":[{"href":"https:\/\/interamerica.org\/fr\/wp-json\/wp\/v2\/types\/post"}],"author":[{"embeddable":true,"href":"https:\/\/interamerica.org\/fr\/wp-json\/wp\/v2\/users\/3"}],"replies":[{"embeddable":true,"href":"https:\/\/interamerica.org\/fr\/wp-json\/wp\/v2\/comments?post=131997"}],"version-history":[{"count":2,"href":"https:\/\/interamerica.org\/fr\/wp-json\/wp\/v2\/posts\/131997\/revisions"}],"predecessor-version":[{"id":132000,"href":"https:\/\/interamerica.org\/fr\/wp-json\/wp\/v2\/posts\/131997\/revisions\/132000"}],"wp:featuredmedia":[{"embeddable":true,"href":"https:\/\/interamerica.org\/fr\/wp-json\/wp\/v2\/media\/131921"}],"wp:attachment":[{"href":"https:\/\/interamerica.org\/fr\/wp-json\/wp\/v2\/media?parent=131997"}],"wp:term":[{"taxonomy":"category","embeddable":true,"href":"https:\/\/interamerica.org\/fr\/wp-json\/wp\/v2\/categories?post=131997"},{"taxonomy":"post_tag","embeddable":true,"href":"https:\/\/interamerica.org\/fr\/wp-json\/wp\/v2\/tags?post=131997"}],"curies":[{"name":"wp","href":"https:\/\/api.w.org\/{rel}","templated":true}]}}