{"id":13261,"date":"2009-12-11T00:00:00","date_gmt":"2009-12-11T04:00:00","guid":{"rendered":"http:\/\/192.81.217.108\/interamerica\/2009\/12\/la-finale-du-concours-de-bible-de-linter-amerique-debute-dans-quelques-heures\/"},"modified":"2017-06-02T13:05:01","modified_gmt":"2017-06-02T17:05:01","slug":"la-finale-du-concours-de-bible-de-linter-amerique-debute-dans-quelques-heures","status":"publish","type":"post","link":"https:\/\/interamerica.org\/fr\/2009\/12\/la-finale-du-concours-de-bible-de-linter-amerique-debute-dans-quelques-heures\/","title":{"rendered":"La Finale du Concours de Bible de l&#39;Inter-Am\u00e9rique d\u00e9bute dans quelques heures"},"content":{"rendered":"<p>11 d\u00e9cembre 2009 &#8211; Petit Bourg, Guadeloupe&#8230; (Libna Stevens\/DiA) <\/p>\n<p>Dans moins de 24 heures, les finalistes des principales r\u00e9gions de l&#39;Eglise Adventiste du Septi\u00e8me jour de l&#39;Inter-Am\u00e9rique s&#39;affronteront dans le cadre de la comp\u00e9tition finale du Concours de Bible de cette ann\u00e9e qui doit avoir lieu \u00e0 partir de Petit Bourg, en Guadeloupe le samedi 12 d\u00e9cembre 2009. <\/p>\n<p>Les finalistes devront r\u00e9pondre \u00e0 une s\u00e9rie de questions tir\u00e9es du Livre de l&#39;Apocalypse apr\u00e8s des mois d&#39;exercices pr\u00e9paratoires et de comp\u00e9titions avec leurs camarades des \u00e9glises locales de leurs territoires. <\/p>\n<p>Cette ann\u00e9e repr\u00e9sente le sixi\u00e8me concours de Bible qui se tient au sein du territoire de la Division et il promet de captiver des centaines d&#39;internautes du territoire.  La comp\u00e9tition a permis de r\u00e9aliser de grands progr\u00e8s en courageant les jeunes Adventistes du territoire \u00e0 \u00e9tudier les Ecritures, d&#39;apr\u00e8s ce qu&#39;ont rapport\u00e9 les dirigeants de l&#39;\u00e9glise. <\/p>\n<p>Les finalistes des unions du Nord de la Colombie, d&#39;Ha\u00efti et du Mexique Inter-Oc\u00e9anique ne feront pas partie de la comp\u00e9tition de cette ann\u00e9e par suite des probl\u00e8mes de derni\u00e8re heure en vue de l&#39;obtention du visa d&#39;entr\u00e9e, d&#39;apr\u00e8s Pasteur Rodriguez. <\/p>\n<p>La comp\u00e9tition finale du Concours de Bible de l&#39;Inter-Am\u00e9rique sera retransmise en directe par internet le 12 d\u00e9cembre \u00e0 3:30 PM heure de Miami ou 4:30 PM heure de la Guadeloupe.  Le programme difffus\u00e9 en directe sera retransmis en Espagnol et traduit en Fran\u00e7ais et en Anglais, \u00e0 partir du Palais des Sports Laura Flessel, de Petit Bourg, en Guadeloupe. <\/p>\n<p>Cliquez ici en vue de suivre le webcast.    <\/p>\n","protected":false},"excerpt":{"rendered":"<p>Dans moins de 24 heures, les finalistes des principales r\u00e9gions de l&#39;Eglise Adventiste du Septi\u00e8me jour de l&#39;Inter-Am\u00e9rique s&#39;affronteront dans le cadre de la comp\u00e9tition finale du Concours de Bible de cette ann&#038;e<\/p>\n","protected":false},"author":1,"featured_media":0,"comment_status":"closed","ping_status":"closed","sticky":false,"template":"","format":"standard","meta":{"_acf_changed":false,"footnotes":""},"categories":[9],"tags":[],"class_list":["post-13261","post","type-post","status-publish","format-standard","hentry","category-archive-fr"],"acf":[],"yoast_head":"<!-- This site is optimized with the Yoast SEO plugin v27.3 - https:\/\/yoast.com\/product\/yoast-seo-wordpress\/ -->\n<title>La Finale du Concours de Bible de l&#039;Inter-Am\u00e9rique d\u00e9bute dans quelques heures - \u00c9glise Adventiste Du Septieme Jour - Inter Am\u00e9rique Division<\/title>\n<meta name=\"robots\" content=\"index, follow, max-snippet:-1, max-image-preview:large, max-video-preview:-1\" \/>\n<link rel=\"canonical\" href=\"https:\/\/interamerica.org\/fr\/2009\/12\/la-finale-du-concours-de-bible-de-linter-amerique-debute-dans-quelques-heures\/\" \/>\n<meta property=\"og:locale\" content=\"fr_FR\" \/>\n<meta property=\"og:type\" content=\"article\" \/>\n<meta property=\"og:title\" content=\"La Finale du Concours de Bible de l&#039;Inter-Am\u00e9rique d\u00e9bute dans quelques heures - \u00c9glise Adventiste Du Septieme Jour - Inter Am\u00e9rique Division\" \/>\n<meta property=\"og:description\" content=\"Dans moins de 24 heures, les finalistes des principales r\u00e9gions de l&#039;Eglise Adventiste du Septi\u00e8me jour de l&#039;Inter-Am\u00e9rique s&#039;affronteront dans le cadre de la comp\u00e9tition finale du Concours de Bible de cette ann&amp;e\" \/>\n<meta property=\"og:url\" content=\"https:\/\/interamerica.org\/fr\/2009\/12\/la-finale-du-concours-de-bible-de-linter-amerique-debute-dans-quelques-heures\/\" \/>\n<meta property=\"og:site_name\" content=\"\u00c9glise Adventiste Du Septieme Jour - Inter Am\u00e9rique Division\" \/>\n<meta property=\"article:published_time\" content=\"2009-12-11T04:00:00+00:00\" \/>\n<meta property=\"article:modified_time\" content=\"2017-06-02T17:05:01+00:00\" \/>\n<meta name=\"author\" content=\"Lorenzo Verduzco\" \/>\n<meta name=\"twitter:card\" content=\"summary_large_image\" \/>\n<meta name=\"twitter:label1\" content=\"\u00c9crit par\" \/>\n\t<meta name=\"twitter:data1\" content=\"Lorenzo Verduzco\" \/>\n\t<meta name=\"twitter:label2\" content=\"Dur\u00e9e de lecture estim\u00e9e\" \/>\n\t<meta name=\"twitter:data2\" content=\"1 minute\" \/>\n<script type=\"application\/ld+json\" class=\"yoast-schema-graph\">{\"@context\":\"https:\\\/\\\/schema.org\",\"@graph\":[{\"@type\":\"Article\",\"@id\":\"https:\\\/\\\/interamerica.org\\\/fr\\\/2009\\\/12\\\/la-finale-du-concours-de-bible-de-linter-amerique-debute-dans-quelques-heures\\\/#article\",\"isPartOf\":{\"@id\":\"https:\\\/\\\/interamerica.org\\\/fr\\\/2009\\\/12\\\/la-finale-du-concours-de-bible-de-linter-amerique-debute-dans-quelques-heures\\\/\"},\"author\":{\"name\":\"Lorenzo Verduzco\",\"@id\":\"https:\\\/\\\/interamerica.org\\\/fr\\\/#\\\/schema\\\/person\\\/68ede8bdc292885bb76c1e3810e73c39\"},\"headline\":\"La Finale du Concours de Bible de l&#39;Inter-Am\u00e9rique d\u00e9bute dans quelques heures\",\"datePublished\":\"2009-12-11T04:00:00+00:00\",\"dateModified\":\"2017-06-02T17:05:01+00:00\",\"mainEntityOfPage\":{\"@id\":\"https:\\\/\\\/interamerica.org\\\/fr\\\/2009\\\/12\\\/la-finale-du-concours-de-bible-de-linter-amerique-debute-dans-quelques-heures\\\/\"},\"wordCount\":303,\"articleSection\":[\"Archive\"],\"inLanguage\":\"fr-FR\"},{\"@type\":\"WebPage\",\"@id\":\"https:\\\/\\\/interamerica.org\\\/fr\\\/2009\\\/12\\\/la-finale-du-concours-de-bible-de-linter-amerique-debute-dans-quelques-heures\\\/\",\"url\":\"https:\\\/\\\/interamerica.org\\\/fr\\\/2009\\\/12\\\/la-finale-du-concours-de-bible-de-linter-amerique-debute-dans-quelques-heures\\\/\",\"name\":\"La Finale du Concours de Bible de l&#39;Inter-Am\u00e9rique d\u00e9bute dans quelques heures - \u00c9glise Adventiste Du Septieme Jour - Inter Am\u00e9rique Division\",\"isPartOf\":{\"@id\":\"https:\\\/\\\/interamerica.org\\\/fr\\\/#website\"},\"datePublished\":\"2009-12-11T04:00:00+00:00\",\"dateModified\":\"2017-06-02T17:05:01+00:00\",\"author\":{\"@id\":\"https:\\\/\\\/interamerica.org\\\/fr\\\/#\\\/schema\\\/person\\\/68ede8bdc292885bb76c1e3810e73c39\"},\"breadcrumb\":{\"@id\":\"https:\\\/\\\/interamerica.org\\\/fr\\\/2009\\\/12\\\/la-finale-du-concours-de-bible-de-linter-amerique-debute-dans-quelques-heures\\\/#breadcrumb\"},\"inLanguage\":\"fr-FR\",\"potentialAction\":[{\"@type\":\"ReadAction\",\"target\":[\"https:\\\/\\\/interamerica.org\\\/fr\\\/2009\\\/12\\\/la-finale-du-concours-de-bible-de-linter-amerique-debute-dans-quelques-heures\\\/\"]}]},{\"@type\":\"BreadcrumbList\",\"@id\":\"https:\\\/\\\/interamerica.org\\\/fr\\\/2009\\\/12\\\/la-finale-du-concours-de-bible-de-linter-amerique-debute-dans-quelques-heures\\\/#breadcrumb\",\"itemListElement\":[{\"@type\":\"ListItem\",\"position\":1,\"name\":\"Home\",\"item\":\"https:\\\/\\\/interamerica.org\\\/fr\\\/\"},{\"@type\":\"ListItem\",\"position\":2,\"name\":\"La Finale du Concours de Bible de l&#39;Inter-Am\u00e9rique d\u00e9bute dans quelques heures\"}]},{\"@type\":\"WebSite\",\"@id\":\"https:\\\/\\\/interamerica.org\\\/fr\\\/#website\",\"url\":\"https:\\\/\\\/interamerica.org\\\/fr\\\/\",\"name\":\"\u00c9glise Adventiste Du Septieme Jour - Inter Am\u00e9rique Division\",\"description\":\"\",\"potentialAction\":[{\"@type\":\"SearchAction\",\"target\":{\"@type\":\"EntryPoint\",\"urlTemplate\":\"https:\\\/\\\/interamerica.org\\\/fr\\\/?s={search_term_string}\"},\"query-input\":{\"@type\":\"PropertyValueSpecification\",\"valueRequired\":true,\"valueName\":\"search_term_string\"}}],\"inLanguage\":\"fr-FR\"},{\"@type\":\"Person\",\"@id\":\"https:\\\/\\\/interamerica.org\\\/fr\\\/#\\\/schema\\\/person\\\/68ede8bdc292885bb76c1e3810e73c39\",\"name\":\"Lorenzo Verduzco\",\"image\":{\"@type\":\"ImageObject\",\"inLanguage\":\"fr-FR\",\"@id\":\"https:\\\/\\\/secure.gravatar.com\\\/avatar\\\/fb81a55b6218459490a9c1dc841a34909185b81904c5337b4b27f7a6fd60c49e?s=96&d=mm&r=g\",\"url\":\"https:\\\/\\\/secure.gravatar.com\\\/avatar\\\/fb81a55b6218459490a9c1dc841a34909185b81904c5337b4b27f7a6fd60c49e?s=96&d=mm&r=g\",\"contentUrl\":\"https:\\\/\\\/secure.gravatar.com\\\/avatar\\\/fb81a55b6218459490a9c1dc841a34909185b81904c5337b4b27f7a6fd60c49e?s=96&d=mm&r=g\",\"caption\":\"Lorenzo Verduzco\"}}]}<\/script>\n<!-- \/ Yoast SEO plugin. -->","yoast_head_json":{"title":"La Finale du Concours de Bible de l&#39;Inter-Am\u00e9rique d\u00e9bute dans quelques heures - \u00c9glise Adventiste Du Septieme Jour - Inter Am\u00e9rique Division","robots":{"index":"index","follow":"follow","max-snippet":"max-snippet:-1","max-image-preview":"max-image-preview:large","max-video-preview":"max-video-preview:-1"},"canonical":"https:\/\/interamerica.org\/fr\/2009\/12\/la-finale-du-concours-de-bible-de-linter-amerique-debute-dans-quelques-heures\/","og_locale":"fr_FR","og_type":"article","og_title":"La Finale du Concours de Bible de l&#39;Inter-Am\u00e9rique d\u00e9bute dans quelques heures - \u00c9glise Adventiste Du Septieme Jour - Inter Am\u00e9rique Division","og_description":"Dans moins de 24 heures, les finalistes des principales r\u00e9gions de l&#39;Eglise Adventiste du Septi\u00e8me jour de l&#39;Inter-Am\u00e9rique s&#39;affronteront dans le cadre de la comp\u00e9tition finale du Concours de Bible de cette ann&e","og_url":"https:\/\/interamerica.org\/fr\/2009\/12\/la-finale-du-concours-de-bible-de-linter-amerique-debute-dans-quelques-heures\/","og_site_name":"\u00c9glise Adventiste Du Septieme Jour - Inter Am\u00e9rique Division","article_published_time":"2009-12-11T04:00:00+00:00","article_modified_time":"2017-06-02T17:05:01+00:00","author":"Lorenzo Verduzco","twitter_card":"summary_large_image","twitter_misc":{"\u00c9crit par":"Lorenzo Verduzco","Dur\u00e9e de lecture estim\u00e9e":"1 minute"},"schema":{"@context":"https:\/\/schema.org","@graph":[{"@type":"Article","@id":"https:\/\/interamerica.org\/fr\/2009\/12\/la-finale-du-concours-de-bible-de-linter-amerique-debute-dans-quelques-heures\/#article","isPartOf":{"@id":"https:\/\/interamerica.org\/fr\/2009\/12\/la-finale-du-concours-de-bible-de-linter-amerique-debute-dans-quelques-heures\/"},"author":{"name":"Lorenzo Verduzco","@id":"https:\/\/interamerica.org\/fr\/#\/schema\/person\/68ede8bdc292885bb76c1e3810e73c39"},"headline":"La Finale du Concours de Bible de l&#39;Inter-Am\u00e9rique d\u00e9bute dans quelques heures","datePublished":"2009-12-11T04:00:00+00:00","dateModified":"2017-06-02T17:05:01+00:00","mainEntityOfPage":{"@id":"https:\/\/interamerica.org\/fr\/2009\/12\/la-finale-du-concours-de-bible-de-linter-amerique-debute-dans-quelques-heures\/"},"wordCount":303,"articleSection":["Archive"],"inLanguage":"fr-FR"},{"@type":"WebPage","@id":"https:\/\/interamerica.org\/fr\/2009\/12\/la-finale-du-concours-de-bible-de-linter-amerique-debute-dans-quelques-heures\/","url":"https:\/\/interamerica.org\/fr\/2009\/12\/la-finale-du-concours-de-bible-de-linter-amerique-debute-dans-quelques-heures\/","name":"La Finale du Concours de Bible de l&#39;Inter-Am\u00e9rique d\u00e9bute dans quelques heures - \u00c9glise Adventiste Du Septieme Jour - Inter Am\u00e9rique Division","isPartOf":{"@id":"https:\/\/interamerica.org\/fr\/#website"},"datePublished":"2009-12-11T04:00:00+00:00","dateModified":"2017-06-02T17:05:01+00:00","author":{"@id":"https:\/\/interamerica.org\/fr\/#\/schema\/person\/68ede8bdc292885bb76c1e3810e73c39"},"breadcrumb":{"@id":"https:\/\/interamerica.org\/fr\/2009\/12\/la-finale-du-concours-de-bible-de-linter-amerique-debute-dans-quelques-heures\/#breadcrumb"},"inLanguage":"fr-FR","potentialAction":[{"@type":"ReadAction","target":["https:\/\/interamerica.org\/fr\/2009\/12\/la-finale-du-concours-de-bible-de-linter-amerique-debute-dans-quelques-heures\/"]}]},{"@type":"BreadcrumbList","@id":"https:\/\/interamerica.org\/fr\/2009\/12\/la-finale-du-concours-de-bible-de-linter-amerique-debute-dans-quelques-heures\/#breadcrumb","itemListElement":[{"@type":"ListItem","position":1,"name":"Home","item":"https:\/\/interamerica.org\/fr\/"},{"@type":"ListItem","position":2,"name":"La Finale du Concours de Bible de l&#39;Inter-Am\u00e9rique d\u00e9bute dans quelques heures"}]},{"@type":"WebSite","@id":"https:\/\/interamerica.org\/fr\/#website","url":"https:\/\/interamerica.org\/fr\/","name":"\u00c9glise Adventiste Du Septieme Jour - Inter Am\u00e9rique Division","description":"","potentialAction":[{"@type":"SearchAction","target":{"@type":"EntryPoint","urlTemplate":"https:\/\/interamerica.org\/fr\/?s={search_term_string}"},"query-input":{"@type":"PropertyValueSpecification","valueRequired":true,"valueName":"search_term_string"}}],"inLanguage":"fr-FR"},{"@type":"Person","@id":"https:\/\/interamerica.org\/fr\/#\/schema\/person\/68ede8bdc292885bb76c1e3810e73c39","name":"Lorenzo Verduzco","image":{"@type":"ImageObject","inLanguage":"fr-FR","@id":"https:\/\/secure.gravatar.com\/avatar\/fb81a55b6218459490a9c1dc841a34909185b81904c5337b4b27f7a6fd60c49e?s=96&d=mm&r=g","url":"https:\/\/secure.gravatar.com\/avatar\/fb81a55b6218459490a9c1dc841a34909185b81904c5337b4b27f7a6fd60c49e?s=96&d=mm&r=g","contentUrl":"https:\/\/secure.gravatar.com\/avatar\/fb81a55b6218459490a9c1dc841a34909185b81904c5337b4b27f7a6fd60c49e?s=96&d=mm&r=g","caption":"Lorenzo Verduzco"}}]}},"_links":{"self":[{"href":"https:\/\/interamerica.org\/fr\/wp-json\/wp\/v2\/posts\/13261","targetHints":{"allow":["GET"]}}],"collection":[{"href":"https:\/\/interamerica.org\/fr\/wp-json\/wp\/v2\/posts"}],"about":[{"href":"https:\/\/interamerica.org\/fr\/wp-json\/wp\/v2\/types\/post"}],"author":[{"embeddable":true,"href":"https:\/\/interamerica.org\/fr\/wp-json\/wp\/v2\/users\/1"}],"replies":[{"embeddable":true,"href":"https:\/\/interamerica.org\/fr\/wp-json\/wp\/v2\/comments?post=13261"}],"version-history":[{"count":0,"href":"https:\/\/interamerica.org\/fr\/wp-json\/wp\/v2\/posts\/13261\/revisions"}],"wp:attachment":[{"href":"https:\/\/interamerica.org\/fr\/wp-json\/wp\/v2\/media?parent=13261"}],"wp:term":[{"taxonomy":"category","embeddable":true,"href":"https:\/\/interamerica.org\/fr\/wp-json\/wp\/v2\/categories?post=13261"},{"taxonomy":"post_tag","embeddable":true,"href":"https:\/\/interamerica.org\/fr\/wp-json\/wp\/v2\/tags?post=13261"}],"curies":[{"name":"wp","href":"https:\/\/api.w.org\/{rel}","templated":true}]}}