{"id":13262,"date":"2009-12-11T00:00:00","date_gmt":"2009-12-11T04:00:00","guid":{"rendered":"http:\/\/192.81.217.108\/interamerica\/2009\/12\/offrez-le-cadeau-dune-seconde-chance-a-loccasion-de-la-noel-declare-le-president-de-leglise-adventiste\/"},"modified":"2017-06-02T13:05:01","modified_gmt":"2017-06-02T17:05:01","slug":"offrez-le-cadeau-dune-seconde-chance-a-loccasion-de-la-noel-declare-le-president-de-leglise-adventiste","status":"publish","type":"post","link":"https:\/\/interamerica.org\/fr\/2009\/12\/offrez-le-cadeau-dune-seconde-chance-a-loccasion-de-la-noel-declare-le-president-de-leglise-adventiste\/","title":{"rendered":"Offrez le cadeau d&#39;une seconde chance \u00e0 l&#39;occasion de la Noel, d\u00e9clare le pr\u00e9sident de l&#39;Eglise Adventiste"},"content":{"rendered":"<p>11 d\u00e9cembre 2009, Silver Spring, Maryland, Etats-Unis&#8230; Elizabeth Lechleitner\/ANN <\/p>\n<p>Les chr\u00e9tiens devraient \u00eatre \u00ab\u00a0des agents de gu\u00e9rison et de r\u00e9conciliation,\u00a0\u00bb a d\u00e9clar\u00e9 Jan Paulsen, Pr\u00e9sident de l&#39;\u00e9glise mondiale des Adventistes du Septi\u00e8me jour, au cours de son message \u00e0 l&#39;occasion des f\u00eates de fin d&#39;ann\u00e9e.  Le cadeau du pardon et des secondes chances repr\u00e9sente le cachet de la saison de la Noel, ajouta-t-il. <\/p>\n<p>Au cours du message d&#39;une heure de Paulsen et de sa femme Kari, programme qui doit \u00eatre diffus\u00e9 au cours de ce mois sur Hope Channel, le r\u00e9seau officiel de t\u00e9l\u00e9vision de l&#39;\u00e9glise, il a fait part des r\u00e9cits de personnes dont leurs vies illustrent comment les secondes chances ont pu agir non seulement sur leur avenir, mais ont permis d&#39;all\u00e9ger \u00ab\u00a0la souffrance, la s\u00e9paration et les fl\u00e9trissures\u00a0\u00bb d&#39;une vie dans un monde d\u00e9truit par le p\u00e9ch\u00e9. <\/p>\n<p>Sibu Sebeca, une orpheline du SIDA et activiste de l&#39;Afrique du Sud, a d\u00e9clar\u00e9 \u00e0 Paulsen que ce qu&#39;elle esp\u00e9rait de l&#39;\u00e9glise apr\u00e8s la mort de ses parents c&#39;\u00e9tait bien de la compassion et la chance de se forger un avenir malgr\u00e9 les d\u00e9fis de son jeune \u00e2ge.  \u00ab\u00a0J&#39;avais besoin que les gens cessent de me consid\u00e9rer comme un fardeau,\u00a0\u00bb dit-elle. <\/p>\n<p>\u00ab\u00a0Quand vous accordez \u00e0 quelqu&#39;un le cadeau d&#39;une seconde chance, vous lui donnez une opportunit\u00e9 de se ressaisir et de presser sur le bouton &#39;d\u00e9marrez,&#39;\u00a0\u00bb a d\u00e9clar\u00e9 Sebaca. <\/p>\n<p>Paulsen s&#39;est aussi entretenu avec Carl et Teresa Wilkens, qui ont dirig\u00e9 l&#39;Agence Adventiste de D\u00e9veloppement et de Secours Adventiste &#8211; le bras humanitaire de l&#39;\u00e9glise mondiale&#8211; pendant la p\u00e9riode du g\u00e9nocide au Rwanda de 1944. <\/p>\n<p>Carl Wilkens a \u00e9t\u00e9 d&#39;apr\u00e8s les rapports le seul Am\u00e9ricain \u00e0 ne pas fuir le pays au cours du g\u00e9nocide.  \u00ab\u00a0Je pense que parfois nous essayons d&#39;\u00eatre des &#39;gens qui agissent&#39; au lieu d&#39;\u00eatre des &#39;gens qui soient pr\u00e9sents.&#39;  Nous oublions que notre pr\u00e9sence \u00e0 elle seule repr\u00e9sente un cadeau inestimable,\u00a0\u00bb a d\u00e9clar\u00e9 Wlkens \u00e0 Paulsen. <\/p>\n<p>\u00ab\u00a0Et la pr\u00e9sence, communique l&#39;espoir,\u00a0\u00bb ajouta Paulsen. <\/p>\n<p>Paulsen a convi\u00e9 les  membres d&#39;\u00e9glise de ne pas seulement attendre le retour du Christ, mais de commencer \u00e0 pratiquer un renouveau ici sur Terre. <\/p>\n<p>\u00ab\u00a0Nous devons nous demander, &#39;Accordons-nous le pardon et des secondes chances?  Sommes nous la voix des sans-voix?  Communiquons-nous la promesse de Christ de cr\u00e9er toutes choses nouvelles?&#39;\u00a0\u00bb <\/p>\n<p>Le message de Paulsen pour les f\u00eates doit \u00eatre diffus\u00e9 sur le Hope Channel International le 18 d\u00e9cembre et Hope Channel de l&#39;Am\u00e9rique du Nord le 19 d\u00e9cembre.  Pour un programme complet, visitez <a  href=\"http:\/\/www.hopetv.org\/\">www.hopetv.org<\/a >. <\/p><\/p>\n","protected":false},"excerpt":{"rendered":"<p>Les chr\u00e9tiens devraient \u00eatre \u00ab\u00a0des agents de gu\u00e9rison et de r\u00e9conciliation,\u00a0\u00bb a d\u00e9clar\u00e9 Jan Paulsen, Pr\u00e9sident de l&#39;\u00e9glise mondiale des Adventistes du Septi\u00e8me jour, au cours de s<\/p>\n","protected":false},"author":1,"featured_media":0,"comment_status":"closed","ping_status":"closed","sticky":false,"template":"","format":"standard","meta":{"_acf_changed":false,"footnotes":""},"categories":[9],"tags":[],"class_list":["post-13262","post","type-post","status-publish","format-standard","hentry","category-archive-fr"],"acf":[],"yoast_head":"<!-- This site is optimized with the Yoast SEO plugin v27.3 - https:\/\/yoast.com\/product\/yoast-seo-wordpress\/ -->\n<title>Offrez le cadeau d&#039;une seconde chance \u00e0 l&#039;occasion de la Noel, d\u00e9clare le pr\u00e9sident de l&#039;Eglise Adventiste - \u00c9glise Adventiste Du Septieme Jour - Inter Am\u00e9rique Division<\/title>\n<meta name=\"robots\" content=\"index, follow, max-snippet:-1, max-image-preview:large, max-video-preview:-1\" \/>\n<link rel=\"canonical\" href=\"https:\/\/interamerica.org\/fr\/2009\/12\/offrez-le-cadeau-dune-seconde-chance-a-loccasion-de-la-noel-declare-le-president-de-leglise-adventiste\/\" \/>\n<meta property=\"og:locale\" content=\"fr_FR\" \/>\n<meta property=\"og:type\" content=\"article\" \/>\n<meta property=\"og:title\" content=\"Offrez le cadeau d&#039;une seconde chance \u00e0 l&#039;occasion de la Noel, d\u00e9clare le pr\u00e9sident de l&#039;Eglise Adventiste - \u00c9glise Adventiste Du Septieme Jour - Inter Am\u00e9rique Division\" \/>\n<meta property=\"og:description\" content=\"Les chr\u00e9tiens devraient \u00eatre &quot;des agents de gu\u00e9rison et de r\u00e9conciliation,&quot; a d\u00e9clar\u00e9 Jan Paulsen, Pr\u00e9sident de l&#039;\u00e9glise mondiale des Adventistes du Septi\u00e8me jour, au cours de s\" \/>\n<meta property=\"og:url\" content=\"https:\/\/interamerica.org\/fr\/2009\/12\/offrez-le-cadeau-dune-seconde-chance-a-loccasion-de-la-noel-declare-le-president-de-leglise-adventiste\/\" \/>\n<meta property=\"og:site_name\" content=\"\u00c9glise Adventiste Du Septieme Jour - Inter Am\u00e9rique Division\" \/>\n<meta property=\"article:published_time\" content=\"2009-12-11T04:00:00+00:00\" \/>\n<meta property=\"article:modified_time\" content=\"2017-06-02T17:05:01+00:00\" \/>\n<meta name=\"author\" content=\"Lorenzo Verduzco\" \/>\n<meta name=\"twitter:card\" content=\"summary_large_image\" \/>\n<meta name=\"twitter:label1\" content=\"\u00c9crit par\" \/>\n\t<meta name=\"twitter:data1\" content=\"Lorenzo Verduzco\" \/>\n\t<meta name=\"twitter:label2\" content=\"Dur\u00e9e de lecture estim\u00e9e\" \/>\n\t<meta name=\"twitter:data2\" content=\"2 minutes\" \/>\n<script type=\"application\/ld+json\" class=\"yoast-schema-graph\">{\"@context\":\"https:\\\/\\\/schema.org\",\"@graph\":[{\"@type\":\"Article\",\"@id\":\"https:\\\/\\\/interamerica.org\\\/fr\\\/2009\\\/12\\\/offrez-le-cadeau-dune-seconde-chance-a-loccasion-de-la-noel-declare-le-president-de-leglise-adventiste\\\/#article\",\"isPartOf\":{\"@id\":\"https:\\\/\\\/interamerica.org\\\/fr\\\/2009\\\/12\\\/offrez-le-cadeau-dune-seconde-chance-a-loccasion-de-la-noel-declare-le-president-de-leglise-adventiste\\\/\"},\"author\":{\"name\":\"Lorenzo Verduzco\",\"@id\":\"https:\\\/\\\/interamerica.org\\\/fr\\\/#\\\/schema\\\/person\\\/68ede8bdc292885bb76c1e3810e73c39\"},\"headline\":\"Offrez le cadeau d&#39;une seconde chance \u00e0 l&#39;occasion de la Noel, d\u00e9clare le pr\u00e9sident de l&#39;Eglise Adventiste\",\"datePublished\":\"2009-12-11T04:00:00+00:00\",\"dateModified\":\"2017-06-02T17:05:01+00:00\",\"mainEntityOfPage\":{\"@id\":\"https:\\\/\\\/interamerica.org\\\/fr\\\/2009\\\/12\\\/offrez-le-cadeau-dune-seconde-chance-a-loccasion-de-la-noel-declare-le-president-de-leglise-adventiste\\\/\"},\"wordCount\":491,\"articleSection\":[\"Archive\"],\"inLanguage\":\"fr-FR\"},{\"@type\":\"WebPage\",\"@id\":\"https:\\\/\\\/interamerica.org\\\/fr\\\/2009\\\/12\\\/offrez-le-cadeau-dune-seconde-chance-a-loccasion-de-la-noel-declare-le-president-de-leglise-adventiste\\\/\",\"url\":\"https:\\\/\\\/interamerica.org\\\/fr\\\/2009\\\/12\\\/offrez-le-cadeau-dune-seconde-chance-a-loccasion-de-la-noel-declare-le-president-de-leglise-adventiste\\\/\",\"name\":\"Offrez le cadeau d&#39;une seconde chance \u00e0 l&#39;occasion de la Noel, d\u00e9clare le pr\u00e9sident de l&#39;Eglise Adventiste - \u00c9glise Adventiste Du Septieme Jour - Inter Am\u00e9rique Division\",\"isPartOf\":{\"@id\":\"https:\\\/\\\/interamerica.org\\\/fr\\\/#website\"},\"datePublished\":\"2009-12-11T04:00:00+00:00\",\"dateModified\":\"2017-06-02T17:05:01+00:00\",\"author\":{\"@id\":\"https:\\\/\\\/interamerica.org\\\/fr\\\/#\\\/schema\\\/person\\\/68ede8bdc292885bb76c1e3810e73c39\"},\"breadcrumb\":{\"@id\":\"https:\\\/\\\/interamerica.org\\\/fr\\\/2009\\\/12\\\/offrez-le-cadeau-dune-seconde-chance-a-loccasion-de-la-noel-declare-le-president-de-leglise-adventiste\\\/#breadcrumb\"},\"inLanguage\":\"fr-FR\",\"potentialAction\":[{\"@type\":\"ReadAction\",\"target\":[\"https:\\\/\\\/interamerica.org\\\/fr\\\/2009\\\/12\\\/offrez-le-cadeau-dune-seconde-chance-a-loccasion-de-la-noel-declare-le-president-de-leglise-adventiste\\\/\"]}]},{\"@type\":\"BreadcrumbList\",\"@id\":\"https:\\\/\\\/interamerica.org\\\/fr\\\/2009\\\/12\\\/offrez-le-cadeau-dune-seconde-chance-a-loccasion-de-la-noel-declare-le-president-de-leglise-adventiste\\\/#breadcrumb\",\"itemListElement\":[{\"@type\":\"ListItem\",\"position\":1,\"name\":\"Home\",\"item\":\"https:\\\/\\\/interamerica.org\\\/fr\\\/\"},{\"@type\":\"ListItem\",\"position\":2,\"name\":\"Offrez le cadeau d&#39;une seconde chance \u00e0 l&#39;occasion de la Noel, d\u00e9clare le pr\u00e9sident de l&#39;Eglise Adventiste\"}]},{\"@type\":\"WebSite\",\"@id\":\"https:\\\/\\\/interamerica.org\\\/fr\\\/#website\",\"url\":\"https:\\\/\\\/interamerica.org\\\/fr\\\/\",\"name\":\"\u00c9glise Adventiste Du Septieme Jour - Inter Am\u00e9rique Division\",\"description\":\"\",\"potentialAction\":[{\"@type\":\"SearchAction\",\"target\":{\"@type\":\"EntryPoint\",\"urlTemplate\":\"https:\\\/\\\/interamerica.org\\\/fr\\\/?s={search_term_string}\"},\"query-input\":{\"@type\":\"PropertyValueSpecification\",\"valueRequired\":true,\"valueName\":\"search_term_string\"}}],\"inLanguage\":\"fr-FR\"},{\"@type\":\"Person\",\"@id\":\"https:\\\/\\\/interamerica.org\\\/fr\\\/#\\\/schema\\\/person\\\/68ede8bdc292885bb76c1e3810e73c39\",\"name\":\"Lorenzo Verduzco\",\"image\":{\"@type\":\"ImageObject\",\"inLanguage\":\"fr-FR\",\"@id\":\"https:\\\/\\\/secure.gravatar.com\\\/avatar\\\/fb81a55b6218459490a9c1dc841a34909185b81904c5337b4b27f7a6fd60c49e?s=96&d=mm&r=g\",\"url\":\"https:\\\/\\\/secure.gravatar.com\\\/avatar\\\/fb81a55b6218459490a9c1dc841a34909185b81904c5337b4b27f7a6fd60c49e?s=96&d=mm&r=g\",\"contentUrl\":\"https:\\\/\\\/secure.gravatar.com\\\/avatar\\\/fb81a55b6218459490a9c1dc841a34909185b81904c5337b4b27f7a6fd60c49e?s=96&d=mm&r=g\",\"caption\":\"Lorenzo Verduzco\"}}]}<\/script>\n<!-- \/ Yoast SEO plugin. -->","yoast_head_json":{"title":"Offrez le cadeau d&#39;une seconde chance \u00e0 l&#39;occasion de la Noel, d\u00e9clare le pr\u00e9sident de l&#39;Eglise Adventiste - \u00c9glise Adventiste Du Septieme Jour - Inter Am\u00e9rique Division","robots":{"index":"index","follow":"follow","max-snippet":"max-snippet:-1","max-image-preview":"max-image-preview:large","max-video-preview":"max-video-preview:-1"},"canonical":"https:\/\/interamerica.org\/fr\/2009\/12\/offrez-le-cadeau-dune-seconde-chance-a-loccasion-de-la-noel-declare-le-president-de-leglise-adventiste\/","og_locale":"fr_FR","og_type":"article","og_title":"Offrez le cadeau d&#39;une seconde chance \u00e0 l&#39;occasion de la Noel, d\u00e9clare le pr\u00e9sident de l&#39;Eglise Adventiste - \u00c9glise Adventiste Du Septieme Jour - Inter Am\u00e9rique Division","og_description":"Les chr\u00e9tiens devraient \u00eatre \"des agents de gu\u00e9rison et de r\u00e9conciliation,\" a d\u00e9clar\u00e9 Jan Paulsen, Pr\u00e9sident de l&#39;\u00e9glise mondiale des Adventistes du Septi\u00e8me jour, au cours de s","og_url":"https:\/\/interamerica.org\/fr\/2009\/12\/offrez-le-cadeau-dune-seconde-chance-a-loccasion-de-la-noel-declare-le-president-de-leglise-adventiste\/","og_site_name":"\u00c9glise Adventiste Du Septieme Jour - Inter Am\u00e9rique Division","article_published_time":"2009-12-11T04:00:00+00:00","article_modified_time":"2017-06-02T17:05:01+00:00","author":"Lorenzo Verduzco","twitter_card":"summary_large_image","twitter_misc":{"\u00c9crit par":"Lorenzo Verduzco","Dur\u00e9e de lecture estim\u00e9e":"2 minutes"},"schema":{"@context":"https:\/\/schema.org","@graph":[{"@type":"Article","@id":"https:\/\/interamerica.org\/fr\/2009\/12\/offrez-le-cadeau-dune-seconde-chance-a-loccasion-de-la-noel-declare-le-president-de-leglise-adventiste\/#article","isPartOf":{"@id":"https:\/\/interamerica.org\/fr\/2009\/12\/offrez-le-cadeau-dune-seconde-chance-a-loccasion-de-la-noel-declare-le-president-de-leglise-adventiste\/"},"author":{"name":"Lorenzo Verduzco","@id":"https:\/\/interamerica.org\/fr\/#\/schema\/person\/68ede8bdc292885bb76c1e3810e73c39"},"headline":"Offrez le cadeau d&#39;une seconde chance \u00e0 l&#39;occasion de la Noel, d\u00e9clare le pr\u00e9sident de l&#39;Eglise Adventiste","datePublished":"2009-12-11T04:00:00+00:00","dateModified":"2017-06-02T17:05:01+00:00","mainEntityOfPage":{"@id":"https:\/\/interamerica.org\/fr\/2009\/12\/offrez-le-cadeau-dune-seconde-chance-a-loccasion-de-la-noel-declare-le-president-de-leglise-adventiste\/"},"wordCount":491,"articleSection":["Archive"],"inLanguage":"fr-FR"},{"@type":"WebPage","@id":"https:\/\/interamerica.org\/fr\/2009\/12\/offrez-le-cadeau-dune-seconde-chance-a-loccasion-de-la-noel-declare-le-president-de-leglise-adventiste\/","url":"https:\/\/interamerica.org\/fr\/2009\/12\/offrez-le-cadeau-dune-seconde-chance-a-loccasion-de-la-noel-declare-le-president-de-leglise-adventiste\/","name":"Offrez le cadeau d&#39;une seconde chance \u00e0 l&#39;occasion de la Noel, d\u00e9clare le pr\u00e9sident de l&#39;Eglise Adventiste - \u00c9glise Adventiste Du Septieme Jour - Inter Am\u00e9rique Division","isPartOf":{"@id":"https:\/\/interamerica.org\/fr\/#website"},"datePublished":"2009-12-11T04:00:00+00:00","dateModified":"2017-06-02T17:05:01+00:00","author":{"@id":"https:\/\/interamerica.org\/fr\/#\/schema\/person\/68ede8bdc292885bb76c1e3810e73c39"},"breadcrumb":{"@id":"https:\/\/interamerica.org\/fr\/2009\/12\/offrez-le-cadeau-dune-seconde-chance-a-loccasion-de-la-noel-declare-le-president-de-leglise-adventiste\/#breadcrumb"},"inLanguage":"fr-FR","potentialAction":[{"@type":"ReadAction","target":["https:\/\/interamerica.org\/fr\/2009\/12\/offrez-le-cadeau-dune-seconde-chance-a-loccasion-de-la-noel-declare-le-president-de-leglise-adventiste\/"]}]},{"@type":"BreadcrumbList","@id":"https:\/\/interamerica.org\/fr\/2009\/12\/offrez-le-cadeau-dune-seconde-chance-a-loccasion-de-la-noel-declare-le-president-de-leglise-adventiste\/#breadcrumb","itemListElement":[{"@type":"ListItem","position":1,"name":"Home","item":"https:\/\/interamerica.org\/fr\/"},{"@type":"ListItem","position":2,"name":"Offrez le cadeau d&#39;une seconde chance \u00e0 l&#39;occasion de la Noel, d\u00e9clare le pr\u00e9sident de l&#39;Eglise Adventiste"}]},{"@type":"WebSite","@id":"https:\/\/interamerica.org\/fr\/#website","url":"https:\/\/interamerica.org\/fr\/","name":"\u00c9glise Adventiste Du Septieme Jour - Inter Am\u00e9rique Division","description":"","potentialAction":[{"@type":"SearchAction","target":{"@type":"EntryPoint","urlTemplate":"https:\/\/interamerica.org\/fr\/?s={search_term_string}"},"query-input":{"@type":"PropertyValueSpecification","valueRequired":true,"valueName":"search_term_string"}}],"inLanguage":"fr-FR"},{"@type":"Person","@id":"https:\/\/interamerica.org\/fr\/#\/schema\/person\/68ede8bdc292885bb76c1e3810e73c39","name":"Lorenzo Verduzco","image":{"@type":"ImageObject","inLanguage":"fr-FR","@id":"https:\/\/secure.gravatar.com\/avatar\/fb81a55b6218459490a9c1dc841a34909185b81904c5337b4b27f7a6fd60c49e?s=96&d=mm&r=g","url":"https:\/\/secure.gravatar.com\/avatar\/fb81a55b6218459490a9c1dc841a34909185b81904c5337b4b27f7a6fd60c49e?s=96&d=mm&r=g","contentUrl":"https:\/\/secure.gravatar.com\/avatar\/fb81a55b6218459490a9c1dc841a34909185b81904c5337b4b27f7a6fd60c49e?s=96&d=mm&r=g","caption":"Lorenzo Verduzco"}}]}},"_links":{"self":[{"href":"https:\/\/interamerica.org\/fr\/wp-json\/wp\/v2\/posts\/13262","targetHints":{"allow":["GET"]}}],"collection":[{"href":"https:\/\/interamerica.org\/fr\/wp-json\/wp\/v2\/posts"}],"about":[{"href":"https:\/\/interamerica.org\/fr\/wp-json\/wp\/v2\/types\/post"}],"author":[{"embeddable":true,"href":"https:\/\/interamerica.org\/fr\/wp-json\/wp\/v2\/users\/1"}],"replies":[{"embeddable":true,"href":"https:\/\/interamerica.org\/fr\/wp-json\/wp\/v2\/comments?post=13262"}],"version-history":[{"count":0,"href":"https:\/\/interamerica.org\/fr\/wp-json\/wp\/v2\/posts\/13262\/revisions"}],"wp:attachment":[{"href":"https:\/\/interamerica.org\/fr\/wp-json\/wp\/v2\/media?parent=13262"}],"wp:term":[{"taxonomy":"category","embeddable":true,"href":"https:\/\/interamerica.org\/fr\/wp-json\/wp\/v2\/categories?post=13262"},{"taxonomy":"post_tag","embeddable":true,"href":"https:\/\/interamerica.org\/fr\/wp-json\/wp\/v2\/tags?post=13262"}],"curies":[{"name":"wp","href":"https:\/\/api.w.org\/{rel}","templated":true}]}}