{"id":132620,"date":"2025-08-28T08:08:21","date_gmt":"2025-08-28T12:08:21","guid":{"rendered":"https:\/\/interamerica.org\/?p=132620"},"modified":"2025-08-28T11:14:23","modified_gmt":"2025-08-28T15:14:23","slug":"un-juge-du-texas-statue-sur-les-dix-commandements","status":"publish","type":"post","link":"https:\/\/interamerica.org\/fr\/2025\/08\/un-juge-du-texas-statue-sur-les-dix-commandements\/","title":{"rendered":"Un juge du Texas statue sur les Dix Commandements"},"content":{"rendered":"<p class=\"c-post-header__subtitle\"><em>Les adventistes se retrouvent parfois dans des alliances \u00e9tranges lorsqu\u2019il s\u2019agit de questions li\u00e9es \u00e0 la libert\u00e9 religieuse. <\/em><\/p>\n<p>27 Ao\u00fbt 2025 | Silver Spring, Maryland, \u00c9tats-Unis | Shawn Boonstra, <em>Adventist Review<\/em><\/p>\n<p>Ces derniers mois, une forte pression a \u00e9t\u00e9 exerc\u00e9e dans certains \u00e9tats am\u00e9ricains pour exiger l\u2019affichage des Dix Commandements dans les salles de classe des \u00e9coles publiques. La semaine derni\u00e8re, cependant, un juge au Texas a temporairement suspendu la mise en place de cette disposition dans plusieurs districts scolaires, estimant qu\u2019elle violait le principe de neutralit\u00e9 religieuse.<\/p>\n<p>Ceux qui critiquent la loi ont insist\u00e9 sur le fait qu\u2019elle violait la clause d\u2019\u00e9tablissement de la D\u00e9claration des Droits am\u00e9ricaine, qui stipule que \u00ab le Congr\u00e8s ne fera aucune loi concernant l\u2019\u00e9tablissement d\u2019une religion ou interdisant son libre exercice. \u00bb <a id=\"_ednref1\" href=\"https:\/\/adventistreview.org\/commentary\/texas-judge-rules-on-ten-commandments\/#_edn1\"><sup>[1]<\/sup><\/a><\/p>\n<p>Il s\u2019agit bien entendu d\u2019une question qui int\u00e9resse les adventistes du septi\u00e8me jour, qui se retrouvent parfois dans des alliances \u00e9tranges lorsqu\u2019il s\u2019agit de questions li\u00e9es \u00e0 la libert\u00e9 religieuse. D\u2019un c\u00f4t\u00e9, les adventistes croient fermement au caract\u00e8re contraignant des Dix Commandements ; de l\u2019autre, ils ne peuvent \u00eatre en accord avec de nombreux autres chr\u00e9tiens qui souhaitent apparemment voir le christianisme int\u00e9gr\u00e9 au tissu gouvernemental. Dans la perspective d\u2019Apocalypse 13 et d\u2019autres textes des \u00c9critures, les adventistes se souviennent que l\u2019union de l\u2019\u00c9glise et de l\u2019\u00e9tat qui dominait l\u2019Europe m\u00e9di\u00e9vale a conduit \u00e0 de graves violations de la libert\u00e9 religieuse et \u00e0 des crimes impensables contre les soi-disant h\u00e9r\u00e9tiques et leur compr\u00e9hension des proph\u00e9ties bibliques ; cela souligne l\u2019importance de la r\u00e9publique am\u00e9ricaine \u2013 du moins \u00e0 ses d\u00e9buts \u2013 comme lieu de protection de la libert\u00e9 de conscience.<\/p>\n<p>C\u2019\u00e9tait autrefois un agneau ; mais nous pouvons d\u00e9j\u00e0 entendre les murmures du dragon, qui \u00e9tait la force motrice de l\u2019abominable alliance entre l\u2019\u00c9glise et l\u2019\u00e9tat dans le pass\u00e9.<a id=\"_ednref2\" href=\"https:\/\/adventistreview.org\/commentary\/texas-judge-rules-on-ten-commandments\/#_edn2\"><sup>[2]<\/sup><\/a>\u00a0On peut \u00eatre s\u00fbr que le diable peut prendre quelque chose de bon (la loi morale de Dieu) et en faire quelque chose d\u2019horrible (la religion dirig\u00e9e par l\u2019\u00e9tat).<\/p>\n<p>C\u2019est une situation qui place les adventistes dans la position inconfortable de devoir r\u00e9sister publiquement \u00e0 quelque chose qu\u2019ils aiment en priv\u00e9. Pour l\u2019observateur ext\u00e9rieur, cela peut donner parfois l\u2019impression que nous n\u2019accordons pas de valeur aux Dix Commandements, alors qu\u2019en r\u00e9alit\u00e9, nous leur accordons une grande valeur. Nous nous retrouvons \u00e0 \u00eatre en accord avec des groupes d\u2019int\u00e9r\u00eat r\u00e9solument<em>irreligious<\/em>\u00a0(certains ouvertement hostiles \u00e0 la foi) tout en contestant les ambitions politiques de certains chr\u00e9tiens qui semblent d\u00e9termin\u00e9s \u00e0 r\u00e9p\u00e9ter les erreurs du pass\u00e9. Nous pouvons donner l\u2019impression d\u2019\u00eatre oppos\u00e9s \u00e0 une chose \u00e0 laquelle nous tenons, et m\u00eame \u00eatre consid\u00e9r\u00e9s en fin de compte comme antisociaux pour avoir maintenu notre position.<\/p>\n<p>Apr\u00e8s avoir pr\u00each\u00e9 l\u2019importance de la loi morale de Dieu pendant des g\u00e9n\u00e9rations, nous nous retrouvons dans la position apparemment \u00e9trange dans laquelle nous disons \u00e0 d\u2019autres chr\u00e9tiens : \u00ab Non, pas\u00a0<em>dans ce cas.\u00bb<\/em><\/p>\n<p>Il n\u2019est pas difficile de comprendre pourquoi d\u2019autres chr\u00e9tiens consid\u00e8rent l\u2019affichage des Dix Commandements dans les salles de classe comme \u00e9tant clairement un plus pour la soci\u00e9t\u00e9. Apr\u00e8s tout, la deuxi\u00e8me table de la loi offre un rem\u00e8de \u00e0 la crise morale libertine \u00e0 laquelle nous faisons face en Occident : elle condamne le vol, la cupidit\u00e9, le meurtre et l\u2019adult\u00e8re, tout en r\u00e9affirmant l\u2019importance de la famille. La premi\u00e8re table, en revanche, s\u2019av\u00e8re bien plus controvers\u00e9e pour les non-chr\u00e9tiens, et m\u00eame pour ceux qui nient le caract\u00e8re sacr\u00e9 du sabbat du septi\u00e8me jour.<\/p>\n<p>M\u00eame s\u2019il \u00e9tait vrai que le fait de d\u2019afficher des r\u00e8gles sur un mur pourrait changer les c\u0153urs, quelle version de ces r\u00e8gles un enseignant dans l\u2019\u00e9cole publique devrait-il choisir ? Devrait-il s\u2019agir de la version de la Bible King James ? Est-elle acceptable pour les chr\u00e9tiens orthodoxes et les catholiques ? Les juifs ou les musulmans <a id=\"_ednref3\" href=\"https:\/\/adventistreview.org\/commentary\/texas-judge-rules-on-ten-commandments\/#_edn3\"><sup>[3]<\/sup><\/a>\u00a0approuveraient-ils cela ? Et qu\u2019en est-il de la num\u00e9rotation ? Les chr\u00e9tiens ne sont pas d\u2019accord non plus sur ce point ; il existe une division claire entre Protestants et Catholiques sur ce point. Quel type de christianisme devrait \u00eatre choisi ?<\/p>\n<p>La question devient encore plus \u00e9pineuse lorsqu\u2019on d\u00e9passe les fronti\u00e8res du christianisme mondial pour s\u2019int\u00e9resser \u00e0 d\u2019autres grands groupes religieux. Dans quelle mesure les parents chr\u00e9tiens seraient-ils \u00e0 l\u2019aise avec la promotion en classe de passages de textes sacr\u00e9s non chr\u00e9tiens ? Et si nous ouvrons la porte \u00e0 des expressions religieuses approuv\u00e9es par le gouvernement, serions-nous pr\u00eats \u00e0 inclure une statue de Baphomet \u2013 un symbole clairement occulte (et sombre !) \u2013 comme l\u2019a propos\u00e9 le Temple Satanique en guise de contre-mesure \u00e0 une exposition des Dix Commandements en Oklahoma ?<a id=\"_ednref4\" href=\"https:\/\/adventistreview.org\/commentary\/texas-judge-rules-on-ten-commandments\/#_edn4\"><sup>[4]<\/sup><\/a><\/p>\n<p>Bien entendu, avec le temps, certains insisteront sur le fait que les Dix Commandements encouragent l\u2019observance du dimanche, et une vague de protestations contre le d\u00e9sordre moral suscitera un d\u00e9sir pour l\u2019observation de ce jour. Et ici, en Am\u00e9rique \u2013 point de d\u00e9part proph\u00e9tique de la question, \u2013 il existe peut-\u00eatre d\u00e9j\u00e0 une bombe silencieuse dans la Constitution elle-m\u00eame. L\u2019article I, section 7, explique que \u00ab si un projet de loi n\u2019est pas renvoy\u00e9 par le Pr\u00e9sident dans les dix jours (en dehors du dimanche) apr\u00e8s qu\u2019il lui ait \u00e9t\u00e9 pr\u00e9sent\u00e9, il aura force de loi. \u00bb<\/p>\n<p>En d\u2019autres termes, le dimanche est d\u00e9j\u00e0 consid\u00e9r\u00e9 comme un jour f\u00e9ri\u00e9 exceptionnel par l\u2019organe de loi supr\u00eame dans le pays. Dans la pratique actuelle, le dimanche est largement ignor\u00e9 par de nombreux am\u00e9ricains, mais proph\u00e9tiquement, nous savons qu\u2019il redeviendra central. Et il y a des preuves constitutionnelles qui sugg\u00e8rent que les P\u00e8res Fondateurs le soutiendraient.<\/p>\n<p>\u00ab Ceux qui ne se souviennent pas du pass\u00e9 sont condamn\u00e9s \u00e0 le r\u00e9p\u00e9ter, \u00bb a d\u00e9clar\u00e9 le philosophe am\u00e9ricain George Santayana. Il est important de rappeler que les mesures coercitives n\u2019ont jamais conduit \u00e0 un v\u00e9ritable succ\u00e8s \u00e9vang\u00e9lique dans le christianisme. Elles ont peut-\u00eatre forc\u00e9 certains \u00e0 adopter ext\u00e9rieurement la foi pour sauver leur emploi, leur maison, voire leur vie, mais les \u00c9critures ne prescrivent aucune mesure de ce genre.<\/p>\n<p>Par contre, la Bible r\u00e9v\u00e8le un bien\u00a0<em>meilleur<\/em>endroit o\u00f9 exposer les Dix Commandements :<\/p>\n<p>\u00ab Voici l\u2019alliance que je ferai avec eux, Apr\u00e8s ces jours-l\u00e0, dit le Seigneur: Je mettrai mes lois dans leurs coeurs, Et je les \u00e9crirai dans leur esprit. \u00bb (H\u00e9breux 10:16, LSG)<br \/>\n<a id=\"_ednref5\" href=\"https:\/\/adventistreview.org\/commentary\/texas-judge-rules-on-ten-commandments\/#_edn5\">[5]<\/a><\/p>\n<p>Les \u00c9critures semblent penser qu\u2019il vaut mieux les\u00a0<em>mettre en pratique\u00a0<\/em>que les imposer par la loi.<\/p>\n<p><strong>Citation cl\u00e9:<\/strong>\u00a0C\u2019est une situation qui place les adventistes dans la position inconfortable o\u00f9 ils doivent r\u00e9sister publiquement \u00e0 quelque chose qu\u2019ils aiment en priv\u00e9.<\/p>\n<hr class=\"wp-block-separator has-alpha-channel-opacity\" \/>\n<p><a id=\"_edn1\" href=\"https:\/\/adventistreview.org\/commentary\/texas-judge-rules-on-ten-commandments\/#_ednref1\"><sup>[1]<\/sup><\/a>\u00a0D\u00e9claration des Droits des \u00c9tats-Unis, Amendement I.<\/p>\n<p><a id=\"_edn2\" href=\"https:\/\/adventistreview.org\/commentary\/texas-judge-rules-on-ten-commandments\/#_ednref2\"><sup>[2]<\/sup><\/a>\u00a0Voir Apocalypse 13:2.<\/p>\n<p><a id=\"_edn3\" href=\"https:\/\/adventistreview.org\/commentary\/texas-judge-rules-on-ten-commandments\/#_ednref3\"><sup>[3]<\/sup><\/a>\u00a0Bien que le Coran n\u2019\u00e9num\u00e8re pas les Dix Commandements, il y fait r\u00e9f\u00e9rence (7:142-145).<\/p>\n<p><a id=\"_edn4\" href=\"https:\/\/adventistreview.org\/commentary\/texas-judge-rules-on-ten-commandments\/#_ednref4\"><sup>[4]<\/sup><\/a>\u00a0https:\/\/www.npr.org\/2018\/08\/17\/639726472\/satanic-temple-protests-ten-commandments-monument-with-goat-headed-statue<\/p>\n<p><a id=\"_edn5\" href=\"https:\/\/adventistreview.org\/commentary\/texas-judge-rules-on-ten-commandments\/#_ednref5\">[5]<\/a>\u00a0Les citations bibliques marqu\u00e9es LSG proviennent de <em>La Sainte Bible<\/em>, version Louis Segond.<\/p>\n<p>Traduction: Patrick Luciathe<\/p>\n","protected":false},"excerpt":{"rendered":"<p>Les adventistes se retrouvent parfois dans des alliances \u00e9tranges lorsqu\u2019il s\u2019agit de questions li\u00e9es \u00e0 la libert\u00e9 religieuse. 27 Ao\u00fbt 2025 | Silver Spring, Maryland, \u00c9tats-Unis | Shawn Boonstra, Adventist&#8230;<\/p>\n","protected":false},"author":3,"featured_media":132578,"comment_status":"closed","ping_status":"closed","sticky":false,"template":"","format":"standard","meta":{"_acf_changed":false,"footnotes":""},"categories":[18,19],"tags":[],"class_list":["post-132620","post","type-post","status-publish","format-standard","has-post-thumbnail","hentry","category-nouvelles-de-leglise-mondiale","category-rss-francais"],"acf":[],"yoast_head":"<!-- This site is optimized with the Yoast SEO plugin v27.3 - https:\/\/yoast.com\/product\/yoast-seo-wordpress\/ -->\n<title>Un juge du Texas statue sur les Dix Commandements - \u00c9glise Adventiste Du Septieme Jour - Inter Am\u00e9rique Division<\/title>\n<meta name=\"robots\" content=\"index, follow, max-snippet:-1, max-image-preview:large, max-video-preview:-1\" \/>\n<link rel=\"canonical\" href=\"https:\/\/interamerica.org\/fr\/2025\/08\/un-juge-du-texas-statue-sur-les-dix-commandements\/\" \/>\n<meta property=\"og:locale\" content=\"fr_FR\" \/>\n<meta property=\"og:type\" content=\"article\" \/>\n<meta property=\"og:title\" content=\"Un juge du Texas statue sur les Dix Commandements - \u00c9glise Adventiste Du Septieme Jour - Inter Am\u00e9rique Division\" \/>\n<meta property=\"og:description\" content=\"Les adventistes se retrouvent parfois dans des alliances \u00e9tranges lorsqu\u2019il s\u2019agit de questions li\u00e9es \u00e0 la libert\u00e9 religieuse. 27 Ao\u00fbt 2025 | Silver Spring, Maryland, \u00c9tats-Unis | Shawn Boonstra, Adventist...\" \/>\n<meta property=\"og:url\" content=\"https:\/\/interamerica.org\/fr\/2025\/08\/un-juge-du-texas-statue-sur-les-dix-commandements\/\" \/>\n<meta property=\"og:site_name\" content=\"\u00c9glise Adventiste Du Septieme Jour - Inter Am\u00e9rique Division\" \/>\n<meta property=\"article:published_time\" content=\"2025-08-28T12:08:21+00:00\" \/>\n<meta property=\"article:modified_time\" content=\"2025-08-28T15:14:23+00:00\" \/>\n<meta name=\"author\" content=\"libna\" \/>\n<meta name=\"twitter:card\" content=\"summary_large_image\" \/>\n<meta name=\"twitter:label1\" content=\"\u00c9crit par\" \/>\n\t<meta name=\"twitter:data1\" content=\"libna\" \/>\n\t<meta name=\"twitter:label2\" content=\"Dur\u00e9e de lecture estim\u00e9e\" \/>\n\t<meta name=\"twitter:data2\" content=\"5 minutes\" \/>\n<script type=\"application\/ld+json\" class=\"yoast-schema-graph\">{\"@context\":\"https:\\\/\\\/schema.org\",\"@graph\":[{\"@type\":\"Article\",\"@id\":\"https:\\\/\\\/interamerica.org\\\/fr\\\/2025\\\/08\\\/un-juge-du-texas-statue-sur-les-dix-commandements\\\/#article\",\"isPartOf\":{\"@id\":\"https:\\\/\\\/interamerica.org\\\/fr\\\/2025\\\/08\\\/un-juge-du-texas-statue-sur-les-dix-commandements\\\/\"},\"author\":{\"name\":\"libna\",\"@id\":\"https:\\\/\\\/interamerica.org\\\/fr\\\/#\\\/schema\\\/person\\\/29998f2bc2d8bd0d38662909289b54f1\"},\"headline\":\"Un juge du Texas statue sur les Dix Commandements\",\"datePublished\":\"2025-08-28T12:08:21+00:00\",\"dateModified\":\"2025-08-28T15:14:23+00:00\",\"mainEntityOfPage\":{\"@id\":\"https:\\\/\\\/interamerica.org\\\/fr\\\/2025\\\/08\\\/un-juge-du-texas-statue-sur-les-dix-commandements\\\/\"},\"wordCount\":1248,\"image\":{\"@id\":\"https:\\\/\\\/interamerica.org\\\/fr\\\/2025\\\/08\\\/un-juge-du-texas-statue-sur-les-dix-commandements\\\/#primaryimage\"},\"thumbnailUrl\":\"https:\\\/\\\/interamerica.org\\\/wp-content\\\/uploads\\\/2025\\\/08\\\/ryan-wallace-texas-photo-1513023001678-6927b70dc4a0.avif\",\"articleSection\":[\"Nouvelles de l'\u00c9glise mondiale\",\"RSS Fran\u00e7ais\"],\"inLanguage\":\"fr-FR\"},{\"@type\":\"WebPage\",\"@id\":\"https:\\\/\\\/interamerica.org\\\/fr\\\/2025\\\/08\\\/un-juge-du-texas-statue-sur-les-dix-commandements\\\/\",\"url\":\"https:\\\/\\\/interamerica.org\\\/fr\\\/2025\\\/08\\\/un-juge-du-texas-statue-sur-les-dix-commandements\\\/\",\"name\":\"Un juge du Texas statue sur les Dix Commandements - \u00c9glise Adventiste Du Septieme Jour - Inter Am\u00e9rique Division\",\"isPartOf\":{\"@id\":\"https:\\\/\\\/interamerica.org\\\/fr\\\/#website\"},\"primaryImageOfPage\":{\"@id\":\"https:\\\/\\\/interamerica.org\\\/fr\\\/2025\\\/08\\\/un-juge-du-texas-statue-sur-les-dix-commandements\\\/#primaryimage\"},\"image\":{\"@id\":\"https:\\\/\\\/interamerica.org\\\/fr\\\/2025\\\/08\\\/un-juge-du-texas-statue-sur-les-dix-commandements\\\/#primaryimage\"},\"thumbnailUrl\":\"https:\\\/\\\/interamerica.org\\\/wp-content\\\/uploads\\\/2025\\\/08\\\/ryan-wallace-texas-photo-1513023001678-6927b70dc4a0.avif\",\"datePublished\":\"2025-08-28T12:08:21+00:00\",\"dateModified\":\"2025-08-28T15:14:23+00:00\",\"author\":{\"@id\":\"https:\\\/\\\/interamerica.org\\\/fr\\\/#\\\/schema\\\/person\\\/29998f2bc2d8bd0d38662909289b54f1\"},\"breadcrumb\":{\"@id\":\"https:\\\/\\\/interamerica.org\\\/fr\\\/2025\\\/08\\\/un-juge-du-texas-statue-sur-les-dix-commandements\\\/#breadcrumb\"},\"inLanguage\":\"fr-FR\",\"potentialAction\":[{\"@type\":\"ReadAction\",\"target\":[\"https:\\\/\\\/interamerica.org\\\/fr\\\/2025\\\/08\\\/un-juge-du-texas-statue-sur-les-dix-commandements\\\/\"]}]},{\"@type\":\"ImageObject\",\"inLanguage\":\"fr-FR\",\"@id\":\"https:\\\/\\\/interamerica.org\\\/fr\\\/2025\\\/08\\\/un-juge-du-texas-statue-sur-les-dix-commandements\\\/#primaryimage\",\"url\":\"https:\\\/\\\/interamerica.org\\\/wp-content\\\/uploads\\\/2025\\\/08\\\/ryan-wallace-texas-photo-1513023001678-6927b70dc4a0.avif\",\"contentUrl\":\"https:\\\/\\\/interamerica.org\\\/wp-content\\\/uploads\\\/2025\\\/08\\\/ryan-wallace-texas-photo-1513023001678-6927b70dc4a0.avif\",\"width\":1170,\"height\":780,\"caption\":\"[Photo: Ryan Wallace \\\/ Unsplash]\"},{\"@type\":\"BreadcrumbList\",\"@id\":\"https:\\\/\\\/interamerica.org\\\/fr\\\/2025\\\/08\\\/un-juge-du-texas-statue-sur-les-dix-commandements\\\/#breadcrumb\",\"itemListElement\":[{\"@type\":\"ListItem\",\"position\":1,\"name\":\"Home\",\"item\":\"https:\\\/\\\/interamerica.org\\\/fr\\\/\"},{\"@type\":\"ListItem\",\"position\":2,\"name\":\"Un juge du Texas statue sur les Dix Commandements\"}]},{\"@type\":\"WebSite\",\"@id\":\"https:\\\/\\\/interamerica.org\\\/fr\\\/#website\",\"url\":\"https:\\\/\\\/interamerica.org\\\/fr\\\/\",\"name\":\"\u00c9glise Adventiste Du Septieme Jour - Inter Am\u00e9rique Division\",\"description\":\"\",\"potentialAction\":[{\"@type\":\"SearchAction\",\"target\":{\"@type\":\"EntryPoint\",\"urlTemplate\":\"https:\\\/\\\/interamerica.org\\\/fr\\\/?s={search_term_string}\"},\"query-input\":{\"@type\":\"PropertyValueSpecification\",\"valueRequired\":true,\"valueName\":\"search_term_string\"}}],\"inLanguage\":\"fr-FR\"},{\"@type\":\"Person\",\"@id\":\"https:\\\/\\\/interamerica.org\\\/fr\\\/#\\\/schema\\\/person\\\/29998f2bc2d8bd0d38662909289b54f1\",\"name\":\"libna\",\"image\":{\"@type\":\"ImageObject\",\"inLanguage\":\"fr-FR\",\"@id\":\"https:\\\/\\\/secure.gravatar.com\\\/avatar\\\/7c5bd30ae4b47a9ba3c856590957fd1d96dc588bf3ac05719d247e126840331f?s=96&d=mm&r=g\",\"url\":\"https:\\\/\\\/secure.gravatar.com\\\/avatar\\\/7c5bd30ae4b47a9ba3c856590957fd1d96dc588bf3ac05719d247e126840331f?s=96&d=mm&r=g\",\"contentUrl\":\"https:\\\/\\\/secure.gravatar.com\\\/avatar\\\/7c5bd30ae4b47a9ba3c856590957fd1d96dc588bf3ac05719d247e126840331f?s=96&d=mm&r=g\",\"caption\":\"libna\"}}]}<\/script>\n<!-- \/ Yoast SEO plugin. -->","yoast_head_json":{"title":"Un juge du Texas statue sur les Dix Commandements - \u00c9glise Adventiste Du Septieme Jour - Inter Am\u00e9rique Division","robots":{"index":"index","follow":"follow","max-snippet":"max-snippet:-1","max-image-preview":"max-image-preview:large","max-video-preview":"max-video-preview:-1"},"canonical":"https:\/\/interamerica.org\/fr\/2025\/08\/un-juge-du-texas-statue-sur-les-dix-commandements\/","og_locale":"fr_FR","og_type":"article","og_title":"Un juge du Texas statue sur les Dix Commandements - \u00c9glise Adventiste Du Septieme Jour - Inter Am\u00e9rique Division","og_description":"Les adventistes se retrouvent parfois dans des alliances \u00e9tranges lorsqu\u2019il s\u2019agit de questions li\u00e9es \u00e0 la libert\u00e9 religieuse. 27 Ao\u00fbt 2025 | Silver Spring, Maryland, \u00c9tats-Unis | Shawn Boonstra, Adventist...","og_url":"https:\/\/interamerica.org\/fr\/2025\/08\/un-juge-du-texas-statue-sur-les-dix-commandements\/","og_site_name":"\u00c9glise Adventiste Du Septieme Jour - Inter Am\u00e9rique Division","article_published_time":"2025-08-28T12:08:21+00:00","article_modified_time":"2025-08-28T15:14:23+00:00","author":"libna","twitter_card":"summary_large_image","twitter_misc":{"\u00c9crit par":"libna","Dur\u00e9e de lecture estim\u00e9e":"5 minutes"},"schema":{"@context":"https:\/\/schema.org","@graph":[{"@type":"Article","@id":"https:\/\/interamerica.org\/fr\/2025\/08\/un-juge-du-texas-statue-sur-les-dix-commandements\/#article","isPartOf":{"@id":"https:\/\/interamerica.org\/fr\/2025\/08\/un-juge-du-texas-statue-sur-les-dix-commandements\/"},"author":{"name":"libna","@id":"https:\/\/interamerica.org\/fr\/#\/schema\/person\/29998f2bc2d8bd0d38662909289b54f1"},"headline":"Un juge du Texas statue sur les Dix Commandements","datePublished":"2025-08-28T12:08:21+00:00","dateModified":"2025-08-28T15:14:23+00:00","mainEntityOfPage":{"@id":"https:\/\/interamerica.org\/fr\/2025\/08\/un-juge-du-texas-statue-sur-les-dix-commandements\/"},"wordCount":1248,"image":{"@id":"https:\/\/interamerica.org\/fr\/2025\/08\/un-juge-du-texas-statue-sur-les-dix-commandements\/#primaryimage"},"thumbnailUrl":"https:\/\/interamerica.org\/wp-content\/uploads\/2025\/08\/ryan-wallace-texas-photo-1513023001678-6927b70dc4a0.avif","articleSection":["Nouvelles de l'\u00c9glise mondiale","RSS Fran\u00e7ais"],"inLanguage":"fr-FR"},{"@type":"WebPage","@id":"https:\/\/interamerica.org\/fr\/2025\/08\/un-juge-du-texas-statue-sur-les-dix-commandements\/","url":"https:\/\/interamerica.org\/fr\/2025\/08\/un-juge-du-texas-statue-sur-les-dix-commandements\/","name":"Un juge du Texas statue sur les Dix Commandements - \u00c9glise Adventiste Du Septieme Jour - Inter Am\u00e9rique Division","isPartOf":{"@id":"https:\/\/interamerica.org\/fr\/#website"},"primaryImageOfPage":{"@id":"https:\/\/interamerica.org\/fr\/2025\/08\/un-juge-du-texas-statue-sur-les-dix-commandements\/#primaryimage"},"image":{"@id":"https:\/\/interamerica.org\/fr\/2025\/08\/un-juge-du-texas-statue-sur-les-dix-commandements\/#primaryimage"},"thumbnailUrl":"https:\/\/interamerica.org\/wp-content\/uploads\/2025\/08\/ryan-wallace-texas-photo-1513023001678-6927b70dc4a0.avif","datePublished":"2025-08-28T12:08:21+00:00","dateModified":"2025-08-28T15:14:23+00:00","author":{"@id":"https:\/\/interamerica.org\/fr\/#\/schema\/person\/29998f2bc2d8bd0d38662909289b54f1"},"breadcrumb":{"@id":"https:\/\/interamerica.org\/fr\/2025\/08\/un-juge-du-texas-statue-sur-les-dix-commandements\/#breadcrumb"},"inLanguage":"fr-FR","potentialAction":[{"@type":"ReadAction","target":["https:\/\/interamerica.org\/fr\/2025\/08\/un-juge-du-texas-statue-sur-les-dix-commandements\/"]}]},{"@type":"ImageObject","inLanguage":"fr-FR","@id":"https:\/\/interamerica.org\/fr\/2025\/08\/un-juge-du-texas-statue-sur-les-dix-commandements\/#primaryimage","url":"https:\/\/interamerica.org\/wp-content\/uploads\/2025\/08\/ryan-wallace-texas-photo-1513023001678-6927b70dc4a0.avif","contentUrl":"https:\/\/interamerica.org\/wp-content\/uploads\/2025\/08\/ryan-wallace-texas-photo-1513023001678-6927b70dc4a0.avif","width":1170,"height":780,"caption":"[Photo: Ryan Wallace \/ Unsplash]"},{"@type":"BreadcrumbList","@id":"https:\/\/interamerica.org\/fr\/2025\/08\/un-juge-du-texas-statue-sur-les-dix-commandements\/#breadcrumb","itemListElement":[{"@type":"ListItem","position":1,"name":"Home","item":"https:\/\/interamerica.org\/fr\/"},{"@type":"ListItem","position":2,"name":"Un juge du Texas statue sur les Dix Commandements"}]},{"@type":"WebSite","@id":"https:\/\/interamerica.org\/fr\/#website","url":"https:\/\/interamerica.org\/fr\/","name":"\u00c9glise Adventiste Du Septieme Jour - Inter Am\u00e9rique Division","description":"","potentialAction":[{"@type":"SearchAction","target":{"@type":"EntryPoint","urlTemplate":"https:\/\/interamerica.org\/fr\/?s={search_term_string}"},"query-input":{"@type":"PropertyValueSpecification","valueRequired":true,"valueName":"search_term_string"}}],"inLanguage":"fr-FR"},{"@type":"Person","@id":"https:\/\/interamerica.org\/fr\/#\/schema\/person\/29998f2bc2d8bd0d38662909289b54f1","name":"libna","image":{"@type":"ImageObject","inLanguage":"fr-FR","@id":"https:\/\/secure.gravatar.com\/avatar\/7c5bd30ae4b47a9ba3c856590957fd1d96dc588bf3ac05719d247e126840331f?s=96&d=mm&r=g","url":"https:\/\/secure.gravatar.com\/avatar\/7c5bd30ae4b47a9ba3c856590957fd1d96dc588bf3ac05719d247e126840331f?s=96&d=mm&r=g","contentUrl":"https:\/\/secure.gravatar.com\/avatar\/7c5bd30ae4b47a9ba3c856590957fd1d96dc588bf3ac05719d247e126840331f?s=96&d=mm&r=g","caption":"libna"}}]}},"_links":{"self":[{"href":"https:\/\/interamerica.org\/fr\/wp-json\/wp\/v2\/posts\/132620","targetHints":{"allow":["GET"]}}],"collection":[{"href":"https:\/\/interamerica.org\/fr\/wp-json\/wp\/v2\/posts"}],"about":[{"href":"https:\/\/interamerica.org\/fr\/wp-json\/wp\/v2\/types\/post"}],"author":[{"embeddable":true,"href":"https:\/\/interamerica.org\/fr\/wp-json\/wp\/v2\/users\/3"}],"replies":[{"embeddable":true,"href":"https:\/\/interamerica.org\/fr\/wp-json\/wp\/v2\/comments?post=132620"}],"version-history":[{"count":1,"href":"https:\/\/interamerica.org\/fr\/wp-json\/wp\/v2\/posts\/132620\/revisions"}],"predecessor-version":[{"id":132658,"href":"https:\/\/interamerica.org\/fr\/wp-json\/wp\/v2\/posts\/132620\/revisions\/132658"}],"wp:featuredmedia":[{"embeddable":true,"href":"https:\/\/interamerica.org\/fr\/wp-json\/wp\/v2\/media\/132578"}],"wp:attachment":[{"href":"https:\/\/interamerica.org\/fr\/wp-json\/wp\/v2\/media?parent=132620"}],"wp:term":[{"taxonomy":"category","embeddable":true,"href":"https:\/\/interamerica.org\/fr\/wp-json\/wp\/v2\/categories?post=132620"},{"taxonomy":"post_tag","embeddable":true,"href":"https:\/\/interamerica.org\/fr\/wp-json\/wp\/v2\/tags?post=132620"}],"curies":[{"name":"wp","href":"https:\/\/api.w.org\/{rel}","templated":true}]}}