{"id":133089,"date":"2025-09-09T11:21:08","date_gmt":"2025-09-09T15:21:08","guid":{"rendered":"https:\/\/interamerica.org\/?p=133089"},"modified":"2025-09-10T08:38:19","modified_gmt":"2025-09-10T12:38:19","slug":"la-television-adventiste-touche-des-millions-de-personnes-en-colombie","status":"publish","type":"post","link":"https:\/\/interamerica.org\/fr\/2025\/09\/la-television-adventiste-touche-des-millions-de-personnes-en-colombie\/","title":{"rendered":"La t\u00e9l\u00e9vision adventiste touche des millions de personnes en Colombie"},"content":{"rendered":"<p><div id=\"attachment_133025\" style=\"width: 987px\" class=\"wp-caption aligncenter\"><img fetchpriority=\"high\" decoding=\"async\" aria-describedby=\"caption-attachment-133025\" class=\" wp-image-133024\" src=\"https:\/\/interamerica.org\/wp-content\/uploads\/2025\/09\/socu-escrito-esta-robertcosta.png\" alt=\"\" width=\"977\" height=\"550\" srcset=\"https:\/\/interamerica.org\/wp-content\/uploads\/2025\/09\/socu-escrito-esta-robertcosta.png 1000w, https:\/\/interamerica.org\/wp-content\/uploads\/2025\/09\/socu-escrito-esta-robertcosta-300x169.png 300w, https:\/\/interamerica.org\/wp-content\/uploads\/2025\/09\/socu-escrito-esta-robertcosta-768x432.png 768w\" sizes=\"(max-width: 977px) 100vw, 977px\" \/><p id=\"caption-attachment-133025\" class=\"wp-caption-text\">Capture d\u2019\u00e9cran de l\u2019\u00e9mission t\u00e9l\u00e9vis\u00e9e du pasteur Robert Costa d\u2019Escrito Esta (Il Est \u00c9crit), sur City TV. [Photo : Union Sud-Colombienne]<\/p><\/div><br \/>\n<em>Hope Channel Inter-Am\u00e9rique invite les gens \u00e0 choisir J\u00e9sus face \u00e0 des d\u00e9fis sociaux majeurs. <\/em><\/p>\n<p>10 Septembre 2025 | Bogota, Colombie | Laura Acosta et Actualit\u00e9s de la Division Inter-Am\u00e9ricaine<\/p>\n<p>En Colombie, un pays de plus de 52 millions d\u2019habitants et \u00e0 la r\u00e9alit\u00e9 sociale complexe, l\u2019\u00c9glise adventiste du septi\u00e8me jour a trouv\u00e9 dans la t\u00e9l\u00e9vision un moyen efficace de proclamer l\u2019\u00e9vangile, ont r\u00e9cemment indiqu\u00e9 les dirigeants r\u00e9gionaux de l\u2019\u00c9glise. \u00ab Bien qu\u2019il n\u2019existe pas encore de cha\u00eene de t\u00e9l\u00e9vision adventiste nationale, le projet Esperanza Colombia a r\u00e9ussi \u00e0 obtenir des cr\u00e9neaux hebdomadaires sur des cha\u00eenes ouvertes, dans le cadre d\u2019une strat\u00e9gie d\u2019\u00e9vang\u00e9lisation multicanal qui produit d\u00e9j\u00e0 des r\u00e9sultats visibles, \u00bb ont-ils dit.<\/p>\n<p>Actuellement, les programmes adventistes sont diffus\u00e9s sur deux des cha\u00eenes les plus connues du pays : El Tiempo Television et City TV. Parmi les \u00e9missions diffus\u00e9es on retrouve \u00ab Messages de Vie, \u00bb avec le pasteur Henry Beltr\u00e1n, pr\u00e9sident de l\u2019Union Sud-Colombienne, et \u00ab Escrito Est\u00e1 \u00bb (<em>Il Est \u00c9crit<\/em>) avec le pasteur Robert Costa. L\u2019\u00e9mission a g\u00e9n\u00e9r\u00e9 plus de 3 millions de vues en 2025 et a incit\u00e9 des centaines de personnes \u00e0 entrer en contact avec l\u2019\u00c9glise adventiste pour solliciter la pri\u00e8re, \u00e9tudier la Bible ou visiter une congr\u00e9gation, ont indiqu\u00e9 les dirigeants. Des centaines de bapt\u00eames ont d\u00e9j\u00e0 eu lieu suite \u00e0 ces interactions.<\/p>\n<p><div id=\"attachment_133019\" style=\"width: 986px\" class=\"wp-caption aligncenter\"><img decoding=\"async\" aria-describedby=\"caption-attachment-133019\" class=\" wp-image-133018\" src=\"https:\/\/interamerica.org\/wp-content\/uploads\/2025\/09\/socu-programa-henrybeltran.png\" alt=\"\" width=\"976\" height=\"549\" srcset=\"https:\/\/interamerica.org\/wp-content\/uploads\/2025\/09\/socu-programa-henrybeltran.png 686w, https:\/\/interamerica.org\/wp-content\/uploads\/2025\/09\/socu-programa-henrybeltran-300x169.png 300w\" sizes=\"(max-width: 976px) 100vw, 976px\" \/><p id=\"caption-attachment-133019\" class=\"wp-caption-text\">Capture d\u2019\u00e9cran de l\u2019\u00e9mission t\u00e9l\u00e9vis\u00e9e avec le pasteur Henry Beltr\u00e1n, pr\u00e9sident de l\u2019Union Sud-Colombienne. [Photo Union Sud-Colombienne]<\/p><\/div><strong>Histoires de vie \u00e0 propos de l\u2019impact de la t\u00e9l\u00e9vision <\/strong><\/p>\n<p>La famille Salamanca-Suesc\u00fan, originaire de Bogot\u00e1, se sentait spirituellement vide. \u00ab J\u2019ai pri\u00e9 Dieu pour qu\u2019il me guide, mais je ne savais pas quelle direction prendre, \u00bb a confi\u00e9 Sandra, la m\u00e8re de famille. Elle a \u00e9t\u00e9 attir\u00e9e par un \u00e9pisode d\u2019Il Est \u00c9crit et l\u2019invitation \u00e0 l\u2019\u00e9cran qui disait : \u00ab Nous Voulons Prier pour Vous. \u00bb Ce m\u00eame jour, elle a d\u00e9cid\u00e9 de prendre contact avec la cha\u00eene.<\/p>\n<p>Sandra a racont\u00e9 que Rub\u00e9n, un ouvrier biblique, a pri\u00e9 avec elle et a commenc\u00e9 \u00e0 donner des \u00e9tudes bibliques \u00e0 elle et \u00e0 son mari Fernando. \u00ab Nous voulions chercher Dieu, mais uniquement \u00e0 travers la Bible, \u00bb a dit Sandra. Petit \u00e0 petit, ils ont d\u00e9couvert le sabbat biblique, le jugement, l\u2019\u00e9tat des morts et ont red\u00e9couvert des pratiques comme la d\u00eeme. \u00ab Avant, c\u2019\u00e9tait plut\u00f4t une question d\u2019\u00e9motions, \u00bb a-t-elle ajout\u00e9. \u00ab Cette fois-ci, c\u2019\u00e9tait par conviction, \u00bb a d\u00e9clar\u00e9 Sandra.<\/p>\n<p><div id=\"attachment_133029\" style=\"width: 987px\" class=\"wp-caption aligncenter\"><img decoding=\"async\" aria-describedby=\"caption-attachment-133029\" class=\" wp-image-133028\" src=\"https:\/\/interamerica.org\/wp-content\/uploads\/2025\/09\/socu-escrito-esta-taping-1.jpg\" alt=\"\" width=\"977\" height=\"642\" srcset=\"https:\/\/interamerica.org\/wp-content\/uploads\/2025\/09\/socu-escrito-esta-taping-1.jpg 1000w, https:\/\/interamerica.org\/wp-content\/uploads\/2025\/09\/socu-escrito-esta-taping-1-300x197.jpg 300w, https:\/\/interamerica.org\/wp-content\/uploads\/2025\/09\/socu-escrito-esta-taping-1-768x505.jpg 768w\" sizes=\"(max-width: 977px) 100vw, 977px\" \/><p id=\"caption-attachment-133029\" class=\"wp-caption-text\">Le tournage de \u00ab Toda Palabra \u00bb avec Robert Costa se d\u00e9roule \u00e0 Bogot\u00e1, en Colombie ; l\u2019\u00e9mission est diffus\u00e9e sur City TV et El Tiempo. [Photo : Union Sud-Colombienne]<\/p><\/div>Actuellement, apr\u00e8s leur bapt\u00eame, la famille fr\u00e9quente une congr\u00e9gation adventiste dans le sud de Bogot\u00e1. \u00ab Nous voulons que nos enfants grandissent avec des fondations solides, qu\u2019ils connaissent la v\u00e9rit\u00e9 et vivent dans l\u2019esp\u00e9rance, \u00bb ont-ils confi\u00e9.<\/p>\n<p><strong>Trouver la certitude <\/strong><\/p>\n<p>Un autre t\u00e9moignage nous vient de Said Valent\u00edn et de Mar\u00eda Ileana, un couple de migrants v\u00e9n\u00e9zu\u00e9liens arriv\u00e9 \u00e0 Bogot\u00e1 en qu\u00eate de stabilit\u00e9. Ils cumulaient plusieurs emplois, vivaient dans l\u2019incertitude et faisaient face \u00e0 une d\u00e9connexion spirituelle. Un jour, Said a allum\u00e9 la t\u00e9l\u00e9vision et est tomb\u00e9 sur l\u2019\u00e9mission \u00ab Escrito Est\u00e1 (Il Est \u00c9crit). \u00bb \u00ab Le message du pasteur m\u2019a touch\u00e9, \u00bb a-t-il dit. \u00ab Le troisi\u00e8me jour, j\u2019ai scann\u00e9 le QR code pour \u00e9tudier la Bible. J\u2019ai eu le sentiment que c\u2019\u00e9tait urgent. \u00bb<\/p>\n<p>Mariana, b\u00e9n\u00e9vole au sein de l\u2019\u00e9quipe, a r\u00e9pondu au message de Said. Peu apr\u00e8s, Said a re\u00e7u un appel de Rub\u00e9n et, avec celle qui \u00e9tait alors sa compagne, a commenc\u00e9 \u00e0 suivre des \u00e9tudes bibliques. Finalement, ils ont d\u00e9cid\u00e9 de se marier et de se faire baptiser \u00e0 l\u2019\u00e9glise adventiste de Palermo, \u00e0 Bogot\u00e1. \u00ab Nous nous sommes sentis accueillis avec amour, \u00bb a confi\u00e9 Mar\u00eda Ileana. \u00ab Nous voulons que nos noms soient inscrits dans le Livre de Vie, mais nous souhaitons aussi que beaucoup d\u2019autres y soient, et nous prions pour cela. \u00bb<\/p>\n<p><div id=\"attachment_133033\" style=\"width: 972px\" class=\"wp-caption aligncenter\"><img loading=\"lazy\" decoding=\"async\" aria-describedby=\"caption-attachment-133033\" class=\" wp-image-133032\" src=\"https:\/\/interamerica.org\/wp-content\/uploads\/2025\/09\/socu-testimony1.jpg\" alt=\"\" width=\"962\" height=\"579\" srcset=\"https:\/\/interamerica.org\/wp-content\/uploads\/2025\/09\/socu-testimony1.jpg 1000w, https:\/\/interamerica.org\/wp-content\/uploads\/2025\/09\/socu-testimony1-300x181.jpg 300w, https:\/\/interamerica.org\/wp-content\/uploads\/2025\/09\/socu-testimony1-768x462.jpg 768w\" sizes=\"(max-width: 962px) 100vw, 962px\" \/><p id=\"caption-attachment-133033\" class=\"wp-caption-text\">La famille Salamanca Suesc\u00fan de Bogot\u00e1, en Colombie, le jour o\u00f9 ils ont \u00e9t\u00e9 baptis\u00e9s r\u00e9cemment gr\u00e2ce aux \u00e9missions t\u00e9l\u00e9vis\u00e9es \u00ab Escrito Est\u00e1 \u00bb et \u00ab Decidir Estudiar la Biblia \u00bb. [Photo : Union Sud-Colombienne]<\/p><\/div><strong>Un syst\u00e8me connect\u00e9 aux \u00e9glises <\/strong><\/p>\n<p>Ces r\u00e9sultats s\u2019inscrivent dans le cadre d\u2019un mod\u00e8le d\u2019\u00e9vang\u00e9lisation multicanal d\u00e9velopp\u00e9 par l\u2019\u00e9quipe de communication de l\u2019Union Sud-Colombienne (SOCU) en 2024 autour du th\u00e8me \u00ab Construire des Passerelles d\u2019Espoir, \u00bb ont indiqu\u00e9 les dirigeants r\u00e9gionaux de l\u2019\u00e9glise. \u00ab La prise en charge de chaque personne int\u00e9ress\u00e9e se fait selon un syst\u00e8me soigneusement con\u00e7u, \u00bb ont-ils expliqu\u00e9. \u00ab Lorsqu\u2019une personne regarde une \u00e9mission et scanne le QR code ou envoie un message au num\u00e9ro affich\u00e9 \u00e0 l\u2019\u00e9cran, Mariana r\u00e9pond, prie pour elle et \u00e9coute ses besoins. Ensuite, Rub\u00e9n Campos, un instructeur biblique, intervient. Il propose des \u00e9tudes bibliques virtuelles ou en personne, ou met la personne en contact avec un pasteur. La personne int\u00e9ress\u00e9e est finalement int\u00e9gr\u00e9e \u00e0 une congr\u00e9gation locale, o\u00f9 elle poursuit son processus de discipulat. \u00bb<\/p>\n<p>L\u2019un des outils cl\u00e9s de cette strat\u00e9gie est le Chatbot Esperanza, un assistant automatis\u00e9 sur WhatsApp qui donne acc\u00e8s \u00e0 plus de 15 cours bibliques gratuits. Ceux qui terminent les \u00e9tudes re\u00e7oivent un certificat num\u00e9rique, ont expliqu\u00e9 les dirigeants. \u00ab Cette plateforme est devenue une ressource simple et accessible pour ceux qui souhaitent approfondir leur foi depuis leurs t\u00e9l\u00e9phones portables, \u00bb ont-ils d\u00e9clar\u00e9.<\/p>\n<p><div id=\"attachment_133036\" style=\"width: 931px\" class=\"wp-caption aligncenter\"><img loading=\"lazy\" decoding=\"async\" aria-describedby=\"caption-attachment-133036\" class=\" wp-image-133035\" src=\"https:\/\/interamerica.org\/wp-content\/uploads\/2025\/09\/socu-saidvalentin-maria-ileana-testimony-1024x608.jpg\" alt=\"\" width=\"921\" height=\"547\" srcset=\"https:\/\/interamerica.org\/wp-content\/uploads\/2025\/09\/socu-saidvalentin-maria-ileana-testimony-1024x608.jpg 1024w, https:\/\/interamerica.org\/wp-content\/uploads\/2025\/09\/socu-saidvalentin-maria-ileana-testimony-300x178.jpg 300w, https:\/\/interamerica.org\/wp-content\/uploads\/2025\/09\/socu-saidvalentin-maria-ileana-testimony-768x456.jpg 768w, https:\/\/interamerica.org\/wp-content\/uploads\/2025\/09\/socu-saidvalentin-maria-ileana-testimony.jpg 1078w\" sizes=\"(max-width: 921px) 100vw, 921px\" \/><p id=\"caption-attachment-133036\" class=\"wp-caption-text\">Said Valentin (\u00e0 droite) et Maria Ileana (\u00e0 gauche) prononcent leurs v\u0153ux de bapt\u00eame apr\u00e8s avoir \u00e9tudi\u00e9 la Bible en regardant le programme \u00ab Escrito Est\u00e1 (Il Est \u00c9crit) \u00bb de Robert Costa. [Photo : Union Sud-Colombienne]<\/p><\/div>Pasteur Beltr\u00e1n, qui est \u00e9galement directeur de la communication de l\u2019Union Sud-Colombienne, a d\u00e9clar\u00e9 que la mission de l\u2019\u00c9glise est de maximiser la port\u00e9e du message. \u00ab Il y a de nombreuses personnes qui ne fr\u00e9quenteront jamais l\u2019\u00e9glise, mais elles nous permettent d\u2019entrer chez elles par la t\u00e9l\u00e9vision, la radio ou leur t\u00e9l\u00e9phone portable, \u00bb a-t-il d\u00e9clar\u00e9. \u00ab Chaque m\u00e9dia est donc une porte d\u2019entr\u00e9e que nous utilisons de mani\u00e8re responsable et cibl\u00e9e. \u00bb<\/p>\n<p><strong>Proclamer l\u2019\u00e9vangile en Colombie <\/strong><\/p>\n<p>Ces derniers temps, la Colombie a fait face \u00e0 des vents contraires tant au niveau social, qu\u2019\u00e9conomique et spirituelles, ont indiqu\u00e9 les dirigeants adventistes de la r\u00e9gion. Selon les statistiques nationales, la violence domestique a touch\u00e9 plus de 45000 personnes \u00e0 Bogot\u00e1 en 2023. Les probl\u00e8mes de sant\u00e9 mentale sont \u00e9galement en pleine croissance, seulement 12 pour cent des personnes concern\u00e9es re\u00e7oivent un traitement dans les temps. Dans le m\u00eame temps, 13 pour cent de la population se consid\u00e8re comme n\u2019\u00e9tant pas affili\u00e9e \u00e0 une \u00e9glise.<\/p>\n<p><div id=\"attachment_133039\" style=\"width: 919px\" class=\"wp-caption aligncenter\"><img loading=\"lazy\" decoding=\"async\" aria-describedby=\"caption-attachment-133039\" class=\" wp-image-133038\" src=\"https:\/\/interamerica.org\/wp-content\/uploads\/2025\/09\/socu-ruben-campos-baptism.jpg\" alt=\"\" width=\"909\" height=\"682\" srcset=\"https:\/\/interamerica.org\/wp-content\/uploads\/2025\/09\/socu-ruben-campos-baptism.jpg 900w, https:\/\/interamerica.org\/wp-content\/uploads\/2025\/09\/socu-ruben-campos-baptism-300x225.jpg 300w, https:\/\/interamerica.org\/wp-content\/uploads\/2025\/09\/socu-ruben-campos-baptism-768x576.jpg 768w\" sizes=\"(max-width: 909px) 100vw, 909px\" \/><p id=\"caption-attachment-133039\" class=\"wp-caption-text\">Un professeur de Bible d\u2019Esperanza, en Colombie, se tient \u00e0 c\u00f4t\u00e9 de ses \u00e9tudiants de la Bible. [Photo : Union Sud-Colombienne]<\/p><\/div>\u00ab Ces donn\u00e9es confirment la n\u00e9cessit\u00e9 d\u2019avoir des contenus qui offrent du r\u00e9confort, la v\u00e9rit\u00e9 et une direction spirituelle, \u00bb ont d\u00e9clar\u00e9 les dirigeants adventistes. \u00ab Les m\u00e9dias sont un moyen qui peut aider les gens \u00e0 d\u00e9couvrir le message de la Bible. \u00bb<\/p>\n<p>L\u2019initiative actuelle est confront\u00e9e \u00e0 des difficult\u00e9s, notamment des contraintes de personnel et des contraintes financi\u00e8res, ont indiqu\u00e9 les dirigeants. Mais, en d\u00e9pit des obstacles actuels, il y a des opportunit\u00e9s qui s\u2019offrent \u00e0 eux. \u00ab La strat\u00e9gie porte d\u00e9j\u00e0 ses fruits : un r\u00e9seau de b\u00e9n\u00e9voles reste en effet actif et engag\u00e9, et de nouveaux espaces s\u2019ouvrent dans les m\u00e9dias nationaux pour proclamer l\u2019\u00e9vangile. \u00bb<\/p>\n<p>Pour en savoir davantage sur cette initiative et plus encore, rendez-vous sur le site de l\u2019Union Sud-Colombienne :<br \/>\n<a href=\"https:\/\/unioncolombianadelsur.org\/\">unioncolombiadelsur.org<\/a><\/p>\n<p>Traduction: Patrick Luciathe<\/p>\n","protected":false},"excerpt":{"rendered":"<p>Hope Channel Inter-Am\u00e9rique invite les gens \u00e0 choisir J\u00e9sus face \u00e0 des d\u00e9fis sociaux majeurs. 10 Septembre 2025 | Bogota, Colombie | Laura Acosta et Actualit\u00e9s de la Division Inter-Am\u00e9ricaine&#8230;<\/p>\n","protected":false},"author":3,"featured_media":133025,"comment_status":"closed","ping_status":"closed","sticky":false,"template":"","format":"standard","meta":{"_acf_changed":false,"footnotes":""},"categories":[21,19],"tags":[],"class_list":["post-133089","post","type-post","status-publish","format-standard","has-post-thumbnail","hentry","category-nouvelles-du-territoire","category-rss-francais"],"acf":[],"yoast_head":"<!-- This site is optimized with the Yoast SEO plugin v27.3 - https:\/\/yoast.com\/product\/yoast-seo-wordpress\/ -->\n<title>La t\u00e9l\u00e9vision adventiste touche des millions de personnes en Colombie - \u00c9glise Adventiste Du Septieme Jour - Inter Am\u00e9rique Division<\/title>\n<meta name=\"robots\" content=\"index, follow, max-snippet:-1, max-image-preview:large, max-video-preview:-1\" \/>\n<link rel=\"canonical\" href=\"https:\/\/interamerica.org\/fr\/2025\/09\/la-television-adventiste-touche-des-millions-de-personnes-en-colombie\/\" \/>\n<meta property=\"og:locale\" content=\"fr_FR\" \/>\n<meta property=\"og:type\" content=\"article\" \/>\n<meta property=\"og:title\" content=\"La t\u00e9l\u00e9vision adventiste touche des millions de personnes en Colombie - \u00c9glise Adventiste Du Septieme Jour - Inter Am\u00e9rique Division\" \/>\n<meta property=\"og:description\" content=\"Hope Channel Inter-Am\u00e9rique invite les gens \u00e0 choisir J\u00e9sus face \u00e0 des d\u00e9fis sociaux majeurs. 10 Septembre 2025 | Bogota, Colombie | Laura Acosta et Actualit\u00e9s de la Division Inter-Am\u00e9ricaine...\" \/>\n<meta property=\"og:url\" content=\"https:\/\/interamerica.org\/fr\/2025\/09\/la-television-adventiste-touche-des-millions-de-personnes-en-colombie\/\" \/>\n<meta property=\"og:site_name\" content=\"\u00c9glise Adventiste Du Septieme Jour - Inter Am\u00e9rique Division\" \/>\n<meta property=\"article:published_time\" content=\"2025-09-09T15:21:08+00:00\" \/>\n<meta property=\"article:modified_time\" content=\"2025-09-10T12:38:19+00:00\" \/>\n<meta property=\"og:image\" content=\"https:\/\/interamerica.org\/wp-content\/uploads\/2025\/09\/socu-escrito-esta-robertcosta.png\" \/>\n\t<meta property=\"og:image:width\" content=\"1000\" \/>\n\t<meta property=\"og:image:height\" content=\"563\" \/>\n\t<meta property=\"og:image:type\" content=\"image\/png\" \/>\n<meta name=\"author\" content=\"libna\" \/>\n<meta name=\"twitter:card\" content=\"summary_large_image\" \/>\n<meta name=\"twitter:label1\" content=\"\u00c9crit par\" \/>\n\t<meta name=\"twitter:data1\" content=\"libna\" \/>\n\t<meta name=\"twitter:label2\" content=\"Dur\u00e9e de lecture estim\u00e9e\" \/>\n\t<meta name=\"twitter:data2\" content=\"7 minutes\" \/>\n<script type=\"application\/ld+json\" class=\"yoast-schema-graph\">{\"@context\":\"https:\\\/\\\/schema.org\",\"@graph\":[{\"@type\":\"Article\",\"@id\":\"https:\\\/\\\/interamerica.org\\\/fr\\\/2025\\\/09\\\/la-television-adventiste-touche-des-millions-de-personnes-en-colombie\\\/#article\",\"isPartOf\":{\"@id\":\"https:\\\/\\\/interamerica.org\\\/fr\\\/2025\\\/09\\\/la-television-adventiste-touche-des-millions-de-personnes-en-colombie\\\/\"},\"author\":{\"name\":\"libna\",\"@id\":\"https:\\\/\\\/interamerica.org\\\/fr\\\/#\\\/schema\\\/person\\\/29998f2bc2d8bd0d38662909289b54f1\"},\"headline\":\"La t\u00e9l\u00e9vision adventiste touche des millions de personnes en Colombie\",\"datePublished\":\"2025-09-09T15:21:08+00:00\",\"dateModified\":\"2025-09-10T12:38:19+00:00\",\"mainEntityOfPage\":{\"@id\":\"https:\\\/\\\/interamerica.org\\\/fr\\\/2025\\\/09\\\/la-television-adventiste-touche-des-millions-de-personnes-en-colombie\\\/\"},\"wordCount\":1429,\"image\":{\"@id\":\"https:\\\/\\\/interamerica.org\\\/fr\\\/2025\\\/09\\\/la-television-adventiste-touche-des-millions-de-personnes-en-colombie\\\/#primaryimage\"},\"thumbnailUrl\":\"https:\\\/\\\/interamerica.org\\\/wp-content\\\/uploads\\\/2025\\\/09\\\/socu-escrito-esta-robertcosta.png\",\"articleSection\":[\"Nouvelles du territoire\",\"RSS Fran\u00e7ais\"],\"inLanguage\":\"fr-FR\"},{\"@type\":\"WebPage\",\"@id\":\"https:\\\/\\\/interamerica.org\\\/fr\\\/2025\\\/09\\\/la-television-adventiste-touche-des-millions-de-personnes-en-colombie\\\/\",\"url\":\"https:\\\/\\\/interamerica.org\\\/fr\\\/2025\\\/09\\\/la-television-adventiste-touche-des-millions-de-personnes-en-colombie\\\/\",\"name\":\"La t\u00e9l\u00e9vision adventiste touche des millions de personnes en Colombie - \u00c9glise Adventiste Du Septieme Jour - Inter Am\u00e9rique Division\",\"isPartOf\":{\"@id\":\"https:\\\/\\\/interamerica.org\\\/fr\\\/#website\"},\"primaryImageOfPage\":{\"@id\":\"https:\\\/\\\/interamerica.org\\\/fr\\\/2025\\\/09\\\/la-television-adventiste-touche-des-millions-de-personnes-en-colombie\\\/#primaryimage\"},\"image\":{\"@id\":\"https:\\\/\\\/interamerica.org\\\/fr\\\/2025\\\/09\\\/la-television-adventiste-touche-des-millions-de-personnes-en-colombie\\\/#primaryimage\"},\"thumbnailUrl\":\"https:\\\/\\\/interamerica.org\\\/wp-content\\\/uploads\\\/2025\\\/09\\\/socu-escrito-esta-robertcosta.png\",\"datePublished\":\"2025-09-09T15:21:08+00:00\",\"dateModified\":\"2025-09-10T12:38:19+00:00\",\"author\":{\"@id\":\"https:\\\/\\\/interamerica.org\\\/fr\\\/#\\\/schema\\\/person\\\/29998f2bc2d8bd0d38662909289b54f1\"},\"breadcrumb\":{\"@id\":\"https:\\\/\\\/interamerica.org\\\/fr\\\/2025\\\/09\\\/la-television-adventiste-touche-des-millions-de-personnes-en-colombie\\\/#breadcrumb\"},\"inLanguage\":\"fr-FR\",\"potentialAction\":[{\"@type\":\"ReadAction\",\"target\":[\"https:\\\/\\\/interamerica.org\\\/fr\\\/2025\\\/09\\\/la-television-adventiste-touche-des-millions-de-personnes-en-colombie\\\/\"]}]},{\"@type\":\"ImageObject\",\"inLanguage\":\"fr-FR\",\"@id\":\"https:\\\/\\\/interamerica.org\\\/fr\\\/2025\\\/09\\\/la-television-adventiste-touche-des-millions-de-personnes-en-colombie\\\/#primaryimage\",\"url\":\"https:\\\/\\\/interamerica.org\\\/wp-content\\\/uploads\\\/2025\\\/09\\\/socu-escrito-esta-robertcosta.png\",\"contentUrl\":\"https:\\\/\\\/interamerica.org\\\/wp-content\\\/uploads\\\/2025\\\/09\\\/socu-escrito-esta-robertcosta.png\",\"width\":1000,\"height\":563,\"caption\":\"Cover television program in City TV of Pastor Robert Costa of Escrito Esta. [Photo: South Colombian Union]\"},{\"@type\":\"BreadcrumbList\",\"@id\":\"https:\\\/\\\/interamerica.org\\\/fr\\\/2025\\\/09\\\/la-television-adventiste-touche-des-millions-de-personnes-en-colombie\\\/#breadcrumb\",\"itemListElement\":[{\"@type\":\"ListItem\",\"position\":1,\"name\":\"Home\",\"item\":\"https:\\\/\\\/interamerica.org\\\/fr\\\/\"},{\"@type\":\"ListItem\",\"position\":2,\"name\":\"La t\u00e9l\u00e9vision adventiste touche des millions de personnes en Colombie\"}]},{\"@type\":\"WebSite\",\"@id\":\"https:\\\/\\\/interamerica.org\\\/fr\\\/#website\",\"url\":\"https:\\\/\\\/interamerica.org\\\/fr\\\/\",\"name\":\"\u00c9glise Adventiste Du Septieme Jour - Inter Am\u00e9rique Division\",\"description\":\"\",\"potentialAction\":[{\"@type\":\"SearchAction\",\"target\":{\"@type\":\"EntryPoint\",\"urlTemplate\":\"https:\\\/\\\/interamerica.org\\\/fr\\\/?s={search_term_string}\"},\"query-input\":{\"@type\":\"PropertyValueSpecification\",\"valueRequired\":true,\"valueName\":\"search_term_string\"}}],\"inLanguage\":\"fr-FR\"},{\"@type\":\"Person\",\"@id\":\"https:\\\/\\\/interamerica.org\\\/fr\\\/#\\\/schema\\\/person\\\/29998f2bc2d8bd0d38662909289b54f1\",\"name\":\"libna\",\"image\":{\"@type\":\"ImageObject\",\"inLanguage\":\"fr-FR\",\"@id\":\"https:\\\/\\\/secure.gravatar.com\\\/avatar\\\/7c5bd30ae4b47a9ba3c856590957fd1d96dc588bf3ac05719d247e126840331f?s=96&d=mm&r=g\",\"url\":\"https:\\\/\\\/secure.gravatar.com\\\/avatar\\\/7c5bd30ae4b47a9ba3c856590957fd1d96dc588bf3ac05719d247e126840331f?s=96&d=mm&r=g\",\"contentUrl\":\"https:\\\/\\\/secure.gravatar.com\\\/avatar\\\/7c5bd30ae4b47a9ba3c856590957fd1d96dc588bf3ac05719d247e126840331f?s=96&d=mm&r=g\",\"caption\":\"libna\"}}]}<\/script>\n<!-- \/ Yoast SEO plugin. -->","yoast_head_json":{"title":"La t\u00e9l\u00e9vision adventiste touche des millions de personnes en Colombie - \u00c9glise Adventiste Du Septieme Jour - Inter Am\u00e9rique Division","robots":{"index":"index","follow":"follow","max-snippet":"max-snippet:-1","max-image-preview":"max-image-preview:large","max-video-preview":"max-video-preview:-1"},"canonical":"https:\/\/interamerica.org\/fr\/2025\/09\/la-television-adventiste-touche-des-millions-de-personnes-en-colombie\/","og_locale":"fr_FR","og_type":"article","og_title":"La t\u00e9l\u00e9vision adventiste touche des millions de personnes en Colombie - \u00c9glise Adventiste Du Septieme Jour - Inter Am\u00e9rique Division","og_description":"Hope Channel Inter-Am\u00e9rique invite les gens \u00e0 choisir J\u00e9sus face \u00e0 des d\u00e9fis sociaux majeurs. 10 Septembre 2025 | Bogota, Colombie | Laura Acosta et Actualit\u00e9s de la Division Inter-Am\u00e9ricaine...","og_url":"https:\/\/interamerica.org\/fr\/2025\/09\/la-television-adventiste-touche-des-millions-de-personnes-en-colombie\/","og_site_name":"\u00c9glise Adventiste Du Septieme Jour - Inter Am\u00e9rique Division","article_published_time":"2025-09-09T15:21:08+00:00","article_modified_time":"2025-09-10T12:38:19+00:00","og_image":[{"width":1000,"height":563,"url":"https:\/\/interamerica.org\/wp-content\/uploads\/2025\/09\/socu-escrito-esta-robertcosta.png","type":"image\/png"}],"author":"libna","twitter_card":"summary_large_image","twitter_misc":{"\u00c9crit par":"libna","Dur\u00e9e de lecture estim\u00e9e":"7 minutes"},"schema":{"@context":"https:\/\/schema.org","@graph":[{"@type":"Article","@id":"https:\/\/interamerica.org\/fr\/2025\/09\/la-television-adventiste-touche-des-millions-de-personnes-en-colombie\/#article","isPartOf":{"@id":"https:\/\/interamerica.org\/fr\/2025\/09\/la-television-adventiste-touche-des-millions-de-personnes-en-colombie\/"},"author":{"name":"libna","@id":"https:\/\/interamerica.org\/fr\/#\/schema\/person\/29998f2bc2d8bd0d38662909289b54f1"},"headline":"La t\u00e9l\u00e9vision adventiste touche des millions de personnes en Colombie","datePublished":"2025-09-09T15:21:08+00:00","dateModified":"2025-09-10T12:38:19+00:00","mainEntityOfPage":{"@id":"https:\/\/interamerica.org\/fr\/2025\/09\/la-television-adventiste-touche-des-millions-de-personnes-en-colombie\/"},"wordCount":1429,"image":{"@id":"https:\/\/interamerica.org\/fr\/2025\/09\/la-television-adventiste-touche-des-millions-de-personnes-en-colombie\/#primaryimage"},"thumbnailUrl":"https:\/\/interamerica.org\/wp-content\/uploads\/2025\/09\/socu-escrito-esta-robertcosta.png","articleSection":["Nouvelles du territoire","RSS Fran\u00e7ais"],"inLanguage":"fr-FR"},{"@type":"WebPage","@id":"https:\/\/interamerica.org\/fr\/2025\/09\/la-television-adventiste-touche-des-millions-de-personnes-en-colombie\/","url":"https:\/\/interamerica.org\/fr\/2025\/09\/la-television-adventiste-touche-des-millions-de-personnes-en-colombie\/","name":"La t\u00e9l\u00e9vision adventiste touche des millions de personnes en Colombie - \u00c9glise Adventiste Du Septieme Jour - Inter Am\u00e9rique Division","isPartOf":{"@id":"https:\/\/interamerica.org\/fr\/#website"},"primaryImageOfPage":{"@id":"https:\/\/interamerica.org\/fr\/2025\/09\/la-television-adventiste-touche-des-millions-de-personnes-en-colombie\/#primaryimage"},"image":{"@id":"https:\/\/interamerica.org\/fr\/2025\/09\/la-television-adventiste-touche-des-millions-de-personnes-en-colombie\/#primaryimage"},"thumbnailUrl":"https:\/\/interamerica.org\/wp-content\/uploads\/2025\/09\/socu-escrito-esta-robertcosta.png","datePublished":"2025-09-09T15:21:08+00:00","dateModified":"2025-09-10T12:38:19+00:00","author":{"@id":"https:\/\/interamerica.org\/fr\/#\/schema\/person\/29998f2bc2d8bd0d38662909289b54f1"},"breadcrumb":{"@id":"https:\/\/interamerica.org\/fr\/2025\/09\/la-television-adventiste-touche-des-millions-de-personnes-en-colombie\/#breadcrumb"},"inLanguage":"fr-FR","potentialAction":[{"@type":"ReadAction","target":["https:\/\/interamerica.org\/fr\/2025\/09\/la-television-adventiste-touche-des-millions-de-personnes-en-colombie\/"]}]},{"@type":"ImageObject","inLanguage":"fr-FR","@id":"https:\/\/interamerica.org\/fr\/2025\/09\/la-television-adventiste-touche-des-millions-de-personnes-en-colombie\/#primaryimage","url":"https:\/\/interamerica.org\/wp-content\/uploads\/2025\/09\/socu-escrito-esta-robertcosta.png","contentUrl":"https:\/\/interamerica.org\/wp-content\/uploads\/2025\/09\/socu-escrito-esta-robertcosta.png","width":1000,"height":563,"caption":"Cover television program in City TV of Pastor Robert Costa of Escrito Esta. [Photo: South Colombian Union]"},{"@type":"BreadcrumbList","@id":"https:\/\/interamerica.org\/fr\/2025\/09\/la-television-adventiste-touche-des-millions-de-personnes-en-colombie\/#breadcrumb","itemListElement":[{"@type":"ListItem","position":1,"name":"Home","item":"https:\/\/interamerica.org\/fr\/"},{"@type":"ListItem","position":2,"name":"La t\u00e9l\u00e9vision adventiste touche des millions de personnes en Colombie"}]},{"@type":"WebSite","@id":"https:\/\/interamerica.org\/fr\/#website","url":"https:\/\/interamerica.org\/fr\/","name":"\u00c9glise Adventiste Du Septieme Jour - Inter Am\u00e9rique Division","description":"","potentialAction":[{"@type":"SearchAction","target":{"@type":"EntryPoint","urlTemplate":"https:\/\/interamerica.org\/fr\/?s={search_term_string}"},"query-input":{"@type":"PropertyValueSpecification","valueRequired":true,"valueName":"search_term_string"}}],"inLanguage":"fr-FR"},{"@type":"Person","@id":"https:\/\/interamerica.org\/fr\/#\/schema\/person\/29998f2bc2d8bd0d38662909289b54f1","name":"libna","image":{"@type":"ImageObject","inLanguage":"fr-FR","@id":"https:\/\/secure.gravatar.com\/avatar\/7c5bd30ae4b47a9ba3c856590957fd1d96dc588bf3ac05719d247e126840331f?s=96&d=mm&r=g","url":"https:\/\/secure.gravatar.com\/avatar\/7c5bd30ae4b47a9ba3c856590957fd1d96dc588bf3ac05719d247e126840331f?s=96&d=mm&r=g","contentUrl":"https:\/\/secure.gravatar.com\/avatar\/7c5bd30ae4b47a9ba3c856590957fd1d96dc588bf3ac05719d247e126840331f?s=96&d=mm&r=g","caption":"libna"}}]}},"_links":{"self":[{"href":"https:\/\/interamerica.org\/fr\/wp-json\/wp\/v2\/posts\/133089","targetHints":{"allow":["GET"]}}],"collection":[{"href":"https:\/\/interamerica.org\/fr\/wp-json\/wp\/v2\/posts"}],"about":[{"href":"https:\/\/interamerica.org\/fr\/wp-json\/wp\/v2\/types\/post"}],"author":[{"embeddable":true,"href":"https:\/\/interamerica.org\/fr\/wp-json\/wp\/v2\/users\/3"}],"replies":[{"embeddable":true,"href":"https:\/\/interamerica.org\/fr\/wp-json\/wp\/v2\/comments?post=133089"}],"version-history":[{"count":1,"href":"https:\/\/interamerica.org\/fr\/wp-json\/wp\/v2\/posts\/133089\/revisions"}],"predecessor-version":[{"id":133093,"href":"https:\/\/interamerica.org\/fr\/wp-json\/wp\/v2\/posts\/133089\/revisions\/133093"}],"wp:featuredmedia":[{"embeddable":true,"href":"https:\/\/interamerica.org\/fr\/wp-json\/wp\/v2\/media\/133025"}],"wp:attachment":[{"href":"https:\/\/interamerica.org\/fr\/wp-json\/wp\/v2\/media?parent=133089"}],"wp:term":[{"taxonomy":"category","embeddable":true,"href":"https:\/\/interamerica.org\/fr\/wp-json\/wp\/v2\/categories?post=133089"},{"taxonomy":"post_tag","embeddable":true,"href":"https:\/\/interamerica.org\/fr\/wp-json\/wp\/v2\/tags?post=133089"}],"curies":[{"name":"wp","href":"https:\/\/api.w.org\/{rel}","templated":true}]}}