{"id":133138,"date":"2025-09-11T18:09:28","date_gmt":"2025-09-11T22:09:28","guid":{"rendered":"https:\/\/interamerica.org\/?p=133138"},"modified":"2025-09-11T22:52:29","modified_gmt":"2025-09-12T02:52:29","slug":"mission","status":"publish","type":"post","link":"https:\/\/interamerica.org\/fr\/2025\/09\/mission\/","title":{"rendered":"Mission"},"content":{"rendered":"<p data-start=\"39\" data-end=\"245\"><em>Le message suivant est adress\u00e9 \u00e0 l\u2019\u00c9glise adventiste du septi\u00e8me jour en Inter-Am\u00e9rique par Abner De los Santos, pr\u00e9sident de la Division Interam\u00e9ricaine. \u2014 \u00c9quipe de r\u00e9daction des Nouvelles de la DIA<\/em><\/p>\n<p data-start=\"247\" data-end=\"404\" data-is-last-node=\"\" data-is-only-node=\"\">11 septembre 2025 | Miami, Floride, \u00c9tats-Unis | Par Abner De los Santos, pr\u00e9sident de l\u2019\u00c9glise adventiste du septi\u00e8me jour dans la Division Interam\u00e9ricaine<\/p>\n<p><span style=\"font-weight: 400;\">Bonjour, ch\u00e8re famille interam\u00e9ricaine, je vous invite \u00e0 ouvrir votre Bible avec moi.<\/span><\/p>\n<p><span style=\"font-weight: 400;\">Dans l\u2019\u00c9vangile de Marc, chapitre 6, verset 34, nous lisons : \u00ab Quand J\u00e9sus d\u00e9barqua et vit une grande foule, il en eut compassion, car ils \u00e9taient comme des brebis sans berger. Il se mit donc \u00e0 leur enseigner beaucoup de choses\u2026 \u00bb<\/span><\/p>\n<p><span style=\"font-weight: 400;\">Dans la Division Interam\u00e9ricaine, nous avons des plans et des strat\u00e9gies pour accomplir la mission que Dieu nous a confi\u00e9e. Ces strat\u00e9gies sont des projections essentielles pour continuer \u00e0 avancer ensemble. Mais savez-vous quoi ? La mission ne commence pas avec ces programmes ou documents ; la mission commence avec un c\u0153ur dispos\u00e9.<\/span><\/p>\n<p><span style=\"font-weight: 400;\">J\u00e9sus enseignait et gu\u00e9rissait parce qu\u2019Il comprenait que les gens avaient besoin d\u2019esp\u00e9rance et de restauration. En suivant Son exemple, nous sommes \u00e9galement appel\u00e9s \u00e0 servir\u2014d\u2019une part par l\u2019\u00e9ducation, et d\u2019autre part par la gu\u00e9rison.<\/span><\/p>\n<p><span style=\"font-weight: 400;\">Nous avons tous des dons et des talents. Certains pr\u00eachent, d\u2019autres chantent, r\u00e9citent, visitent les malades ou soutiennent leurs voisins. Chaque acte de bont\u00e9 fait partie int\u00e9grante de la mission.<\/span><\/p>\n<p><span style=\"font-weight: 400;\">\u00ab \u00c0 chacun, un travail a \u00e9t\u00e9 attribu\u00e9\u2026 (Review and Herald, 12 d\u00e9cembre 1893) \u00bb<\/span><\/p>\n<p><span style=\"font-weight: 400;\">Aujourd\u2019hui, en tant que membres de cette merveilleuse famille interam\u00e9ricaine, je lance une invitation claire : que chaque personne\u2014enfant, jeune ou adulte\u2014s\u2019implique dans le service. Que chaque famille participe \u00e0 la mission, que chaque \u00e9glise devienne un phare de lumi\u00e8re, et que chaque institution d\u00e9veloppe des plans pour \u00eatre pertinente dans la communaut\u00e9. Disons au monde : \u00ab Christ vit, et Il vous aime. \u00bb<\/span><\/p>\n<p><span style=\"font-weight: 400;\">Continuons \u00e0 avancer ensemble, en vivant la mission, unis sous la guidance du Saint-Esprit, afin que le monde sache qu\u2019Il nous a envoy\u00e9s.<\/span><\/p>\n<p><iframe title=\"MISSION | Pasteur Abner De los Santos | Division Interam\u00e9ricaine\" width=\"500\" height=\"281\" src=\"https:\/\/www.youtube.com\/embed\/emyANAXJhjM?feature=oembed\" frameborder=\"0\" allow=\"accelerometer; autoplay; clipboard-write; encrypted-media; gyroscope; picture-in-picture; web-share\" referrerpolicy=\"strict-origin-when-cross-origin\" allowfullscreen><\/iframe><\/p>\n<p>&nbsp;<\/p>\n<p data-start=\"247\" data-end=\"404\" data-is-last-node=\"\" data-is-only-node=\"\">\n","protected":false},"excerpt":{"rendered":"<p>Le message suivant est adress\u00e9 \u00e0 l\u2019\u00c9glise adventiste du septi\u00e8me jour en Inter-Am\u00e9rique par Abner De los Santos, pr\u00e9sident de la Division Interam\u00e9ricaine. \u2014 \u00c9quipe de r\u00e9daction des Nouvelles de&#8230;<\/p>\n","protected":false},"author":3,"featured_media":133123,"comment_status":"closed","ping_status":"closed","sticky":false,"template":"","format":"standard","meta":{"_acf_changed":false,"footnotes":""},"categories":[20,19],"tags":[],"class_list":["post-133138","post","type-post","status-publish","format-standard","has-post-thumbnail","hentry","category-nouvelles-du-siege-de-la-division","category-rss-francais"],"acf":[],"yoast_head":"<!-- This site is optimized with the Yoast SEO plugin v27.3 - https:\/\/yoast.com\/product\/yoast-seo-wordpress\/ -->\n<title>Mission - \u00c9glise Adventiste Du Septieme Jour - Inter Am\u00e9rique Division<\/title>\n<meta name=\"robots\" content=\"index, follow, max-snippet:-1, max-image-preview:large, max-video-preview:-1\" \/>\n<link rel=\"canonical\" href=\"https:\/\/interamerica.org\/fr\/2025\/09\/mission\/\" \/>\n<meta property=\"og:locale\" content=\"fr_FR\" \/>\n<meta property=\"og:type\" content=\"article\" \/>\n<meta property=\"og:title\" content=\"Mission - \u00c9glise Adventiste Du Septieme Jour - Inter Am\u00e9rique Division\" \/>\n<meta property=\"og:description\" content=\"Le message suivant est adress\u00e9 \u00e0 l\u2019\u00c9glise adventiste du septi\u00e8me jour en Inter-Am\u00e9rique par Abner De los Santos, pr\u00e9sident de la Division Interam\u00e9ricaine. \u2014 \u00c9quipe de r\u00e9daction des Nouvelles de...\" \/>\n<meta property=\"og:url\" content=\"https:\/\/interamerica.org\/fr\/2025\/09\/mission\/\" \/>\n<meta property=\"og:site_name\" content=\"\u00c9glise Adventiste Du Septieme Jour - Inter Am\u00e9rique Division\" \/>\n<meta property=\"article:published_time\" content=\"2025-09-11T22:09:28+00:00\" \/>\n<meta property=\"article:modified_time\" content=\"2025-09-12T02:52:29+00:00\" \/>\n<meta property=\"og:image\" content=\"https:\/\/interamerica.org\/wp-content\/uploads\/2025\/09\/thumb-adls-sep25-fr-1024x574.png\" \/>\n\t<meta property=\"og:image:width\" content=\"1024\" \/>\n\t<meta property=\"og:image:height\" content=\"574\" \/>\n\t<meta property=\"og:image:type\" content=\"image\/png\" \/>\n<meta name=\"author\" content=\"libna\" \/>\n<meta name=\"twitter:card\" content=\"summary_large_image\" \/>\n<meta name=\"twitter:label1\" content=\"\u00c9crit par\" \/>\n\t<meta name=\"twitter:data1\" content=\"libna\" \/>\n\t<meta name=\"twitter:label2\" content=\"Dur\u00e9e de lecture estim\u00e9e\" \/>\n\t<meta name=\"twitter:data2\" content=\"2 minutes\" \/>\n<script type=\"application\/ld+json\" class=\"yoast-schema-graph\">{\"@context\":\"https:\\\/\\\/schema.org\",\"@graph\":[{\"@type\":\"Article\",\"@id\":\"https:\\\/\\\/interamerica.org\\\/fr\\\/2025\\\/09\\\/mission\\\/#article\",\"isPartOf\":{\"@id\":\"https:\\\/\\\/interamerica.org\\\/fr\\\/2025\\\/09\\\/mission\\\/\"},\"author\":{\"name\":\"libna\",\"@id\":\"https:\\\/\\\/interamerica.org\\\/fr\\\/#\\\/schema\\\/person\\\/29998f2bc2d8bd0d38662909289b54f1\"},\"headline\":\"Mission\",\"datePublished\":\"2025-09-11T22:09:28+00:00\",\"dateModified\":\"2025-09-12T02:52:29+00:00\",\"mainEntityOfPage\":{\"@id\":\"https:\\\/\\\/interamerica.org\\\/fr\\\/2025\\\/09\\\/mission\\\/\"},\"wordCount\":359,\"image\":{\"@id\":\"https:\\\/\\\/interamerica.org\\\/fr\\\/2025\\\/09\\\/mission\\\/#primaryimage\"},\"thumbnailUrl\":\"https:\\\/\\\/interamerica.org\\\/wp-content\\\/uploads\\\/2025\\\/09\\\/thumb-adls-sep25-fr.png\",\"articleSection\":[\"Nouvelles du si\u00e8ge de la division\",\"RSS Fran\u00e7ais\"],\"inLanguage\":\"fr-FR\"},{\"@type\":\"WebPage\",\"@id\":\"https:\\\/\\\/interamerica.org\\\/fr\\\/2025\\\/09\\\/mission\\\/\",\"url\":\"https:\\\/\\\/interamerica.org\\\/fr\\\/2025\\\/09\\\/mission\\\/\",\"name\":\"Mission - \u00c9glise Adventiste Du Septieme Jour - Inter Am\u00e9rique Division\",\"isPartOf\":{\"@id\":\"https:\\\/\\\/interamerica.org\\\/fr\\\/#website\"},\"primaryImageOfPage\":{\"@id\":\"https:\\\/\\\/interamerica.org\\\/fr\\\/2025\\\/09\\\/mission\\\/#primaryimage\"},\"image\":{\"@id\":\"https:\\\/\\\/interamerica.org\\\/fr\\\/2025\\\/09\\\/mission\\\/#primaryimage\"},\"thumbnailUrl\":\"https:\\\/\\\/interamerica.org\\\/wp-content\\\/uploads\\\/2025\\\/09\\\/thumb-adls-sep25-fr.png\",\"datePublished\":\"2025-09-11T22:09:28+00:00\",\"dateModified\":\"2025-09-12T02:52:29+00:00\",\"author\":{\"@id\":\"https:\\\/\\\/interamerica.org\\\/fr\\\/#\\\/schema\\\/person\\\/29998f2bc2d8bd0d38662909289b54f1\"},\"breadcrumb\":{\"@id\":\"https:\\\/\\\/interamerica.org\\\/fr\\\/2025\\\/09\\\/mission\\\/#breadcrumb\"},\"inLanguage\":\"fr-FR\",\"potentialAction\":[{\"@type\":\"ReadAction\",\"target\":[\"https:\\\/\\\/interamerica.org\\\/fr\\\/2025\\\/09\\\/mission\\\/\"]}]},{\"@type\":\"ImageObject\",\"inLanguage\":\"fr-FR\",\"@id\":\"https:\\\/\\\/interamerica.org\\\/fr\\\/2025\\\/09\\\/mission\\\/#primaryimage\",\"url\":\"https:\\\/\\\/interamerica.org\\\/wp-content\\\/uploads\\\/2025\\\/09\\\/thumb-adls-sep25-fr.png\",\"contentUrl\":\"https:\\\/\\\/interamerica.org\\\/wp-content\\\/uploads\\\/2025\\\/09\\\/thumb-adls-sep25-fr.png\",\"width\":2555,\"height\":1433},{\"@type\":\"BreadcrumbList\",\"@id\":\"https:\\\/\\\/interamerica.org\\\/fr\\\/2025\\\/09\\\/mission\\\/#breadcrumb\",\"itemListElement\":[{\"@type\":\"ListItem\",\"position\":1,\"name\":\"Home\",\"item\":\"https:\\\/\\\/interamerica.org\\\/fr\\\/\"},{\"@type\":\"ListItem\",\"position\":2,\"name\":\"Mission\"}]},{\"@type\":\"WebSite\",\"@id\":\"https:\\\/\\\/interamerica.org\\\/fr\\\/#website\",\"url\":\"https:\\\/\\\/interamerica.org\\\/fr\\\/\",\"name\":\"\u00c9glise Adventiste Du Septieme Jour - Inter Am\u00e9rique Division\",\"description\":\"\",\"potentialAction\":[{\"@type\":\"SearchAction\",\"target\":{\"@type\":\"EntryPoint\",\"urlTemplate\":\"https:\\\/\\\/interamerica.org\\\/fr\\\/?s={search_term_string}\"},\"query-input\":{\"@type\":\"PropertyValueSpecification\",\"valueRequired\":true,\"valueName\":\"search_term_string\"}}],\"inLanguage\":\"fr-FR\"},{\"@type\":\"Person\",\"@id\":\"https:\\\/\\\/interamerica.org\\\/fr\\\/#\\\/schema\\\/person\\\/29998f2bc2d8bd0d38662909289b54f1\",\"name\":\"libna\",\"image\":{\"@type\":\"ImageObject\",\"inLanguage\":\"fr-FR\",\"@id\":\"https:\\\/\\\/secure.gravatar.com\\\/avatar\\\/7c5bd30ae4b47a9ba3c856590957fd1d96dc588bf3ac05719d247e126840331f?s=96&d=mm&r=g\",\"url\":\"https:\\\/\\\/secure.gravatar.com\\\/avatar\\\/7c5bd30ae4b47a9ba3c856590957fd1d96dc588bf3ac05719d247e126840331f?s=96&d=mm&r=g\",\"contentUrl\":\"https:\\\/\\\/secure.gravatar.com\\\/avatar\\\/7c5bd30ae4b47a9ba3c856590957fd1d96dc588bf3ac05719d247e126840331f?s=96&d=mm&r=g\",\"caption\":\"libna\"}}]}<\/script>\n<!-- \/ Yoast SEO plugin. -->","yoast_head_json":{"title":"Mission - \u00c9glise Adventiste Du Septieme Jour - Inter Am\u00e9rique Division","robots":{"index":"index","follow":"follow","max-snippet":"max-snippet:-1","max-image-preview":"max-image-preview:large","max-video-preview":"max-video-preview:-1"},"canonical":"https:\/\/interamerica.org\/fr\/2025\/09\/mission\/","og_locale":"fr_FR","og_type":"article","og_title":"Mission - \u00c9glise Adventiste Du Septieme Jour - Inter Am\u00e9rique Division","og_description":"Le message suivant est adress\u00e9 \u00e0 l\u2019\u00c9glise adventiste du septi\u00e8me jour en Inter-Am\u00e9rique par Abner De los Santos, pr\u00e9sident de la Division Interam\u00e9ricaine. \u2014 \u00c9quipe de r\u00e9daction des Nouvelles de...","og_url":"https:\/\/interamerica.org\/fr\/2025\/09\/mission\/","og_site_name":"\u00c9glise Adventiste Du Septieme Jour - Inter Am\u00e9rique Division","article_published_time":"2025-09-11T22:09:28+00:00","article_modified_time":"2025-09-12T02:52:29+00:00","og_image":[{"width":1024,"height":574,"url":"https:\/\/interamerica.org\/wp-content\/uploads\/2025\/09\/thumb-adls-sep25-fr-1024x574.png","type":"image\/png"}],"author":"libna","twitter_card":"summary_large_image","twitter_misc":{"\u00c9crit par":"libna","Dur\u00e9e de lecture estim\u00e9e":"2 minutes"},"schema":{"@context":"https:\/\/schema.org","@graph":[{"@type":"Article","@id":"https:\/\/interamerica.org\/fr\/2025\/09\/mission\/#article","isPartOf":{"@id":"https:\/\/interamerica.org\/fr\/2025\/09\/mission\/"},"author":{"name":"libna","@id":"https:\/\/interamerica.org\/fr\/#\/schema\/person\/29998f2bc2d8bd0d38662909289b54f1"},"headline":"Mission","datePublished":"2025-09-11T22:09:28+00:00","dateModified":"2025-09-12T02:52:29+00:00","mainEntityOfPage":{"@id":"https:\/\/interamerica.org\/fr\/2025\/09\/mission\/"},"wordCount":359,"image":{"@id":"https:\/\/interamerica.org\/fr\/2025\/09\/mission\/#primaryimage"},"thumbnailUrl":"https:\/\/interamerica.org\/wp-content\/uploads\/2025\/09\/thumb-adls-sep25-fr.png","articleSection":["Nouvelles du si\u00e8ge de la division","RSS Fran\u00e7ais"],"inLanguage":"fr-FR"},{"@type":"WebPage","@id":"https:\/\/interamerica.org\/fr\/2025\/09\/mission\/","url":"https:\/\/interamerica.org\/fr\/2025\/09\/mission\/","name":"Mission - \u00c9glise Adventiste Du Septieme Jour - Inter Am\u00e9rique Division","isPartOf":{"@id":"https:\/\/interamerica.org\/fr\/#website"},"primaryImageOfPage":{"@id":"https:\/\/interamerica.org\/fr\/2025\/09\/mission\/#primaryimage"},"image":{"@id":"https:\/\/interamerica.org\/fr\/2025\/09\/mission\/#primaryimage"},"thumbnailUrl":"https:\/\/interamerica.org\/wp-content\/uploads\/2025\/09\/thumb-adls-sep25-fr.png","datePublished":"2025-09-11T22:09:28+00:00","dateModified":"2025-09-12T02:52:29+00:00","author":{"@id":"https:\/\/interamerica.org\/fr\/#\/schema\/person\/29998f2bc2d8bd0d38662909289b54f1"},"breadcrumb":{"@id":"https:\/\/interamerica.org\/fr\/2025\/09\/mission\/#breadcrumb"},"inLanguage":"fr-FR","potentialAction":[{"@type":"ReadAction","target":["https:\/\/interamerica.org\/fr\/2025\/09\/mission\/"]}]},{"@type":"ImageObject","inLanguage":"fr-FR","@id":"https:\/\/interamerica.org\/fr\/2025\/09\/mission\/#primaryimage","url":"https:\/\/interamerica.org\/wp-content\/uploads\/2025\/09\/thumb-adls-sep25-fr.png","contentUrl":"https:\/\/interamerica.org\/wp-content\/uploads\/2025\/09\/thumb-adls-sep25-fr.png","width":2555,"height":1433},{"@type":"BreadcrumbList","@id":"https:\/\/interamerica.org\/fr\/2025\/09\/mission\/#breadcrumb","itemListElement":[{"@type":"ListItem","position":1,"name":"Home","item":"https:\/\/interamerica.org\/fr\/"},{"@type":"ListItem","position":2,"name":"Mission"}]},{"@type":"WebSite","@id":"https:\/\/interamerica.org\/fr\/#website","url":"https:\/\/interamerica.org\/fr\/","name":"\u00c9glise Adventiste Du Septieme Jour - Inter Am\u00e9rique Division","description":"","potentialAction":[{"@type":"SearchAction","target":{"@type":"EntryPoint","urlTemplate":"https:\/\/interamerica.org\/fr\/?s={search_term_string}"},"query-input":{"@type":"PropertyValueSpecification","valueRequired":true,"valueName":"search_term_string"}}],"inLanguage":"fr-FR"},{"@type":"Person","@id":"https:\/\/interamerica.org\/fr\/#\/schema\/person\/29998f2bc2d8bd0d38662909289b54f1","name":"libna","image":{"@type":"ImageObject","inLanguage":"fr-FR","@id":"https:\/\/secure.gravatar.com\/avatar\/7c5bd30ae4b47a9ba3c856590957fd1d96dc588bf3ac05719d247e126840331f?s=96&d=mm&r=g","url":"https:\/\/secure.gravatar.com\/avatar\/7c5bd30ae4b47a9ba3c856590957fd1d96dc588bf3ac05719d247e126840331f?s=96&d=mm&r=g","contentUrl":"https:\/\/secure.gravatar.com\/avatar\/7c5bd30ae4b47a9ba3c856590957fd1d96dc588bf3ac05719d247e126840331f?s=96&d=mm&r=g","caption":"libna"}}]}},"_links":{"self":[{"href":"https:\/\/interamerica.org\/fr\/wp-json\/wp\/v2\/posts\/133138","targetHints":{"allow":["GET"]}}],"collection":[{"href":"https:\/\/interamerica.org\/fr\/wp-json\/wp\/v2\/posts"}],"about":[{"href":"https:\/\/interamerica.org\/fr\/wp-json\/wp\/v2\/types\/post"}],"author":[{"embeddable":true,"href":"https:\/\/interamerica.org\/fr\/wp-json\/wp\/v2\/users\/3"}],"replies":[{"embeddable":true,"href":"https:\/\/interamerica.org\/fr\/wp-json\/wp\/v2\/comments?post=133138"}],"version-history":[{"count":2,"href":"https:\/\/interamerica.org\/fr\/wp-json\/wp\/v2\/posts\/133138\/revisions"}],"predecessor-version":[{"id":133194,"href":"https:\/\/interamerica.org\/fr\/wp-json\/wp\/v2\/posts\/133138\/revisions\/133194"}],"wp:featuredmedia":[{"embeddable":true,"href":"https:\/\/interamerica.org\/fr\/wp-json\/wp\/v2\/media\/133123"}],"wp:attachment":[{"href":"https:\/\/interamerica.org\/fr\/wp-json\/wp\/v2\/media?parent=133138"}],"wp:term":[{"taxonomy":"category","embeddable":true,"href":"https:\/\/interamerica.org\/fr\/wp-json\/wp\/v2\/categories?post=133138"},{"taxonomy":"post_tag","embeddable":true,"href":"https:\/\/interamerica.org\/fr\/wp-json\/wp\/v2\/tags?post=133138"}],"curies":[{"name":"wp","href":"https:\/\/api.w.org\/{rel}","templated":true}]}}