{"id":13316,"date":"2010-03-23T00:00:00","date_gmt":"2010-03-23T04:00:00","guid":{"rendered":"http:\/\/192.81.217.108\/interamerica\/2010\/03\/la-planificatrice-de-la-session-de-laconference-generale-avance-grace-a-ladrenaline-et-a-la-priere\/"},"modified":"2017-06-02T13:04:28","modified_gmt":"2017-06-02T17:04:28","slug":"la-planificatrice-de-la-session-de-laconference-generale-avance-grace-a-ladrenaline-et-a-la-priere","status":"publish","type":"post","link":"https:\/\/interamerica.org\/fr\/2010\/03\/la-planificatrice-de-la-session-de-laconference-generale-avance-grace-a-ladrenaline-et-a-la-priere\/","title":{"rendered":"La planificatrice de la session de laConf\u00e9rence G\u00e9n\u00e9rale avance gr\u00e2ce \u00e0 l&#39;adr\u00e9naline et \u00e0 la pri\u00e8re"},"content":{"rendered":"<p>23 Mars 2010, Silver Spring, Maryland, EtatsUnis&#8230;Megan Brauner\/ANN<\/p>\n<p>Dans trois mois, Sheri Clemmer, adjointe \u00e0 laplanification des rencontres de la Session de la Conf\u00e9rence G\u00e9n\u00e9rale pourl&#39;\u00e9glise Adventiste mondiale, travaillera 19 heures d&#39;affil\u00e9e, r\u00e9pondant \u00e0 desappels sur deux t\u00e9l\u00e9phones portables et une radio et couvrant potentiellement plusieurskilom\u00e8tres dans le p\u00e9rim\u00e8tre du centre de convention chaque jour. <\/p>\n<p>D&#39;apr\u00e8s Clemmer, c&#39;est l&#39;adr\u00e9naline ainsi quebeaucoup de pri\u00e8res qui lui permettent de tenir au cours des 11 jours que durela Session de la Conf\u00e9rence G\u00e9n\u00e9rale, la rencontre administrative de l&#39;\u00e9gliseAdventiste mondiale. Organis\u00e9e tous les cinq ans, la rencontre est une vasteentreprise, avec plus de 70000 participants certains weekends. <\/p>\n<p>La Session de 2010, qui doit se tenir du 23juin au 3 juillet \u00e0 Atlanta en G\u00e9orgie, sera pour Clemmer, la seconde qu&#39;ellevivra en tant que planificatrice adjointe. Son int\u00e9r\u00eat pour le programmeremonte \u00e0 10 ans plus t\u00f4t, lorsqu&#39;elle a assist\u00e9 pour la premi\u00e8re fois en tantque responsable d&#39;un stand lors des rencontres \u00e0 Toronto.<\/p>\n<p>\u00ab\u00a0Un soir, je suis sortie du b\u00e2timent etje me suis retrouv\u00e9e noy\u00e9e dans la foule,\u00a0\u00bb raconte t-elle. \u00ab\u00a0Tout ceque je pouvais voir c&#39;\u00e9tait des gens. Certaines personnes deviennentclaustrophobes dans ce genre de situations, mais pour moi c&#39;\u00e9taitextraordinaire. Tous ces gens \u00e9taient mes fr\u00e8res et s\u0153urs.\u00a0\u00bb<\/p>\n<p>Lorsqu&#39;on lui a offert le travail d&#39;adjointe \u00e0la planification des rencontres en 2003, Sheri Clemmer a accept\u00e9 avec enthousiasme.<\/p>\n<p>\u00ab\u00a0Je me suis dit, ce seraitextraordinaire, comme \u00e7a je pourrais aller y aller \u00e0 chaque occasion!\u00a0\u00bb<\/p>\n<p>L&#39;enthousiasme de Sheri Clemmer au sujet de safonction est visible, en d\u00e9pit de l&#39;\u00e9normit\u00e9 de la t\u00e2che. Le comit\u00e9 deplanification de la Session a 23 sous comit\u00e9s, plusieurs d&#39;entre eux ayantleurs sous comit\u00e9s. Lors de la Session, il faut d&#39;un personnel technique comptantplus de 300 individus pour accomplir des t\u00e2ches telles que le reportage desnouvelles, la prise de notes lors des rencontres et aussi pourvoir aux besoins enpersonnel du Hall d&#39;exposition, a indiqu\u00e9 Clemmer. <\/p>\n<p>Le programme lui m\u00eame co\u00fbte 6 millions dedollars, mais le tr\u00e9sorier de l&#39;\u00e9glise mondiale, Bob Lemon, estime que le co\u00fbtest en fait doubl\u00e9 quand on prend en compte les frais de voyage, d&#39;h\u00f4tel ainsique les d\u00e9penses pour les d\u00e9l\u00e9gu\u00e9s. Plus de 2000 d\u00e9l\u00e9gu\u00e9s venant des 13divisions mondiales de l&#39;\u00e9glise sont choisis pour prendre part aux votes surles questions de r\u00e8glement consid\u00e9r\u00e9es lors de la Session; ils doivent tous\u00eatre log\u00e9s et nourris pendant pr\u00e8s de deux semaines.<\/p>\n<p>Trouver un lieu ad\u00e9quat est le premier grosd\u00e9fi, indique Sheri Clemmer. Une ville doit avoir un stade couvert avec uncentre de convention adjacent ou suffisamment proche ainsi que des h\u00f4telspouvant offrir un total de 6000 chambres dans un p\u00e9rim\u00e8tre tout proche.<\/p>\n<p>M\u00eame lorsqu&#39;une ville remplit ces conditions,les \u00e9quipes sportives peuvent elles m\u00eames constituer un obstacle. Si le stadeest un terrain de baseball, les \u00e9quipes signalent qu&#39;elle ne peuvent avoir desmatches \u00e0 l&#39;ext\u00e9rieur pendant 19 soirs d&#39;affil\u00e9e, a encore pr\u00e9cis\u00e9 Clemmer. Enplus des 11 jours de rencontre, il faut de huit jours pour mettre tout en placeet aussi d\u00e9monter.<\/p>\n<p>\u00ab\u00a0Nous sommes pratiquement limit\u00e9s auxstades de football maintenant,\u00a0\u00bb a t-elle ajout\u00e9.<\/p>\n<p>Une fois que l&#39;on fait une s\u00e9lection devilles, le responsable de planification envoie une \u00ab\u00a0demande de dossier deproposition\u00a0\u00bb aux endroits potentiels. D&#39;apr\u00e8s Clemmer, l&#39;objectif estd&#39;avoir trois villes qui font des offres, mais ce n&#39;est pas toujours le cas;seules deux villes ont fait des offres pour la session de 2015.<\/p>\n<p>Chaque ville fait des concessions pour attirerl&#39;\u00e9glise Adventiste et profiter ainsi des affaires g\u00e9n\u00e9r\u00e9es par sa pr\u00e9sence. A SanAntonio, le lieu o\u00f9 se tiendra la Session de 2015, le d\u00f4me et le centre deconvention sont \u00e0 huit minutes l&#39;un de l&#39;autre. Clemmer rapporte qu&#39;elle ademand\u00e9 que le trottoir qui relie les deux endroits soit couvert et que despoints d&#39;eau soient plac\u00e9s \u00e0 plusieurs endroits entre les b\u00e2timents. La ville aobtemp\u00e9r\u00e9.<\/p>\n<p>Une fois que le lieu est choisi au cours del&#39;une des deux rencontres administratives annuelles, le responsable de laplanification de la Session commence \u00e0 signer des contrats avec les lieuxchoisis et les h\u00f4tels environnants. Une fois les formalit\u00e9s termin\u00e9es, leplanificateur embauche un d\u00e9corateur, fait les arrangements pour l&#39;exp\u00e9dition dumat\u00e9riel vers le lieu choisi, et attribue aussi des salles de conf\u00e9rences etdes bureaux ainsi que des espaces d&#39;exposition.<\/p>\n<p>\u00ab\u00a0Vous commencez par obtenir les plans dub\u00e2timent et ensuite il vous faut commencer \u00e0 d\u00e9terminer qui va o\u00f9,\u00a0\u00bbindique Clemmer. \u00ab\u00a0&#39;Cela prend beaucoup de temps; c&#39;est une sorte de puzzleg\u00e9ant qu&#39;il faut reconstituer. Il vous faut vous assurer que les gens quidoivent \u00eatre l&#39;un \u00e0 c\u00f4t\u00e9 de l&#39;autre le soient effectivement, et il vous faut lefaire dans les limites du b\u00e2timent.\u00a0\u00bb<\/p>\n<p>Tout les morceaux finissent par entrer enplace &#8211; juste \u00e0 temps pour recommencer le processus une fois de plus. SheriClemmer rappelle que les responsables de la planification pour les Sessionsaiment soumettre un site au vote neuf ans \u00e0 l&#39;avance.<\/p>\n<p>\u00ab\u00a0Cela signifie que je commence \u00e0travailler sur la recherche d&#39;options possibles dix ans \u00e0 l&#39;avance,\u00a0\u00bbdit-elle encore. \u00ab\u00a0les deux derniers trimestres de cette ann\u00e9e, je vais mepencher sur les options pour 2020.\u00a0\u00bb<\/p>\n<p>Clemmer met cependant le cycle interminable depr\u00e9paration en perspective quand elle dit que la Session de la Conf\u00e9rence G\u00e9n\u00e9raleest plus importante qu&#39;aucun individu ou comit\u00e9.<\/p>\n<p>\u00ab\u00a0C&#39;est le meeting de Dieu,\u00a0\u00bb ajoutet-elle.<\/p>\n","protected":false},"excerpt":{"rendered":"<p>Dans trois mois, Sheri Clemmer, adjointe \u00e0 laplanification des rencontres de la Session de la Conf\u00e9rence G\u00e9n\u00e9rale pourl&#39;\u00e9glise Adventiste mondiale, travaillera 19 heures d&#39;affil\u00e9e, r\u00e9ponda<\/p>\n","protected":false},"author":1,"featured_media":0,"comment_status":"closed","ping_status":"closed","sticky":false,"template":"","format":"standard","meta":{"_acf_changed":false,"footnotes":""},"categories":[9],"tags":[],"class_list":["post-13316","post","type-post","status-publish","format-standard","hentry","category-archive-fr"],"acf":[],"yoast_head":"<!-- This site is optimized with the Yoast SEO plugin v27.3 - https:\/\/yoast.com\/product\/yoast-seo-wordpress\/ -->\n<title>La planificatrice de la session de laConf\u00e9rence G\u00e9n\u00e9rale avance gr\u00e2ce \u00e0 l&#039;adr\u00e9naline et \u00e0 la pri\u00e8re - \u00c9glise Adventiste Du Septieme Jour - Inter Am\u00e9rique Division<\/title>\n<meta name=\"robots\" content=\"index, follow, max-snippet:-1, max-image-preview:large, max-video-preview:-1\" \/>\n<link rel=\"canonical\" href=\"https:\/\/interamerica.org\/fr\/2010\/03\/la-planificatrice-de-la-session-de-laconference-generale-avance-grace-a-ladrenaline-et-a-la-priere\/\" \/>\n<meta property=\"og:locale\" content=\"fr_FR\" \/>\n<meta property=\"og:type\" content=\"article\" \/>\n<meta property=\"og:title\" content=\"La planificatrice de la session de laConf\u00e9rence G\u00e9n\u00e9rale avance gr\u00e2ce \u00e0 l&#039;adr\u00e9naline et \u00e0 la pri\u00e8re - \u00c9glise Adventiste Du Septieme Jour - Inter Am\u00e9rique Division\" \/>\n<meta property=\"og:description\" content=\"Dans trois mois, Sheri Clemmer, adjointe \u00e0 laplanification des rencontres de la Session de la Conf\u00e9rence G\u00e9n\u00e9rale pourl&#039;\u00e9glise Adventiste mondiale, travaillera 19 heures d&#039;affil\u00e9e, r\u00e9ponda\" \/>\n<meta property=\"og:url\" content=\"https:\/\/interamerica.org\/fr\/2010\/03\/la-planificatrice-de-la-session-de-laconference-generale-avance-grace-a-ladrenaline-et-a-la-priere\/\" \/>\n<meta property=\"og:site_name\" content=\"\u00c9glise Adventiste Du Septieme Jour - Inter Am\u00e9rique Division\" \/>\n<meta property=\"article:published_time\" content=\"2010-03-23T04:00:00+00:00\" \/>\n<meta property=\"article:modified_time\" content=\"2017-06-02T17:04:28+00:00\" \/>\n<meta name=\"author\" content=\"Lorenzo Verduzco\" \/>\n<meta name=\"twitter:card\" content=\"summary_large_image\" \/>\n<meta name=\"twitter:label1\" content=\"\u00c9crit par\" \/>\n\t<meta name=\"twitter:data1\" content=\"Lorenzo Verduzco\" \/>\n\t<meta name=\"twitter:label2\" content=\"Dur\u00e9e de lecture estim\u00e9e\" \/>\n\t<meta name=\"twitter:data2\" content=\"5 minutes\" \/>\n<script type=\"application\/ld+json\" class=\"yoast-schema-graph\">{\"@context\":\"https:\\\/\\\/schema.org\",\"@graph\":[{\"@type\":\"Article\",\"@id\":\"https:\\\/\\\/interamerica.org\\\/fr\\\/2010\\\/03\\\/la-planificatrice-de-la-session-de-laconference-generale-avance-grace-a-ladrenaline-et-a-la-priere\\\/#article\",\"isPartOf\":{\"@id\":\"https:\\\/\\\/interamerica.org\\\/fr\\\/2010\\\/03\\\/la-planificatrice-de-la-session-de-laconference-generale-avance-grace-a-ladrenaline-et-a-la-priere\\\/\"},\"author\":{\"name\":\"Lorenzo Verduzco\",\"@id\":\"https:\\\/\\\/interamerica.org\\\/fr\\\/#\\\/schema\\\/person\\\/68ede8bdc292885bb76c1e3810e73c39\"},\"headline\":\"La planificatrice de la session de laConf\u00e9rence G\u00e9n\u00e9rale avance gr\u00e2ce \u00e0 l&#39;adr\u00e9naline et \u00e0 la pri\u00e8re\",\"datePublished\":\"2010-03-23T04:00:00+00:00\",\"dateModified\":\"2017-06-02T17:04:28+00:00\",\"mainEntityOfPage\":{\"@id\":\"https:\\\/\\\/interamerica.org\\\/fr\\\/2010\\\/03\\\/la-planificatrice-de-la-session-de-laconference-generale-avance-grace-a-ladrenaline-et-a-la-priere\\\/\"},\"wordCount\":973,\"articleSection\":[\"Archive\"],\"inLanguage\":\"fr-FR\"},{\"@type\":\"WebPage\",\"@id\":\"https:\\\/\\\/interamerica.org\\\/fr\\\/2010\\\/03\\\/la-planificatrice-de-la-session-de-laconference-generale-avance-grace-a-ladrenaline-et-a-la-priere\\\/\",\"url\":\"https:\\\/\\\/interamerica.org\\\/fr\\\/2010\\\/03\\\/la-planificatrice-de-la-session-de-laconference-generale-avance-grace-a-ladrenaline-et-a-la-priere\\\/\",\"name\":\"La planificatrice de la session de laConf\u00e9rence G\u00e9n\u00e9rale avance gr\u00e2ce \u00e0 l&#39;adr\u00e9naline et \u00e0 la pri\u00e8re - \u00c9glise Adventiste Du Septieme Jour - Inter Am\u00e9rique Division\",\"isPartOf\":{\"@id\":\"https:\\\/\\\/interamerica.org\\\/fr\\\/#website\"},\"datePublished\":\"2010-03-23T04:00:00+00:00\",\"dateModified\":\"2017-06-02T17:04:28+00:00\",\"author\":{\"@id\":\"https:\\\/\\\/interamerica.org\\\/fr\\\/#\\\/schema\\\/person\\\/68ede8bdc292885bb76c1e3810e73c39\"},\"breadcrumb\":{\"@id\":\"https:\\\/\\\/interamerica.org\\\/fr\\\/2010\\\/03\\\/la-planificatrice-de-la-session-de-laconference-generale-avance-grace-a-ladrenaline-et-a-la-priere\\\/#breadcrumb\"},\"inLanguage\":\"fr-FR\",\"potentialAction\":[{\"@type\":\"ReadAction\",\"target\":[\"https:\\\/\\\/interamerica.org\\\/fr\\\/2010\\\/03\\\/la-planificatrice-de-la-session-de-laconference-generale-avance-grace-a-ladrenaline-et-a-la-priere\\\/\"]}]},{\"@type\":\"BreadcrumbList\",\"@id\":\"https:\\\/\\\/interamerica.org\\\/fr\\\/2010\\\/03\\\/la-planificatrice-de-la-session-de-laconference-generale-avance-grace-a-ladrenaline-et-a-la-priere\\\/#breadcrumb\",\"itemListElement\":[{\"@type\":\"ListItem\",\"position\":1,\"name\":\"Home\",\"item\":\"https:\\\/\\\/interamerica.org\\\/fr\\\/\"},{\"@type\":\"ListItem\",\"position\":2,\"name\":\"La planificatrice de la session de laConf\u00e9rence G\u00e9n\u00e9rale avance gr\u00e2ce \u00e0 l&#39;adr\u00e9naline et \u00e0 la pri\u00e8re\"}]},{\"@type\":\"WebSite\",\"@id\":\"https:\\\/\\\/interamerica.org\\\/fr\\\/#website\",\"url\":\"https:\\\/\\\/interamerica.org\\\/fr\\\/\",\"name\":\"\u00c9glise Adventiste Du Septieme Jour - Inter Am\u00e9rique Division\",\"description\":\"\",\"potentialAction\":[{\"@type\":\"SearchAction\",\"target\":{\"@type\":\"EntryPoint\",\"urlTemplate\":\"https:\\\/\\\/interamerica.org\\\/fr\\\/?s={search_term_string}\"},\"query-input\":{\"@type\":\"PropertyValueSpecification\",\"valueRequired\":true,\"valueName\":\"search_term_string\"}}],\"inLanguage\":\"fr-FR\"},{\"@type\":\"Person\",\"@id\":\"https:\\\/\\\/interamerica.org\\\/fr\\\/#\\\/schema\\\/person\\\/68ede8bdc292885bb76c1e3810e73c39\",\"name\":\"Lorenzo Verduzco\",\"image\":{\"@type\":\"ImageObject\",\"inLanguage\":\"fr-FR\",\"@id\":\"https:\\\/\\\/secure.gravatar.com\\\/avatar\\\/fb81a55b6218459490a9c1dc841a34909185b81904c5337b4b27f7a6fd60c49e?s=96&d=mm&r=g\",\"url\":\"https:\\\/\\\/secure.gravatar.com\\\/avatar\\\/fb81a55b6218459490a9c1dc841a34909185b81904c5337b4b27f7a6fd60c49e?s=96&d=mm&r=g\",\"contentUrl\":\"https:\\\/\\\/secure.gravatar.com\\\/avatar\\\/fb81a55b6218459490a9c1dc841a34909185b81904c5337b4b27f7a6fd60c49e?s=96&d=mm&r=g\",\"caption\":\"Lorenzo Verduzco\"}}]}<\/script>\n<!-- \/ Yoast SEO plugin. -->","yoast_head_json":{"title":"La planificatrice de la session de laConf\u00e9rence G\u00e9n\u00e9rale avance gr\u00e2ce \u00e0 l&#39;adr\u00e9naline et \u00e0 la pri\u00e8re - \u00c9glise Adventiste Du Septieme Jour - Inter Am\u00e9rique Division","robots":{"index":"index","follow":"follow","max-snippet":"max-snippet:-1","max-image-preview":"max-image-preview:large","max-video-preview":"max-video-preview:-1"},"canonical":"https:\/\/interamerica.org\/fr\/2010\/03\/la-planificatrice-de-la-session-de-laconference-generale-avance-grace-a-ladrenaline-et-a-la-priere\/","og_locale":"fr_FR","og_type":"article","og_title":"La planificatrice de la session de laConf\u00e9rence G\u00e9n\u00e9rale avance gr\u00e2ce \u00e0 l&#39;adr\u00e9naline et \u00e0 la pri\u00e8re - \u00c9glise Adventiste Du Septieme Jour - Inter Am\u00e9rique Division","og_description":"Dans trois mois, Sheri Clemmer, adjointe \u00e0 laplanification des rencontres de la Session de la Conf\u00e9rence G\u00e9n\u00e9rale pourl&#39;\u00e9glise Adventiste mondiale, travaillera 19 heures d&#39;affil\u00e9e, r\u00e9ponda","og_url":"https:\/\/interamerica.org\/fr\/2010\/03\/la-planificatrice-de-la-session-de-laconference-generale-avance-grace-a-ladrenaline-et-a-la-priere\/","og_site_name":"\u00c9glise Adventiste Du Septieme Jour - Inter Am\u00e9rique Division","article_published_time":"2010-03-23T04:00:00+00:00","article_modified_time":"2017-06-02T17:04:28+00:00","author":"Lorenzo Verduzco","twitter_card":"summary_large_image","twitter_misc":{"\u00c9crit par":"Lorenzo Verduzco","Dur\u00e9e de lecture estim\u00e9e":"5 minutes"},"schema":{"@context":"https:\/\/schema.org","@graph":[{"@type":"Article","@id":"https:\/\/interamerica.org\/fr\/2010\/03\/la-planificatrice-de-la-session-de-laconference-generale-avance-grace-a-ladrenaline-et-a-la-priere\/#article","isPartOf":{"@id":"https:\/\/interamerica.org\/fr\/2010\/03\/la-planificatrice-de-la-session-de-laconference-generale-avance-grace-a-ladrenaline-et-a-la-priere\/"},"author":{"name":"Lorenzo Verduzco","@id":"https:\/\/interamerica.org\/fr\/#\/schema\/person\/68ede8bdc292885bb76c1e3810e73c39"},"headline":"La planificatrice de la session de laConf\u00e9rence G\u00e9n\u00e9rale avance gr\u00e2ce \u00e0 l&#39;adr\u00e9naline et \u00e0 la pri\u00e8re","datePublished":"2010-03-23T04:00:00+00:00","dateModified":"2017-06-02T17:04:28+00:00","mainEntityOfPage":{"@id":"https:\/\/interamerica.org\/fr\/2010\/03\/la-planificatrice-de-la-session-de-laconference-generale-avance-grace-a-ladrenaline-et-a-la-priere\/"},"wordCount":973,"articleSection":["Archive"],"inLanguage":"fr-FR"},{"@type":"WebPage","@id":"https:\/\/interamerica.org\/fr\/2010\/03\/la-planificatrice-de-la-session-de-laconference-generale-avance-grace-a-ladrenaline-et-a-la-priere\/","url":"https:\/\/interamerica.org\/fr\/2010\/03\/la-planificatrice-de-la-session-de-laconference-generale-avance-grace-a-ladrenaline-et-a-la-priere\/","name":"La planificatrice de la session de laConf\u00e9rence G\u00e9n\u00e9rale avance gr\u00e2ce \u00e0 l&#39;adr\u00e9naline et \u00e0 la pri\u00e8re - \u00c9glise Adventiste Du Septieme Jour - Inter Am\u00e9rique Division","isPartOf":{"@id":"https:\/\/interamerica.org\/fr\/#website"},"datePublished":"2010-03-23T04:00:00+00:00","dateModified":"2017-06-02T17:04:28+00:00","author":{"@id":"https:\/\/interamerica.org\/fr\/#\/schema\/person\/68ede8bdc292885bb76c1e3810e73c39"},"breadcrumb":{"@id":"https:\/\/interamerica.org\/fr\/2010\/03\/la-planificatrice-de-la-session-de-laconference-generale-avance-grace-a-ladrenaline-et-a-la-priere\/#breadcrumb"},"inLanguage":"fr-FR","potentialAction":[{"@type":"ReadAction","target":["https:\/\/interamerica.org\/fr\/2010\/03\/la-planificatrice-de-la-session-de-laconference-generale-avance-grace-a-ladrenaline-et-a-la-priere\/"]}]},{"@type":"BreadcrumbList","@id":"https:\/\/interamerica.org\/fr\/2010\/03\/la-planificatrice-de-la-session-de-laconference-generale-avance-grace-a-ladrenaline-et-a-la-priere\/#breadcrumb","itemListElement":[{"@type":"ListItem","position":1,"name":"Home","item":"https:\/\/interamerica.org\/fr\/"},{"@type":"ListItem","position":2,"name":"La planificatrice de la session de laConf\u00e9rence G\u00e9n\u00e9rale avance gr\u00e2ce \u00e0 l&#39;adr\u00e9naline et \u00e0 la pri\u00e8re"}]},{"@type":"WebSite","@id":"https:\/\/interamerica.org\/fr\/#website","url":"https:\/\/interamerica.org\/fr\/","name":"\u00c9glise Adventiste Du Septieme Jour - Inter Am\u00e9rique Division","description":"","potentialAction":[{"@type":"SearchAction","target":{"@type":"EntryPoint","urlTemplate":"https:\/\/interamerica.org\/fr\/?s={search_term_string}"},"query-input":{"@type":"PropertyValueSpecification","valueRequired":true,"valueName":"search_term_string"}}],"inLanguage":"fr-FR"},{"@type":"Person","@id":"https:\/\/interamerica.org\/fr\/#\/schema\/person\/68ede8bdc292885bb76c1e3810e73c39","name":"Lorenzo Verduzco","image":{"@type":"ImageObject","inLanguage":"fr-FR","@id":"https:\/\/secure.gravatar.com\/avatar\/fb81a55b6218459490a9c1dc841a34909185b81904c5337b4b27f7a6fd60c49e?s=96&d=mm&r=g","url":"https:\/\/secure.gravatar.com\/avatar\/fb81a55b6218459490a9c1dc841a34909185b81904c5337b4b27f7a6fd60c49e?s=96&d=mm&r=g","contentUrl":"https:\/\/secure.gravatar.com\/avatar\/fb81a55b6218459490a9c1dc841a34909185b81904c5337b4b27f7a6fd60c49e?s=96&d=mm&r=g","caption":"Lorenzo Verduzco"}}]}},"_links":{"self":[{"href":"https:\/\/interamerica.org\/fr\/wp-json\/wp\/v2\/posts\/13316","targetHints":{"allow":["GET"]}}],"collection":[{"href":"https:\/\/interamerica.org\/fr\/wp-json\/wp\/v2\/posts"}],"about":[{"href":"https:\/\/interamerica.org\/fr\/wp-json\/wp\/v2\/types\/post"}],"author":[{"embeddable":true,"href":"https:\/\/interamerica.org\/fr\/wp-json\/wp\/v2\/users\/1"}],"replies":[{"embeddable":true,"href":"https:\/\/interamerica.org\/fr\/wp-json\/wp\/v2\/comments?post=13316"}],"version-history":[{"count":0,"href":"https:\/\/interamerica.org\/fr\/wp-json\/wp\/v2\/posts\/13316\/revisions"}],"wp:attachment":[{"href":"https:\/\/interamerica.org\/fr\/wp-json\/wp\/v2\/media?parent=13316"}],"wp:term":[{"taxonomy":"category","embeddable":true,"href":"https:\/\/interamerica.org\/fr\/wp-json\/wp\/v2\/categories?post=13316"},{"taxonomy":"post_tag","embeddable":true,"href":"https:\/\/interamerica.org\/fr\/wp-json\/wp\/v2\/tags?post=13316"}],"curies":[{"name":"wp","href":"https:\/\/api.w.org\/{rel}","templated":true}]}}