{"id":13322,"date":"2010-04-05T00:00:00","date_gmt":"2010-04-05T04:00:00","guid":{"rendered":"http:\/\/192.81.217.108\/interamerica\/2010\/04\/le-comite-executif-pourrait-voter-dapprouver-de-nouvelles-unions-de-federations-adventistes\/"},"modified":"2017-06-02T13:04:24","modified_gmt":"2017-06-02T17:04:24","slug":"le-comite-executif-pourrait-voter-dapprouver-de-nouvelles-unions-de-federations-adventistes","status":"publish","type":"post","link":"https:\/\/interamerica.org\/fr\/2010\/04\/le-comite-executif-pourrait-voter-dapprouver-de-nouvelles-unions-de-federations-adventistes\/","title":{"rendered":"le Comit\u00e9 Ex\u00e9cutif pourrait voter d&#39;approuver de nouvelles unions de f\u00e9d\u00e9rations Adventistes"},"content":{"rendered":"<p>5 Avril 2010, Silver Spring, Maryland, Etats Unis&#8230;Ansel Oliver\/ANN <\/p>\n<p>Cette semaine, les leaders de l&#39;Eglise Adventiste du Septi\u00e8me jour voteront sur des propositions de  restructurations territoriales afin de s&#39;adapter \u00e0 la croissance que connaissent les r\u00e9gions de l&#39;Am\u00e9rique du Sud et de l&#39;Inter Am\u00e9rique. <\/p>\n<p>Les membres du Comit\u00e9 Ex\u00e9cutif de l&#39;\u00e9glise Adventiste mondiale recevront \u00e9galement des informations r\u00e9centes de la commission sur l&#39;\u00e9ducation \u00e0 distance, mise en place en octobre afin d&#39;examiner le soutien que recevra dans le futur l&#39;institution d&#39;\u00e9ducation \u00e0 distance de l&#39;\u00e9glise Adventiste, Griggs University. <\/p>\n<p>Tenue chaque ann\u00e9e en avril, la Rencontre de Printemps est l&#39;une des deux sessions administratives annuelles du comit\u00e9 qui est compos\u00e9 de quelques 300 officiels et d\u00e9l\u00e9gu\u00e9s de l&#39;\u00e9glise mondiale. <\/p>\n<p>La Rencontre de Printemps est en fait une rencontre de deux jours au cours de laquelle sont consid\u00e9r\u00e9es des questions financi\u00e8res, a indiqu\u00e9 le sous-secr\u00e9taire de l&#39;\u00e9glise mondiale Larry Evans. L&#39;autre rencontre est le Concile Annuel, tenu en octobre pour consid\u00e9rer des questions relative aux r\u00e8glements. <\/p>\n<p>\u00c0 partir de demain le d\u00e9l\u00e9gu\u00e9 prendront connaissance des propositions de restructurations dans l&#39;administration de quatre r\u00e9gions \u00e0 l&#39;int\u00e9rieur et autour de l&#39;Am\u00e9rique centrale, une r\u00e9gion de l&#39;\u00e9glise mondiale qui connait l&#39;un des plus forts taux de croissance dans le monde en termes d&#39;effectif de membres. <\/p>\n<p>Le vote impliquera la cr\u00e9ation de nouvelles \u00ab\u00a0unions de f\u00e9d\u00e9rations\u00a0\u00bb  et \u00ab\u00a0unions de missions.\u00a0\u00bb  Une union est compos\u00e9e de plusieurs champs administratifs locaux. Une union est qualifi\u00e9e d&#39;union de f\u00e9d\u00e9rations lorsqu&#39;elle est financi\u00e8rement autosuffisante, alors qu&#39;une union a un statut d&#39;union de missions lorsqu&#39;elle d\u00e9pend encore de sa division m\u00e8re en mati\u00e8re de soutien financier et de supervision. <\/p>\n<p>Les changements propos\u00e9s affecteront essentiellement la Jama\u00efque, le Venezuela, la Colombie, la Colombie et le Salvador. <\/p>\n<p>au cours de la Rencontre de Printemps, les d\u00e9l\u00e9gu\u00e9s du Comit\u00e9 Ex\u00e9cutif recevront \u00e9galement un rapport de la commission d&#39;\u00e9tude \u00e0 distance qui <a  href=\"http:\/\/news.adventist.org\/2009\/10\/commission-establish.html\">avait \u00e9t\u00e9 mise en place<\/a > afin d&#39;examiner le soutien que recevrait dans l&#39;avenir l&#39;\u00e9ducation \u00e0 distance Adventiste, et de mani\u00e8re sp\u00e9cifique Griggs University. <\/p>\n<p>Bien que l&#39;\u00e9cole de 5000 \u00e9tudiants se soit d\u00e9velopp\u00e9e dans d&#39;autres march\u00e9s prometteurs au cours des cinq derni\u00e8res ann\u00e9es, elle n&#39;a pas \u00e9t\u00e9 en mesure de suivre le rythme de l&#39;\u00e9volution technologique et des m\u00e9thodes d&#39;\u00e9ducation \u00e0 distance, <a  href=\"http:\/\/news.adventist.org\/2009\/10\/commission-establish.html\">a indiqu\u00e9 \u00e0 ANN<\/a > en octobre, Don Sahly, le pr\u00e9sident de l&#39;institution. De plus, 2008 a \u00e9t\u00e9 la plus mauvaise ann\u00e9e sur le plan financier, en d\u00e9pit d&#39;une augmentation des inscriptions de quelques 1500 \u00e9tudiants sur l&#39;ann\u00e9e. <\/p>\n<p>Bien que le l&#39;action de l&#39;institution ne g\u00e9n\u00e8re pas beaucoup de revenus dans certaines parties du monde, Sahly a indiqu\u00e9 qu&#39;elle contribue \u00e0 la mission de l&#39;\u00e9glise. Les campus affili\u00e9s touchent des personnes qui pour la plupart ne sont pas des membres de l&#39;\u00e9glise Adventiste. <\/p>\n<p>Les d\u00e9l\u00e9gu\u00e9s \u00e0 la Rencontre de Printemps voteront \u00e9galement s&#39;il faut approuver l&#39;utilisation de l&#39;offrande du 13e sabbat du quatri\u00e8me trimestre de cette ann\u00e9e pour aider les efforts de reconstruction en Ha\u00efti. Cette d\u00e9cision aurait pour cons\u00e9quence de repousser l&#39;affectation de cette offrande \u00e0 la r\u00e9gion de l&#39;Afrique Centrale de l&#39;Ouest au troisi\u00e8me trimestre 2011 au lieu de la date  initialement retenue. <\/p>\n<p>Les d\u00e9l\u00e9gu\u00e9s recevront \u00e9galement une mise \u00e0 jour sur la situation financi\u00e8re de l&#39;\u00e9glise, ils recevront aussi les derni\u00e8res informations sur la <a  href=\"http:\/\/news.adventist.org\/2009\/10\/health-statement-pos.html\">proposition de partenariat<\/a > entre l&#39;\u00e9glise et l&#39;Organisation Mondiale de la Sant\u00e9, et consid\u00e9rera des plans pour la <a  href=\"http:\/\/www.gcsession.org\/\">Session de la Conf\u00e9rence G\u00e9n\u00e9rale<\/a > qui doit avoir lieu pendant 10 jours cet \u00e9t\u00e9 \u00e0 Atlanta. <\/p>\n","protected":false},"excerpt":{"rendered":"<p>Cette semaine, les leaders de l&#39;EgliseAdventiste du Septi\u00e8me jour voteront sur des propositions de  restructurations territoriales afin des&#39;adapter \u00e0 la croissance que connaissent les r\u00e9gions de l&#39;Am\u00e9rique<\/p>\n","protected":false},"author":1,"featured_media":0,"comment_status":"closed","ping_status":"closed","sticky":false,"template":"","format":"standard","meta":{"_acf_changed":false,"footnotes":""},"categories":[9],"tags":[],"class_list":["post-13322","post","type-post","status-publish","format-standard","hentry","category-archive-fr"],"acf":[],"yoast_head":"<!-- This site is optimized with the Yoast SEO plugin v27.3 - https:\/\/yoast.com\/product\/yoast-seo-wordpress\/ -->\n<title>le Comit\u00e9 Ex\u00e9cutif pourrait voter d&#039;approuver de nouvelles unions de f\u00e9d\u00e9rations Adventistes - \u00c9glise Adventiste Du Septieme Jour - Inter Am\u00e9rique Division<\/title>\n<meta name=\"robots\" content=\"index, follow, max-snippet:-1, max-image-preview:large, max-video-preview:-1\" \/>\n<link rel=\"canonical\" href=\"https:\/\/interamerica.org\/fr\/2010\/04\/le-comite-executif-pourrait-voter-dapprouver-de-nouvelles-unions-de-federations-adventistes\/\" \/>\n<meta property=\"og:locale\" content=\"fr_FR\" \/>\n<meta property=\"og:type\" content=\"article\" \/>\n<meta property=\"og:title\" content=\"le Comit\u00e9 Ex\u00e9cutif pourrait voter d&#039;approuver de nouvelles unions de f\u00e9d\u00e9rations Adventistes - \u00c9glise Adventiste Du Septieme Jour - Inter Am\u00e9rique Division\" \/>\n<meta property=\"og:description\" content=\"Cette semaine, les leaders de l&#039;EgliseAdventiste du Septi\u00e8me jour voteront sur des propositions de restructurations territoriales afin des&#039;adapter \u00e0 la croissance que connaissent les r\u00e9gions de l&#039;Am\u00e9rique\" \/>\n<meta property=\"og:url\" content=\"https:\/\/interamerica.org\/fr\/2010\/04\/le-comite-executif-pourrait-voter-dapprouver-de-nouvelles-unions-de-federations-adventistes\/\" \/>\n<meta property=\"og:site_name\" content=\"\u00c9glise Adventiste Du Septieme Jour - Inter Am\u00e9rique Division\" \/>\n<meta property=\"article:published_time\" content=\"2010-04-05T04:00:00+00:00\" \/>\n<meta property=\"article:modified_time\" content=\"2017-06-02T17:04:24+00:00\" \/>\n<meta name=\"author\" content=\"Lorenzo Verduzco\" \/>\n<meta name=\"twitter:card\" content=\"summary_large_image\" \/>\n<meta name=\"twitter:label1\" content=\"\u00c9crit par\" \/>\n\t<meta name=\"twitter:data1\" content=\"Lorenzo Verduzco\" \/>\n\t<meta name=\"twitter:label2\" content=\"Dur\u00e9e de lecture estim\u00e9e\" \/>\n\t<meta name=\"twitter:data2\" content=\"3 minutes\" \/>\n<script type=\"application\/ld+json\" class=\"yoast-schema-graph\">{\"@context\":\"https:\\\/\\\/schema.org\",\"@graph\":[{\"@type\":\"Article\",\"@id\":\"https:\\\/\\\/interamerica.org\\\/fr\\\/2010\\\/04\\\/le-comite-executif-pourrait-voter-dapprouver-de-nouvelles-unions-de-federations-adventistes\\\/#article\",\"isPartOf\":{\"@id\":\"https:\\\/\\\/interamerica.org\\\/fr\\\/2010\\\/04\\\/le-comite-executif-pourrait-voter-dapprouver-de-nouvelles-unions-de-federations-adventistes\\\/\"},\"author\":{\"name\":\"Lorenzo Verduzco\",\"@id\":\"https:\\\/\\\/interamerica.org\\\/fr\\\/#\\\/schema\\\/person\\\/68ede8bdc292885bb76c1e3810e73c39\"},\"headline\":\"le Comit\u00e9 Ex\u00e9cutif pourrait voter d&#39;approuver de nouvelles unions de f\u00e9d\u00e9rations Adventistes\",\"datePublished\":\"2010-04-05T04:00:00+00:00\",\"dateModified\":\"2017-06-02T17:04:24+00:00\",\"mainEntityOfPage\":{\"@id\":\"https:\\\/\\\/interamerica.org\\\/fr\\\/2010\\\/04\\\/le-comite-executif-pourrait-voter-dapprouver-de-nouvelles-unions-de-federations-adventistes\\\/\"},\"wordCount\":687,\"articleSection\":[\"Archive\"],\"inLanguage\":\"fr-FR\"},{\"@type\":\"WebPage\",\"@id\":\"https:\\\/\\\/interamerica.org\\\/fr\\\/2010\\\/04\\\/le-comite-executif-pourrait-voter-dapprouver-de-nouvelles-unions-de-federations-adventistes\\\/\",\"url\":\"https:\\\/\\\/interamerica.org\\\/fr\\\/2010\\\/04\\\/le-comite-executif-pourrait-voter-dapprouver-de-nouvelles-unions-de-federations-adventistes\\\/\",\"name\":\"le Comit\u00e9 Ex\u00e9cutif pourrait voter d&#39;approuver de nouvelles unions de f\u00e9d\u00e9rations Adventistes - \u00c9glise Adventiste Du Septieme Jour - Inter Am\u00e9rique Division\",\"isPartOf\":{\"@id\":\"https:\\\/\\\/interamerica.org\\\/fr\\\/#website\"},\"datePublished\":\"2010-04-05T04:00:00+00:00\",\"dateModified\":\"2017-06-02T17:04:24+00:00\",\"author\":{\"@id\":\"https:\\\/\\\/interamerica.org\\\/fr\\\/#\\\/schema\\\/person\\\/68ede8bdc292885bb76c1e3810e73c39\"},\"breadcrumb\":{\"@id\":\"https:\\\/\\\/interamerica.org\\\/fr\\\/2010\\\/04\\\/le-comite-executif-pourrait-voter-dapprouver-de-nouvelles-unions-de-federations-adventistes\\\/#breadcrumb\"},\"inLanguage\":\"fr-FR\",\"potentialAction\":[{\"@type\":\"ReadAction\",\"target\":[\"https:\\\/\\\/interamerica.org\\\/fr\\\/2010\\\/04\\\/le-comite-executif-pourrait-voter-dapprouver-de-nouvelles-unions-de-federations-adventistes\\\/\"]}]},{\"@type\":\"BreadcrumbList\",\"@id\":\"https:\\\/\\\/interamerica.org\\\/fr\\\/2010\\\/04\\\/le-comite-executif-pourrait-voter-dapprouver-de-nouvelles-unions-de-federations-adventistes\\\/#breadcrumb\",\"itemListElement\":[{\"@type\":\"ListItem\",\"position\":1,\"name\":\"Home\",\"item\":\"https:\\\/\\\/interamerica.org\\\/fr\\\/\"},{\"@type\":\"ListItem\",\"position\":2,\"name\":\"le Comit\u00e9 Ex\u00e9cutif pourrait voter d&#39;approuver de nouvelles unions de f\u00e9d\u00e9rations Adventistes\"}]},{\"@type\":\"WebSite\",\"@id\":\"https:\\\/\\\/interamerica.org\\\/fr\\\/#website\",\"url\":\"https:\\\/\\\/interamerica.org\\\/fr\\\/\",\"name\":\"\u00c9glise Adventiste Du Septieme Jour - Inter Am\u00e9rique Division\",\"description\":\"\",\"potentialAction\":[{\"@type\":\"SearchAction\",\"target\":{\"@type\":\"EntryPoint\",\"urlTemplate\":\"https:\\\/\\\/interamerica.org\\\/fr\\\/?s={search_term_string}\"},\"query-input\":{\"@type\":\"PropertyValueSpecification\",\"valueRequired\":true,\"valueName\":\"search_term_string\"}}],\"inLanguage\":\"fr-FR\"},{\"@type\":\"Person\",\"@id\":\"https:\\\/\\\/interamerica.org\\\/fr\\\/#\\\/schema\\\/person\\\/68ede8bdc292885bb76c1e3810e73c39\",\"name\":\"Lorenzo Verduzco\",\"image\":{\"@type\":\"ImageObject\",\"inLanguage\":\"fr-FR\",\"@id\":\"https:\\\/\\\/secure.gravatar.com\\\/avatar\\\/fb81a55b6218459490a9c1dc841a34909185b81904c5337b4b27f7a6fd60c49e?s=96&d=mm&r=g\",\"url\":\"https:\\\/\\\/secure.gravatar.com\\\/avatar\\\/fb81a55b6218459490a9c1dc841a34909185b81904c5337b4b27f7a6fd60c49e?s=96&d=mm&r=g\",\"contentUrl\":\"https:\\\/\\\/secure.gravatar.com\\\/avatar\\\/fb81a55b6218459490a9c1dc841a34909185b81904c5337b4b27f7a6fd60c49e?s=96&d=mm&r=g\",\"caption\":\"Lorenzo Verduzco\"}}]}<\/script>\n<!-- \/ Yoast SEO plugin. -->","yoast_head_json":{"title":"le Comit\u00e9 Ex\u00e9cutif pourrait voter d&#39;approuver de nouvelles unions de f\u00e9d\u00e9rations Adventistes - \u00c9glise Adventiste Du Septieme Jour - Inter Am\u00e9rique Division","robots":{"index":"index","follow":"follow","max-snippet":"max-snippet:-1","max-image-preview":"max-image-preview:large","max-video-preview":"max-video-preview:-1"},"canonical":"https:\/\/interamerica.org\/fr\/2010\/04\/le-comite-executif-pourrait-voter-dapprouver-de-nouvelles-unions-de-federations-adventistes\/","og_locale":"fr_FR","og_type":"article","og_title":"le Comit\u00e9 Ex\u00e9cutif pourrait voter d&#39;approuver de nouvelles unions de f\u00e9d\u00e9rations Adventistes - \u00c9glise Adventiste Du Septieme Jour - Inter Am\u00e9rique Division","og_description":"Cette semaine, les leaders de l&#39;EgliseAdventiste du Septi\u00e8me jour voteront sur des propositions de restructurations territoriales afin des&#39;adapter \u00e0 la croissance que connaissent les r\u00e9gions de l&#39;Am\u00e9rique","og_url":"https:\/\/interamerica.org\/fr\/2010\/04\/le-comite-executif-pourrait-voter-dapprouver-de-nouvelles-unions-de-federations-adventistes\/","og_site_name":"\u00c9glise Adventiste Du Septieme Jour - Inter Am\u00e9rique Division","article_published_time":"2010-04-05T04:00:00+00:00","article_modified_time":"2017-06-02T17:04:24+00:00","author":"Lorenzo Verduzco","twitter_card":"summary_large_image","twitter_misc":{"\u00c9crit par":"Lorenzo Verduzco","Dur\u00e9e de lecture estim\u00e9e":"3 minutes"},"schema":{"@context":"https:\/\/schema.org","@graph":[{"@type":"Article","@id":"https:\/\/interamerica.org\/fr\/2010\/04\/le-comite-executif-pourrait-voter-dapprouver-de-nouvelles-unions-de-federations-adventistes\/#article","isPartOf":{"@id":"https:\/\/interamerica.org\/fr\/2010\/04\/le-comite-executif-pourrait-voter-dapprouver-de-nouvelles-unions-de-federations-adventistes\/"},"author":{"name":"Lorenzo Verduzco","@id":"https:\/\/interamerica.org\/fr\/#\/schema\/person\/68ede8bdc292885bb76c1e3810e73c39"},"headline":"le Comit\u00e9 Ex\u00e9cutif pourrait voter d&#39;approuver de nouvelles unions de f\u00e9d\u00e9rations Adventistes","datePublished":"2010-04-05T04:00:00+00:00","dateModified":"2017-06-02T17:04:24+00:00","mainEntityOfPage":{"@id":"https:\/\/interamerica.org\/fr\/2010\/04\/le-comite-executif-pourrait-voter-dapprouver-de-nouvelles-unions-de-federations-adventistes\/"},"wordCount":687,"articleSection":["Archive"],"inLanguage":"fr-FR"},{"@type":"WebPage","@id":"https:\/\/interamerica.org\/fr\/2010\/04\/le-comite-executif-pourrait-voter-dapprouver-de-nouvelles-unions-de-federations-adventistes\/","url":"https:\/\/interamerica.org\/fr\/2010\/04\/le-comite-executif-pourrait-voter-dapprouver-de-nouvelles-unions-de-federations-adventistes\/","name":"le Comit\u00e9 Ex\u00e9cutif pourrait voter d&#39;approuver de nouvelles unions de f\u00e9d\u00e9rations Adventistes - \u00c9glise Adventiste Du Septieme Jour - Inter Am\u00e9rique Division","isPartOf":{"@id":"https:\/\/interamerica.org\/fr\/#website"},"datePublished":"2010-04-05T04:00:00+00:00","dateModified":"2017-06-02T17:04:24+00:00","author":{"@id":"https:\/\/interamerica.org\/fr\/#\/schema\/person\/68ede8bdc292885bb76c1e3810e73c39"},"breadcrumb":{"@id":"https:\/\/interamerica.org\/fr\/2010\/04\/le-comite-executif-pourrait-voter-dapprouver-de-nouvelles-unions-de-federations-adventistes\/#breadcrumb"},"inLanguage":"fr-FR","potentialAction":[{"@type":"ReadAction","target":["https:\/\/interamerica.org\/fr\/2010\/04\/le-comite-executif-pourrait-voter-dapprouver-de-nouvelles-unions-de-federations-adventistes\/"]}]},{"@type":"BreadcrumbList","@id":"https:\/\/interamerica.org\/fr\/2010\/04\/le-comite-executif-pourrait-voter-dapprouver-de-nouvelles-unions-de-federations-adventistes\/#breadcrumb","itemListElement":[{"@type":"ListItem","position":1,"name":"Home","item":"https:\/\/interamerica.org\/fr\/"},{"@type":"ListItem","position":2,"name":"le Comit\u00e9 Ex\u00e9cutif pourrait voter d&#39;approuver de nouvelles unions de f\u00e9d\u00e9rations Adventistes"}]},{"@type":"WebSite","@id":"https:\/\/interamerica.org\/fr\/#website","url":"https:\/\/interamerica.org\/fr\/","name":"\u00c9glise Adventiste Du Septieme Jour - Inter Am\u00e9rique Division","description":"","potentialAction":[{"@type":"SearchAction","target":{"@type":"EntryPoint","urlTemplate":"https:\/\/interamerica.org\/fr\/?s={search_term_string}"},"query-input":{"@type":"PropertyValueSpecification","valueRequired":true,"valueName":"search_term_string"}}],"inLanguage":"fr-FR"},{"@type":"Person","@id":"https:\/\/interamerica.org\/fr\/#\/schema\/person\/68ede8bdc292885bb76c1e3810e73c39","name":"Lorenzo Verduzco","image":{"@type":"ImageObject","inLanguage":"fr-FR","@id":"https:\/\/secure.gravatar.com\/avatar\/fb81a55b6218459490a9c1dc841a34909185b81904c5337b4b27f7a6fd60c49e?s=96&d=mm&r=g","url":"https:\/\/secure.gravatar.com\/avatar\/fb81a55b6218459490a9c1dc841a34909185b81904c5337b4b27f7a6fd60c49e?s=96&d=mm&r=g","contentUrl":"https:\/\/secure.gravatar.com\/avatar\/fb81a55b6218459490a9c1dc841a34909185b81904c5337b4b27f7a6fd60c49e?s=96&d=mm&r=g","caption":"Lorenzo Verduzco"}}]}},"_links":{"self":[{"href":"https:\/\/interamerica.org\/fr\/wp-json\/wp\/v2\/posts\/13322","targetHints":{"allow":["GET"]}}],"collection":[{"href":"https:\/\/interamerica.org\/fr\/wp-json\/wp\/v2\/posts"}],"about":[{"href":"https:\/\/interamerica.org\/fr\/wp-json\/wp\/v2\/types\/post"}],"author":[{"embeddable":true,"href":"https:\/\/interamerica.org\/fr\/wp-json\/wp\/v2\/users\/1"}],"replies":[{"embeddable":true,"href":"https:\/\/interamerica.org\/fr\/wp-json\/wp\/v2\/comments?post=13322"}],"version-history":[{"count":0,"href":"https:\/\/interamerica.org\/fr\/wp-json\/wp\/v2\/posts\/13322\/revisions"}],"wp:attachment":[{"href":"https:\/\/interamerica.org\/fr\/wp-json\/wp\/v2\/media?parent=13322"}],"wp:term":[{"taxonomy":"category","embeddable":true,"href":"https:\/\/interamerica.org\/fr\/wp-json\/wp\/v2\/categories?post=13322"},{"taxonomy":"post_tag","embeddable":true,"href":"https:\/\/interamerica.org\/fr\/wp-json\/wp\/v2\/tags?post=13322"}],"curies":[{"name":"wp","href":"https:\/\/api.w.org\/{rel}","templated":true}]}}